{"id":127822,"date":"2025-11-16T12:45:00","date_gmt":"2025-11-16T15:45:00","guid":{"rendered":"https:\/\/www.em.com.br\/emfoco\/?p=127822"},"modified":"2025-11-14T19:59:32","modified_gmt":"2025-11-14T22:59:32","slug":"a-maior-cachoeira-subaquatica-do-planeta-existe-e-supera-as-cataratas-do-iguacu","status":"publish","type":"post","link":"https:\/\/www.em.com.br\/emfoco\/2025\/11\/16\/a-maior-cachoeira-subaquatica-do-planeta-existe-e-supera-as-cataratas-do-iguacu\/","title":{"rendered":"A maior cachoeira subaqu\u00e1tica do planeta existe e supera as Cataratas do Igua\u00e7u"},"content":{"rendered":"\n<p>O mundo est\u00e1 repleto de fen\u00f4menos naturais impressionantes e misteriosos. Entre eles, um dos mais extraordin\u00e1rios \u00e9 a famosa cascata subaqu\u00e1tica no Estreito da Dinamarca, um fen\u00f4meno raro e grandioso que ainda intriga pesquisadores.<\/p>\n\n\n\n<h2 class=\"wp-block-heading\">O que torna a cascata submarina do Estreito da Dinamarca \u00fanica e fascinante<\/h2>\n\n\n\n<p>A cascata subaqu\u00e1tica no canal oce\u00e2nico entre\u00a0<a href=\"https:\/\/www.em.com.br\/emfoco\/2025\/09\/06\/esse-e-o-pais-mais-igualitario-e-seguro-para-mulheres-viverem\/\" target=\"_blank\" rel=\"noreferrer noopener\"><strong>Isl\u00e2ndia<\/strong>\u00a0<\/a>e\u00a0<strong>Groenl\u00e2ndia<\/strong>\u00a0resulta do encontro entre \u00e1guas com diferentes temperaturas e densidades. Por isso, as \u00e1guas frias e densas do\u00a0<strong>Mar da Groenl\u00e2ndia<\/strong>\u00a0mergulham sob as \u00e1guas mais quentes do\u00a0<strong>Mar de Irminger<\/strong>.<\/p>\n\n\n\n<p>Mesmo sem sinais vis\u00edveis na superf\u00edcie, essa queda d\u2019\u00e1gua atinge at\u00e9 3.500 metros de profundidade, ultrapassando em muito qualquer catarata conhecida. Com uma vaz\u00e3o impressionante, ela movimenta mais de 3,5 bilh\u00f5es de litros por segundo e se estende por cerca de 480 quil\u00f4metros. Veja no v\u00eddeo abaixo: <\/p>\n\n\n\n<figure class=\"wp-block-embed is-type-video is-provider-tiktok wp-block-embed-tiktok\"><div class=\"wp-block-embed__wrapper\">\n<blockquote class=\"tiktok-embed\" cite=\"https:\/\/www.tiktok.com\/@fikeligadoaki\/video\/7405707717161159941\" data-video-id=\"7405707717161159941\" data-embed-from=\"oembed\" style=\"max-width:605px; min-width:325px;\"> <section> <a target=\"_blank\" title=\"@fikeligadoaki\" href=\"https:\/\/www.tiktok.com\/@fikeligadoaki?refer=embed\">@fikeligadoaki<\/a> <p>A Maior Cachoeira do Mundo Est\u00e1 Submersa no Estreito da Dinamarca Descri\u00e7\u00e3o: Descubra a fascinante catarata subaqu\u00e1tica do Estreito da Dinamarca, a maior cachoeira do mundo com uma queda de 3,5 quil\u00f4metros e 5 milh\u00f5es de metros c\u00fabicos de \u00e1gua por segundo. Entenda a ci\u00eancia por tr\u00e1s desse fen\u00f4meno natural e explore a curiosa hist\u00f3ria da Cachoeira de Sangue na Ant\u00e1rtica. Hashtags: CachoeiraSubmersa EstreitoDaDinamarca Fen\u00f4menosNaturais Ci\u00eancia Curiosidades Natureza Geografia CachoeiraDeSangue Descobertas<\/p> <a target=\"_blank\" title=\"\u266c som original - Fike ligado aki - Fike ligado aki\" href=\"https:\/\/www.tiktok.com\/music\/som-original-Fike-ligado-aki-7405708728442571525?refer=embed\">\u266c som original &#8211; Fike ligado aki &#8211; Fike ligado aki<\/a> <\/section> <\/blockquote> <script async src=\"https:\/\/www.tiktok.com\/embed.js\"><\/script>\n<\/div><\/figure>\n\n\n\n<h3 class=\"wp-block-heading\">Tabela Comparativa: Estreito da Dinamarca e Cataratas do Igua\u00e7u<\/h3>\n\n\n\n<figure class=\"wp-block-table\"><table class=\"has-fixed-layout\"><tbody><tr><th>Caracter\u00edstica<\/th><th>Cascata Submarina do Estreito da Dinamarca<\/th><th>Cataratas do Igua\u00e7u<\/th><\/tr><tr><td><strong>Altura<\/strong><\/td><td>At\u00e9 3.500 metros<\/td><td>At\u00e9 82 metros<\/td><\/tr><tr><td><strong>Extens\u00e3o<\/strong><\/td><td>480 km<\/td><td>2,7 km<\/td><\/tr><tr><td><strong>Vaz\u00e3o M\u00e9dia<\/strong><\/td><td>3,5 bilh\u00f5es de litros\/segundo<\/td><td>1,5 milh\u00e3o de litros\/segundo<\/td><\/tr><tr><td><strong>Localiza\u00e7\u00e3o<\/strong><\/td><td>Submarina, entre Groenl\u00e2ndia e Isl\u00e2ndia<\/td><td>Superficial, entre Brasil e Argentina<\/td><\/tr><tr><td><strong>Visibilidade<\/strong><\/td><td>Invis\u00edvel a olho nu, submersa<\/td><td>Totalmente vis\u00edvel, grande atra\u00e7\u00e3o natural<\/td><\/tr><tr><td><strong>Forma\u00e7\u00e3o<\/strong><\/td><td>Diferentes densidades e temperaturas da \u00e1gua<\/td><td>Rio superficial em desn\u00edvel de terreno<\/td><\/tr><tr><td><strong>Import\u00e2ncia Clim\u00e1tica<\/strong><\/td><td>Vital para equil\u00edbrio clim\u00e1tico global<\/td><td>Impacto regional limitado<\/td><\/tr><\/tbody><\/table><\/figure>\n\n\n\n<figure class=\"wp-block-image size-large\"><img loading=\"lazy\" decoding=\"async\" width=\"1024\" height=\"576\" src=\"https:\/\/www.em.com.br\/emfoco\/wp-content\/uploads\/2025\/11\/cascata-submersa_1763164652863-1024x576.jpg\" alt=\"\" class=\"wp-image-127924\" srcset=\"https:\/\/www.em.com.br\/emfoco\/wp-content\/uploads\/2025\/11\/cascata-submersa_1763164652863-1024x576.jpg 1024w, https:\/\/www.em.com.br\/emfoco\/wp-content\/uploads\/2025\/11\/cascata-submersa_1763164652863-300x169.jpg 300w, https:\/\/www.em.com.br\/emfoco\/wp-content\/uploads\/2025\/11\/cascata-submersa_1763164652863-768x432.jpg 768w, https:\/\/www.em.com.br\/emfoco\/wp-content\/uploads\/2025\/11\/cascata-submersa_1763164652863-750x422.jpg 750w, https:\/\/www.em.com.br\/emfoco\/wp-content\/uploads\/2025\/11\/cascata-submersa_1763164652863-1140x641.jpg 1140w, https:\/\/www.em.com.br\/emfoco\/wp-content\/uploads\/2025\/11\/cascata-submersa_1763164652863.jpg 1280w\" sizes=\"auto, (max-width: 1024px) 100vw, 1024px\" \/><figcaption class=\"wp-element-caption\">O fen\u00f4meno gigante que ningu\u00e9m consegue ver a olho nu &#8211; Cr\u00e9ditos: depositphotos.com \/ Cristian_Lourenco<\/figcaption><\/figure>\n\n\n\n<h2 class=\"wp-block-heading\">Como funciona o fen\u00f4meno da maior cascata submarina do planeta<\/h2>\n\n\n\n<p>O fen\u00f4meno se deve \u00e0s diferen\u00e7as de temperatura e densidade entre grandes massas de \u00e1gua naquela regi\u00e3o. Isso gera uma descida vertical de enormes propor\u00e7\u00f5es, sendo a maior cascata j\u00e1 registrada na Terra.<\/p>\n\n\n\n<p>O estudo deste evento se tornou poss\u00edvel gra\u00e7as a equipamentos modernos desenvolvidos por especialistas em oceanografia. Ainda h\u00e1 pesquisas em andamento para compreender todos os impactos ambientais e clim\u00e1ticos desse fluxo invis\u00edvel.<\/p>\n\n\n\n<h2 class=\"wp-block-heading\">Qual \u00e9 o papel da cascata submarina do Estreito da Dinamarca para o equil\u00edbrio do clima global<\/h2>\n\n\n\n<p>A cascata submersa do Estreito da Dinamarca tem uma fun\u00e7\u00e3o vital no equil\u00edbrio clim\u00e1tico, especialmente no hemisf\u00e9rio norte. Ela influencia diretamente sistemas naturais e padr\u00f5es meteorol\u00f3gicos globais, al\u00e9m de afetar a circula\u00e7\u00e3o oce\u00e2nica.<\/p>\n\n\n\n<p>Entre as principais fun\u00e7\u00f5es ambientais desempenhadas por essa cascata, destacam-se os seguintes impactos:<\/p>\n\n\n\n<ul class=\"wp-block-list\">\n<li>Promo\u00e7\u00e3o da circula\u00e7\u00e3o termohalina, fundamental para o transporte de calor nos oceanos<\/li>\n\n\n\n<li>Redistribui\u00e7\u00e3o de nutrientes vitais para o ecossistema marinho<\/li>\n\n\n\n<li>Contribui\u00e7\u00e3o para a regula\u00e7\u00e3o das temperaturas m\u00e9dias em grandes regi\u00f5es do globo<\/li>\n<\/ul>\n\n\n\n<h2 class=\"wp-block-heading\">Quais detalhes curiosos envolvem a origem e as caracter\u00edsticas da cascata submarina<\/h2>\n\n\n\n<p>Essa cascata se formou durante a \u00faltima\u00a0<strong><a href=\"https:\/\/www.todamateria.com.br\/era-glacial\/\" target=\"_blank\" rel=\"noreferrer noopener\">Era Glacial<\/a><\/strong>, h\u00e1 mais de 11.500 anos, esculpida pela a\u00e7\u00e3o dos glaciares entre a\u00a0<strong>Groenl\u00e2ndia<\/strong>\u00a0e a\u00a0<strong>Isl\u00e2ndia<\/strong>. Hoje, cobre quase todo o Estreito da\u00a0<strong>Dinamarca<\/strong>, com uma extens\u00e3o de 480 quil\u00f4metros e altura de at\u00e9 3.500 metros.<\/p>\n\n\n\n<p>Apesar de ser a mais monumental do planeta, seu car\u00e1ter submerso a torna totalmente invis\u00edvel do espa\u00e7o. Esse mist\u00e9rio mostra como fen\u00f4menos essenciais \u00e0 vida ainda podem ficar ocultos sob as \u00e1guas profundas.<\/p>\n","protected":false},"excerpt":{"rendered":"<p>O mundo est\u00e1 repleto de fen\u00f4menos naturais impressionantes e misteriosos. Entre eles, um dos mais extraordin\u00e1rios \u00e9 a famosa cascata subaqu\u00e1tica no Estreito da Dinamarca, um fen\u00f4meno raro e grandioso que ainda intriga pesquisadores. O que torna a cascata submarina do Estreito da Dinamarca \u00fanica e fascinante A cascata subaqu\u00e1tica no canal oce\u00e2nico entre\u00a0Isl\u00e2ndia\u00a0e\u00a0Groenl\u00e2ndia\u00a0resulta do [&hellip;]<\/p>\n","protected":false},"author":11,"featured_media":127925,"comment_status":"open","ping_status":"open","sticky":false,"template":"","format":"standard","meta":{"jnews-multi-image_gallery":[],"jnews_single_post":{"format":"standard"},"jnews_primary_category":[],"jnews_social_meta":[],"jnews_override_counter":[],"footnotes":""},"categories":[26,1],"tags":[18884,18885,7548,2244],"class_list":["post-127822","post","type-post","status-publish","format-standard","has-post-thumbnail","hentry","category-cidades","category-noticias","tag-cascata","tag-cascata-submersa","tag-cataratas-do-iguacu","tag-dinamarca"],"yoast_head":"<!-- This site is optimized with the Yoast SEO plugin v23.8 - https:\/\/yoast.com\/wordpress\/plugins\/seo\/ -->\n<title>A maior cachoeira subaqu\u00e1tica do planeta existe e supera as Cataratas do Igua\u00e7u - Estado de Minas - Em foco<\/title>\n<meta name=\"description\" content=\"Essa cascata submersa movimenta bilh\u00f5es de litros e afeta sistemas clim\u00e1ticos importantes. Um dos fen\u00f4menos naturais mais surpreendentes da Terra.\" \/>\n<meta name=\"robots\" content=\"index, follow, max-snippet:-1, max-image-preview:large, max-video-preview:-1\" \/>\n<link rel=\"canonical\" href=\"https:\/\/www.em.com.br\/emfoco\/2025\/11\/16\/a-maior-cachoeira-subaquatica-do-planeta-existe-e-supera-as-cataratas-do-iguacu\/\" \/>\n<meta property=\"og:locale\" content=\"pt_BR\" \/>\n<meta property=\"og:type\" content=\"article\" \/>\n<meta property=\"og:title\" content=\"A maior cachoeira subaqu\u00e1tica do planeta existe e supera as Cataratas do Igua\u00e7u - Estado de Minas - Em foco\" \/>\n<meta property=\"og:description\" content=\"Essa cascata submersa movimenta bilh\u00f5es de litros e afeta sistemas clim\u00e1ticos importantes. Um dos fen\u00f4menos naturais mais surpreendentes da Terra.\" \/>\n<meta property=\"og:url\" content=\"https:\/\/www.em.com.br\/emfoco\/2025\/11\/16\/a-maior-cachoeira-subaquatica-do-planeta-existe-e-supera-as-cataratas-do-iguacu\/\" \/>\n<meta property=\"og:site_name\" content=\"Estado de Minas - Em foco\" \/>\n<meta property=\"article:published_time\" content=\"2025-11-16T15:45:00+00:00\" \/>\n<meta property=\"article:modified_time\" content=\"2025-11-14T22:59:32+00:00\" \/>\n<meta property=\"og:image\" content=\"https:\/\/www.em.com.br\/emfoco\/wp-content\/uploads\/2025\/11\/cascata-submersa_1763164698047.jpg\" \/>\n\t<meta property=\"og:image:width\" content=\"1280\" \/>\n\t<meta property=\"og:image:height\" content=\"720\" \/>\n\t<meta property=\"og:image:type\" content=\"image\/jpeg\" \/>\n<meta name=\"author\" content=\"Andre\u0301 Rangel\u00a0\" \/>\n<meta name=\"twitter:card\" content=\"summary_large_image\" \/>\n<meta name=\"twitter:label1\" content=\"Escrito por\" \/>\n\t<meta name=\"twitter:data1\" content=\"Andre\u0301 Rangel\u00a0\" \/>\n\t<meta name=\"twitter:label2\" content=\"Est. tempo de leitura\" \/>\n\t<meta name=\"twitter:data2\" content=\"4 minutos\" \/>\n<!-- \/ Yoast SEO plugin. -->","yoast_head_json":{"title":"A maior cachoeira subaqu\u00e1tica do planeta existe e supera as Cataratas do Igua\u00e7u - Estado de Minas - Em foco","description":"Essa cascata submersa movimenta bilh\u00f5es de litros e afeta sistemas clim\u00e1ticos importantes. Um dos fen\u00f4menos naturais mais surpreendentes da Terra.","robots":{"index":"index","follow":"follow","max-snippet":"max-snippet:-1","max-image-preview":"max-image-preview:large","max-video-preview":"max-video-preview:-1"},"canonical":"https:\/\/www.em.com.br\/emfoco\/2025\/11\/16\/a-maior-cachoeira-subaquatica-do-planeta-existe-e-supera-as-cataratas-do-iguacu\/","og_locale":"pt_BR","og_type":"article","og_title":"A maior cachoeira subaqu\u00e1tica do planeta existe e supera as Cataratas do Igua\u00e7u - Estado de Minas - Em foco","og_description":"Essa cascata submersa movimenta bilh\u00f5es de litros e afeta sistemas clim\u00e1ticos importantes. Um dos fen\u00f4menos naturais mais surpreendentes da Terra.","og_url":"https:\/\/www.em.com.br\/emfoco\/2025\/11\/16\/a-maior-cachoeira-subaquatica-do-planeta-existe-e-supera-as-cataratas-do-iguacu\/","og_site_name":"Estado de Minas - Em foco","article_published_time":"2025-11-16T15:45:00+00:00","article_modified_time":"2025-11-14T22:59:32+00:00","og_image":[{"width":1280,"height":720,"url":"https:\/\/www.em.com.br\/emfoco\/wp-content\/uploads\/2025\/11\/cascata-submersa_1763164698047.jpg","type":"image\/jpeg"}],"author":"Andre\u0301 Rangel\u00a0","twitter_card":"summary_large_image","twitter_misc":{"Escrito por":"Andre\u0301 Rangel\u00a0","Est. tempo de leitura":"4 minutos"},"schema":{"@context":"https:\/\/schema.org","@graph":[{"@type":"WebPage","@id":"https:\/\/www.em.com.br\/emfoco\/2025\/11\/16\/a-maior-cachoeira-subaquatica-do-planeta-existe-e-supera-as-cataratas-do-iguacu\/","url":"https:\/\/www.em.com.br\/emfoco\/2025\/11\/16\/a-maior-cachoeira-subaquatica-do-planeta-existe-e-supera-as-cataratas-do-iguacu\/","name":"A maior cachoeira subaqu\u00e1tica do planeta existe e supera as Cataratas do Igua\u00e7u - Estado de Minas - Em foco","isPartOf":{"@id":"https:\/\/www.em.com.br\/emfoco\/#website"},"primaryImageOfPage":{"@id":"https:\/\/www.em.com.br\/emfoco\/2025\/11\/16\/a-maior-cachoeira-subaquatica-do-planeta-existe-e-supera-as-cataratas-do-iguacu\/#primaryimage"},"image":{"@id":"https:\/\/www.em.com.br\/emfoco\/2025\/11\/16\/a-maior-cachoeira-subaquatica-do-planeta-existe-e-supera-as-cataratas-do-iguacu\/#primaryimage"},"thumbnailUrl":"https:\/\/www.em.com.br\/emfoco\/wp-content\/uploads\/2025\/11\/cascata-submersa_1763164698047.jpg","datePublished":"2025-11-16T15:45:00+00:00","dateModified":"2025-11-14T22:59:32+00:00","author":{"@id":"https:\/\/www.em.com.br\/emfoco\/#\/schema\/person\/60eda09c1fedf0d6891f4cef4b60b8b8"},"description":"Essa cascata submersa movimenta bilh\u00f5es de litros e afeta sistemas clim\u00e1ticos importantes. Um dos fen\u00f4menos naturais mais surpreendentes da Terra.","breadcrumb":{"@id":"https:\/\/www.em.com.br\/emfoco\/2025\/11\/16\/a-maior-cachoeira-subaquatica-do-planeta-existe-e-supera-as-cataratas-do-iguacu\/#breadcrumb"},"inLanguage":"pt-BR","potentialAction":[{"@type":"ReadAction","target":["https:\/\/www.em.com.br\/emfoco\/2025\/11\/16\/a-maior-cachoeira-subaquatica-do-planeta-existe-e-supera-as-cataratas-do-iguacu\/"]}]},{"@type":"ImageObject","inLanguage":"pt-BR","@id":"https:\/\/www.em.com.br\/emfoco\/2025\/11\/16\/a-maior-cachoeira-subaquatica-do-planeta-existe-e-supera-as-cataratas-do-iguacu\/#primaryimage","url":"https:\/\/www.em.com.br\/emfoco\/wp-content\/uploads\/2025\/11\/cascata-submersa_1763164698047.jpg","contentUrl":"https:\/\/www.em.com.br\/emfoco\/wp-content\/uploads\/2025\/11\/cascata-submersa_1763164698047.jpg","width":1280,"height":720,"caption":"A maior cascata da Terra \u00e9 tamb\u00e9m a mais misteriosa - Cr\u00e9ditos: depositphotos.com \/ DaLiu"},{"@type":"BreadcrumbList","@id":"https:\/\/www.em.com.br\/emfoco\/2025\/11\/16\/a-maior-cachoeira-subaquatica-do-planeta-existe-e-supera-as-cataratas-do-iguacu\/#breadcrumb","itemListElement":[{"@type":"ListItem","position":1,"name":"In\u00edcio","item":"https:\/\/www.em.com.br\/emfoco\/"},{"@type":"ListItem","position":2,"name":"A maior cachoeira subaqu\u00e1tica do planeta existe e supera as Cataratas do Igua\u00e7u"}]},{"@type":"WebSite","@id":"https:\/\/www.em.com.br\/emfoco\/#website","url":"https:\/\/www.em.com.br\/emfoco\/","name":"Estado de Minas - Em foco","description":"Acompanhe as \u00faltimas not\u00edcias e fique bem informado sobre tudo o que acontece em Minas Gerais, Brasil e no mundo.","potentialAction":[{"@type":"SearchAction","target":{"@type":"EntryPoint","urlTemplate":"https:\/\/www.em.com.br\/emfoco\/?s={search_term_string}"},"query-input":{"@type":"PropertyValueSpecification","valueRequired":true,"valueName":"search_term_string"}}],"inLanguage":"pt-BR"},{"@type":"Person","@id":"https:\/\/www.em.com.br\/emfoco\/#\/schema\/person\/60eda09c1fedf0d6891f4cef4b60b8b8","name":"Andre\u0301 Rangel\u00a0","image":{"@type":"ImageObject","inLanguage":"pt-BR","@id":"https:\/\/www.em.com.br\/emfoco\/#\/schema\/person\/image\/","url":"https:\/\/secure.gravatar.com\/avatar\/6234dc814c77c8ef6d8bba622c787efc?s=96&d=mm&r=g","contentUrl":"https:\/\/secure.gravatar.com\/avatar\/6234dc814c77c8ef6d8bba622c787efc?s=96&d=mm&r=g","caption":"Andre\u0301 Rangel\u00a0"},"url":"https:\/\/www.em.com.br\/emfoco\/author\/luizmyth\/"}]}},"_links":{"self":[{"href":"https:\/\/www.em.com.br\/emfoco\/wp-json\/wp\/v2\/posts\/127822","targetHints":{"allow":["GET"]}}],"collection":[{"href":"https:\/\/www.em.com.br\/emfoco\/wp-json\/wp\/v2\/posts"}],"about":[{"href":"https:\/\/www.em.com.br\/emfoco\/wp-json\/wp\/v2\/types\/post"}],"author":[{"embeddable":true,"href":"https:\/\/www.em.com.br\/emfoco\/wp-json\/wp\/v2\/users\/11"}],"replies":[{"embeddable":true,"href":"https:\/\/www.em.com.br\/emfoco\/wp-json\/wp\/v2\/comments?post=127822"}],"version-history":[{"count":3,"href":"https:\/\/www.em.com.br\/emfoco\/wp-json\/wp\/v2\/posts\/127822\/revisions"}],"predecessor-version":[{"id":127926,"href":"https:\/\/www.em.com.br\/emfoco\/wp-json\/wp\/v2\/posts\/127822\/revisions\/127926"}],"wp:featuredmedia":[{"embeddable":true,"href":"https:\/\/www.em.com.br\/emfoco\/wp-json\/wp\/v2\/media\/127925"}],"wp:attachment":[{"href":"https:\/\/www.em.com.br\/emfoco\/wp-json\/wp\/v2\/media?parent=127822"}],"wp:term":[{"taxonomy":"category","embeddable":true,"href":"https:\/\/www.em.com.br\/emfoco\/wp-json\/wp\/v2\/categories?post=127822"},{"taxonomy":"post_tag","embeddable":true,"href":"https:\/\/www.em.com.br\/emfoco\/wp-json\/wp\/v2\/tags?post=127822"}],"curies":[{"name":"wp","href":"https:\/\/api.w.org\/{rel}","templated":true}]}}