{"id":127783,"date":"2025-11-17T20:15:00","date_gmt":"2025-11-17T23:15:00","guid":{"rendered":"https:\/\/www.em.com.br\/emfoco\/?p=127783"},"modified":"2025-11-14T18:48:31","modified_gmt":"2025-11-14T21:48:31","slug":"o-revestimento-mais-bonito-e-pratico-que-esta-dominando-os-banheiros-modernos","status":"publish","type":"post","link":"https:\/\/www.em.com.br\/emfoco\/2025\/11\/17\/o-revestimento-mais-bonito-e-pratico-que-esta-dominando-os-banheiros-modernos\/","title":{"rendered":"O revestimento mais bonito e pr\u00e1tico que est\u00e1 dominando os banheiros modernos"},"content":{"rendered":"\n<p>Os banheiros modernos de 2025 deixaram de ser apenas funcionais e passaram a refletir conforto, est\u00e9tica e <strong>design<\/strong>. Essa transforma\u00e7\u00e3o trouxe novos materiais para o centro dos projetos e fez surgir um revestimento que tem aparecido com destaque sem ser revelado de imediato.<\/p>\n\n\n\n<h2 class=\"wp-block-heading\">Por que o porcelanato marmorizado fosco virou o preferido dos banheiros modernos?<\/h2>\n\n\n\n<p>O <strong>porcelanato marmorizado fosco<\/strong> conquistou arquitetos e moradores ao unir beleza e praticidade. Ele entrega a sofistica\u00e7\u00e3o do m\u00e1rmore com a resist\u00eancia do porcelanato, trazendo veios naturais, toque suave e um visual minimalista que combina com propostas contempor\u00e2neas.<\/p>\n\n\n\n<p>Seu acabamento fosco n\u00e3o reflete luz, criando ambientes acolhedores e com est\u00e9tica de spa. Al\u00e9m disso, evita marcas de \u00e1gua e dedos, ampliando a sensa\u00e7\u00e3o de amplitude e tornando o revestimento ideal para quem deseja eleg\u00e2ncia sem complica\u00e7\u00f5es.<\/p>\n\n\n\n<figure class=\"wp-block-image size-large\"><img loading=\"lazy\" decoding=\"async\" width=\"1024\" height=\"576\" src=\"https:\/\/www.em.com.br\/emfoco\/wp-content\/uploads\/2025\/11\/IA-IMG-1-9-1024x576.jpg\" alt=\"O revestimento mais bonito e pr\u00e1tico que est\u00e1 dominando os banheiros modernos\" class=\"wp-image-127871\" srcset=\"https:\/\/www.em.com.br\/emfoco\/wp-content\/uploads\/2025\/11\/IA-IMG-1-9-1024x576.jpg 1024w, https:\/\/www.em.com.br\/emfoco\/wp-content\/uploads\/2025\/11\/IA-IMG-1-9-300x169.jpg 300w, https:\/\/www.em.com.br\/emfoco\/wp-content\/uploads\/2025\/11\/IA-IMG-1-9-768x432.jpg 768w, https:\/\/www.em.com.br\/emfoco\/wp-content\/uploads\/2025\/11\/IA-IMG-1-9-750x422.jpg 750w, https:\/\/www.em.com.br\/emfoco\/wp-content\/uploads\/2025\/11\/IA-IMG-1-9-1140x641.jpg 1140w, https:\/\/www.em.com.br\/emfoco\/wp-content\/uploads\/2025\/11\/IA-IMG-1-9.jpg 1280w\" sizes=\"auto, (max-width: 1024px) 100vw, 1024px\" \/><figcaption class=\"wp-element-caption\">Veios naturais trazem sofistica\u00e7\u00e3o sem exigir manuten\u00e7\u00e3o complicada &#8211; Cr\u00e9ditos: Lovart<\/figcaption><\/figure>\n\n\n\n<p><em>Leia mais: <strong><a href=\"https:\/\/www.em.com.br\/emfoco\/2025\/11\/01\/especialista-em-decoracao-revela-a-nova-tendencia-para-2026\/\" target=\"_blank\" rel=\"noreferrer noopener\">Especialista em decora\u00e7\u00e3o revela a nova tend\u00eancia para 2026<\/a><\/strong><\/em><\/p>\n\n\n\n<h2 class=\"wp-block-heading\">Quais elementos deixam esse revestimento ainda mais sofisticado?<\/h2>\n\n\n\n<p>Esse tipo de porcelanato harmoniza facilmente com propostas de <strong>luxo discreto<\/strong>, combinando bem com diferentes metais, ilumina\u00e7\u00e3o e composi\u00e7\u00f5es estruturais. Abaixo est\u00e3o elementos que potencializam seu visual e refor\u00e7am o charme de banheiros modernos.<\/p>\n\n\n\n<ul class=\"wp-block-list\">\n<li><strong>Metais pretos, dourados<\/strong> ou cobre escovado para contraste elegante.<\/li>\n\n\n\n<li><strong>LED embutido<\/strong> em nichos para refor\u00e7ar o efeito de profundidade.<\/li>\n\n\n\n<li><strong>Caixas de vidro<\/strong> sem perfis vis\u00edveis para continuidade visual.<\/li>\n<\/ul>\n\n\n\n<h2 class=\"wp-block-heading\">Como esse porcelanato transforma o ambiente em fun\u00e7\u00e3o e est\u00e9tica?<\/h2>\n\n\n\n<p>Por ser vers\u00e1til, o revestimento funciona tanto no piso quanto nas paredes, permitindo projetos <strong>uniformes<\/strong> com visual cont\u00ednuo. Essa aplica\u00e7\u00e3o cria uma caixa arquitet\u00f4nica elegante que <strong><a href=\"https:\/\/claudia.abril.com.br\/casa-claudia\/decoracao-da-casa-com-iluminacao-natural\/\" target=\"_blank\" rel=\"noreferrer noopener\">valoriza luz natural<\/a><\/strong>, curvas e linhas retas do ambiente.<\/p>\n\n\n\n<p>O tom fosco refor\u00e7a a sensa\u00e7\u00e3o de aconchego e deixa o banheiro mais moderno do que acabamentos brilhantes. Ele facilita a manuten\u00e7\u00e3o di\u00e1ria, evita reflexos excessivos e proporciona uma est\u00e9tica atemporal que se encaixa em estilos variados.<\/p>\n\n\n\n<figure class=\"wp-block-image size-large\"><img loading=\"lazy\" decoding=\"async\" width=\"1024\" height=\"576\" src=\"https:\/\/www.em.com.br\/emfoco\/wp-content\/uploads\/2025\/11\/IA-IMG-2-5-1024x576.jpg\" alt=\"O revestimento mais bonito e pr\u00e1tico que est\u00e1 dominando os banheiros modernos\" class=\"wp-image-127873\" srcset=\"https:\/\/www.em.com.br\/emfoco\/wp-content\/uploads\/2025\/11\/IA-IMG-2-5-1024x576.jpg 1024w, https:\/\/www.em.com.br\/emfoco\/wp-content\/uploads\/2025\/11\/IA-IMG-2-5-300x169.jpg 300w, https:\/\/www.em.com.br\/emfoco\/wp-content\/uploads\/2025\/11\/IA-IMG-2-5-768x432.jpg 768w, https:\/\/www.em.com.br\/emfoco\/wp-content\/uploads\/2025\/11\/IA-IMG-2-5-750x422.jpg 750w, https:\/\/www.em.com.br\/emfoco\/wp-content\/uploads\/2025\/11\/IA-IMG-2-5-1140x641.jpg 1140w, https:\/\/www.em.com.br\/emfoco\/wp-content\/uploads\/2025\/11\/IA-IMG-2-5.jpg 1280w\" sizes=\"auto, (max-width: 1024px) 100vw, 1024px\" \/><figcaption class=\"wp-element-caption\">O visual cont\u00ednuo valoriza linhas retas e luz natural &#8211; Cr\u00e9ditos: Lovart<\/figcaption><\/figure>\n\n\n\n<h2 class=\"wp-block-heading\">Como escolher o tom ideal e garantir uma instala\u00e7\u00e3o impec\u00e1vel?<\/h2>\n\n\n\n<p>Escolher a tonalidade certa ajuda a destacar a <strong>textura marmorizada<\/strong> sem pesar o ambiente. Abaixo est\u00e3o op\u00e7\u00f5es recomendadas e cuidados simples que garantem beleza cont\u00ednua e durabilidade ap\u00f3s a instala\u00e7\u00e3o.<\/p>\n\n\n\n<ul class=\"wp-block-list\">\n<li><strong>M\u00e1rmores claros<\/strong> com veios suaves para banheiros amplos e iluminados.<\/li>\n\n\n\n<li><strong>Vers\u00f5es acinzentadas<\/strong> que combinam com est\u00e9tica moderna.<\/li>\n\n\n\n<li><strong>Padr\u00f5es amadeirados<\/strong> para quem deseja um toque mais quente.<\/li>\n<\/ul>\n\n\n\n<p>O <strong>porcelanato marmorizado fosco<\/strong> se tornou tend\u00eancia dominante por unir durabilidade, f\u00e1cil manuten\u00e7\u00e3o e uma beleza atemporal que transforma qualquer banheiro em um ambiente sofisticado, atual e com visual digno de spa.<\/p>\n","protected":false},"excerpt":{"rendered":"<p>Os banheiros modernos de 2025 deixaram de ser apenas funcionais e passaram a refletir conforto, est\u00e9tica e design. Essa transforma\u00e7\u00e3o trouxe novos materiais para o centro dos projetos e fez surgir um revestimento que tem aparecido com destaque sem ser revelado de imediato. Por que o porcelanato marmorizado fosco virou o preferido dos banheiros modernos? [&hellip;]<\/p>\n","protected":false},"author":13,"featured_media":127870,"comment_status":"open","ping_status":"open","sticky":false,"template":"","format":"standard","meta":{"jnews-multi-image_gallery":[],"jnews_single_post":{"format":"standard"},"jnews_primary_category":[],"jnews_social_meta":[],"jnews_override_counter":[],"footnotes":""},"categories":[8819],"tags":[10013,18880,18879],"class_list":["post-127783","post","type-post","status-publish","format-standard","has-post-thumbnail","hentry","category-curiosidades","tag-banheiro","tag-decoracao-do-banheiro","tag-porcelanato-marmorizado"],"yoast_head":"<!-- This site is optimized with the Yoast SEO plugin v23.8 - https:\/\/yoast.com\/wordpress\/plugins\/seo\/ -->\n<title>O revestimento mais bonito e pr\u00e1tico que est\u00e1 dominando os banheiros modernos - Estado de Minas - Em foco<\/title>\n<meta name=\"description\" content=\"Banheiros modernos ganharam um novo favorito em 2025. O porcelanato fosco imita m\u00e1rmore e transforma qualquer espa\u00e7o com eleg\u00e2ncia.\" \/>\n<meta name=\"robots\" content=\"index, follow, max-snippet:-1, max-image-preview:large, max-video-preview:-1\" \/>\n<link rel=\"canonical\" href=\"https:\/\/www.em.com.br\/emfoco\/2025\/11\/17\/o-revestimento-mais-bonito-e-pratico-que-esta-dominando-os-banheiros-modernos\/\" \/>\n<meta property=\"og:locale\" content=\"pt_BR\" \/>\n<meta property=\"og:type\" content=\"article\" \/>\n<meta property=\"og:title\" content=\"O revestimento mais bonito e pr\u00e1tico que est\u00e1 dominando os banheiros modernos - Estado de Minas - Em foco\" \/>\n<meta property=\"og:description\" content=\"Banheiros modernos ganharam um novo favorito em 2025. O porcelanato fosco imita m\u00e1rmore e transforma qualquer espa\u00e7o com eleg\u00e2ncia.\" \/>\n<meta property=\"og:url\" content=\"https:\/\/www.em.com.br\/emfoco\/2025\/11\/17\/o-revestimento-mais-bonito-e-pratico-que-esta-dominando-os-banheiros-modernos\/\" \/>\n<meta property=\"og:site_name\" content=\"Estado de Minas - Em foco\" \/>\n<meta property=\"article:published_time\" content=\"2025-11-17T23:15:00+00:00\" \/>\n<meta property=\"article:modified_time\" content=\"2025-11-14T21:48:31+00:00\" \/>\n<meta property=\"og:image\" content=\"https:\/\/www.em.com.br\/emfoco\/wp-content\/uploads\/2025\/11\/IA-IMG-15.jpg\" \/>\n\t<meta property=\"og:image:width\" content=\"1280\" \/>\n\t<meta property=\"og:image:height\" content=\"720\" \/>\n\t<meta property=\"og:image:type\" content=\"image\/jpeg\" \/>\n<meta name=\"author\" content=\"Gabriel Martins\" \/>\n<meta name=\"twitter:card\" content=\"summary_large_image\" \/>\n<meta name=\"twitter:label1\" content=\"Escrito por\" \/>\n\t<meta name=\"twitter:data1\" content=\"Gabriel Martins\" \/>\n\t<meta name=\"twitter:label2\" content=\"Est. tempo de leitura\" \/>\n\t<meta name=\"twitter:data2\" content=\"3 minutos\" \/>\n<!-- \/ Yoast SEO plugin. -->","yoast_head_json":{"title":"O revestimento mais bonito e pr\u00e1tico que est\u00e1 dominando os banheiros modernos - Estado de Minas - Em foco","description":"Banheiros modernos ganharam um novo favorito em 2025. O porcelanato fosco imita m\u00e1rmore e transforma qualquer espa\u00e7o com eleg\u00e2ncia.","robots":{"index":"index","follow":"follow","max-snippet":"max-snippet:-1","max-image-preview":"max-image-preview:large","max-video-preview":"max-video-preview:-1"},"canonical":"https:\/\/www.em.com.br\/emfoco\/2025\/11\/17\/o-revestimento-mais-bonito-e-pratico-que-esta-dominando-os-banheiros-modernos\/","og_locale":"pt_BR","og_type":"article","og_title":"O revestimento mais bonito e pr\u00e1tico que est\u00e1 dominando os banheiros modernos - Estado de Minas - Em foco","og_description":"Banheiros modernos ganharam um novo favorito em 2025. O porcelanato fosco imita m\u00e1rmore e transforma qualquer espa\u00e7o com eleg\u00e2ncia.","og_url":"https:\/\/www.em.com.br\/emfoco\/2025\/11\/17\/o-revestimento-mais-bonito-e-pratico-que-esta-dominando-os-banheiros-modernos\/","og_site_name":"Estado de Minas - Em foco","article_published_time":"2025-11-17T23:15:00+00:00","article_modified_time":"2025-11-14T21:48:31+00:00","og_image":[{"width":1280,"height":720,"url":"https:\/\/www.em.com.br\/emfoco\/wp-content\/uploads\/2025\/11\/IA-IMG-15.jpg","type":"image\/jpeg"}],"author":"Gabriel Martins","twitter_card":"summary_large_image","twitter_misc":{"Escrito por":"Gabriel Martins","Est. tempo de leitura":"3 minutos"},"schema":{"@context":"https:\/\/schema.org","@graph":[{"@type":"WebPage","@id":"https:\/\/www.em.com.br\/emfoco\/2025\/11\/17\/o-revestimento-mais-bonito-e-pratico-que-esta-dominando-os-banheiros-modernos\/","url":"https:\/\/www.em.com.br\/emfoco\/2025\/11\/17\/o-revestimento-mais-bonito-e-pratico-que-esta-dominando-os-banheiros-modernos\/","name":"O revestimento mais bonito e pr\u00e1tico que est\u00e1 dominando os banheiros modernos - Estado de Minas - Em foco","isPartOf":{"@id":"https:\/\/www.em.com.br\/emfoco\/#website"},"primaryImageOfPage":{"@id":"https:\/\/www.em.com.br\/emfoco\/2025\/11\/17\/o-revestimento-mais-bonito-e-pratico-que-esta-dominando-os-banheiros-modernos\/#primaryimage"},"image":{"@id":"https:\/\/www.em.com.br\/emfoco\/2025\/11\/17\/o-revestimento-mais-bonito-e-pratico-que-esta-dominando-os-banheiros-modernos\/#primaryimage"},"thumbnailUrl":"https:\/\/www.em.com.br\/emfoco\/wp-content\/uploads\/2025\/11\/IA-IMG-15.jpg","datePublished":"2025-11-17T23:15:00+00:00","dateModified":"2025-11-14T21:48:31+00:00","author":{"@id":"https:\/\/www.em.com.br\/emfoco\/#\/schema\/person\/1c9ddeab18b98abeffef834667bcf08a"},"description":"Banheiros modernos ganharam um novo favorito em 2025. O porcelanato fosco imita m\u00e1rmore e transforma qualquer espa\u00e7o com eleg\u00e2ncia.","breadcrumb":{"@id":"https:\/\/www.em.com.br\/emfoco\/2025\/11\/17\/o-revestimento-mais-bonito-e-pratico-que-esta-dominando-os-banheiros-modernos\/#breadcrumb"},"inLanguage":"pt-BR","potentialAction":[{"@type":"ReadAction","target":["https:\/\/www.em.com.br\/emfoco\/2025\/11\/17\/o-revestimento-mais-bonito-e-pratico-que-esta-dominando-os-banheiros-modernos\/"]}]},{"@type":"ImageObject","inLanguage":"pt-BR","@id":"https:\/\/www.em.com.br\/emfoco\/2025\/11\/17\/o-revestimento-mais-bonito-e-pratico-que-esta-dominando-os-banheiros-modernos\/#primaryimage","url":"https:\/\/www.em.com.br\/emfoco\/wp-content\/uploads\/2025\/11\/IA-IMG-15.jpg","contentUrl":"https:\/\/www.em.com.br\/emfoco\/wp-content\/uploads\/2025\/11\/IA-IMG-15.jpg","width":1280,"height":720,"caption":"O porcelanato marmorizado fosco moderniza banheiros com eleg\u00e2ncia pr\u00e1tica e atemporal - Cr\u00e9ditos: Lovart"},{"@type":"BreadcrumbList","@id":"https:\/\/www.em.com.br\/emfoco\/2025\/11\/17\/o-revestimento-mais-bonito-e-pratico-que-esta-dominando-os-banheiros-modernos\/#breadcrumb","itemListElement":[{"@type":"ListItem","position":1,"name":"In\u00edcio","item":"https:\/\/www.em.com.br\/emfoco\/"},{"@type":"ListItem","position":2,"name":"O revestimento mais bonito e pr\u00e1tico que est\u00e1 dominando os banheiros modernos"}]},{"@type":"WebSite","@id":"https:\/\/www.em.com.br\/emfoco\/#website","url":"https:\/\/www.em.com.br\/emfoco\/","name":"Estado de Minas - Em foco","description":"Acompanhe as \u00faltimas not\u00edcias e fique bem informado sobre tudo o que acontece em Minas Gerais, Brasil e no mundo.","potentialAction":[{"@type":"SearchAction","target":{"@type":"EntryPoint","urlTemplate":"https:\/\/www.em.com.br\/emfoco\/?s={search_term_string}"},"query-input":{"@type":"PropertyValueSpecification","valueRequired":true,"valueName":"search_term_string"}}],"inLanguage":"pt-BR"},{"@type":"Person","@id":"https:\/\/www.em.com.br\/emfoco\/#\/schema\/person\/1c9ddeab18b98abeffef834667bcf08a","name":"Gabriel Martins","image":{"@type":"ImageObject","inLanguage":"pt-BR","@id":"https:\/\/www.em.com.br\/emfoco\/#\/schema\/person\/image\/","url":"https:\/\/secure.gravatar.com\/avatar\/f0f1e2efdfd88f1ad2cb08c5c2731e50?s=96&d=mm&r=g","contentUrl":"https:\/\/secure.gravatar.com\/avatar\/f0f1e2efdfd88f1ad2cb08c5c2731e50?s=96&d=mm&r=g","caption":"Gabriel Martins"},"sameAs":["https:\/\/www.em.com.br\/emfoco\/"],"url":"https:\/\/www.em.com.br\/emfoco\/author\/gabrielmartinsmyth\/"}]}},"_links":{"self":[{"href":"https:\/\/www.em.com.br\/emfoco\/wp-json\/wp\/v2\/posts\/127783","targetHints":{"allow":["GET"]}}],"collection":[{"href":"https:\/\/www.em.com.br\/emfoco\/wp-json\/wp\/v2\/posts"}],"about":[{"href":"https:\/\/www.em.com.br\/emfoco\/wp-json\/wp\/v2\/types\/post"}],"author":[{"embeddable":true,"href":"https:\/\/www.em.com.br\/emfoco\/wp-json\/wp\/v2\/users\/13"}],"replies":[{"embeddable":true,"href":"https:\/\/www.em.com.br\/emfoco\/wp-json\/wp\/v2\/comments?post=127783"}],"version-history":[{"count":1,"href":"https:\/\/www.em.com.br\/emfoco\/wp-json\/wp\/v2\/posts\/127783\/revisions"}],"predecessor-version":[{"id":127875,"href":"https:\/\/www.em.com.br\/emfoco\/wp-json\/wp\/v2\/posts\/127783\/revisions\/127875"}],"wp:featuredmedia":[{"embeddable":true,"href":"https:\/\/www.em.com.br\/emfoco\/wp-json\/wp\/v2\/media\/127870"}],"wp:attachment":[{"href":"https:\/\/www.em.com.br\/emfoco\/wp-json\/wp\/v2\/media?parent=127783"}],"wp:term":[{"taxonomy":"category","embeddable":true,"href":"https:\/\/www.em.com.br\/emfoco\/wp-json\/wp\/v2\/categories?post=127783"},{"taxonomy":"post_tag","embeddable":true,"href":"https:\/\/www.em.com.br\/emfoco\/wp-json\/wp\/v2\/tags?post=127783"}],"curies":[{"name":"wp","href":"https:\/\/api.w.org\/{rel}","templated":true}]}}