{"id":127680,"date":"2025-11-15T17:25:00","date_gmt":"2025-11-15T20:25:00","guid":{"rendered":"https:\/\/www.em.com.br\/emfoco\/?p=127680"},"modified":"2025-11-14T15:04:44","modified_gmt":"2025-11-14T18:04:44","slug":"inscreva-se-na-tarifa-social-e-garanta-50-de-desconto-na-conta-de-agua","status":"publish","type":"post","link":"https:\/\/www.em.com.br\/emfoco\/2025\/11\/15\/inscreva-se-na-tarifa-social-e-garanta-50-de-desconto-na-conta-de-agua\/","title":{"rendered":"Inscreva-se na tarifa social e garanta 50% de desconto na conta de \u00e1gua"},"content":{"rendered":"\n<p>O aumento das tarifas de servi\u00e7os essenciais, como \u00e1gua e esgoto, tem pressionado o or\u00e7amento de muitas fam\u00edlias brasileiras, principalmente aquelas de baixa renda. Por isso, programas como a <strong>Tarifa Social de \u00c1gua e Esgoto<\/strong> s\u00e3o fundamentais, oferecendo descontos e possibilitando acesso a esses servi\u00e7os, al\u00e9m de proporcionar um al\u00edvio nas despesas fixas.<\/p>\n\n\n\n<h2 class=\"wp-block-heading\">Como funciona a Tarifa Social?<\/h2>\n\n\n<div class=\"wp-block-image\">\n<figure class=\"aligncenter size-large\"><img loading=\"lazy\" decoding=\"async\" width=\"1024\" height=\"576\" src=\"https:\/\/www.em.com.br\/emfoco\/wp-content\/uploads\/2025\/09\/estudando_1756919607378-1024x576.jpg\" alt=\"N\u00e3o perca a hora! Concurso Uberl\u00e2ndia \u00e9 neste domingo\" class=\"wp-image-108767\" srcset=\"https:\/\/www.em.com.br\/emfoco\/wp-content\/uploads\/2025\/09\/estudando_1756919607378-1024x576.jpg 1024w, https:\/\/www.em.com.br\/emfoco\/wp-content\/uploads\/2025\/09\/estudando_1756919607378-300x169.jpg 300w, https:\/\/www.em.com.br\/emfoco\/wp-content\/uploads\/2025\/09\/estudando_1756919607378-768x432.jpg 768w, https:\/\/www.em.com.br\/emfoco\/wp-content\/uploads\/2025\/09\/estudando_1756919607378-750x422.jpg 750w, https:\/\/www.em.com.br\/emfoco\/wp-content\/uploads\/2025\/09\/estudando_1756919607378-1140x641.jpg 1140w, https:\/\/www.em.com.br\/emfoco\/wp-content\/uploads\/2025\/09\/estudando_1756919607378.jpg 1280w\" sizes=\"auto, (max-width: 1024px) 100vw, 1024px\" \/><figcaption class=\"wp-element-caption\">Tarifa social oferece economia significativa na conta de \u00e1gua &#8211; Cr\u00e9ditos: depositphotos.com \/ AlexNazaruk<\/figcaption><\/figure><\/div>\n\n\n<p>O desconto da <strong>Tarifa Social<\/strong> foi criado para ampliar o acesso aos servi\u00e7os de \u00e1gua e esgotamento sanit\u00e1rio para quem mais precisa. O programa oferece abatimentos financeiros que variam conforme o consumo mensal de \u00e1gua, facilitando que fam\u00edlias em situa\u00e7\u00e3o de vulnerabilidade mantenham o servi\u00e7o sem comprometer o or\u00e7amento.<\/p>\n\n\n\n<p>A iniciativa visa garantir a universaliza\u00e7\u00e3o do acesso a saneamento b\u00e1sico no pa\u00eds, ajudando a reduzir desigualdades e promovendo condi\u00e7\u00f5es mais dignas de vida. Vale lembrar que, em algumas regi\u00f5es, o desconto pode chegar at\u00e9 50% do valor da conta, dependendo da legisla\u00e7\u00e3o local e do consumo mensal da fam\u00edlia beneficiada.<\/p>\n\n\n\n<h2 class=\"wp-block-heading\">Quem pode solicitar o benef\u00edcio?<\/h2>\n\n\n\n<p>Fam\u00edlias de baixa renda podem participar da <strong>Tarifa Social de \u00c1gua e Esgoto<\/strong> desde que cumpram alguns requisitos. O benef\u00edcio \u00e9 voltado principalmente para inscritos no <strong>Cadastro \u00danico para Programas Sociais do Governo Federal<\/strong> (Cad\u00danico) e para quem recebe o <strong>Benef\u00edcio de Presta\u00e7\u00e3o Continuada<\/strong> (BPC).<\/p>\n\n\n\n<p>Para visualizar melhor os crit\u00e9rios de elegibilidade, veja as condi\u00e7\u00f5es necess\u00e1rias a seguir:<\/p>\n\n\n\n<ul class=\"wp-block-list\">\n<li>Inscri\u00e7\u00e3o ativa no <strong>Cad\u00danico<\/strong>;<\/li>\n\n\n\n<li>Renda mensal por pessoa de at\u00e9 meio sal\u00e1rio m\u00ednimo;<\/li>\n\n\n\n<li>O im\u00f3vel deve ser classificado como habitacional;<\/li>\n\n\n\n<li>Liga\u00e7\u00e3o regular de \u00e1gua e esgoto;<\/li>\n\n\n\n<li>Participa\u00e7\u00e3o no <strong>BPC <\/strong>tamb\u00e9m \u00e9 aceita.<\/li>\n<\/ul>\n\n\n\n<h2 class=\"wp-block-heading\">Como fazer a solicita\u00e7\u00e3o?<\/h2>\n\n\n\n<p>Solicitar o benef\u00edcio \u00e9 simples, mas requer aten\u00e7\u00e3o para evitar transtornos durante o processo. \u00c9 importante verificar a documenta\u00e7\u00e3o e se atentar aos procedimentos exigidos pelas companhias de \u00e1gua locais.<\/p>\n\n\n\n<p>Veja os principais passos para dar entrada no pedido:<\/p>\n\n\n\n<ol class=\"wp-block-list\">\n<li><strong>Verificar elegibilidade:<\/strong> Confirme se voc\u00ea ou sua fam\u00edlia se encaixam nos crit\u00e9rios necess\u00e1rios para a concess\u00e3o do benef\u00edcio.<\/li>\n\n\n\n<li><strong>Separar documentos obrigat\u00f3rios:<\/strong> Tenha em m\u00e3os documentos pessoais (como CPF e RG), comprovante de resid\u00eancia e comprovantes de renda.<\/li>\n\n\n\n<li><strong>Cadastre-se no Cad\u00danico:<\/strong> Se ainda n\u00e3o estiver cadastrado, procure o <strong>CRAS <\/strong>mais pr\u00f3ximo para regularizar sua situa\u00e7\u00e3o.<\/li>\n\n\n\n<li><strong>Solicite junto \u00e0 companhia:<\/strong> Apresente seu pedido e a documenta\u00e7\u00e3o exigida na companhia de \u00e1gua da sua cidade ou regi\u00e3o.<\/li>\n<\/ol>\n\n\n\n<p>Em alguns munic\u00edpios, a solicita\u00e7\u00e3o tamb\u00e9m pode ser feita online, facilitando ainda mais o acesso ao desconto.<\/p>\n\n\n\n<p>Leia mais: <a href=\"https:\/\/www.em.com.br\/emfoco\/2025\/10\/01\/mais-de-28-mil-familias-terao-reducao-na-conta-de-agua-com-a-tarifa-social\/\" target=\"_blank\" rel=\"noreferrer noopener\">Mais de 2,8 mil fam\u00edlias ter\u00e3o redu\u00e7\u00e3o na conta de \u00e1gua com a Tarifa Social<\/a><\/p>\n\n\n\n<h2 class=\"wp-block-heading\">Quais os benef\u00edcios da Tarifa Social?<\/h2>\n\n\n<div class=\"wp-block-image\">\n<figure class=\"aligncenter size-large\"><img loading=\"lazy\" decoding=\"async\" width=\"1024\" height=\"576\" src=\"https:\/\/www.em.com.br\/emfoco\/wp-content\/uploads\/2025\/10\/conta_1757114415771-1024x576.jpg\" alt=\"Como se preparar para o fim de ano sem ficar no vermelho\" class=\"wp-image-113845\" srcset=\"https:\/\/www.em.com.br\/emfoco\/wp-content\/uploads\/2025\/10\/conta_1757114415771-1024x576.jpg 1024w, https:\/\/www.em.com.br\/emfoco\/wp-content\/uploads\/2025\/10\/conta_1757114415771-300x169.jpg 300w, https:\/\/www.em.com.br\/emfoco\/wp-content\/uploads\/2025\/10\/conta_1757114415771-768x432.jpg 768w, https:\/\/www.em.com.br\/emfoco\/wp-content\/uploads\/2025\/10\/conta_1757114415771-750x422.jpg 750w, https:\/\/www.em.com.br\/emfoco\/wp-content\/uploads\/2025\/10\/conta_1757114415771-1140x641.jpg 1140w, https:\/\/www.em.com.br\/emfoco\/wp-content\/uploads\/2025\/10\/conta_1757114415771.jpg 1280w\" sizes=\"auto, (max-width: 1024px) 100vw, 1024px\" \/><figcaption class=\"wp-element-caption\">Tarifa social oferece economia significativa na conta de \u00e1gua &#8211; Cr\u00e9ditos: depositphotos.com \/ EdZbarzhyvetsky<\/figcaption><\/figure><\/div>\n\n\n<p>O principal benef\u00edcio \u00e9 o desconto consider\u00e1vel na conta de \u00e1gua e esgoto, dificultando menos o equil\u00edbrio do or\u00e7amento familiar. Isso permite que o dinheiro economizado seja utilizado para outras necessidades b\u00e1sicas.<\/p>\n\n\n\n<p>Al\u00e9m disso, a iniciativa promove o consumo sustent\u00e1vel e incentiva o uso racional da \u00e1gua, estimulando boas pr\u00e1ticas ambientais nas comunidades atendidas. Em muitos casos, o desconto viabiliza a regulariza\u00e7\u00e3o da situa\u00e7\u00e3o junto \u00e0 distribuidora e evita o corte dos servi\u00e7os em caso de inadimpl\u00eancia.<\/p>\n\n\n\n<p>Leia mais: <a href=\"https:\/\/www.em.com.br\/emfoco\/2025\/11\/05\/tarifa-social-da-desconto-de-ate-65-na-conta-de-luz\/\" target=\"_blank\" rel=\"noreferrer noopener\">Tarifa Social d\u00e1 desconto de at\u00e9 65% na conta de luz<\/a><\/p>\n\n\n\n<h2 class=\"wp-block-heading\">Como manter o desconto ativo?<\/h2>\n\n\n\n<p>Ap\u00f3s receber a <strong><a href=\"https:\/\/www.gov.br\/ana\/pt-br\/assuntos\/saneamento-basico\/tarifa-social-de-agua-e-esgoto\" target=\"_blank\" rel=\"noreferrer noopener\">Tarifa Social de \u00c1gua e Esgoto<\/a><\/strong>, \u00e9 fundamental atualizar suas informa\u00e7\u00f5es no <strong>Cad\u00danico <\/strong>regularmente, para n\u00e3o perder o direito ao desconto e evitar surpresas negativas.<\/p>\n\n\n\n<p>As revis\u00f5es cadastrais geralmente s\u00e3o solicitadas a cada dois anos ou sempre que houver altera\u00e7\u00f5es em dados familiares ou de renda, por isso fique atento aos prazos para garantir a continuidade do benef\u00edcio. Algumas companhias de saneamento notificam os clientes pr\u00f3ximos ao vencimento do cadastro por SMS ou correspond\u00eancia, por isso mantenha seus contatos atualizados.<\/p>\n","protected":false},"excerpt":{"rendered":"<p>O aumento das tarifas de servi\u00e7os essenciais, como \u00e1gua e esgoto, tem pressionado o or\u00e7amento de muitas fam\u00edlias brasileiras, principalmente aquelas de baixa renda. Por isso, programas como a Tarifa Social de \u00c1gua e Esgoto s\u00e3o fundamentais, oferecendo descontos e possibilitando acesso a esses servi\u00e7os, al\u00e9m de proporcionar um al\u00edvio nas despesas fixas. Como funciona [&hellip;]<\/p>\n","protected":false},"author":20,"featured_media":68413,"comment_status":"open","ping_status":"open","sticky":false,"template":"","format":"standard","meta":{"jnews-multi-image_gallery":[],"jnews_single_post":{"format":"standard"},"jnews_primary_category":[],"jnews_social_meta":[],"jnews_override_counter":[],"footnotes":""},"categories":[28,1],"tags":[5305,18866,18412],"class_list":["post-127680","post","type-post","status-publish","format-standard","has-post-thumbnail","hentry","category-economia","category-noticias","tag-conta","tag-conta-de-agua-e-esgoto","tag-tarifa-social-de-agua"],"yoast_head":"<!-- This site is optimized with the Yoast SEO plugin v23.8 - https:\/\/yoast.com\/wordpress\/plugins\/seo\/ -->\n<title>Inscreva-se na tarifa social e garanta 50% de desconto na conta de \u00e1gua - Estado de Minas - Em foco<\/title>\n<meta name=\"description\" content=\"Inscreva-se na Tarifa Social e garanta 50% de desconto na conta de \u00e1gua, reduzindo seus gastos e mantendo o benef\u00edcio ativo sem complica\u00e7\u00f5es.\" \/>\n<meta name=\"robots\" content=\"index, follow, max-snippet:-1, max-image-preview:large, max-video-preview:-1\" \/>\n<link rel=\"canonical\" href=\"https:\/\/www.em.com.br\/emfoco\/2025\/11\/15\/inscreva-se-na-tarifa-social-e-garanta-50-de-desconto-na-conta-de-agua\/\" \/>\n<meta property=\"og:locale\" content=\"pt_BR\" \/>\n<meta property=\"og:type\" content=\"article\" \/>\n<meta property=\"og:title\" content=\"Inscreva-se na tarifa social e garanta 50% de desconto na conta de \u00e1gua - Estado de Minas - Em foco\" \/>\n<meta property=\"og:description\" content=\"Inscreva-se na Tarifa Social e garanta 50% de desconto na conta de \u00e1gua, reduzindo seus gastos e mantendo o benef\u00edcio ativo sem complica\u00e7\u00f5es.\" \/>\n<meta property=\"og:url\" content=\"https:\/\/www.em.com.br\/emfoco\/2025\/11\/15\/inscreva-se-na-tarifa-social-e-garanta-50-de-desconto-na-conta-de-agua\/\" \/>\n<meta property=\"og:site_name\" content=\"Estado de Minas - Em foco\" \/>\n<meta property=\"article:published_time\" content=\"2025-11-15T20:25:00+00:00\" \/>\n<meta property=\"article:modified_time\" content=\"2025-11-14T18:04:44+00:00\" \/>\n<meta property=\"og:image\" content=\"https:\/\/www.em.com.br\/emfoco\/wp-content\/uploads\/2025\/06\/pe-de-meia-feliz.png\" \/>\n\t<meta property=\"og:image:width\" content=\"1280\" \/>\n\t<meta property=\"og:image:height\" content=\"720\" \/>\n\t<meta property=\"og:image:type\" content=\"image\/png\" \/>\n<meta name=\"author\" content=\"Ingrid Diniz\" \/>\n<meta name=\"twitter:card\" content=\"summary_large_image\" \/>\n<meta name=\"twitter:label1\" content=\"Escrito por\" \/>\n\t<meta name=\"twitter:data1\" content=\"Ingrid Diniz\" \/>\n\t<meta name=\"twitter:label2\" content=\"Est. tempo de leitura\" \/>\n\t<meta name=\"twitter:data2\" content=\"4 minutos\" \/>\n<!-- \/ Yoast SEO plugin. -->","yoast_head_json":{"title":"Inscreva-se na tarifa social e garanta 50% de desconto na conta de \u00e1gua - Estado de Minas - Em foco","description":"Inscreva-se na Tarifa Social e garanta 50% de desconto na conta de \u00e1gua, reduzindo seus gastos e mantendo o benef\u00edcio ativo sem complica\u00e7\u00f5es.","robots":{"index":"index","follow":"follow","max-snippet":"max-snippet:-1","max-image-preview":"max-image-preview:large","max-video-preview":"max-video-preview:-1"},"canonical":"https:\/\/www.em.com.br\/emfoco\/2025\/11\/15\/inscreva-se-na-tarifa-social-e-garanta-50-de-desconto-na-conta-de-agua\/","og_locale":"pt_BR","og_type":"article","og_title":"Inscreva-se na tarifa social e garanta 50% de desconto na conta de \u00e1gua - Estado de Minas - Em foco","og_description":"Inscreva-se na Tarifa Social e garanta 50% de desconto na conta de \u00e1gua, reduzindo seus gastos e mantendo o benef\u00edcio ativo sem complica\u00e7\u00f5es.","og_url":"https:\/\/www.em.com.br\/emfoco\/2025\/11\/15\/inscreva-se-na-tarifa-social-e-garanta-50-de-desconto-na-conta-de-agua\/","og_site_name":"Estado de Minas - Em foco","article_published_time":"2025-11-15T20:25:00+00:00","article_modified_time":"2025-11-14T18:04:44+00:00","og_image":[{"width":1280,"height":720,"url":"https:\/\/www.em.com.br\/emfoco\/wp-content\/uploads\/2025\/06\/pe-de-meia-feliz.png","type":"image\/png"}],"author":"Ingrid Diniz","twitter_card":"summary_large_image","twitter_misc":{"Escrito por":"Ingrid Diniz","Est. tempo de leitura":"4 minutos"},"schema":{"@context":"https:\/\/schema.org","@graph":[{"@type":"WebPage","@id":"https:\/\/www.em.com.br\/emfoco\/2025\/11\/15\/inscreva-se-na-tarifa-social-e-garanta-50-de-desconto-na-conta-de-agua\/","url":"https:\/\/www.em.com.br\/emfoco\/2025\/11\/15\/inscreva-se-na-tarifa-social-e-garanta-50-de-desconto-na-conta-de-agua\/","name":"Inscreva-se na tarifa social e garanta 50% de desconto na conta de \u00e1gua - Estado de Minas - Em foco","isPartOf":{"@id":"https:\/\/www.em.com.br\/emfoco\/#website"},"primaryImageOfPage":{"@id":"https:\/\/www.em.com.br\/emfoco\/2025\/11\/15\/inscreva-se-na-tarifa-social-e-garanta-50-de-desconto-na-conta-de-agua\/#primaryimage"},"image":{"@id":"https:\/\/www.em.com.br\/emfoco\/2025\/11\/15\/inscreva-se-na-tarifa-social-e-garanta-50-de-desconto-na-conta-de-agua\/#primaryimage"},"thumbnailUrl":"https:\/\/www.em.com.br\/emfoco\/wp-content\/uploads\/2025\/06\/pe-de-meia-feliz.png","datePublished":"2025-11-15T20:25:00+00:00","dateModified":"2025-11-14T18:04:44+00:00","author":{"@id":"https:\/\/www.em.com.br\/emfoco\/#\/schema\/person\/649e610b4eb8fff87ff394e54fe17b2b"},"description":"Inscreva-se na Tarifa Social e garanta 50% de desconto na conta de \u00e1gua, reduzindo seus gastos e mantendo o benef\u00edcio ativo sem complica\u00e7\u00f5es.","breadcrumb":{"@id":"https:\/\/www.em.com.br\/emfoco\/2025\/11\/15\/inscreva-se-na-tarifa-social-e-garanta-50-de-desconto-na-conta-de-agua\/#breadcrumb"},"inLanguage":"pt-BR","potentialAction":[{"@type":"ReadAction","target":["https:\/\/www.em.com.br\/emfoco\/2025\/11\/15\/inscreva-se-na-tarifa-social-e-garanta-50-de-desconto-na-conta-de-agua\/"]}]},{"@type":"ImageObject","inLanguage":"pt-BR","@id":"https:\/\/www.em.com.br\/emfoco\/2025\/11\/15\/inscreva-se-na-tarifa-social-e-garanta-50-de-desconto-na-conta-de-agua\/#primaryimage","url":"https:\/\/www.em.com.br\/emfoco\/wp-content\/uploads\/2025\/06\/pe-de-meia-feliz.png","contentUrl":"https:\/\/www.em.com.br\/emfoco\/wp-content\/uploads\/2025\/06\/pe-de-meia-feliz.png","width":1280,"height":720,"caption":"Isen\u00e7\u00e3o maior reduz gastos de energia para fam\u00edlia - Cr\u00e9ditos: depositphotos.com \/ VaDrobotBO e depositphotos.com \/ rmcarvalhobsb"},{"@type":"BreadcrumbList","@id":"https:\/\/www.em.com.br\/emfoco\/2025\/11\/15\/inscreva-se-na-tarifa-social-e-garanta-50-de-desconto-na-conta-de-agua\/#breadcrumb","itemListElement":[{"@type":"ListItem","position":1,"name":"In\u00edcio","item":"https:\/\/www.em.com.br\/emfoco\/"},{"@type":"ListItem","position":2,"name":"Inscreva-se na tarifa social e garanta 50% de desconto na conta de \u00e1gua"}]},{"@type":"WebSite","@id":"https:\/\/www.em.com.br\/emfoco\/#website","url":"https:\/\/www.em.com.br\/emfoco\/","name":"Estado de Minas - Em foco","description":"Acompanhe as \u00faltimas not\u00edcias e fique bem informado sobre tudo o que acontece em Minas Gerais, Brasil e no mundo.","potentialAction":[{"@type":"SearchAction","target":{"@type":"EntryPoint","urlTemplate":"https:\/\/www.em.com.br\/emfoco\/?s={search_term_string}"},"query-input":{"@type":"PropertyValueSpecification","valueRequired":true,"valueName":"search_term_string"}}],"inLanguage":"pt-BR"},{"@type":"Person","@id":"https:\/\/www.em.com.br\/emfoco\/#\/schema\/person\/649e610b4eb8fff87ff394e54fe17b2b","name":"Ingrid Diniz","image":{"@type":"ImageObject","inLanguage":"pt-BR","@id":"https:\/\/www.em.com.br\/emfoco\/#\/schema\/person\/image\/","url":"https:\/\/secure.gravatar.com\/avatar\/a3baa1449ec5c39b4c42babc9d4f3951?s=96&d=mm&r=g","contentUrl":"https:\/\/secure.gravatar.com\/avatar\/a3baa1449ec5c39b4c42babc9d4f3951?s=96&d=mm&r=g","caption":"Ingrid Diniz"},"sameAs":["https:\/\/www.em.com.br\/"],"url":"https:\/\/www.em.com.br\/emfoco\/author\/ingridmyth\/"}]}},"_links":{"self":[{"href":"https:\/\/www.em.com.br\/emfoco\/wp-json\/wp\/v2\/posts\/127680","targetHints":{"allow":["GET"]}}],"collection":[{"href":"https:\/\/www.em.com.br\/emfoco\/wp-json\/wp\/v2\/posts"}],"about":[{"href":"https:\/\/www.em.com.br\/emfoco\/wp-json\/wp\/v2\/types\/post"}],"author":[{"embeddable":true,"href":"https:\/\/www.em.com.br\/emfoco\/wp-json\/wp\/v2\/users\/20"}],"replies":[{"embeddable":true,"href":"https:\/\/www.em.com.br\/emfoco\/wp-json\/wp\/v2\/comments?post=127680"}],"version-history":[{"count":1,"href":"https:\/\/www.em.com.br\/emfoco\/wp-json\/wp\/v2\/posts\/127680\/revisions"}],"predecessor-version":[{"id":127709,"href":"https:\/\/www.em.com.br\/emfoco\/wp-json\/wp\/v2\/posts\/127680\/revisions\/127709"}],"wp:featuredmedia":[{"embeddable":true,"href":"https:\/\/www.em.com.br\/emfoco\/wp-json\/wp\/v2\/media\/68413"}],"wp:attachment":[{"href":"https:\/\/www.em.com.br\/emfoco\/wp-json\/wp\/v2\/media?parent=127680"}],"wp:term":[{"taxonomy":"category","embeddable":true,"href":"https:\/\/www.em.com.br\/emfoco\/wp-json\/wp\/v2\/categories?post=127680"},{"taxonomy":"post_tag","embeddable":true,"href":"https:\/\/www.em.com.br\/emfoco\/wp-json\/wp\/v2\/tags?post=127680"}],"curies":[{"name":"wp","href":"https:\/\/api.w.org\/{rel}","templated":true}]}}