{"id":127525,"date":"2025-11-15T12:05:09","date_gmt":"2025-11-15T15:05:09","guid":{"rendered":"https:\/\/www.em.com.br\/emfoco\/?p=127525"},"modified":"2025-11-14T22:13:44","modified_gmt":"2025-11-15T01:13:44","slug":"a-solucao-natural-que-acalma-a-mente-e-reduz-o-estresse-do-dia-a-dia","status":"publish","type":"post","link":"https:\/\/www.em.com.br\/emfoco\/2025\/11\/15\/a-solucao-natural-que-acalma-a-mente-e-reduz-o-estresse-do-dia-a-dia\/","title":{"rendered":"A solu\u00e7\u00e3o natural que acalma a mente e reduz o estresse do dia a dia"},"content":{"rendered":"\n<p>A <strong>ansiedade<\/strong> afeta milh\u00f5es de pessoas em todo o mundo e pode se manifestar com diferentes intensidades, prejudicando o bem-estar e a qualidade de vida. Embora haja tratamentos convencionais dispon\u00edveis, muitas pessoas recorrem \u00e0s <strong>plantas medicinais<\/strong> como alternativas naturais que possam ajudar a controlar a ansiedade de maneira mais equilibrada, sem os efeitos colaterais t\u00edpicos de alguns medicamentos tradicionais.<\/p>\n\n\n\n<h2 class=\"wp-block-heading\">Como as plantas medicinais atuam para aliviar a ansiedade<\/h2>\n\n\n\n<p>As <strong>plantas medicinais<\/strong> possuem compostos naturais que interagem com neurotransmissores cerebrais, como a <strong>serotonina<\/strong> e a dopamina, regulando o humor e promovendo tranquilidade. Suas propriedades calmantes podem reduzir o desconforto emocional e contribuir para o bem-estar mental.<\/p>\n\n\n\n<p>Al\u00e9m de estimular o relaxamento, essas plantas ajudam a diminuir os n\u00edveis do horm\u00f4nio do estresse, o <strong>cortisol<\/strong>, e a acalmar a atividade cerebral excessiva, oferecendo um suporte valioso para quem enfrenta sintomas ansiosos.<\/p>\n\n\n<div class=\"wp-block-image\">\n<figure class=\"aligncenter size-large\"><img loading=\"lazy\" decoding=\"async\" width=\"1024\" height=\"576\" src=\"https:\/\/www.em.com.br\/emfoco\/wp-content\/uploads\/2025\/11\/cha-de-camomila_1763140221493-1024x576.jpg\" alt=\"\" class=\"wp-image-127670\" srcset=\"https:\/\/www.em.com.br\/emfoco\/wp-content\/uploads\/2025\/11\/cha-de-camomila_1763140221493-1024x576.jpg 1024w, https:\/\/www.em.com.br\/emfoco\/wp-content\/uploads\/2025\/11\/cha-de-camomila_1763140221493-300x169.jpg 300w, https:\/\/www.em.com.br\/emfoco\/wp-content\/uploads\/2025\/11\/cha-de-camomila_1763140221493-768x432.jpg 768w, https:\/\/www.em.com.br\/emfoco\/wp-content\/uploads\/2025\/11\/cha-de-camomila_1763140221493-750x422.jpg 750w, https:\/\/www.em.com.br\/emfoco\/wp-content\/uploads\/2025\/11\/cha-de-camomila_1763140221493-1140x641.jpg 1140w, https:\/\/www.em.com.br\/emfoco\/wp-content\/uploads\/2025\/11\/cha-de-camomila_1763140221493.jpg 1280w\" sizes=\"auto, (max-width: 1024px) 100vw, 1024px\" \/><figcaption class=\"wp-element-caption\">\u00c9 conhecido por aliviar inflama\u00e7\u00f5es e acalmar o estresse &#8211; Cr\u00e9ditos: depositphotos.com \/ Garry_Images<\/figcaption><\/figure><\/div>\n\n\n<p>Leia tamb\u00e9m:&nbsp;<a href=\"https:\/\/www.em.com.br\/emfoco\/2025\/11\/13\/comecei-a-tomar-esses-chas-de-noite-e-hoje-durmo-sem-ansiedade-ou-dores\/\" target=\"_blank\" rel=\"noopener\">Comecei a tomar esses ch\u00e1s de noite e hoje durmo sem ansiedade ou dores<\/a><\/p>\n\n\n\n<h2 class=\"wp-block-heading\">Quais plantas medicinais podem contribuir para a redu\u00e7\u00e3o da ansiedade<\/h2>\n\n\n\n<p>Diversos tipos de plantas s\u00e3o reconhecidos por seus efeitos calmantes e t\u00eam sido amplamente estudados devido ao seu potencial terap\u00eautico. Muitas pessoas buscam essas alternativas naturais para complementar o tratamento convencional da <strong>ansiedade<\/strong>, visando mais equil\u00edbrio.<\/p>\n\n\n\n<p>Confira alguns exemplos de <strong>plantas medicinais<\/strong> eficazes utilizadas para o al\u00edvio da ansiedade:<\/p>\n\n\n\n<ul class=\"wp-block-list\">\n<li><strong>Camomila<\/strong>: consumida em ch\u00e1s, \u00e9 conhecida por seus efeitos suavizantes e calmantes.<\/li>\n\n\n\n<li><strong>Valeriana<\/strong>: auxilia no relaxamento e pode melhorar a qualidade do sono, especialmente em casos de ins\u00f4nia associada \u00e0 ansiedade.<\/li>\n\n\n\n<li><strong>Passiflora<\/strong>: empregada tradicionalmente para reduzir sintomas de inquieta\u00e7\u00e3o e promover serenidade.<\/li>\n<\/ul>\n\n\n\n<h2 class=\"wp-block-heading\">Como utilizar corretamente as plantas medicinais para melhores resultados<\/h2>\n\n\n\n<p>Utilizar <strong>plantas medicinais<\/strong> exige aten\u00e7\u00e3o \u00e0 prepara\u00e7\u00e3o e ao consumo respons\u00e1vel. Recomenda-se preparar <strong>infus\u00f5es<\/strong> com \u00e1gua quente, mas sem ferver, para preservar os compostos ativos das plantas e garantir maior efic\u00e1cia no tratamento da ansiedade.<\/p>\n\n\n<div class=\"wp-block-image\">\n<figure class=\"aligncenter size-large\"><img loading=\"lazy\" decoding=\"async\" width=\"1024\" height=\"576\" src=\"https:\/\/www.em.com.br\/emfoco\/wp-content\/uploads\/2025\/11\/cha-de-passiflora_1762796580769-1024x576.jpg\" alt=\"\" class=\"wp-image-125601\" srcset=\"https:\/\/www.em.com.br\/emfoco\/wp-content\/uploads\/2025\/11\/cha-de-passiflora_1762796580769-1024x576.jpg 1024w, https:\/\/www.em.com.br\/emfoco\/wp-content\/uploads\/2025\/11\/cha-de-passiflora_1762796580769-300x169.jpg 300w, https:\/\/www.em.com.br\/emfoco\/wp-content\/uploads\/2025\/11\/cha-de-passiflora_1762796580769-768x432.jpg 768w, https:\/\/www.em.com.br\/emfoco\/wp-content\/uploads\/2025\/11\/cha-de-passiflora_1762796580769-750x422.jpg 750w, https:\/\/www.em.com.br\/emfoco\/wp-content\/uploads\/2025\/11\/cha-de-passiflora_1762796580769-1140x641.jpg 1140w, https:\/\/www.em.com.br\/emfoco\/wp-content\/uploads\/2025\/11\/cha-de-passiflora_1762796580769.jpg 1280w\" sizes=\"auto, (max-width: 1024px) 100vw, 1024px\" \/><figcaption class=\"wp-element-caption\">Al\u00e9m das vantagens para o sono, o consumo frequente do ch\u00e1 tamb\u00e9m pode melhorar a disposi\u00e7\u00e3o ao longo do dia &#8211; Cr\u00e9ditos: depositphotos.com \/ simonapavan<\/figcaption><\/figure><\/div>\n\n\n<p>Outra alternativa s\u00e3o <strong>extratos<\/strong> padronizados e c\u00e1psulas, que facilitam a dosagem controlada. \u00c9 essencial buscar orienta\u00e7\u00e3o de um <strong>profissional<\/strong> antes de come\u00e7ar o uso, especialmente para evitar poss\u00edveis intera\u00e7\u00f5es medicamentosas.<\/p>\n\n\n\n<h2 class=\"wp-block-heading\">Existem evid\u00eancias cient\u00edficas sobre a efic\u00e1cia das plantas medicinais contra a ansiedade<\/h2>\n\n\n\n<p>Pesquisas v\u00eam confirmando que certas <strong>plantas medicinais<\/strong>, como a <strong>Passiflora<\/strong> e a <strong>Camomila<\/strong>, s\u00e3o eficazes na redu\u00e7\u00e3o da ansiedade em diferentes contextos. Os estudos mostram que essas plantas podem ser op\u00e7\u00f5es seguras e bem toleradas por grande parte dos pacientes.<\/p>\n\n\n\n<p>Al\u00e9m das plantas j\u00e1 citadas, outras esp\u00e9cies como <strong>lavanda<\/strong> e <strong>erva-cidreira<\/strong> tamb\u00e9m t\u00eam demonstrado resultados positivos em pesquisas cient\u00edficas, ampliando o leque de alternativas naturais para o controle da ansiedade. Veja abaixo um v\u00eddeo do <a href=\"https:\/\/www.youtube.com\/watch?v=2CdhznZHWoA\" target=\"_blank\" rel=\"noopener\">Dr. Charles Genehr<\/a> sobre plantas medicinais:<\/p>\n\n\n\n<figure class=\"wp-block-embed is-type-video is-provider-youtube wp-block-embed-youtube wp-embed-aspect-16-9 wp-has-aspect-ratio\"><div class=\"wp-block-embed__wrapper\">\n<div class=\"jeg_video_container jeg_video_content\"><iframe loading=\"lazy\" title=\"10 PLANTAS PARA A ANSIEDADE - DR. CHARLES GENEHR\" width=\"500\" height=\"281\" src=\"https:\/\/www.youtube.com\/embed\/2CdhznZHWoA?feature=oembed\" frameborder=\"0\" allow=\"accelerometer; autoplay; clipboard-write; encrypted-media; gyroscope; picture-in-picture; web-share\" referrerpolicy=\"strict-origin-when-cross-origin\" allowfullscreen><\/iframe><\/div>\n<\/div><\/figure>\n\n\n\n<h2 class=\"wp-block-heading\">O que considerar ao adotar op\u00e7\u00f5es naturais para o bem-estar mental<\/h2>\n\n\n\n<p>Consumo <strong>consciente<\/strong> e orienta\u00e7\u00e3o adequada s\u00e3o fundamentais ao optar por plantas medicinais. Aliar conhecimento tradicional e cient\u00edfico pode resultar em uma abordagem mais integrada e humanizada para a <strong>sa\u00fade mental<\/strong>.<\/p>\n\n\n\n<p>Ao considerar o uso dessas alternativas, lembre-se de avaliar poss\u00edveis <strong>restri\u00e7\u00f5es<\/strong> individuais e sempre contar com acompanhamento profissional, promovendo um cuidado seguro e equilibrado ao corpo e \u00e0 mente.<\/p>\n","protected":false},"excerpt":{"rendered":"<p>A ansiedade afeta milh\u00f5es de pessoas em todo o mundo e pode se manifestar com diferentes intensidades, prejudicando o bem-estar e a qualidade de vida. Embora haja tratamentos convencionais dispon\u00edveis, muitas pessoas recorrem \u00e0s plantas medicinais como alternativas naturais que possam ajudar a controlar a ansiedade de maneira mais equilibrada, sem os efeitos colaterais t\u00edpicos [&hellip;]<\/p>\n","protected":false},"author":9,"featured_media":127760,"comment_status":"open","ping_status":"open","sticky":false,"template":"","format":"standard","meta":{"jnews-multi-image_gallery":[],"jnews_single_post":{"format":"standard"},"jnews_primary_category":[],"jnews_social_meta":[],"jnews_override_counter":[],"footnotes":""},"categories":[8691,8819,1,9053],"tags":[4947,712,8026],"class_list":["post-127525","post","type-post","status-publish","format-standard","has-post-thumbnail","hentry","category-bem-estar","category-curiosidades","category-noticias","category-saude","tag-ansiedade","tag-autocuidado","tag-planta-medicinal"],"yoast_head":"<!-- This site is optimized with the Yoast SEO plugin v23.8 - https:\/\/yoast.com\/wordpress\/plugins\/seo\/ -->\n<title>A solu\u00e7\u00e3o natural que acalma a mente e reduz o estresse do dia a dia<\/title>\n<meta name=\"description\" content=\"Plantas medicinais s\u00e3o alternativas naturais para a ansiedade. Seus compostos regulam o humor, reduzem o estresse e promovem a tranquilidade.\" \/>\n<meta name=\"robots\" content=\"index, follow, max-snippet:-1, max-image-preview:large, max-video-preview:-1\" \/>\n<link rel=\"canonical\" href=\"https:\/\/www.em.com.br\/emfoco\/2025\/11\/15\/a-solucao-natural-que-acalma-a-mente-e-reduz-o-estresse-do-dia-a-dia\/\" \/>\n<meta property=\"og:locale\" content=\"pt_BR\" \/>\n<meta property=\"og:type\" content=\"article\" \/>\n<meta property=\"og:title\" content=\"A solu\u00e7\u00e3o natural que acalma a mente e reduz o estresse do dia a dia\" \/>\n<meta property=\"og:description\" content=\"Plantas medicinais s\u00e3o alternativas naturais para a ansiedade. Seus compostos regulam o humor, reduzem o estresse e promovem a tranquilidade.\" \/>\n<meta property=\"og:url\" content=\"https:\/\/www.em.com.br\/emfoco\/2025\/11\/15\/a-solucao-natural-que-acalma-a-mente-e-reduz-o-estresse-do-dia-a-dia\/\" \/>\n<meta property=\"og:site_name\" content=\"Estado de Minas - Em foco\" \/>\n<meta property=\"article:published_time\" content=\"2025-11-15T15:05:09+00:00\" \/>\n<meta property=\"article:modified_time\" content=\"2025-11-15T01:13:44+00:00\" \/>\n<meta property=\"og:image\" content=\"https:\/\/www.em.com.br\/emfoco\/wp-content\/uploads\/2025\/11\/mosaico_1763147865453.jpg\" \/>\n\t<meta property=\"og:image:width\" content=\"1280\" \/>\n\t<meta property=\"og:image:height\" content=\"720\" \/>\n\t<meta property=\"og:image:type\" content=\"image\/jpeg\" \/>\n<meta name=\"author\" content=\"Daniely Cardoso\" \/>\n<meta name=\"twitter:card\" content=\"summary_large_image\" \/>\n<meta name=\"twitter:label1\" content=\"Escrito por\" \/>\n\t<meta name=\"twitter:data1\" content=\"Daniely Cardoso\" \/>\n\t<meta name=\"twitter:label2\" content=\"Est. tempo de leitura\" \/>\n\t<meta name=\"twitter:data2\" content=\"4 minutos\" \/>\n<!-- \/ Yoast SEO plugin. -->","yoast_head_json":{"title":"A solu\u00e7\u00e3o natural que acalma a mente e reduz o estresse do dia a dia","description":"Plantas medicinais s\u00e3o alternativas naturais para a ansiedade. Seus compostos regulam o humor, reduzem o estresse e promovem a tranquilidade.","robots":{"index":"index","follow":"follow","max-snippet":"max-snippet:-1","max-image-preview":"max-image-preview:large","max-video-preview":"max-video-preview:-1"},"canonical":"https:\/\/www.em.com.br\/emfoco\/2025\/11\/15\/a-solucao-natural-que-acalma-a-mente-e-reduz-o-estresse-do-dia-a-dia\/","og_locale":"pt_BR","og_type":"article","og_title":"A solu\u00e7\u00e3o natural que acalma a mente e reduz o estresse do dia a dia","og_description":"Plantas medicinais s\u00e3o alternativas naturais para a ansiedade. Seus compostos regulam o humor, reduzem o estresse e promovem a tranquilidade.","og_url":"https:\/\/www.em.com.br\/emfoco\/2025\/11\/15\/a-solucao-natural-que-acalma-a-mente-e-reduz-o-estresse-do-dia-a-dia\/","og_site_name":"Estado de Minas - Em foco","article_published_time":"2025-11-15T15:05:09+00:00","article_modified_time":"2025-11-15T01:13:44+00:00","og_image":[{"width":1280,"height":720,"url":"https:\/\/www.em.com.br\/emfoco\/wp-content\/uploads\/2025\/11\/mosaico_1763147865453.jpg","type":"image\/jpeg"}],"author":"Daniely Cardoso","twitter_card":"summary_large_image","twitter_misc":{"Escrito por":"Daniely Cardoso","Est. tempo de leitura":"4 minutos"},"schema":{"@context":"https:\/\/schema.org","@graph":[{"@type":"WebPage","@id":"https:\/\/www.em.com.br\/emfoco\/2025\/11\/15\/a-solucao-natural-que-acalma-a-mente-e-reduz-o-estresse-do-dia-a-dia\/","url":"https:\/\/www.em.com.br\/emfoco\/2025\/11\/15\/a-solucao-natural-que-acalma-a-mente-e-reduz-o-estresse-do-dia-a-dia\/","name":"A solu\u00e7\u00e3o natural que acalma a mente e reduz o estresse do dia a dia","isPartOf":{"@id":"https:\/\/www.em.com.br\/emfoco\/#website"},"primaryImageOfPage":{"@id":"https:\/\/www.em.com.br\/emfoco\/2025\/11\/15\/a-solucao-natural-que-acalma-a-mente-e-reduz-o-estresse-do-dia-a-dia\/#primaryimage"},"image":{"@id":"https:\/\/www.em.com.br\/emfoco\/2025\/11\/15\/a-solucao-natural-que-acalma-a-mente-e-reduz-o-estresse-do-dia-a-dia\/#primaryimage"},"thumbnailUrl":"https:\/\/www.em.com.br\/emfoco\/wp-content\/uploads\/2025\/11\/mosaico_1763147865453.jpg","datePublished":"2025-11-15T15:05:09+00:00","dateModified":"2025-11-15T01:13:44+00:00","author":{"@id":"https:\/\/www.em.com.br\/emfoco\/#\/schema\/person\/0a8186d72f2c3a5c6276d90b41f271a0"},"description":"Plantas medicinais s\u00e3o alternativas naturais para a ansiedade. Seus compostos regulam o humor, reduzem o estresse e promovem a tranquilidade.","breadcrumb":{"@id":"https:\/\/www.em.com.br\/emfoco\/2025\/11\/15\/a-solucao-natural-que-acalma-a-mente-e-reduz-o-estresse-do-dia-a-dia\/#breadcrumb"},"inLanguage":"pt-BR","potentialAction":[{"@type":"ReadAction","target":["https:\/\/www.em.com.br\/emfoco\/2025\/11\/15\/a-solucao-natural-que-acalma-a-mente-e-reduz-o-estresse-do-dia-a-dia\/"]}]},{"@type":"ImageObject","inLanguage":"pt-BR","@id":"https:\/\/www.em.com.br\/emfoco\/2025\/11\/15\/a-solucao-natural-que-acalma-a-mente-e-reduz-o-estresse-do-dia-a-dia\/#primaryimage","url":"https:\/\/www.em.com.br\/emfoco\/wp-content\/uploads\/2025\/11\/mosaico_1763147865453.jpg","contentUrl":"https:\/\/www.em.com.br\/emfoco\/wp-content\/uploads\/2025\/11\/mosaico_1763147865453.jpg","width":1280,"height":720,"caption":"As plantas medicinais possuem compostos naturais que interagem com neurotransmissores cerebrais - Cr\u00e9ditos: depositphotos.com \/ HayDmitriy \/ Cr\u00e9ditos: depositphotos.com \/ ViktoriiaDyachenko"},{"@type":"BreadcrumbList","@id":"https:\/\/www.em.com.br\/emfoco\/2025\/11\/15\/a-solucao-natural-que-acalma-a-mente-e-reduz-o-estresse-do-dia-a-dia\/#breadcrumb","itemListElement":[{"@type":"ListItem","position":1,"name":"In\u00edcio","item":"https:\/\/www.em.com.br\/emfoco\/"},{"@type":"ListItem","position":2,"name":"A solu\u00e7\u00e3o natural que acalma a mente e reduz o estresse do dia a dia"}]},{"@type":"WebSite","@id":"https:\/\/www.em.com.br\/emfoco\/#website","url":"https:\/\/www.em.com.br\/emfoco\/","name":"Estado de Minas - Em foco","description":"Acompanhe as \u00faltimas not\u00edcias e fique bem informado sobre tudo o que acontece em Minas Gerais, Brasil e no mundo.","potentialAction":[{"@type":"SearchAction","target":{"@type":"EntryPoint","urlTemplate":"https:\/\/www.em.com.br\/emfoco\/?s={search_term_string}"},"query-input":{"@type":"PropertyValueSpecification","valueRequired":true,"valueName":"search_term_string"}}],"inLanguage":"pt-BR"},{"@type":"Person","@id":"https:\/\/www.em.com.br\/emfoco\/#\/schema\/person\/0a8186d72f2c3a5c6276d90b41f271a0","name":"Daniely Cardoso","image":{"@type":"ImageObject","inLanguage":"pt-BR","@id":"https:\/\/www.em.com.br\/emfoco\/#\/schema\/person\/image\/","url":"https:\/\/secure.gravatar.com\/avatar\/4b80ddbd124d1f071b626d52d62e5dff?s=96&d=mm&r=g","contentUrl":"https:\/\/secure.gravatar.com\/avatar\/4b80ddbd124d1f071b626d52d62e5dff?s=96&d=mm&r=g","caption":"Daniely Cardoso"},"url":"https:\/\/www.em.com.br\/emfoco\/author\/danielymyth\/"}]}},"_links":{"self":[{"href":"https:\/\/www.em.com.br\/emfoco\/wp-json\/wp\/v2\/posts\/127525","targetHints":{"allow":["GET"]}}],"collection":[{"href":"https:\/\/www.em.com.br\/emfoco\/wp-json\/wp\/v2\/posts"}],"about":[{"href":"https:\/\/www.em.com.br\/emfoco\/wp-json\/wp\/v2\/types\/post"}],"author":[{"embeddable":true,"href":"https:\/\/www.em.com.br\/emfoco\/wp-json\/wp\/v2\/users\/9"}],"replies":[{"embeddable":true,"href":"https:\/\/www.em.com.br\/emfoco\/wp-json\/wp\/v2\/comments?post=127525"}],"version-history":[{"count":4,"href":"https:\/\/www.em.com.br\/emfoco\/wp-json\/wp\/v2\/posts\/127525\/revisions"}],"predecessor-version":[{"id":127998,"href":"https:\/\/www.em.com.br\/emfoco\/wp-json\/wp\/v2\/posts\/127525\/revisions\/127998"}],"wp:featuredmedia":[{"embeddable":true,"href":"https:\/\/www.em.com.br\/emfoco\/wp-json\/wp\/v2\/media\/127760"}],"wp:attachment":[{"href":"https:\/\/www.em.com.br\/emfoco\/wp-json\/wp\/v2\/media?parent=127525"}],"wp:term":[{"taxonomy":"category","embeddable":true,"href":"https:\/\/www.em.com.br\/emfoco\/wp-json\/wp\/v2\/categories?post=127525"},{"taxonomy":"post_tag","embeddable":true,"href":"https:\/\/www.em.com.br\/emfoco\/wp-json\/wp\/v2\/tags?post=127525"}],"curies":[{"name":"wp","href":"https:\/\/api.w.org\/{rel}","templated":true}]}}