{"id":127517,"date":"2025-11-15T06:25:54","date_gmt":"2025-11-15T09:25:54","guid":{"rendered":"https:\/\/www.em.com.br\/emfoco\/?p=127517"},"modified":"2025-11-14T14:16:48","modified_gmt":"2025-11-14T17:16:48","slug":"as-ervas-mais-usadas-para-acalmar-o-estomago-e-reduzir-a-azia","status":"publish","type":"post","link":"https:\/\/www.em.com.br\/emfoco\/2025\/11\/15\/as-ervas-mais-usadas-para-acalmar-o-estomago-e-reduzir-a-azia\/","title":{"rendered":"As ervas mais usadas para acalmar o est\u00f4mago e reduzir a azia"},"content":{"rendered":"\n<p>A&nbsp;<strong>azia<\/strong>&nbsp;e a <strong>m\u00e1 digest\u00e3o<\/strong> s\u00e3o problemas frequentes para muitas pessoas, prejudicando o bem-estar di\u00e1rio. Os&nbsp;<strong>ch\u00e1s digestivos<\/strong>, com diferentes ervas e propriedades medicinais, t\u00eam ganhado destaque como alternativas naturais eficazes para aliviar esses sintomas, oferecendo suporte suave ao&nbsp;<strong>sistema digestivo<\/strong>&nbsp;sem os efeitos adversos comuns de medicamentos convencionais.<\/p>\n\n\n\n<h2 class=\"wp-block-heading\">Quais s\u00e3o os principais tipos de ch\u00e1s digestivos dispon\u00edveis<\/h2>\n\n\n\n<p>Entre as op\u00e7\u00f5es mais tradicionais, o&nbsp;<strong>ch\u00e1 de hortel\u00e3-pimenta<\/strong>&nbsp;\u00e9 bastante popular, pois relaxa os m\u00fasculos do trato&nbsp;<strong>digestivo<\/strong>&nbsp;e ameniza dores estomacais. J\u00e1 o&nbsp;<strong>ch\u00e1 de gengibre<\/strong>&nbsp;destaca-se por estimular enzimas digestivas e combater enjoos, sendo \u00fatil em situa\u00e7\u00f5es de desconforto g\u00e1strico.<\/p>\n\n\n\n<p>Tamb\u00e9m se destacam o&nbsp;<strong>ch\u00e1 de camomila<\/strong>, conhecido por aliviar inflama\u00e7\u00f5es e acalmar o estresse, al\u00e9m de ch\u00e1s preparados com&nbsp;<strong>erva-doce<\/strong>&nbsp;e&nbsp;<strong>boldo<\/strong>. A escolha pelo tipo ideal varia conforme necessidades individuais e toler\u00e2ncias a cada erva.<\/p>\n\n\n<div class=\"wp-block-image\">\n<figure class=\"aligncenter size-large\"><img loading=\"lazy\" decoding=\"async\" width=\"1024\" height=\"576\" src=\"https:\/\/www.em.com.br\/emfoco\/wp-content\/uploads\/2025\/11\/cha-de-camomila_1763140221493-1024x576.jpg\" alt=\"\" class=\"wp-image-127670\" srcset=\"https:\/\/www.em.com.br\/emfoco\/wp-content\/uploads\/2025\/11\/cha-de-camomila_1763140221493-1024x576.jpg 1024w, https:\/\/www.em.com.br\/emfoco\/wp-content\/uploads\/2025\/11\/cha-de-camomila_1763140221493-300x169.jpg 300w, https:\/\/www.em.com.br\/emfoco\/wp-content\/uploads\/2025\/11\/cha-de-camomila_1763140221493-768x432.jpg 768w, https:\/\/www.em.com.br\/emfoco\/wp-content\/uploads\/2025\/11\/cha-de-camomila_1763140221493-750x422.jpg 750w, https:\/\/www.em.com.br\/emfoco\/wp-content\/uploads\/2025\/11\/cha-de-camomila_1763140221493-1140x641.jpg 1140w, https:\/\/www.em.com.br\/emfoco\/wp-content\/uploads\/2025\/11\/cha-de-camomila_1763140221493.jpg 1280w\" sizes=\"auto, (max-width: 1024px) 100vw, 1024px\" \/><figcaption class=\"wp-element-caption\">\u00c9 conhecido por aliviar inflama\u00e7\u00f5es e acalmar o estresse &#8211; Cr\u00e9ditos: depositphotos.com \/ Garry_Images<\/figcaption><\/figure><\/div>\n\n\n<p>Leia tamb\u00e9m:&nbsp;<a href=\"https:\/\/www.em.com.br\/emfoco\/2025\/11\/14\/os-chas-mais-eficazes-para-turbinar-foco-e-memoria-durante-o-trabalho\/\" target=\"_blank\" rel=\"noopener\">Os ch\u00e1s mais eficazes para turbinar foco e mem\u00f3ria durante o trabalho<\/a><\/p>\n\n\n\n<h2 class=\"wp-block-heading\">Como os ch\u00e1s digestivos atuam no sistema digestivo<\/h2>\n\n\n\n<p>Cada ch\u00e1 possui&nbsp;<strong>componentes ativos<\/strong>&nbsp;que desempenham pap\u00e9is essenciais na digest\u00e3o. O&nbsp;<strong>mentol<\/strong>&nbsp;da&nbsp;<strong>hortel\u00e3-pimenta<\/strong>&nbsp;relaxa a musculatura digestiva, enquanto o&nbsp;<strong>gingerol<\/strong>&nbsp;no gengibre possui propriedades anti-inflamat\u00f3rias e antibacterianas.<\/p>\n\n\n\n<p>A&nbsp;<strong>camomila<\/strong>&nbsp;oferece antioxidantes que equilibram o sistema digestivo e proporcionam efeito calmante ao est\u00f4mago. Essas combina\u00e7\u00f5es tornam os ch\u00e1s aliados pr\u00e1ticos no al\u00edvio de diferentes sintomas digestivos.<\/p>\n\n\n\n<h2 class=\"wp-block-heading\">Veja como preparar o ch\u00e1 digestivo ideal<\/h2>\n\n\n\n<p>A prepara\u00e7\u00e3o correta potencializa os efeitos ben\u00e9ficos dos ch\u00e1s digestivos, tornando-os ainda mais eficazes no cuidado di\u00e1rio do aparelho digestivo. \u00c9 importante respeitar o tempo de infus\u00e3o e as propor\u00e7\u00f5es para cada tipo de erva.<\/p>\n\n\n<div class=\"wp-block-image\">\n<figure class=\"aligncenter size-large\"><img loading=\"lazy\" decoding=\"async\" width=\"1024\" height=\"576\" src=\"https:\/\/www.em.com.br\/emfoco\/wp-content\/uploads\/2025\/10\/cha-de-gengibre-com-mel_1759415577300-1024x576.jpg\" alt=\"O ch\u00e1 mais eficaz para aliviar a dor de garganta e resfriados\" class=\"wp-image-110714\" srcset=\"https:\/\/www.em.com.br\/emfoco\/wp-content\/uploads\/2025\/10\/cha-de-gengibre-com-mel_1759415577300-1024x576.jpg 1024w, https:\/\/www.em.com.br\/emfoco\/wp-content\/uploads\/2025\/10\/cha-de-gengibre-com-mel_1759415577300-300x169.jpg 300w, https:\/\/www.em.com.br\/emfoco\/wp-content\/uploads\/2025\/10\/cha-de-gengibre-com-mel_1759415577300-768x432.jpg 768w, https:\/\/www.em.com.br\/emfoco\/wp-content\/uploads\/2025\/10\/cha-de-gengibre-com-mel_1759415577300-750x422.jpg 750w, https:\/\/www.em.com.br\/emfoco\/wp-content\/uploads\/2025\/10\/cha-de-gengibre-com-mel_1759415577300-1140x641.jpg 1140w, https:\/\/www.em.com.br\/emfoco\/wp-content\/uploads\/2025\/10\/cha-de-gengibre-com-mel_1759415577300.jpg 1280w\" sizes=\"auto, (max-width: 1024px) 100vw, 1024px\" \/><figcaption class=\"wp-element-caption\">Preparar ch\u00e1 de gengibre com casca de lim\u00e3o \u00e9 simples &#8211; Cr\u00e9ditos: depositphotos.com \/ IgorVetushko<\/figcaption><\/figure><\/div>\n\n\n<p>Confira abaixo tr\u00eas formas pr\u00e1ticas de preparar ch\u00e1s digestivos, ideais para combater a azia e melhorar a digest\u00e3o:<\/p>\n\n\n\n<ul class=\"wp-block-list\">\n<li><strong>Hortel\u00e3-pimenta:<\/strong>\u00a0Utilize folhas frescas ou secas, acrescente uma colher de ch\u00e1 \u00e0 \u00e1gua fervente. Deixe em infus\u00e3o por 5 a 10 minutos antes de coar e servir.<\/li>\n\n\n\n<li><strong>Gengibre:<\/strong>\u00a0Corte fatias da raiz fresca, coloque na \u00e1gua quente e ferva por cerca de 10 minutos. Coe a bebida e, se desejar, adicione gotas de\u00a0<strong>lim\u00e3o<\/strong>\u00a0para intensificar os efeitos.<\/li>\n\n\n\n<li><strong>Camomila:<\/strong>\u00a0Acrescente flores secas de camomila em \u00e1gua fervente, deixe em infus\u00e3o por 5 minutos, coe e sirva em seguida.<\/li>\n<\/ul>\n\n\n\n<p>Confira o v\u00eddeo abaixo do canal <a href=\"https:\/\/www.youtube.com\/@CardioDF\" target=\"_blank\" rel=\"noreferrer noopener\">Cardio DF \u2014 Cardiologia e sa\u00fade cardiovascular em Bras\u00edlia (DF)<\/a> mostrando os benef\u00edcios do ch\u00e1 de hortel\u00e3:<\/p>\n\n\n\n<figure class=\"wp-block-embed is-type-video is-provider-youtube wp-block-embed-youtube wp-embed-aspect-16-9 wp-has-aspect-ratio\"><div class=\"wp-block-embed__wrapper\">\n<div class=\"jeg_video_container jeg_video_content\"><iframe loading=\"lazy\" title=\"CH\u00c1 DE HORTEL\u00c3: BEBA TODOS OS DIAS e VEJA O QUE ACONTECE COM SEU CORPO (7 BENEF\u00cdCIOS DA MENTA)\" width=\"500\" height=\"281\" src=\"https:\/\/www.youtube.com\/embed\/VzSMKndH-QQ?start=13&#038;feature=oembed\" frameborder=\"0\" allow=\"accelerometer; autoplay; clipboard-write; encrypted-media; gyroscope; picture-in-picture; web-share\" referrerpolicy=\"strict-origin-when-cross-origin\" allowfullscreen><\/iframe><\/div>\n<\/div><\/figure>\n\n\n\n<h2 class=\"wp-block-heading\">Quais s\u00e3o os benef\u00edcios do consumo di\u00e1rio de ch\u00e1s digestivos<\/h2>\n\n\n\n<p>Incorporar&nbsp;<strong>ch\u00e1s digestivos<\/strong>&nbsp;\u00e0 rotina traz vantagens como al\u00edvio da&nbsp;<strong>azia<\/strong>&nbsp;e m\u00e1 digest\u00e3o, al\u00e9m de fortalecer o&nbsp;<strong>sistema digestivo<\/strong>&nbsp;e contribuir para a imunidade. O uso di\u00e1rio promove bem-estar e tranquilidade, sem os efeitos adversos de medicamentos tradicionais.<\/p>\n\n\n\n<p>O consumo regular desses ch\u00e1s pode prevenir epis\u00f3dios recorrentes de indigest\u00e3o, melhorar a efici\u00eancia do processo digestivo e favorecer a qualidade de vida. Para quem busca uma abordagem mais natural, os ch\u00e1s digestivos s\u00e3o aliados acess\u00edveis e seguros no dia a dia.<\/p>\n","protected":false},"excerpt":{"rendered":"<p>A&nbsp;azia&nbsp;e a m\u00e1 digest\u00e3o s\u00e3o problemas frequentes para muitas pessoas, prejudicando o bem-estar di\u00e1rio. Os&nbsp;ch\u00e1s digestivos, com diferentes ervas e propriedades medicinais, t\u00eam ganhado destaque como alternativas naturais eficazes para aliviar esses sintomas, oferecendo suporte suave ao&nbsp;sistema digestivo&nbsp;sem os efeitos adversos comuns de medicamentos convencionais. Quais s\u00e3o os principais tipos de ch\u00e1s digestivos dispon\u00edveis Entre [&hellip;]<\/p>\n","protected":false},"author":9,"featured_media":127671,"comment_status":"open","ping_status":"open","sticky":false,"template":"","format":"standard","meta":{"jnews-multi-image_gallery":[],"jnews_single_post":{"format":"standard"},"jnews_primary_category":[],"jnews_social_meta":[],"jnews_override_counter":[],"footnotes":""},"categories":[8691,8819,1],"tags":[13487,1924,4205],"class_list":["post-127517","post","type-post","status-publish","format-standard","has-post-thumbnail","hentry","category-bem-estar","category-curiosidades","category-noticias","tag-azia","tag-cha","tag-digestao"],"yoast_head":"<!-- This site is optimized with the Yoast SEO plugin v23.8 - https:\/\/yoast.com\/wordpress\/plugins\/seo\/ -->\n<title>As ervas mais usadas para acalmar o est\u00f4mago e reduzir a azia<\/title>\n<meta name=\"description\" content=\"Os principais ch\u00e1s digestivos para aliviar azia e m\u00e1 digest\u00e3o, entender seus benef\u00edcios e aprender a preparar cada um corretamente.\" \/>\n<meta name=\"robots\" content=\"index, follow, max-snippet:-1, max-image-preview:large, max-video-preview:-1\" \/>\n<link rel=\"canonical\" href=\"https:\/\/www.em.com.br\/emfoco\/2025\/11\/15\/as-ervas-mais-usadas-para-acalmar-o-estomago-e-reduzir-a-azia\/\" \/>\n<meta property=\"og:locale\" content=\"pt_BR\" \/>\n<meta property=\"og:type\" content=\"article\" \/>\n<meta property=\"og:title\" content=\"As ervas mais usadas para acalmar o est\u00f4mago e reduzir a azia\" \/>\n<meta property=\"og:description\" content=\"Os principais ch\u00e1s digestivos para aliviar azia e m\u00e1 digest\u00e3o, entender seus benef\u00edcios e aprender a preparar cada um corretamente.\" \/>\n<meta property=\"og:url\" content=\"https:\/\/www.em.com.br\/emfoco\/2025\/11\/15\/as-ervas-mais-usadas-para-acalmar-o-estomago-e-reduzir-a-azia\/\" \/>\n<meta property=\"og:site_name\" content=\"Estado de Minas - Em foco\" \/>\n<meta property=\"article:published_time\" content=\"2025-11-15T09:25:54+00:00\" \/>\n<meta property=\"article:modified_time\" content=\"2025-11-14T17:16:48+00:00\" \/>\n<meta property=\"og:image\" content=\"https:\/\/www.em.com.br\/emfoco\/wp-content\/uploads\/2025\/11\/cha_1763140423483.jpg\" \/>\n\t<meta property=\"og:image:width\" content=\"1280\" \/>\n\t<meta property=\"og:image:height\" content=\"720\" \/>\n\t<meta property=\"og:image:type\" content=\"image\/jpeg\" \/>\n<meta name=\"author\" content=\"Daniely Cardoso\" \/>\n<meta name=\"twitter:card\" content=\"summary_large_image\" \/>\n<meta name=\"twitter:label1\" content=\"Escrito por\" \/>\n\t<meta name=\"twitter:data1\" content=\"Daniely Cardoso\" \/>\n\t<meta name=\"twitter:label2\" content=\"Est. tempo de leitura\" \/>\n\t<meta name=\"twitter:data2\" content=\"4 minutos\" \/>\n<!-- \/ Yoast SEO plugin. -->","yoast_head_json":{"title":"As ervas mais usadas para acalmar o est\u00f4mago e reduzir a azia","description":"Os principais ch\u00e1s digestivos para aliviar azia e m\u00e1 digest\u00e3o, entender seus benef\u00edcios e aprender a preparar cada um corretamente.","robots":{"index":"index","follow":"follow","max-snippet":"max-snippet:-1","max-image-preview":"max-image-preview:large","max-video-preview":"max-video-preview:-1"},"canonical":"https:\/\/www.em.com.br\/emfoco\/2025\/11\/15\/as-ervas-mais-usadas-para-acalmar-o-estomago-e-reduzir-a-azia\/","og_locale":"pt_BR","og_type":"article","og_title":"As ervas mais usadas para acalmar o est\u00f4mago e reduzir a azia","og_description":"Os principais ch\u00e1s digestivos para aliviar azia e m\u00e1 digest\u00e3o, entender seus benef\u00edcios e aprender a preparar cada um corretamente.","og_url":"https:\/\/www.em.com.br\/emfoco\/2025\/11\/15\/as-ervas-mais-usadas-para-acalmar-o-estomago-e-reduzir-a-azia\/","og_site_name":"Estado de Minas - Em foco","article_published_time":"2025-11-15T09:25:54+00:00","article_modified_time":"2025-11-14T17:16:48+00:00","og_image":[{"width":1280,"height":720,"url":"https:\/\/www.em.com.br\/emfoco\/wp-content\/uploads\/2025\/11\/cha_1763140423483.jpg","type":"image\/jpeg"}],"author":"Daniely Cardoso","twitter_card":"summary_large_image","twitter_misc":{"Escrito por":"Daniely Cardoso","Est. tempo de leitura":"4 minutos"},"schema":{"@context":"https:\/\/schema.org","@graph":[{"@type":"WebPage","@id":"https:\/\/www.em.com.br\/emfoco\/2025\/11\/15\/as-ervas-mais-usadas-para-acalmar-o-estomago-e-reduzir-a-azia\/","url":"https:\/\/www.em.com.br\/emfoco\/2025\/11\/15\/as-ervas-mais-usadas-para-acalmar-o-estomago-e-reduzir-a-azia\/","name":"As ervas mais usadas para acalmar o est\u00f4mago e reduzir a azia","isPartOf":{"@id":"https:\/\/www.em.com.br\/emfoco\/#website"},"primaryImageOfPage":{"@id":"https:\/\/www.em.com.br\/emfoco\/2025\/11\/15\/as-ervas-mais-usadas-para-acalmar-o-estomago-e-reduzir-a-azia\/#primaryimage"},"image":{"@id":"https:\/\/www.em.com.br\/emfoco\/2025\/11\/15\/as-ervas-mais-usadas-para-acalmar-o-estomago-e-reduzir-a-azia\/#primaryimage"},"thumbnailUrl":"https:\/\/www.em.com.br\/emfoco\/wp-content\/uploads\/2025\/11\/cha_1763140423483.jpg","datePublished":"2025-11-15T09:25:54+00:00","dateModified":"2025-11-14T17:16:48+00:00","author":{"@id":"https:\/\/www.em.com.br\/emfoco\/#\/schema\/person\/0a8186d72f2c3a5c6276d90b41f271a0"},"description":"Os principais ch\u00e1s digestivos para aliviar azia e m\u00e1 digest\u00e3o, entender seus benef\u00edcios e aprender a preparar cada um corretamente.","breadcrumb":{"@id":"https:\/\/www.em.com.br\/emfoco\/2025\/11\/15\/as-ervas-mais-usadas-para-acalmar-o-estomago-e-reduzir-a-azia\/#breadcrumb"},"inLanguage":"pt-BR","potentialAction":[{"@type":"ReadAction","target":["https:\/\/www.em.com.br\/emfoco\/2025\/11\/15\/as-ervas-mais-usadas-para-acalmar-o-estomago-e-reduzir-a-azia\/"]}]},{"@type":"ImageObject","inLanguage":"pt-BR","@id":"https:\/\/www.em.com.br\/emfoco\/2025\/11\/15\/as-ervas-mais-usadas-para-acalmar-o-estomago-e-reduzir-a-azia\/#primaryimage","url":"https:\/\/www.em.com.br\/emfoco\/wp-content\/uploads\/2025\/11\/cha_1763140423483.jpg","contentUrl":"https:\/\/www.em.com.br\/emfoco\/wp-content\/uploads\/2025\/11\/cha_1763140423483.jpg","width":1280,"height":720,"caption":"Os\u00a0ch\u00e1s digestivos, com diferentes ervas e propriedades medicinais - Cr\u00e9ditos: depositphotos.com \/ HayDmitriy"},{"@type":"BreadcrumbList","@id":"https:\/\/www.em.com.br\/emfoco\/2025\/11\/15\/as-ervas-mais-usadas-para-acalmar-o-estomago-e-reduzir-a-azia\/#breadcrumb","itemListElement":[{"@type":"ListItem","position":1,"name":"In\u00edcio","item":"https:\/\/www.em.com.br\/emfoco\/"},{"@type":"ListItem","position":2,"name":"As ervas mais usadas para acalmar o est\u00f4mago e reduzir a azia"}]},{"@type":"WebSite","@id":"https:\/\/www.em.com.br\/emfoco\/#website","url":"https:\/\/www.em.com.br\/emfoco\/","name":"Estado de Minas - Em foco","description":"Acompanhe as \u00faltimas not\u00edcias e fique bem informado sobre tudo o que acontece em Minas Gerais, Brasil e no mundo.","potentialAction":[{"@type":"SearchAction","target":{"@type":"EntryPoint","urlTemplate":"https:\/\/www.em.com.br\/emfoco\/?s={search_term_string}"},"query-input":{"@type":"PropertyValueSpecification","valueRequired":true,"valueName":"search_term_string"}}],"inLanguage":"pt-BR"},{"@type":"Person","@id":"https:\/\/www.em.com.br\/emfoco\/#\/schema\/person\/0a8186d72f2c3a5c6276d90b41f271a0","name":"Daniely Cardoso","image":{"@type":"ImageObject","inLanguage":"pt-BR","@id":"https:\/\/www.em.com.br\/emfoco\/#\/schema\/person\/image\/","url":"https:\/\/secure.gravatar.com\/avatar\/4b80ddbd124d1f071b626d52d62e5dff?s=96&d=mm&r=g","contentUrl":"https:\/\/secure.gravatar.com\/avatar\/4b80ddbd124d1f071b626d52d62e5dff?s=96&d=mm&r=g","caption":"Daniely Cardoso"},"url":"https:\/\/www.em.com.br\/emfoco\/author\/danielymyth\/"}]}},"_links":{"self":[{"href":"https:\/\/www.em.com.br\/emfoco\/wp-json\/wp\/v2\/posts\/127517","targetHints":{"allow":["GET"]}}],"collection":[{"href":"https:\/\/www.em.com.br\/emfoco\/wp-json\/wp\/v2\/posts"}],"about":[{"href":"https:\/\/www.em.com.br\/emfoco\/wp-json\/wp\/v2\/types\/post"}],"author":[{"embeddable":true,"href":"https:\/\/www.em.com.br\/emfoco\/wp-json\/wp\/v2\/users\/9"}],"replies":[{"embeddable":true,"href":"https:\/\/www.em.com.br\/emfoco\/wp-json\/wp\/v2\/comments?post=127517"}],"version-history":[{"count":2,"href":"https:\/\/www.em.com.br\/emfoco\/wp-json\/wp\/v2\/posts\/127517\/revisions"}],"predecessor-version":[{"id":127672,"href":"https:\/\/www.em.com.br\/emfoco\/wp-json\/wp\/v2\/posts\/127517\/revisions\/127672"}],"wp:featuredmedia":[{"embeddable":true,"href":"https:\/\/www.em.com.br\/emfoco\/wp-json\/wp\/v2\/media\/127671"}],"wp:attachment":[{"href":"https:\/\/www.em.com.br\/emfoco\/wp-json\/wp\/v2\/media?parent=127517"}],"wp:term":[{"taxonomy":"category","embeddable":true,"href":"https:\/\/www.em.com.br\/emfoco\/wp-json\/wp\/v2\/categories?post=127517"},{"taxonomy":"post_tag","embeddable":true,"href":"https:\/\/www.em.com.br\/emfoco\/wp-json\/wp\/v2\/tags?post=127517"}],"curies":[{"name":"wp","href":"https:\/\/api.w.org\/{rel}","templated":true}]}}