{"id":127500,"date":"2025-11-17T19:55:00","date_gmt":"2025-11-17T22:55:00","guid":{"rendered":"https:\/\/www.em.com.br\/emfoco\/?p=127500"},"modified":"2025-11-14T01:44:45","modified_gmt":"2025-11-14T04:44:45","slug":"a-cidade-do-norte-que-virou-a-queridinha-dos-amantes-de-cultura-e-festivais","status":"publish","type":"post","link":"https:\/\/www.em.com.br\/emfoco\/2025\/11\/17\/a-cidade-do-norte-que-virou-a-queridinha-dos-amantes-de-cultura-e-festivais\/","title":{"rendered":"A cidade do Norte que virou a queridinha dos amantes de cultura e festivais"},"content":{"rendered":"\n<p>As cidades do Norte t\u00eam ganhado destaque em 2025 por sua <strong>for\u00e7a cultural<\/strong>, tradi\u00e7\u00f5es vibrantes e eventos que atraem visitantes do pa\u00eds inteiro. A regi\u00e3o desperta curiosidade por reunir identidade, natureza e celebra\u00e7\u00e3o em um s\u00f3 lugar, criando expectativa sobre qual destino encantou os amantes de festivais.<\/p>\n\n\n\n<h2 class=\"wp-block-heading\">Por que Parintins est\u00e1 no centro das aten\u00e7\u00f5es neste ano?<\/h2>\n\n\n\n<p>A cidade de <strong>Parintins<\/strong>, no Amazonas, tomou a lideran\u00e7a entre os destinos culturais por oferecer uma atmosfera carregada de hist\u00f3ria e emo\u00e7\u00e3o. Suas tradi\u00e7\u00f5es s\u00e3o vividas intensamente pelos moradores, criando uma experi\u00eancia aut\u00eantica para quem visita a ilha Tupinambarana.<\/p>\n\n\n\n<p>O grande destaque \u00e9 o <strong><a href=\"https:\/\/parintins2025.am.gov.br\/pt\/sobre-o-festival\/\" target=\"_blank\" rel=\"noreferrer noopener\">Festival Folcl\u00f3rico de Parintins<\/a><\/strong>, considerado um dos maiores espet\u00e1culos do Brasil. A disputa entre o Boi Garantido e o Boi Caprichoso envolve alegorias gigantes, coreografias marcantes e uma energia contagiante que transforma a cidade a cada apresenta\u00e7\u00e3o.<\/p>\n\n\n\n<p>Confira mais informa\u00e7\u00f5es sobre o Festival Folcl\u00f3rico de Parintins compartilhada pelo canal do TikTok <strong>@prefiroviajar:<\/strong><\/p>\n\n\n\n<blockquote class=\"tiktok-embed\" cite=\"https:\/\/www.tiktok.com\/@prefiroviajar\/video\/7255416511228120325\" data-video-id=\"7255416511228120325\" style=\"max-width: 605px;min-width: 325px;\" > <section> <a target=\"_blank\" title=\"@prefiroviajar\" href=\"https:\/\/www.tiktok.com\/@prefiroviajar?refer=embed\">@prefiroviajar<\/a> Voc\u00ea j\u00e1 ouviu falar do Festival de Parintins? Vem que eu te conto \ud83d\udc47 1. SOBRE O FESTIVAL O Festival acontece desde 1965 na \u00faltima semana de junho em Parintins, no interior do Amazonas. Ele \u00e9 considerado a maior manifesta\u00e7\u00e3o folcl\u00f3rica a c\u00e9u aberto do mundo, al\u00e9m de ser Patrim\u00f4nio Cultural do Brasil. 2. GARANTIDO e CAPRICHOSO A festa dura 3 dias e os torcedores acompanham a disputa entre 2 boi-bumb\u00e1: o Garantido, representado por um boi branco com o cora\u00e7\u00e3o vermelho e o Caprichoso, um boi preto com a estrela azul. 3. BUMB\u00d3DROMO O bumb\u00f3dromo foi especialmente constru\u00eddo para o festival e tem o formato similar a uma cabe\u00e7a de um boi. Ela \u00e9 dividida ao meio entre as torcidas que s\u00e3o chamadas de \u201cgalera\u201d. 4. AS CORES E as cores s\u00e3o MUITO importantes! A galera do boi Garantido usa a cor vermelha, enquanto a galera do Caprichoso usa a cor azul. Eles levam isso MUITO a s\u00e9rio e serve para roupas, acess\u00f3rios, TUDO! O mais seguro sempre \u00e9 usar a cor branca! 5. A RIVALIDADE A rivalidade \u00e9 t\u00e3o intensa que os torcedores usam sempre o termo \u201ccontr\u00e1rio\u201d para se referir ao boi advers\u00e1rio e um lado do bumb\u00f3dromo fica em completo sil\u00eancio e no escuro no momento da apresenta\u00e7\u00e3o do boi oponente. 6. SOBRE A APRESENTA\u00c7\u00c3O Cada apresenta\u00e7\u00e3o tem que ter, no m\u00e1ximo, 2h30 e todos os dias as apresenta\u00e7\u00f5es s\u00e3o completamente diferentes. Nenhuma alegoria ou roupa \u00e9 igual! 7. AS TOADAS A m\u00fasica da festa, conhecida como toada, \u00e9 tocada por baterias compostas por cerca de 400 integrantes. A bateria do Garantido se chama Batucada e do Caprichoso Marujada de Guerra. 8. COMO O BOI VENCEDOR \u00c9 ELEITO E, os jurados v\u00eam de outros estados e os nomes ficam sob sigilo TOTAL at\u00e9 o dia da apresenta\u00e7\u00e3o. Eles julgam 21 itens entre eles alegorias, as toadas (que s\u00e3o as m\u00fasicas apresentadas), coreografia e at\u00e9 a participa\u00e7\u00e3o da galera! 9. COMO PARTICIPAR E, anota a AmanDICA: existem 2 tipos de arquibancadas &#8211; as especiais, vendidos em janeiro e as gratuitas, onde o acesso \u00e9 feito atrav\u00e9s de filas que podem chegar a mais de 24h de espera. 10. CAMAROTE Os camarotes all inclusive s\u00e3o mais caros, por\u00e9m, s\u00e3o \u00f3timos pra curtir o festival. Curtiu a AmanDICA? Ent\u00e3o, compartilhaaaa! <a title=\"parintins\" target=\"_blank\" href=\"https:\/\/www.tiktok.com\/tag\/parintins?refer=embed\">#parintins<\/a> <a title=\"amazonas\" target=\"_blank\" href=\"https:\/\/www.tiktok.com\/tag\/amazonas?refer=embed\">#amazonas<\/a> <a title=\"amazonastiktok\" target=\"_blank\" href=\"https:\/\/www.tiktok.com\/tag\/amazonastiktok?refer=embed\">#amazonastiktok<\/a> <a target=\"_blank\" title=\"\u266c som original - Amandinha  \u2022 Viagem\" href=\"https:\/\/www.tiktok.com\/music\/som-original-7255416547072625414?refer=embed\">\u266c som original &#8211; Amandinha  \u2022 Viagem<\/a> <\/section> <\/blockquote> <script async src=\"https:\/\/www.tiktok.com\/embed.js\"><\/script>\n\n\n\n<p><em>Leia mais: <strong><a href=\"https:\/\/www.em.com.br\/emfoco\/2025\/11\/03\/essas-cidades-escondidas-estao-virando-o-refugio-de-quem-cansou-da-correria\/\" target=\"_blank\" rel=\"noreferrer noopener\">Essas cidades escondidas est\u00e3o virando o ref\u00fagio de quem cansou da correria<\/a><\/strong><\/em><\/p>\n\n\n\n<h2 class=\"wp-block-heading\">O que torna o Festival Folcl\u00f3rico de Parintins t\u00e3o grandioso?<\/h2>\n\n\n\n<p>O festival oferece uma imers\u00e3o completa na <strong>cultura amaz\u00f4nica<\/strong>, reunindo m\u00fasica, dan\u00e7a e artes visuais em apresenta\u00e7\u00f5es monumentais. A magnitude das alegorias e o talento das equipes envolvidas criam um espet\u00e1culo \u00fanico que emociona moradores e visitantes, e abaixo est\u00e3o os tr\u00eas elementos que mais definem essa experi\u00eancia.<\/p>\n\n\n\n<ul class=\"wp-block-list\">\n<li><strong>Garantido<\/strong> representa a tradi\u00e7\u00e3o e a for\u00e7a popular do boi vermelho.<\/li>\n\n\n\n<li><strong>Caprichoso<\/strong> simboliza a inova\u00e7\u00e3o e o brilho do boi azul.<\/li>\n\n\n\n<li><strong>Arena<\/strong> lotada vibra com a torcida apaixonada dos dois lados.<\/li>\n<\/ul>\n\n\n\n<h2 class=\"wp-block-heading\">O que Parintins oferece al\u00e9m do famoso festival?<\/h2>\n\n\n\n<p>Fora da temporada das apresenta\u00e7\u00f5es, Parintins continua sendo um destino cultural riqu\u00edssimo, com artesanato regional, culin\u00e1ria baseada em peixes t\u00edpicos e manifesta\u00e7\u00f5es folcl\u00f3ricas espalhadas pela cidade. Essa viv\u00eancia refor\u00e7a o <strong>valor cultural<\/strong> do munic\u00edpio durante todo o ano.<\/p>\n\n\n\n<p>Passeios de barco permitem conhecer rios da regi\u00e3o e comunidades ribeirinhas, enquanto pontos hist\u00f3ricos como a <strong>Catedral de Nossa Senhora do Carmo<\/strong> e o Mercado Municipal revelam parte da identidade local. A cidade preserva tradi\u00e7\u00f5es e mant\u00e9m um clima acolhedor para quem busca autenticidade.<\/p>\n\n\n\n<p>Confira mais informa\u00e7\u00f5es sobre a cidade de Parintins compartilhada pelo canal do TikTok <strong>@brexplora:<\/strong><\/p>\n\n\n\n<blockquote class=\"tiktok-embed\" cite=\"https:\/\/www.tiktok.com\/@brexplora\/video\/7262693422920731910\" data-video-id=\"7262693422920731910\" style=\"max-width: 605px;min-width: 325px;\" > <section> <a target=\"_blank\" title=\"@brexplora\" href=\"https:\/\/www.tiktok.com\/@brexplora?refer=embed\">@brexplora<\/a> Parintins me fez ter vontade de conhecer a Amaz\u00f4nia e o norte ainda mais! Imagens: @Lucas Paulino  <a title=\"brasil\" target=\"_blank\" href=\"https:\/\/www.tiktok.com\/tag\/brasil?refer=embed\">#brasil<\/a> <a title=\"amazonas\" target=\"_blank\" href=\"https:\/\/www.tiktok.com\/tag\/amazonas?refer=embed\">#amazonas<\/a> <a title=\"parintins\" target=\"_blank\" href=\"https:\/\/www.tiktok.com\/tag\/parintins?refer=embed\">#parintins<\/a> <a title=\"rioamazonas\" target=\"_blank\" href=\"https:\/\/www.tiktok.com\/tag\/rioamazonas?refer=embed\">#rioamazonas<\/a> <a title=\"amazonia\" target=\"_blank\" href=\"https:\/\/www.tiktok.com\/tag\/amazonia?refer=embed\">#amazonia<\/a> <a title=\"florestaamazonica\" target=\"_blank\" href=\"https:\/\/www.tiktok.com\/tag\/florestaamazonica?refer=embed\">#florestaamazonica<\/a> <a title=\"rioamazonas\" target=\"_blank\" href=\"https:\/\/www.tiktok.com\/tag\/rioamazonas?refer=embed\">#rioamazonas<\/a> <a title=\"geografia\" target=\"_blank\" href=\"https:\/\/www.tiktok.com\/tag\/geografia?refer=embed\">#geografia<\/a> <a title=\"historia\" target=\"_blank\" href=\"https:\/\/www.tiktok.com\/tag\/historia?refer=embed\">#historia<\/a> <a title=\"mapas\" target=\"_blank\" href=\"https:\/\/www.tiktok.com\/tag\/mapas?refer=embed\">#mapas<\/a> <a title=\"googleearth\" target=\"_blank\" href=\"https:\/\/www.tiktok.com\/tag\/googleearth?refer=embed\">#googleearth<\/a> <a target=\"_blank\" title=\"\u266c Shelby - sergionabeat\" href=\"https:\/\/www.tiktok.com\/music\/Shelby-7162231194791184386?refer=embed\">\u266c Shelby &#8211; sergionabeat<\/a> <\/section> <\/blockquote> <script async src=\"https:\/\/www.tiktok.com\/embed.js\"><\/script>\n\n\n\n<h2 class=\"wp-block-heading\">Por que Parintins virou a queridinha dos amantes de cultura em 2025?<\/h2>\n\n\n\n<p>Parintins re\u00fane acolhimento, identidade forte e <strong>natureza exuberante<\/strong>, criando a combina\u00e7\u00e3o perfeita para quem busca uma experi\u00eancia cultural profunda. Esses fatores se complementam e ajudam a explicar por que a cidade conquistou tantos viajantes, como mostram os destaques abaixo.<\/p>\n\n\n\n<ul class=\"wp-block-list\">\n<li><strong>Autenticidade<\/strong> que valoriza tradi\u00e7\u00f5es amaz\u00f4nicas.<\/li>\n\n\n\n<li><strong>Hospitalidade<\/strong> marcante dos moradores da ilha.<\/li>\n\n\n\n<li><strong>Paisagens naturais<\/strong> que completam a experi\u00eancia da viagem.<\/li>\n<\/ul>\n\n\n\n<p><strong>Parintins<\/strong> se tornou a queridinha de 2025 por unir tradi\u00e7\u00e3o, arte e celebra\u00e7\u00e3o em um cen\u00e1rio \u00fanico. A cidade transforma cada visita em mem\u00f3ria inesquec\u00edvel, reafirmando sua for\u00e7a como destino cultural imperd\u00edvel no Norte do Brasil.<\/p>\n\n\n\n<p><\/p>\n","protected":false},"excerpt":{"rendered":"<p>As cidades do Norte t\u00eam ganhado destaque em 2025 por sua for\u00e7a cultural, tradi\u00e7\u00f5es vibrantes e eventos que atraem visitantes do pa\u00eds inteiro. A regi\u00e3o desperta curiosidade por reunir identidade, natureza e celebra\u00e7\u00e3o em um s\u00f3 lugar, criando expectativa sobre qual destino encantou os amantes de festivais. Por que Parintins est\u00e1 no centro das aten\u00e7\u00f5es [&hellip;]<\/p>\n","protected":false},"author":13,"featured_media":127507,"comment_status":"open","ping_status":"open","sticky":false,"template":"","format":"standard","meta":{"jnews-multi-image_gallery":[],"jnews_single_post":{"format":"standard"},"jnews_primary_category":[],"jnews_social_meta":[],"jnews_override_counter":[],"footnotes":""},"categories":[26],"tags":[3937,397,18845],"class_list":["post-127500","post","type-post","status-publish","format-standard","has-post-thumbnail","hentry","category-cidades","tag-amazonas","tag-norte","tag-parintins"],"yoast_head":"<!-- This site is optimized with the Yoast SEO plugin v23.8 - https:\/\/yoast.com\/wordpress\/plugins\/seo\/ -->\n<title>A cidade do Norte que virou a queridinha dos amantes de cultura e festivais - Estado de Minas - Em foco<\/title>\n<meta name=\"description\" content=\"Uma cidade do Norte virou palco da festa mais emocionante do Brasil. Tradi\u00e7\u00e3o, disputa e arte transformam tudo em um espet\u00e1culo inesquec\u00edvel.\" \/>\n<meta name=\"robots\" content=\"index, follow, max-snippet:-1, max-image-preview:large, max-video-preview:-1\" \/>\n<link rel=\"canonical\" href=\"https:\/\/www.em.com.br\/emfoco\/2025\/11\/17\/a-cidade-do-norte-que-virou-a-queridinha-dos-amantes-de-cultura-e-festivais\/\" \/>\n<meta property=\"og:locale\" content=\"pt_BR\" \/>\n<meta property=\"og:type\" content=\"article\" \/>\n<meta property=\"og:title\" content=\"A cidade do Norte que virou a queridinha dos amantes de cultura e festivais - Estado de Minas - Em foco\" \/>\n<meta property=\"og:description\" content=\"Uma cidade do Norte virou palco da festa mais emocionante do Brasil. Tradi\u00e7\u00e3o, disputa e arte transformam tudo em um espet\u00e1culo inesquec\u00edvel.\" \/>\n<meta property=\"og:url\" content=\"https:\/\/www.em.com.br\/emfoco\/2025\/11\/17\/a-cidade-do-norte-que-virou-a-queridinha-dos-amantes-de-cultura-e-festivais\/\" \/>\n<meta property=\"og:site_name\" content=\"Estado de Minas - Em foco\" \/>\n<meta property=\"article:published_time\" content=\"2025-11-17T22:55:00+00:00\" \/>\n<meta property=\"article:modified_time\" content=\"2025-11-14T04:44:45+00:00\" \/>\n<meta property=\"og:image\" content=\"https:\/\/www.em.com.br\/emfoco\/wp-content\/uploads\/2025\/11\/IA-IMG-1-4.jpg\" \/>\n\t<meta property=\"og:image:width\" content=\"1280\" \/>\n\t<meta property=\"og:image:height\" content=\"720\" \/>\n\t<meta property=\"og:image:type\" content=\"image\/jpeg\" \/>\n<meta name=\"author\" content=\"Gabriel Martins\" \/>\n<meta name=\"twitter:card\" content=\"summary_large_image\" \/>\n<meta name=\"twitter:label1\" content=\"Escrito por\" \/>\n\t<meta name=\"twitter:data1\" content=\"Gabriel Martins\" \/>\n\t<meta name=\"twitter:label2\" content=\"Est. tempo de leitura\" \/>\n\t<meta name=\"twitter:data2\" content=\"3 minutos\" \/>\n<!-- \/ Yoast SEO plugin. -->","yoast_head_json":{"title":"A cidade do Norte que virou a queridinha dos amantes de cultura e festivais - Estado de Minas - Em foco","description":"Uma cidade do Norte virou palco da festa mais emocionante do Brasil. Tradi\u00e7\u00e3o, disputa e arte transformam tudo em um espet\u00e1culo inesquec\u00edvel.","robots":{"index":"index","follow":"follow","max-snippet":"max-snippet:-1","max-image-preview":"max-image-preview:large","max-video-preview":"max-video-preview:-1"},"canonical":"https:\/\/www.em.com.br\/emfoco\/2025\/11\/17\/a-cidade-do-norte-que-virou-a-queridinha-dos-amantes-de-cultura-e-festivais\/","og_locale":"pt_BR","og_type":"article","og_title":"A cidade do Norte que virou a queridinha dos amantes de cultura e festivais - Estado de Minas - Em foco","og_description":"Uma cidade do Norte virou palco da festa mais emocionante do Brasil. Tradi\u00e7\u00e3o, disputa e arte transformam tudo em um espet\u00e1culo inesquec\u00edvel.","og_url":"https:\/\/www.em.com.br\/emfoco\/2025\/11\/17\/a-cidade-do-norte-que-virou-a-queridinha-dos-amantes-de-cultura-e-festivais\/","og_site_name":"Estado de Minas - Em foco","article_published_time":"2025-11-17T22:55:00+00:00","article_modified_time":"2025-11-14T04:44:45+00:00","og_image":[{"width":1280,"height":720,"url":"https:\/\/www.em.com.br\/emfoco\/wp-content\/uploads\/2025\/11\/IA-IMG-1-4.jpg","type":"image\/jpeg"}],"author":"Gabriel Martins","twitter_card":"summary_large_image","twitter_misc":{"Escrito por":"Gabriel Martins","Est. tempo de leitura":"3 minutos"},"schema":{"@context":"https:\/\/schema.org","@graph":[{"@type":"WebPage","@id":"https:\/\/www.em.com.br\/emfoco\/2025\/11\/17\/a-cidade-do-norte-que-virou-a-queridinha-dos-amantes-de-cultura-e-festivais\/","url":"https:\/\/www.em.com.br\/emfoco\/2025\/11\/17\/a-cidade-do-norte-que-virou-a-queridinha-dos-amantes-de-cultura-e-festivais\/","name":"A cidade do Norte que virou a queridinha dos amantes de cultura e festivais - Estado de Minas - Em foco","isPartOf":{"@id":"https:\/\/www.em.com.br\/emfoco\/#website"},"primaryImageOfPage":{"@id":"https:\/\/www.em.com.br\/emfoco\/2025\/11\/17\/a-cidade-do-norte-que-virou-a-queridinha-dos-amantes-de-cultura-e-festivais\/#primaryimage"},"image":{"@id":"https:\/\/www.em.com.br\/emfoco\/2025\/11\/17\/a-cidade-do-norte-que-virou-a-queridinha-dos-amantes-de-cultura-e-festivais\/#primaryimage"},"thumbnailUrl":"https:\/\/www.em.com.br\/emfoco\/wp-content\/uploads\/2025\/11\/IA-IMG-1-4.jpg","datePublished":"2025-11-17T22:55:00+00:00","dateModified":"2025-11-14T04:44:45+00:00","author":{"@id":"https:\/\/www.em.com.br\/emfoco\/#\/schema\/person\/1c9ddeab18b98abeffef834667bcf08a"},"description":"Uma cidade do Norte virou palco da festa mais emocionante do Brasil. Tradi\u00e7\u00e3o, disputa e arte transformam tudo em um espet\u00e1culo inesquec\u00edvel.","breadcrumb":{"@id":"https:\/\/www.em.com.br\/emfoco\/2025\/11\/17\/a-cidade-do-norte-que-virou-a-queridinha-dos-amantes-de-cultura-e-festivais\/#breadcrumb"},"inLanguage":"pt-BR","potentialAction":[{"@type":"ReadAction","target":["https:\/\/www.em.com.br\/emfoco\/2025\/11\/17\/a-cidade-do-norte-que-virou-a-queridinha-dos-amantes-de-cultura-e-festivais\/"]}]},{"@type":"ImageObject","inLanguage":"pt-BR","@id":"https:\/\/www.em.com.br\/emfoco\/2025\/11\/17\/a-cidade-do-norte-que-virou-a-queridinha-dos-amantes-de-cultura-e-festivais\/#primaryimage","url":"https:\/\/www.em.com.br\/emfoco\/wp-content\/uploads\/2025\/11\/IA-IMG-1-4.jpg","contentUrl":"https:\/\/www.em.com.br\/emfoco\/wp-content\/uploads\/2025\/11\/IA-IMG-1-4.jpg","width":1280,"height":720,"caption":"Parintins domina 2025 como o destino cultural mais marcante do Norte - Cr\u00e9ditos: Wikimedia Commons"},{"@type":"BreadcrumbList","@id":"https:\/\/www.em.com.br\/emfoco\/2025\/11\/17\/a-cidade-do-norte-que-virou-a-queridinha-dos-amantes-de-cultura-e-festivais\/#breadcrumb","itemListElement":[{"@type":"ListItem","position":1,"name":"In\u00edcio","item":"https:\/\/www.em.com.br\/emfoco\/"},{"@type":"ListItem","position":2,"name":"A cidade do Norte que virou a queridinha dos amantes de cultura e festivais"}]},{"@type":"WebSite","@id":"https:\/\/www.em.com.br\/emfoco\/#website","url":"https:\/\/www.em.com.br\/emfoco\/","name":"Estado de Minas - Em foco","description":"Acompanhe as \u00faltimas not\u00edcias e fique bem informado sobre tudo o que acontece em Minas Gerais, Brasil e no mundo.","potentialAction":[{"@type":"SearchAction","target":{"@type":"EntryPoint","urlTemplate":"https:\/\/www.em.com.br\/emfoco\/?s={search_term_string}"},"query-input":{"@type":"PropertyValueSpecification","valueRequired":true,"valueName":"search_term_string"}}],"inLanguage":"pt-BR"},{"@type":"Person","@id":"https:\/\/www.em.com.br\/emfoco\/#\/schema\/person\/1c9ddeab18b98abeffef834667bcf08a","name":"Gabriel Martins","image":{"@type":"ImageObject","inLanguage":"pt-BR","@id":"https:\/\/www.em.com.br\/emfoco\/#\/schema\/person\/image\/","url":"https:\/\/secure.gravatar.com\/avatar\/f0f1e2efdfd88f1ad2cb08c5c2731e50?s=96&d=mm&r=g","contentUrl":"https:\/\/secure.gravatar.com\/avatar\/f0f1e2efdfd88f1ad2cb08c5c2731e50?s=96&d=mm&r=g","caption":"Gabriel Martins"},"sameAs":["https:\/\/www.em.com.br\/emfoco\/"],"url":"https:\/\/www.em.com.br\/emfoco\/author\/gabrielmartinsmyth\/"}]}},"_links":{"self":[{"href":"https:\/\/www.em.com.br\/emfoco\/wp-json\/wp\/v2\/posts\/127500","targetHints":{"allow":["GET"]}}],"collection":[{"href":"https:\/\/www.em.com.br\/emfoco\/wp-json\/wp\/v2\/posts"}],"about":[{"href":"https:\/\/www.em.com.br\/emfoco\/wp-json\/wp\/v2\/types\/post"}],"author":[{"embeddable":true,"href":"https:\/\/www.em.com.br\/emfoco\/wp-json\/wp\/v2\/users\/13"}],"replies":[{"embeddable":true,"href":"https:\/\/www.em.com.br\/emfoco\/wp-json\/wp\/v2\/comments?post=127500"}],"version-history":[{"count":1,"href":"https:\/\/www.em.com.br\/emfoco\/wp-json\/wp\/v2\/posts\/127500\/revisions"}],"predecessor-version":[{"id":127508,"href":"https:\/\/www.em.com.br\/emfoco\/wp-json\/wp\/v2\/posts\/127500\/revisions\/127508"}],"wp:featuredmedia":[{"embeddable":true,"href":"https:\/\/www.em.com.br\/emfoco\/wp-json\/wp\/v2\/media\/127507"}],"wp:attachment":[{"href":"https:\/\/www.em.com.br\/emfoco\/wp-json\/wp\/v2\/media?parent=127500"}],"wp:term":[{"taxonomy":"category","embeddable":true,"href":"https:\/\/www.em.com.br\/emfoco\/wp-json\/wp\/v2\/categories?post=127500"},{"taxonomy":"post_tag","embeddable":true,"href":"https:\/\/www.em.com.br\/emfoco\/wp-json\/wp\/v2\/tags?post=127500"}],"curies":[{"name":"wp","href":"https:\/\/api.w.org\/{rel}","templated":true}]}}