{"id":127425,"date":"2025-11-17T21:25:00","date_gmt":"2025-11-18T00:25:00","guid":{"rendered":"https:\/\/www.em.com.br\/emfoco\/?p=127425"},"modified":"2025-11-13T21:03:14","modified_gmt":"2025-11-14T00:03:14","slug":"plantar-babosa-em-casa-e-pratico-e-garante-acesso-diario-a-um-gel-poderoso","status":"publish","type":"post","link":"https:\/\/www.em.com.br\/emfoco\/2025\/11\/17\/plantar-babosa-em-casa-e-pratico-e-garante-acesso-diario-a-um-gel-poderoso\/","title":{"rendered":"Plantar babosa em casa \u00e9 pr\u00e1tico e garante acesso di\u00e1rio a um gel poderoso"},"content":{"rendered":"\n<p>A <strong>babosa<\/strong> \u00e9 uma aliada vers\u00e1til que facilita o cuidado das plantas e da pele, oferecendo solu\u00e7\u00f5es naturais no dia a dia. Cultiv\u00e1-la em vasos garante acesso r\u00e1pido ao gel, ampliando a praticidade e despertando curiosidade sobre seus usos.<\/p>\n\n\n\n<h2 class=\"wp-block-heading\">Como come\u00e7ar o cultivo da babosa no vaso certo?<\/h2>\n\n\n\n<p>A planta prospera em solo <strong>arenoso<\/strong> e leve, o que evita o ac\u00famulo de \u00e1gua e protege as ra\u00edzes do apodrecimento. Vasos com furos largos garantem boa drenagem e mant\u00eam o crescimento saud\u00e1vel desde as primeiras semanas.<\/p>\n\n\n\n<p>Para desenvolver folhas fortes, a babosa precisa de <strong>sol direto<\/strong> por algumas horas ao dia. Essa exposi\u00e7\u00e3o estimula a produ\u00e7\u00e3o do gel interno e fortalece a estrutura da planta, deixando-a mais resistente ao longo do tempo.<\/p>\n\n\n\n<figure class=\"wp-block-image size-large\"><img loading=\"lazy\" decoding=\"async\" width=\"1024\" height=\"576\" src=\"https:\/\/www.em.com.br\/emfoco\/wp-content\/uploads\/2025\/11\/Aloe-vera_1763078481429-1024x576.jpg\" alt=\"Plantar babosa em casa \u00e9 pr\u00e1tico e garante acesso di\u00e1rio a um gel poderoso\" class=\"wp-image-127471\" srcset=\"https:\/\/www.em.com.br\/emfoco\/wp-content\/uploads\/2025\/11\/Aloe-vera_1763078481429-1024x576.jpg 1024w, https:\/\/www.em.com.br\/emfoco\/wp-content\/uploads\/2025\/11\/Aloe-vera_1763078481429-300x169.jpg 300w, https:\/\/www.em.com.br\/emfoco\/wp-content\/uploads\/2025\/11\/Aloe-vera_1763078481429-768x432.jpg 768w, https:\/\/www.em.com.br\/emfoco\/wp-content\/uploads\/2025\/11\/Aloe-vera_1763078481429-750x422.jpg 750w, https:\/\/www.em.com.br\/emfoco\/wp-content\/uploads\/2025\/11\/Aloe-vera_1763078481429-1140x641.jpg 1140w, https:\/\/www.em.com.br\/emfoco\/wp-content\/uploads\/2025\/11\/Aloe-vera_1763078481429.jpg 1280w\" sizes=\"auto, (max-width: 1024px) 100vw, 1024px\" \/><figcaption class=\"wp-element-caption\">Solo arenoso evita umidade excessiva e protege as ra\u00edzes &#8211; Cr\u00e9ditos: depositphotos.com \/ fotyma<\/figcaption><\/figure>\n\n\n\n<h2 class=\"wp-block-heading\">Quais cuidados garantem que a babosa cres\u00e7a saud\u00e1vel no vaso?<\/h2>\n\n\n\n<p>Al\u00e9m de luz e drenagem adequadas, alguns cuidados simples mant\u00eam a planta vigorosa e produtiva. Abaixo est\u00e3o pr\u00e1ticas essenciais que preservam a sa\u00fade da babosa e facilitam seu uso no dia a dia.<\/p>\n\n\n\n<ul class=\"wp-block-list\">\n<li><strong>Regas moderadas<\/strong> evitam excesso de umidade nas ra\u00edzes.<\/li>\n\n\n\n<li><strong>Solo seco<\/strong> antes da pr\u00f3xima rega mant\u00e9m o equil\u00edbrio ideal.<\/li>\n\n\n\n<li><strong>Ambiente ventilado<\/strong> reduz riscos de fungos e umidade excessiva.<\/li>\n<\/ul>\n\n\n\n<p><em>Leia mais: <strong><a href=\"https:\/\/www.em.com.br\/emfoco\/2025\/11\/13\/como-usar-algodao-para-salvar-a-vida-das-suas-plantas-ressecadas\/\" target=\"_blank\" rel=\"noreferrer noopener\">Como usar algod\u00e3o para salvar a vida das suas plantas ressecadas<\/a><\/strong><\/em><\/p>\n\n\n\n<h2 class=\"wp-block-heading\">Como colher as folhas sem prejudicar o desenvolvimento da planta?<\/h2>\n\n\n\n<p>A colheita deve ser <strong>sustent\u00e1vel<\/strong>, removendo apenas as folhas externas e mais maduras. Isso permite que os brotos internos continuem a crescer e mant\u00e9m o ciclo de renova\u00e7\u00e3o constante, sem comprometer a vitalidade da planta.<\/p>\n\n\n\n<p>Retirar a folha pr\u00f3xima \u00e0 base garante maior quantidade de <strong>gel natural<\/strong> e facilita o uso em<a href=\"https:\/\/www.tuasaude.com\/beneficios-do-aloe-vera\/\" target=\"_blank\" rel=\"noreferrer noopener\"> <strong>cuidados di\u00e1rios<\/strong><\/a>. A t\u00e9cnica ajuda a preservar a estrutura do vaso e prolonga a vida \u00fatil da babosa cultivada em casa.<\/p>\n\n\n\n<figure class=\"wp-block-image size-large\"><img loading=\"lazy\" decoding=\"async\" width=\"1024\" height=\"576\" src=\"https:\/\/www.em.com.br\/emfoco\/wp-content\/uploads\/2025\/11\/IA-IMG-1-3-1024x576.jpg\" alt=\"Plantar babosa em casa \u00e9 pr\u00e1tico e garante acesso di\u00e1rio a um gel poderoso\" class=\"wp-image-127472\" srcset=\"https:\/\/www.em.com.br\/emfoco\/wp-content\/uploads\/2025\/11\/IA-IMG-1-3-1024x576.jpg 1024w, https:\/\/www.em.com.br\/emfoco\/wp-content\/uploads\/2025\/11\/IA-IMG-1-3-300x169.jpg 300w, https:\/\/www.em.com.br\/emfoco\/wp-content\/uploads\/2025\/11\/IA-IMG-1-3-768x432.jpg 768w, https:\/\/www.em.com.br\/emfoco\/wp-content\/uploads\/2025\/11\/IA-IMG-1-3-750x422.jpg 750w, https:\/\/www.em.com.br\/emfoco\/wp-content\/uploads\/2025\/11\/IA-IMG-1-3-1140x641.jpg 1140w, https:\/\/www.em.com.br\/emfoco\/wp-content\/uploads\/2025\/11\/IA-IMG-1-3.jpg 1280w\" sizes=\"auto, (max-width: 1024px) 100vw, 1024px\" \/><figcaption class=\"wp-element-caption\">Colha folhas externas maduras para manter crescimento cont\u00ednuo &#8211; Cr\u00e9ditos: Reprodu\u00e7\u00e3o \/ Lovart<\/figcaption><\/figure>\n\n\n\n<h2 class=\"wp-block-heading\">Como usar o gel da babosa no cuidado das plantas e da pele?<\/h2>\n\n\n\n<p>O gel extra\u00eddo das folhas tem a\u00e7\u00e3o <strong>hidratante<\/strong> e fortalecedora, funcionando tanto como apoio para outras plantas quanto como tratamento para a pele. A seguir, veja formas pr\u00e1ticas de aproveitar essa versatilidade natural.<\/p>\n\n\n\n<ul class=\"wp-block-list\">\n<li><strong>Fortalecedor<\/strong> para plantas quando dilu\u00eddo em \u00e1gua.<\/li>\n\n\n\n<li><strong>Hidratante<\/strong> facial para aliviar ressecamentos leves.<\/li>\n\n\n\n<li><strong>Calmante<\/strong> p\u00f3s-sol em pequenas \u00e1reas da pele.<\/li>\n<\/ul>\n\n\n\n<p>Cultivar <strong>babosa<\/strong> em casa \u00e9 simples, econ\u00f4mico e oferece benef\u00edcios naturais sempre ao alcance, tornando a rotina mais pr\u00e1tica e saud\u00e1vel com um \u00fanico vaso.<\/p>\n","protected":false},"excerpt":{"rendered":"<p>A babosa \u00e9 uma aliada vers\u00e1til que facilita o cuidado das plantas e da pele, oferecendo solu\u00e7\u00f5es naturais no dia a dia. Cultiv\u00e1-la em vasos garante acesso r\u00e1pido ao gel, ampliando a praticidade e despertando curiosidade sobre seus usos. Como come\u00e7ar o cultivo da babosa no vaso certo? A planta prospera em solo arenoso e [&hellip;]<\/p>\n","protected":false},"author":13,"featured_media":127470,"comment_status":"open","ping_status":"open","sticky":false,"template":"","format":"standard","meta":{"jnews-multi-image_gallery":[],"jnews_single_post":{"format":"standard"},"jnews_primary_category":[],"jnews_social_meta":[],"jnews_override_counter":[],"footnotes":""},"categories":[8819],"tags":[712,3833,3358,12306],"class_list":["post-127425","post","type-post","status-publish","format-standard","has-post-thumbnail","hentry","category-curiosidades","tag-autocuidado","tag-babosa","tag-jardinagem","tag-pele-2"],"yoast_head":"<!-- This site is optimized with the Yoast SEO plugin v23.8 - https:\/\/yoast.com\/wordpress\/plugins\/seo\/ -->\n<title>Plantar babosa em casa \u00e9 pr\u00e1tico e garante acesso di\u00e1rio a um gel poderoso - Estado de Minas - Em foco<\/title>\n<meta name=\"description\" content=\"A babosa cresce bem em vasos com solo leve e sol direto e oferece um gel vers\u00e1til que hidrata a pele e fortalece suas plantas.\" \/>\n<meta name=\"robots\" content=\"index, follow, max-snippet:-1, max-image-preview:large, max-video-preview:-1\" \/>\n<link rel=\"canonical\" href=\"https:\/\/www.em.com.br\/emfoco\/2025\/11\/17\/plantar-babosa-em-casa-e-pratico-e-garante-acesso-diario-a-um-gel-poderoso\/\" \/>\n<meta property=\"og:locale\" content=\"pt_BR\" \/>\n<meta property=\"og:type\" content=\"article\" \/>\n<meta property=\"og:title\" content=\"Plantar babosa em casa \u00e9 pr\u00e1tico e garante acesso di\u00e1rio a um gel poderoso - Estado de Minas - Em foco\" \/>\n<meta property=\"og:description\" content=\"A babosa cresce bem em vasos com solo leve e sol direto e oferece um gel vers\u00e1til que hidrata a pele e fortalece suas plantas.\" \/>\n<meta property=\"og:url\" content=\"https:\/\/www.em.com.br\/emfoco\/2025\/11\/17\/plantar-babosa-em-casa-e-pratico-e-garante-acesso-diario-a-um-gel-poderoso\/\" \/>\n<meta property=\"og:site_name\" content=\"Estado de Minas - Em foco\" \/>\n<meta property=\"article:published_time\" content=\"2025-11-18T00:25:00+00:00\" \/>\n<meta property=\"article:modified_time\" content=\"2025-11-14T00:03:14+00:00\" \/>\n<meta property=\"og:image\" content=\"https:\/\/www.em.com.br\/emfoco\/wp-content\/uploads\/2025\/11\/IA-IMG-9.jpg\" \/>\n\t<meta property=\"og:image:width\" content=\"1280\" \/>\n\t<meta property=\"og:image:height\" content=\"720\" \/>\n\t<meta property=\"og:image:type\" content=\"image\/jpeg\" \/>\n<meta name=\"author\" content=\"Gabriel Martins\" \/>\n<meta name=\"twitter:card\" content=\"summary_large_image\" \/>\n<meta name=\"twitter:label1\" content=\"Escrito por\" \/>\n\t<meta name=\"twitter:data1\" content=\"Gabriel Martins\" \/>\n\t<meta name=\"twitter:label2\" content=\"Est. tempo de leitura\" \/>\n\t<meta name=\"twitter:data2\" content=\"3 minutos\" \/>\n<!-- \/ Yoast SEO plugin. -->","yoast_head_json":{"title":"Plantar babosa em casa \u00e9 pr\u00e1tico e garante acesso di\u00e1rio a um gel poderoso - Estado de Minas - Em foco","description":"A babosa cresce bem em vasos com solo leve e sol direto e oferece um gel vers\u00e1til que hidrata a pele e fortalece suas plantas.","robots":{"index":"index","follow":"follow","max-snippet":"max-snippet:-1","max-image-preview":"max-image-preview:large","max-video-preview":"max-video-preview:-1"},"canonical":"https:\/\/www.em.com.br\/emfoco\/2025\/11\/17\/plantar-babosa-em-casa-e-pratico-e-garante-acesso-diario-a-um-gel-poderoso\/","og_locale":"pt_BR","og_type":"article","og_title":"Plantar babosa em casa \u00e9 pr\u00e1tico e garante acesso di\u00e1rio a um gel poderoso - Estado de Minas - Em foco","og_description":"A babosa cresce bem em vasos com solo leve e sol direto e oferece um gel vers\u00e1til que hidrata a pele e fortalece suas plantas.","og_url":"https:\/\/www.em.com.br\/emfoco\/2025\/11\/17\/plantar-babosa-em-casa-e-pratico-e-garante-acesso-diario-a-um-gel-poderoso\/","og_site_name":"Estado de Minas - Em foco","article_published_time":"2025-11-18T00:25:00+00:00","article_modified_time":"2025-11-14T00:03:14+00:00","og_image":[{"width":1280,"height":720,"url":"https:\/\/www.em.com.br\/emfoco\/wp-content\/uploads\/2025\/11\/IA-IMG-9.jpg","type":"image\/jpeg"}],"author":"Gabriel Martins","twitter_card":"summary_large_image","twitter_misc":{"Escrito por":"Gabriel Martins","Est. tempo de leitura":"3 minutos"},"schema":{"@context":"https:\/\/schema.org","@graph":[{"@type":"WebPage","@id":"https:\/\/www.em.com.br\/emfoco\/2025\/11\/17\/plantar-babosa-em-casa-e-pratico-e-garante-acesso-diario-a-um-gel-poderoso\/","url":"https:\/\/www.em.com.br\/emfoco\/2025\/11\/17\/plantar-babosa-em-casa-e-pratico-e-garante-acesso-diario-a-um-gel-poderoso\/","name":"Plantar babosa em casa \u00e9 pr\u00e1tico e garante acesso di\u00e1rio a um gel poderoso - Estado de Minas - Em foco","isPartOf":{"@id":"https:\/\/www.em.com.br\/emfoco\/#website"},"primaryImageOfPage":{"@id":"https:\/\/www.em.com.br\/emfoco\/2025\/11\/17\/plantar-babosa-em-casa-e-pratico-e-garante-acesso-diario-a-um-gel-poderoso\/#primaryimage"},"image":{"@id":"https:\/\/www.em.com.br\/emfoco\/2025\/11\/17\/plantar-babosa-em-casa-e-pratico-e-garante-acesso-diario-a-um-gel-poderoso\/#primaryimage"},"thumbnailUrl":"https:\/\/www.em.com.br\/emfoco\/wp-content\/uploads\/2025\/11\/IA-IMG-9.jpg","datePublished":"2025-11-18T00:25:00+00:00","dateModified":"2025-11-14T00:03:14+00:00","author":{"@id":"https:\/\/www.em.com.br\/emfoco\/#\/schema\/person\/1c9ddeab18b98abeffef834667bcf08a"},"description":"A babosa cresce bem em vasos com solo leve e sol direto e oferece um gel vers\u00e1til que hidrata a pele e fortalece suas plantas.","breadcrumb":{"@id":"https:\/\/www.em.com.br\/emfoco\/2025\/11\/17\/plantar-babosa-em-casa-e-pratico-e-garante-acesso-diario-a-um-gel-poderoso\/#breadcrumb"},"inLanguage":"pt-BR","potentialAction":[{"@type":"ReadAction","target":["https:\/\/www.em.com.br\/emfoco\/2025\/11\/17\/plantar-babosa-em-casa-e-pratico-e-garante-acesso-diario-a-um-gel-poderoso\/"]}]},{"@type":"ImageObject","inLanguage":"pt-BR","@id":"https:\/\/www.em.com.br\/emfoco\/2025\/11\/17\/plantar-babosa-em-casa-e-pratico-e-garante-acesso-diario-a-um-gel-poderoso\/#primaryimage","url":"https:\/\/www.em.com.br\/emfoco\/wp-content\/uploads\/2025\/11\/IA-IMG-9.jpg","contentUrl":"https:\/\/www.em.com.br\/emfoco\/wp-content\/uploads\/2025\/11\/IA-IMG-9.jpg","width":1280,"height":720,"caption":"Babosa facilita cuidados naturais e cresce facilmente em vasos - Cr\u00e9ditos: Reprodu\u00e7\u00e3o \/ Lovart"},{"@type":"BreadcrumbList","@id":"https:\/\/www.em.com.br\/emfoco\/2025\/11\/17\/plantar-babosa-em-casa-e-pratico-e-garante-acesso-diario-a-um-gel-poderoso\/#breadcrumb","itemListElement":[{"@type":"ListItem","position":1,"name":"In\u00edcio","item":"https:\/\/www.em.com.br\/emfoco\/"},{"@type":"ListItem","position":2,"name":"Plantar babosa em casa \u00e9 pr\u00e1tico e garante acesso di\u00e1rio a um gel poderoso"}]},{"@type":"WebSite","@id":"https:\/\/www.em.com.br\/emfoco\/#website","url":"https:\/\/www.em.com.br\/emfoco\/","name":"Estado de Minas - Em foco","description":"Acompanhe as \u00faltimas not\u00edcias e fique bem informado sobre tudo o que acontece em Minas Gerais, Brasil e no mundo.","potentialAction":[{"@type":"SearchAction","target":{"@type":"EntryPoint","urlTemplate":"https:\/\/www.em.com.br\/emfoco\/?s={search_term_string}"},"query-input":{"@type":"PropertyValueSpecification","valueRequired":true,"valueName":"search_term_string"}}],"inLanguage":"pt-BR"},{"@type":"Person","@id":"https:\/\/www.em.com.br\/emfoco\/#\/schema\/person\/1c9ddeab18b98abeffef834667bcf08a","name":"Gabriel Martins","image":{"@type":"ImageObject","inLanguage":"pt-BR","@id":"https:\/\/www.em.com.br\/emfoco\/#\/schema\/person\/image\/","url":"https:\/\/secure.gravatar.com\/avatar\/f0f1e2efdfd88f1ad2cb08c5c2731e50?s=96&d=mm&r=g","contentUrl":"https:\/\/secure.gravatar.com\/avatar\/f0f1e2efdfd88f1ad2cb08c5c2731e50?s=96&d=mm&r=g","caption":"Gabriel Martins"},"sameAs":["https:\/\/www.em.com.br\/emfoco\/"],"url":"https:\/\/www.em.com.br\/emfoco\/author\/gabrielmartinsmyth\/"}]}},"_links":{"self":[{"href":"https:\/\/www.em.com.br\/emfoco\/wp-json\/wp\/v2\/posts\/127425","targetHints":{"allow":["GET"]}}],"collection":[{"href":"https:\/\/www.em.com.br\/emfoco\/wp-json\/wp\/v2\/posts"}],"about":[{"href":"https:\/\/www.em.com.br\/emfoco\/wp-json\/wp\/v2\/types\/post"}],"author":[{"embeddable":true,"href":"https:\/\/www.em.com.br\/emfoco\/wp-json\/wp\/v2\/users\/13"}],"replies":[{"embeddable":true,"href":"https:\/\/www.em.com.br\/emfoco\/wp-json\/wp\/v2\/comments?post=127425"}],"version-history":[{"count":1,"href":"https:\/\/www.em.com.br\/emfoco\/wp-json\/wp\/v2\/posts\/127425\/revisions"}],"predecessor-version":[{"id":127473,"href":"https:\/\/www.em.com.br\/emfoco\/wp-json\/wp\/v2\/posts\/127425\/revisions\/127473"}],"wp:featuredmedia":[{"embeddable":true,"href":"https:\/\/www.em.com.br\/emfoco\/wp-json\/wp\/v2\/media\/127470"}],"wp:attachment":[{"href":"https:\/\/www.em.com.br\/emfoco\/wp-json\/wp\/v2\/media?parent=127425"}],"wp:term":[{"taxonomy":"category","embeddable":true,"href":"https:\/\/www.em.com.br\/emfoco\/wp-json\/wp\/v2\/categories?post=127425"},{"taxonomy":"post_tag","embeddable":true,"href":"https:\/\/www.em.com.br\/emfoco\/wp-json\/wp\/v2\/tags?post=127425"}],"curies":[{"name":"wp","href":"https:\/\/api.w.org\/{rel}","templated":true}]}}