{"id":127405,"date":"2025-11-15T19:25:00","date_gmt":"2025-11-15T22:25:00","guid":{"rendered":"https:\/\/www.em.com.br\/emfoco\/?p=127405"},"modified":"2025-11-14T11:41:25","modified_gmt":"2025-11-14T14:41:25","slug":"carteiras-de-habilitacao-serao-suspensas-para-todos-os-motoristas-e-individuos-desta-lista","status":"publish","type":"post","link":"https:\/\/www.em.com.br\/emfoco\/2025\/11\/15\/carteiras-de-habilitacao-serao-suspensas-para-todos-os-motoristas-e-individuos-desta-lista\/","title":{"rendered":"Carteiras de habilita\u00e7\u00e3o ser\u00e3o suspensas para todos os motoristas e indiv\u00edduos desta lista"},"content":{"rendered":"\n<p>A&nbsp;<strong>Calif\u00f3rnia<\/strong>&nbsp;criou a carteira de motorista AB 60, permitindo que migrantes indocumentados obtenham legalmente permiss\u00e3o para dirigir, promovendo maior inclus\u00e3o e seguran\u00e7a vi\u00e1ria no estado.<\/p>\n\n\n\n<h2 class=\"wp-block-heading\">Quais s\u00e3o os requisitos e poss\u00edveis penalidades da carteira AB 60<\/h2>\n\n\n\n<p>A <a href=\"https:\/\/www.dmv.ca.gov\/portal\/driver-licenses-identification-cards\/assembly-bill-ab-60-driver-licenses\/#:~:text=AB%2060%20driver's%20licenses%20\" target=\"_blank\" rel=\"noreferrer noopener\">carteira AB 60 <\/a>segue as mesmas normas das demais permiss\u00f5es para dirigir. Se as leis de tr\u00e2nsito forem descumpridas, a penalidade pode ir da suspens\u00e3o at\u00e9 a revoga\u00e7\u00e3o da habilita\u00e7\u00e3o, aplicando igualdade de deveres independentemente da condi\u00e7\u00e3o migrat\u00f3ria.<\/p>\n\n\n\n<p>No\u00a0<strong>Brasil<\/strong>, as puni\u00e7\u00f5es para infra\u00e7\u00f5es de tr\u00e2nsito tamb\u00e9m s\u00e3o severas e baseadas no\u00a0<strong>C\u00f3digo de Tr\u00e2nsito Brasileiro<\/strong>. Por exemplo, ao atingir certos limites de pontos ou cometer infra\u00e7\u00f5es espec\u00edficas, o motorista pode ter a <a href=\"https:\/\/www.em.com.br\/emfoco\/2025\/09\/01\/sua-cnh-foi-suspensa-saiba-o-que-fazer-e-como-recorrer-no-prazo\/\" target=\"_blank\" rel=\"noreferrer noopener\">CNH suspensa<\/a> ou cassada.<\/p>\n\n\n\n<h2 class=\"wp-block-heading\">Como funciona o sistema de pontos no DMV da Calif\u00f3rnia<\/h2>\n\n\n\n<p>O sistema de pontos do&nbsp;<strong>Departamento de Ve\u00edculos Motorizados<\/strong>&nbsp;da Calif\u00f3rnia acompanha infra\u00e7\u00f5es de motoristas, visando aumentar a seguran\u00e7a vi\u00e1ria ao aplicar restri\u00e7\u00f5es e suspens\u00f5es em casos de ac\u00famulo de pontos.<\/p>\n\n\n\n<p>Confira quais limites de pontos podem causar a suspens\u00e3o da carteira, inclusive a AB 60:<\/p>\n\n\n\n<ul class=\"wp-block-list\">\n<li>4 pontos em um ano<\/li>\n\n\n\n<li>6 pontos em 24 meses<\/li>\n\n\n\n<li>8 pontos em 36 meses<\/li>\n<\/ul>\n\n\n\n<figure class=\"wp-block-image\"><img decoding=\"async\" src=\"https:\/\/www.em.com.br\/emfoco\/wp-content\/uploads\/2025\/05\/transito_1747264622043-1024x576.jpg\" alt=\"\"\/><figcaption class=\"wp-element-caption\">A suspens\u00e3o da AB60 pode ocorrer por ac\u00famulo de pontos ou erros simples do dia a dia &#8211; Cr\u00e9ditos: depositphotos.com \/ XXLPhoto<\/figcaption><\/figure>\n\n\n\n<h2 class=\"wp-block-heading\">Quais infra\u00e7\u00f5es s\u00e3o consideradas graves e levam \u00e0 perda da carteira<\/h2>\n\n\n\n<p>Algumas infra\u00e7\u00f5es s\u00e3o consideradas cr\u00edticas, pois colocam a vida de terceiros em risco e d\u00e3o origem a puni\u00e7\u00f5es autom\u00e1ticas severas, como multas e at\u00e9 processos judiciais.<\/p>\n\n\n\n<p>Essas infra\u00e7\u00f5es incluem principalmente:<\/p>\n\n\n\n<ul class=\"wp-block-list\">\n<li>Conduzir sob influ\u00eancia de \u00e1lcool ou drogas (DUI)<\/li>\n\n\n\n<li>Participar de rachas ou corridas ilegais<\/li>\n\n\n\n<li>Fugir do local de acidentes<\/li>\n\n\n\n<li>Resistir \u00e0 abordagem policial<\/li>\n<\/ul>\n\n\n\n<h2 class=\"wp-block-heading\">O que pode causar a suspens\u00e3o da carteira AB 60 al\u00e9m das infra\u00e7\u00f5es de tr\u00e2nsito<\/h2>\n\n\n\n<p>Al\u00e9m do sistema de pontos e das infra\u00e7\u00f5es graves, alguns comportamentos cotidianos ou administrativos tamb\u00e9m resultam na suspens\u00e3o da carteira. N\u00e3o comparecer a audi\u00eancias judiciais ou agir com imprud\u00eancia no uso de dispositivos pode ter consequ\u00eancias s\u00e9rias.<\/p>\n\n\n\n<p>Veja a seguir exemplos de situa\u00e7\u00f5es que podem causar a suspens\u00e3o da carteira AB 60:<\/p>\n\n\n\n<ul class=\"wp-block-list\">\n<li>Uso de placas n\u00e3o autorizadas<\/li>\n\n\n\n<li>Permitir que pessoas n\u00e3o qualificadas conduzam ve\u00edculos<\/li>\n<\/ul>\n\n\n\n<h2 class=\"wp-block-heading\">Quais as regras para adolescentes motoristas na Calif\u00f3rnia<\/h2>\n\n\n\n<p>A legisla\u00e7\u00e3o da&nbsp;<strong>Calif\u00f3rnia<\/strong>&nbsp;imp\u00f5e regras mais r\u00edgidas para quem tem carteira provis\u00f3ria e menos de 18 anos. Uma \u00fanica infra\u00e7\u00e3o j\u00e1 pode resultar em restri\u00e7\u00f5es relevantes \u00e0 permiss\u00e3o de dirigir nesse grupo.<\/p>\n\n\n\n<p>Em caso de reincid\u00eancia em infra\u00e7\u00f5es, as puni\u00e7\u00f5es podem incluir desde a suspens\u00e3o tempor\u00e1ria at\u00e9 a perda definitiva do direito de dirigir, especialmente se envolvidas drogas ou \u00e1lcool.<\/p>\n\n\n\n<p><\/p>\n","protected":false},"excerpt":{"rendered":"<p>A&nbsp;Calif\u00f3rnia&nbsp;criou a carteira de motorista AB 60, permitindo que migrantes indocumentados obtenham legalmente permiss\u00e3o para dirigir, promovendo maior inclus\u00e3o e seguran\u00e7a vi\u00e1ria no estado. Quais s\u00e3o os requisitos e poss\u00edveis penalidades da carteira AB 60 A carteira AB 60 segue as mesmas normas das demais permiss\u00f5es para dirigir. Se as leis de tr\u00e2nsito forem descumpridas, [&hellip;]<\/p>\n","protected":false},"author":11,"featured_media":127634,"comment_status":"open","ping_status":"open","sticky":false,"template":"","format":"standard","meta":{"jnews-multi-image_gallery":[],"jnews_single_post":{"format":"standard"},"jnews_primary_category":[],"jnews_social_meta":[],"jnews_override_counter":[],"footnotes":""},"categories":[27,1],"tags":[18860,8520,765],"class_list":["post-127405","post","type-post","status-publish","format-standard","has-post-thumbnail","hentry","category-carros","category-noticias","tag-carteiras-de-habilitacao","tag-suspensao-da-cnh","tag-transito"],"yoast_head":"<!-- This site is optimized with the Yoast SEO plugin v23.8 - https:\/\/yoast.com\/wordpress\/plugins\/seo\/ -->\n<title>Carteiras de habilita\u00e7\u00e3o ser\u00e3o suspensas para todos os motoristas e indiv\u00edduos desta lista - Estado de Minas - Em foco<\/title>\n<meta name=\"description\" content=\"Regras r\u00edgidas e pode ser suspensa com poucos pontos. Motoristas precisam entender os limites antes que uma infra\u00e7\u00e3o traga preju\u00edzos.\" \/>\n<meta name=\"robots\" content=\"index, follow, max-snippet:-1, max-image-preview:large, max-video-preview:-1\" \/>\n<link rel=\"canonical\" href=\"https:\/\/www.em.com.br\/emfoco\/2025\/11\/15\/carteiras-de-habilitacao-serao-suspensas-para-todos-os-motoristas-e-individuos-desta-lista\/\" \/>\n<meta property=\"og:locale\" content=\"pt_BR\" \/>\n<meta property=\"og:type\" content=\"article\" \/>\n<meta property=\"og:title\" content=\"Carteiras de habilita\u00e7\u00e3o ser\u00e3o suspensas para todos os motoristas e indiv\u00edduos desta lista - Estado de Minas - Em foco\" \/>\n<meta property=\"og:description\" content=\"Regras r\u00edgidas e pode ser suspensa com poucos pontos. Motoristas precisam entender os limites antes que uma infra\u00e7\u00e3o traga preju\u00edzos.\" \/>\n<meta property=\"og:url\" content=\"https:\/\/www.em.com.br\/emfoco\/2025\/11\/15\/carteiras-de-habilitacao-serao-suspensas-para-todos-os-motoristas-e-individuos-desta-lista\/\" \/>\n<meta property=\"og:site_name\" content=\"Estado de Minas - Em foco\" \/>\n<meta property=\"article:published_time\" content=\"2025-11-15T22:25:00+00:00\" \/>\n<meta property=\"article:modified_time\" content=\"2025-11-14T14:41:25+00:00\" \/>\n<meta property=\"og:image\" content=\"https:\/\/www.em.com.br\/emfoco\/wp-content\/uploads\/2025\/11\/Gemini_Generated_Image_ndq1rendq1rendq1-1.png\" \/>\n\t<meta property=\"og:image:width\" content=\"1280\" \/>\n\t<meta property=\"og:image:height\" content=\"720\" \/>\n\t<meta property=\"og:image:type\" content=\"image\/png\" \/>\n<meta name=\"author\" content=\"Andre\u0301 Rangel\u00a0\" \/>\n<meta name=\"twitter:card\" content=\"summary_large_image\" \/>\n<meta name=\"twitter:label1\" content=\"Escrito por\" \/>\n\t<meta name=\"twitter:data1\" content=\"Andre\u0301 Rangel\u00a0\" \/>\n\t<meta name=\"twitter:label2\" content=\"Est. tempo de leitura\" \/>\n\t<meta name=\"twitter:data2\" content=\"3 minutos\" \/>\n<!-- \/ Yoast SEO plugin. -->","yoast_head_json":{"title":"Carteiras de habilita\u00e7\u00e3o ser\u00e3o suspensas para todos os motoristas e indiv\u00edduos desta lista - Estado de Minas - Em foco","description":"Regras r\u00edgidas e pode ser suspensa com poucos pontos. Motoristas precisam entender os limites antes que uma infra\u00e7\u00e3o traga preju\u00edzos.","robots":{"index":"index","follow":"follow","max-snippet":"max-snippet:-1","max-image-preview":"max-image-preview:large","max-video-preview":"max-video-preview:-1"},"canonical":"https:\/\/www.em.com.br\/emfoco\/2025\/11\/15\/carteiras-de-habilitacao-serao-suspensas-para-todos-os-motoristas-e-individuos-desta-lista\/","og_locale":"pt_BR","og_type":"article","og_title":"Carteiras de habilita\u00e7\u00e3o ser\u00e3o suspensas para todos os motoristas e indiv\u00edduos desta lista - Estado de Minas - Em foco","og_description":"Regras r\u00edgidas e pode ser suspensa com poucos pontos. Motoristas precisam entender os limites antes que uma infra\u00e7\u00e3o traga preju\u00edzos.","og_url":"https:\/\/www.em.com.br\/emfoco\/2025\/11\/15\/carteiras-de-habilitacao-serao-suspensas-para-todos-os-motoristas-e-individuos-desta-lista\/","og_site_name":"Estado de Minas - Em foco","article_published_time":"2025-11-15T22:25:00+00:00","article_modified_time":"2025-11-14T14:41:25+00:00","og_image":[{"width":1280,"height":720,"url":"https:\/\/www.em.com.br\/emfoco\/wp-content\/uploads\/2025\/11\/Gemini_Generated_Image_ndq1rendq1rendq1-1.png","type":"image\/png"}],"author":"Andre\u0301 Rangel\u00a0","twitter_card":"summary_large_image","twitter_misc":{"Escrito por":"Andre\u0301 Rangel\u00a0","Est. tempo de leitura":"3 minutos"},"schema":{"@context":"https:\/\/schema.org","@graph":[{"@type":"WebPage","@id":"https:\/\/www.em.com.br\/emfoco\/2025\/11\/15\/carteiras-de-habilitacao-serao-suspensas-para-todos-os-motoristas-e-individuos-desta-lista\/","url":"https:\/\/www.em.com.br\/emfoco\/2025\/11\/15\/carteiras-de-habilitacao-serao-suspensas-para-todos-os-motoristas-e-individuos-desta-lista\/","name":"Carteiras de habilita\u00e7\u00e3o ser\u00e3o suspensas para todos os motoristas e indiv\u00edduos desta lista - Estado de Minas - Em foco","isPartOf":{"@id":"https:\/\/www.em.com.br\/emfoco\/#website"},"primaryImageOfPage":{"@id":"https:\/\/www.em.com.br\/emfoco\/2025\/11\/15\/carteiras-de-habilitacao-serao-suspensas-para-todos-os-motoristas-e-individuos-desta-lista\/#primaryimage"},"image":{"@id":"https:\/\/www.em.com.br\/emfoco\/2025\/11\/15\/carteiras-de-habilitacao-serao-suspensas-para-todos-os-motoristas-e-individuos-desta-lista\/#primaryimage"},"thumbnailUrl":"https:\/\/www.em.com.br\/emfoco\/wp-content\/uploads\/2025\/11\/Gemini_Generated_Image_ndq1rendq1rendq1-1.png","datePublished":"2025-11-15T22:25:00+00:00","dateModified":"2025-11-14T14:41:25+00:00","author":{"@id":"https:\/\/www.em.com.br\/emfoco\/#\/schema\/person\/60eda09c1fedf0d6891f4cef4b60b8b8"},"description":"Regras r\u00edgidas e pode ser suspensa com poucos pontos. Motoristas precisam entender os limites antes que uma infra\u00e7\u00e3o traga preju\u00edzos.","breadcrumb":{"@id":"https:\/\/www.em.com.br\/emfoco\/2025\/11\/15\/carteiras-de-habilitacao-serao-suspensas-para-todos-os-motoristas-e-individuos-desta-lista\/#breadcrumb"},"inLanguage":"pt-BR","potentialAction":[{"@type":"ReadAction","target":["https:\/\/www.em.com.br\/emfoco\/2025\/11\/15\/carteiras-de-habilitacao-serao-suspensas-para-todos-os-motoristas-e-individuos-desta-lista\/"]}]},{"@type":"ImageObject","inLanguage":"pt-BR","@id":"https:\/\/www.em.com.br\/emfoco\/2025\/11\/15\/carteiras-de-habilitacao-serao-suspensas-para-todos-os-motoristas-e-individuos-desta-lista\/#primaryimage","url":"https:\/\/www.em.com.br\/emfoco\/wp-content\/uploads\/2025\/11\/Gemini_Generated_Image_ndq1rendq1rendq1-1.png","contentUrl":"https:\/\/www.em.com.br\/emfoco\/wp-content\/uploads\/2025\/11\/Gemini_Generated_Image_ndq1rendq1rendq1-1.png","width":1280,"height":720,"caption":"O erro mais grave que tira a AB60 do motorista"},{"@type":"BreadcrumbList","@id":"https:\/\/www.em.com.br\/emfoco\/2025\/11\/15\/carteiras-de-habilitacao-serao-suspensas-para-todos-os-motoristas-e-individuos-desta-lista\/#breadcrumb","itemListElement":[{"@type":"ListItem","position":1,"name":"In\u00edcio","item":"https:\/\/www.em.com.br\/emfoco\/"},{"@type":"ListItem","position":2,"name":"Carteiras de habilita\u00e7\u00e3o ser\u00e3o suspensas para todos os motoristas e indiv\u00edduos desta lista"}]},{"@type":"WebSite","@id":"https:\/\/www.em.com.br\/emfoco\/#website","url":"https:\/\/www.em.com.br\/emfoco\/","name":"Estado de Minas - Em foco","description":"Acompanhe as \u00faltimas not\u00edcias e fique bem informado sobre tudo o que acontece em Minas Gerais, Brasil e no mundo.","potentialAction":[{"@type":"SearchAction","target":{"@type":"EntryPoint","urlTemplate":"https:\/\/www.em.com.br\/emfoco\/?s={search_term_string}"},"query-input":{"@type":"PropertyValueSpecification","valueRequired":true,"valueName":"search_term_string"}}],"inLanguage":"pt-BR"},{"@type":"Person","@id":"https:\/\/www.em.com.br\/emfoco\/#\/schema\/person\/60eda09c1fedf0d6891f4cef4b60b8b8","name":"Andre\u0301 Rangel\u00a0","image":{"@type":"ImageObject","inLanguage":"pt-BR","@id":"https:\/\/www.em.com.br\/emfoco\/#\/schema\/person\/image\/","url":"https:\/\/secure.gravatar.com\/avatar\/6234dc814c77c8ef6d8bba622c787efc?s=96&d=mm&r=g","contentUrl":"https:\/\/secure.gravatar.com\/avatar\/6234dc814c77c8ef6d8bba622c787efc?s=96&d=mm&r=g","caption":"Andre\u0301 Rangel\u00a0"},"url":"https:\/\/www.em.com.br\/emfoco\/author\/luizmyth\/"}]}},"_links":{"self":[{"href":"https:\/\/www.em.com.br\/emfoco\/wp-json\/wp\/v2\/posts\/127405","targetHints":{"allow":["GET"]}}],"collection":[{"href":"https:\/\/www.em.com.br\/emfoco\/wp-json\/wp\/v2\/posts"}],"about":[{"href":"https:\/\/www.em.com.br\/emfoco\/wp-json\/wp\/v2\/types\/post"}],"author":[{"embeddable":true,"href":"https:\/\/www.em.com.br\/emfoco\/wp-json\/wp\/v2\/users\/11"}],"replies":[{"embeddable":true,"href":"https:\/\/www.em.com.br\/emfoco\/wp-json\/wp\/v2\/comments?post=127405"}],"version-history":[{"count":3,"href":"https:\/\/www.em.com.br\/emfoco\/wp-json\/wp\/v2\/posts\/127405\/revisions"}],"predecessor-version":[{"id":127635,"href":"https:\/\/www.em.com.br\/emfoco\/wp-json\/wp\/v2\/posts\/127405\/revisions\/127635"}],"wp:featuredmedia":[{"embeddable":true,"href":"https:\/\/www.em.com.br\/emfoco\/wp-json\/wp\/v2\/media\/127634"}],"wp:attachment":[{"href":"https:\/\/www.em.com.br\/emfoco\/wp-json\/wp\/v2\/media?parent=127405"}],"wp:term":[{"taxonomy":"category","embeddable":true,"href":"https:\/\/www.em.com.br\/emfoco\/wp-json\/wp\/v2\/categories?post=127405"},{"taxonomy":"post_tag","embeddable":true,"href":"https:\/\/www.em.com.br\/emfoco\/wp-json\/wp\/v2\/tags?post=127405"}],"curies":[{"name":"wp","href":"https:\/\/api.w.org\/{rel}","templated":true}]}}