{"id":12740,"date":"2025-02-01T13:20:00","date_gmt":"2025-02-01T16:20:00","guid":{"rendered":"https:\/\/www.em.com.br\/emfoco\/?p=12740"},"modified":"2025-06-14T21:09:47","modified_gmt":"2025-06-15T00:09:47","slug":"por-que-o-peugeot-2008-2025-e-o-suv-mais-comentado-do-ano","status":"publish","type":"post","link":"https:\/\/www.em.com.br\/emfoco\/2025\/02\/01\/por-que-o-peugeot-2008-2025-e-o-suv-mais-comentado-do-ano\/","title":{"rendered":"Por que o Peugeot 2008 2025 \u00e9 o SUV mais comentado do ano?"},"content":{"rendered":"\n<p>O <strong><a href=\"https:\/\/carros.peugeot.com.br\/\" target=\"_blank\" rel=\"noreferrer noopener\">Peugeot 2008 2025<\/a><\/strong> finalmente chegou ao mercado brasileiro ap\u00f3s uma espera de tr\u00eas anos. O <strong>SUV<\/strong> compacto retorna completamente renovado, agora produzido na <strong>Argentina<\/strong> e alinhado aos padr\u00f5es globais da marca francesa. A nova gera\u00e7\u00e3o traz motor turbo, plataforma moderna e design atualizado.<\/p>\n\n\n\n<p>A <strong>Peugeot<\/strong> posiciona o <strong><a href=\"https:\/\/www.em.com.br\/emfoco\/2025\/05\/16\/novo-audi-a6-e-tron-chega-ao-brasil-para-revolucionar-o-mercado-de-sedans-eletricos\/\" target=\"_blank\" rel=\"noreferrer noopener\">modelo <\/a><\/strong>para competir diretamente com rivais como <strong>Nissan Kicks<\/strong>, <strong>Hyundai Creta<\/strong> e <strong>Renault Captur<\/strong>. O <strong>2008<\/strong> est\u00e1 dispon\u00edvel em tr\u00eas vers\u00f5es: <strong>Active<\/strong>, <strong>Allure<\/strong> e <strong>GT<\/strong>, com pre\u00e7os promocionais v\u00e1lidos at\u00e9 agosto de 2024. A estrat\u00e9gia busca reconquistar espa\u00e7o no segmento de <strong>SUVs<\/strong> compactos, onde a marca francesa perdeu terreno nos \u00faltimos anos.<\/p>\n\n\n\n<h2 class=\"wp-block-heading\"><strong>Quais s\u00e3o as principais mudan\u00e7as do modelo?<\/strong><\/h2>\n\n\n\n<p>A transforma\u00e7\u00e3o mais significativa est\u00e1 na ado\u00e7\u00e3o da plataforma <strong>CMP<\/strong> da <strong>Stellantis<\/strong>, compartilhada com o <strong>Peugeot 208<\/strong>. Esta base moderna permitiu aumentar as dimens\u00f5es do ve\u00edculo, resultando em maior espa\u00e7o interno e porta-malas mais generoso. O design exterior recebeu linhas mais robustas e contempor\u00e2neas, eliminando tra\u00e7os do antecessor.<\/p>\n\n\n\n<p>O motor representa outra mudan\u00e7a radical. O <strong>2008<\/strong> abandona as op\u00e7\u00f5es 1.6 e adota exclusivamente um propulsor 1.0 turbo flex de tr\u00eas cilindros. Esta unidade desenvolve at\u00e9 130 cv de pot\u00eancia e trabalha com transmiss\u00e3o autom\u00e1tica CVT que simula sete marchas. A configura\u00e7\u00e3o \u00e9 similar \u00e0 utilizada no <strong>Fiat Pulse<\/strong>, evidenciando a integra\u00e7\u00e3o tecnol\u00f3gica dentro do grupo <strong>Stellantis<\/strong>.<\/p>\n\n\n\n<figure class=\"wp-block-image size-large\"><img loading=\"lazy\" decoding=\"async\" width=\"1024\" height=\"576\" src=\"https:\/\/www.em.com.br\/emfoco\/wp-content\/uploads\/2025\/02\/esse-7-1024x576.jpg\" alt=\"Por que o Peugeot 2008 2025 \u00e9 o SUV mais comentado do ano?\" class=\"wp-image-15544\" srcset=\"https:\/\/www.em.com.br\/emfoco\/wp-content\/uploads\/2025\/02\/esse-7-1024x576.jpg 1024w, https:\/\/www.em.com.br\/emfoco\/wp-content\/uploads\/2025\/02\/esse-7-300x169.jpg 300w, https:\/\/www.em.com.br\/emfoco\/wp-content\/uploads\/2025\/02\/esse-7-768x432.jpg 768w, https:\/\/www.em.com.br\/emfoco\/wp-content\/uploads\/2025\/02\/esse-7-750x422.jpg 750w, https:\/\/www.em.com.br\/emfoco\/wp-content\/uploads\/2025\/02\/esse-7-1140x641.jpg 1140w, https:\/\/www.em.com.br\/emfoco\/wp-content\/uploads\/2025\/02\/esse-7.jpg 1280w\" sizes=\"auto, (max-width: 1024px) 100vw, 1024px\" \/><figcaption class=\"wp-element-caption\">Peugeot 2008 2025 &#8211; Cr\u00e9ditos: Divulga\u00e7\u00e3o\/Peugeot<\/figcaption><\/figure>\n\n\n\n<h2 class=\"wp-block-heading\"><strong>Como o novo motor afeta desempenho e economia?<\/strong><\/h2>\n\n\n\n<p>O propulsor 1.0 turbo entrega n\u00fameros competitivos para o segmento. O <strong>2008<\/strong> acelera de 0 a 100 km\/h em 10,3 segundos e atinge velocidade m\u00e1xima de 194 km\/h. Os valores superam alguns concorrentes diretos, demonstrando que a redu\u00e7\u00e3o de cilindrada n\u00e3o comprometeu a performance.<\/p>\n\n\n\n<p>O consumo de combust\u00edvel tamb\u00e9m impressiona positivamente. Com gasolina, o <strong>SUV<\/strong> registra 12,3 km\/l na cidade e 13,7 km\/l em rodovias. Utilizando etanol, os n\u00fameros ficam em 8,6 km\/l urbano e 9,8 km\/l rodovi\u00e1rio. Estes valores estabelecem um equil\u00edbrio interessante entre desempenho e efici\u00eancia energ\u00e9tica, caracter\u00edsticas valorizadas pelos consumidores brasileiros.<\/p>\n\n\n\n<h2 class=\"wp-block-heading\"><strong>Que equipamentos cada vers\u00e3o oferece?<\/strong><\/h2>\n\n\n\n<p>Todas as configura\u00e7\u00f5es do <strong>2008<\/strong> incluem itens que antes eram opcionais ou exclusivos de vers\u00f5es topo de linha. O pacote b\u00e1sico contempla painel digital, far\u00f3is LED, rodas de liga leve 17 polegadas e central multim\u00eddia com espelhamento sem fio. Esta padroniza\u00e7\u00e3o reflete a estrat\u00e9gia da <strong>Peugeot<\/strong> de oferecer tecnologia desde a vers\u00e3o de entrada.<\/p>\n\n\n\n<p>A vers\u00e3o <strong>Active<\/strong> traz volante multifuncional, bancos com ajuste de altura, quatro airbags e controle de cruzeiro. A <strong>Allure<\/strong> adiciona bancos de couro, alerta de ponto cego e c\u00e2mera 360 graus. O topo de linha <strong>GT<\/strong> inclui teto solar panor\u00e2mico, frenagem autom\u00e1tica de emerg\u00eancia e leitor de placas de velocidade. A progress\u00e3o de equipamentos justifica a diferen\u00e7a de pre\u00e7os entre as configura\u00e7\u00f5es.<\/p>\n\n\n\n<figure class=\"wp-block-image size-large\"><img loading=\"lazy\" decoding=\"async\" width=\"1024\" height=\"576\" src=\"https:\/\/www.em.com.br\/emfoco\/wp-content\/uploads\/2025\/02\/esse-2-2-1024x576.jpg\" alt=\"Por que o Peugeot 2008 2025 \u00e9 o SUV mais comentado do ano?\" class=\"wp-image-15546\" srcset=\"https:\/\/www.em.com.br\/emfoco\/wp-content\/uploads\/2025\/02\/esse-2-2-1024x576.jpg 1024w, https:\/\/www.em.com.br\/emfoco\/wp-content\/uploads\/2025\/02\/esse-2-2-300x169.jpg 300w, https:\/\/www.em.com.br\/emfoco\/wp-content\/uploads\/2025\/02\/esse-2-2-768x432.jpg 768w, https:\/\/www.em.com.br\/emfoco\/wp-content\/uploads\/2025\/02\/esse-2-2-750x422.jpg 750w, https:\/\/www.em.com.br\/emfoco\/wp-content\/uploads\/2025\/02\/esse-2-2-1140x641.jpg 1140w, https:\/\/www.em.com.br\/emfoco\/wp-content\/uploads\/2025\/02\/esse-2-2.jpg 1280w\" sizes=\"auto, (max-width: 1024px) 100vw, 1024px\" \/><figcaption class=\"wp-element-caption\">Peugeot 2008 2025 &#8211; Cr\u00e9ditos: Divulga\u00e7\u00e3o\/Peugeot<\/figcaption><\/figure>\n\n\n\n<h2 class=\"wp-block-heading\"><strong>O timing de lan\u00e7amento favorece a Peugeot?<\/strong><\/h2>\n\n\n\n<p>O retorno do <strong>2008<\/strong> acontece em momento estrat\u00e9gico para a <strong>Peugeot<\/strong>. O segmento de <strong>SUVs<\/strong> compactos mant\u00e9m crescimento consistente no <strong>Brasil<\/strong>, com consumidores migrando de hatches e sed\u00e3s para utilit\u00e1rios. A aus\u00eancia do modelo nos \u00faltimos tr\u00eas anos permitiu que concorrentes consolidassem posi\u00e7\u00f5es, mas tamb\u00e9m criou demanda reprimida entre clientes fi\u00e9is \u00e0 marca.<\/p>\n\n\n\n<p>As promo\u00e7\u00f5es de lan\u00e7amento podem acelerar a penetra\u00e7\u00e3o inicial do <strong>2008<\/strong> no mercado. A <strong>Peugeot<\/strong> precisa reconquistar confian\u00e7a dos consumidores ap\u00f3s per\u00edodo de menor visibilidade. O novo modelo representa oportunidade de demonstrar que a marca se modernizou e est\u00e1 alinhada \u00e0s expectativas atuais do mercado brasileiro.<\/p>\n\n\n\n<figure class=\"wp-block-image size-large\"><img loading=\"lazy\" decoding=\"async\" width=\"1024\" height=\"576\" src=\"https:\/\/www.em.com.br\/emfoco\/wp-content\/uploads\/2025\/02\/esse-8-1024x576.jpg\" alt=\"Por que o Peugeot 2008 2025 \u00e9 o SUV mais comentado do ano?\" class=\"wp-image-15547\" srcset=\"https:\/\/www.em.com.br\/emfoco\/wp-content\/uploads\/2025\/02\/esse-8-1024x576.jpg 1024w, https:\/\/www.em.com.br\/emfoco\/wp-content\/uploads\/2025\/02\/esse-8-300x169.jpg 300w, https:\/\/www.em.com.br\/emfoco\/wp-content\/uploads\/2025\/02\/esse-8-768x432.jpg 768w, https:\/\/www.em.com.br\/emfoco\/wp-content\/uploads\/2025\/02\/esse-8-750x422.jpg 750w, https:\/\/www.em.com.br\/emfoco\/wp-content\/uploads\/2025\/02\/esse-8-1140x641.jpg 1140w, https:\/\/www.em.com.br\/emfoco\/wp-content\/uploads\/2025\/02\/esse-8.jpg 1280w\" sizes=\"auto, (max-width: 1024px) 100vw, 1024px\" \/><figcaption class=\"wp-element-caption\">Peugeot 2008 2025 &#8211; Cr\u00e9ditos: Divulga\u00e7\u00e3o\/Peugeot<\/figcaption><\/figure>\n\n\n\n<h2 class=\"wp-block-heading\"><strong>Como se posiciona contra principais concorrentes?<\/strong><\/h2>\n\n\n\n<p>O <strong>2008<\/strong> enfrenta competi\u00e7\u00e3o acirrada em seu segmento. O <strong>Nissan Kicks<\/strong> domina as vendas com proposta familiar e confiabilidade comprovada. O <strong>Hyundai Creta<\/strong> oferece design arrojado e boa rela\u00e7\u00e3o custo-benef\u00edcio. O <strong>Renault Captur<\/strong> aposta em sofistica\u00e7\u00e3o e tecnologia embarcada.<\/p>\n\n\n\n<p>A estrat\u00e9gia do <strong>Peugeot<\/strong> se baseia em diferencia\u00e7\u00e3o atrav\u00e9s do design franc\u00eas e configura\u00e7\u00e3o mec\u00e2nica eficiente. O motor turbo oferece vantagem em desempenho sobre alguns rivais que utilizam propulsores aspirados. Os equipamentos de s\u00e9rie tamb\u00e9m s\u00e3o competitivos, especialmente na vers\u00e3o intermedi\u00e1ria <strong>Allure<\/strong>. O sucesso depender\u00e1 da capacidade da marca de comunicar estes diferenciais ao p\u00fablico e manter pre\u00e7os atrativos ap\u00f3s o per\u00edodo promocional.<\/p>\n","protected":false},"excerpt":{"rendered":"<p>O Peugeot 2008 2025 finalmente chegou ao mercado brasileiro ap\u00f3s uma espera de tr\u00eas anos. O SUV compacto retorna completamente renovado, agora produzido na Argentina e alinhado aos padr\u00f5es globais da marca francesa. A nova gera\u00e7\u00e3o traz motor turbo, plataforma moderna e design atualizado. A Peugeot posiciona o modelo para competir diretamente com rivais como [&hellip;]<\/p>\n","protected":false},"author":5,"featured_media":15545,"comment_status":"open","ping_status":"open","sticky":false,"template":"","format":"standard","meta":{"jnews-multi-image_gallery":[],"jnews_single_post":{"format":"standard"},"jnews_primary_category":[],"jnews_social_meta":[],"jnews_override_counter":[],"footnotes":""},"categories":[27,1],"tags":[2680,3968,3969,2490],"class_list":["post-12740","post","type-post","status-publish","format-standard","has-post-thumbnail","hentry","category-carros","category-noticias","tag-peugeot","tag-peugeot-2008","tag-suv-2025","tag-suvs"],"yoast_head":"<!-- This site is optimized with the Yoast SEO plugin v23.8 - https:\/\/yoast.com\/wordpress\/plugins\/seo\/ -->\n<title>Por que o Peugeot 2008 2025 \u00e9 o SUV mais comentado do ano? - Estado de Minas - Em foco<\/title>\n<meta name=\"description\" content=\"Novo Peugeot 2008 2025 traz motor turbo, maior espa\u00e7o interno e equipamentos de s\u00e9rie impressionantes. Confira!\" \/>\n<meta name=\"robots\" content=\"index, follow, max-snippet:-1, max-image-preview:large, max-video-preview:-1\" \/>\n<link rel=\"canonical\" href=\"https:\/\/www.em.com.br\/emfoco\/2025\/02\/01\/por-que-o-peugeot-2008-2025-e-o-suv-mais-comentado-do-ano\/\" \/>\n<meta property=\"og:locale\" content=\"pt_BR\" \/>\n<meta property=\"og:type\" content=\"article\" \/>\n<meta property=\"og:title\" content=\"Por que o Peugeot 2008 2025 \u00e9 o SUV mais comentado do ano? - Estado de Minas - Em foco\" \/>\n<meta property=\"og:description\" content=\"Novo Peugeot 2008 2025 traz motor turbo, maior espa\u00e7o interno e equipamentos de s\u00e9rie impressionantes. Confira!\" \/>\n<meta property=\"og:url\" content=\"https:\/\/www.em.com.br\/emfoco\/2025\/02\/01\/por-que-o-peugeot-2008-2025-e-o-suv-mais-comentado-do-ano\/\" \/>\n<meta property=\"og:site_name\" content=\"Estado de Minas - Em foco\" \/>\n<meta property=\"article:published_time\" content=\"2025-02-01T16:20:00+00:00\" \/>\n<meta property=\"article:modified_time\" content=\"2025-06-15T00:09:47+00:00\" \/>\n<meta property=\"og:image\" content=\"https:\/\/www.em.com.br\/emfoco\/wp-content\/uploads\/2025\/02\/esse-1-7.jpg\" \/>\n\t<meta property=\"og:image:width\" content=\"1280\" \/>\n\t<meta property=\"og:image:height\" content=\"720\" \/>\n\t<meta property=\"og:image:type\" content=\"image\/jpeg\" \/>\n<meta name=\"author\" content=\"N\u00fabia Rangel\" \/>\n<meta name=\"twitter:card\" content=\"summary_large_image\" \/>\n<meta name=\"twitter:label1\" content=\"Escrito por\" \/>\n\t<meta name=\"twitter:data1\" content=\"N\u00fabia Rangel\" \/>\n\t<meta name=\"twitter:label2\" content=\"Est. tempo de leitura\" \/>\n\t<meta name=\"twitter:data2\" content=\"5 minutos\" \/>\n<!-- \/ Yoast SEO plugin. -->","yoast_head_json":{"title":"Por que o Peugeot 2008 2025 \u00e9 o SUV mais comentado do ano? - Estado de Minas - Em foco","description":"Novo Peugeot 2008 2025 traz motor turbo, maior espa\u00e7o interno e equipamentos de s\u00e9rie impressionantes. Confira!","robots":{"index":"index","follow":"follow","max-snippet":"max-snippet:-1","max-image-preview":"max-image-preview:large","max-video-preview":"max-video-preview:-1"},"canonical":"https:\/\/www.em.com.br\/emfoco\/2025\/02\/01\/por-que-o-peugeot-2008-2025-e-o-suv-mais-comentado-do-ano\/","og_locale":"pt_BR","og_type":"article","og_title":"Por que o Peugeot 2008 2025 \u00e9 o SUV mais comentado do ano? - Estado de Minas - Em foco","og_description":"Novo Peugeot 2008 2025 traz motor turbo, maior espa\u00e7o interno e equipamentos de s\u00e9rie impressionantes. Confira!","og_url":"https:\/\/www.em.com.br\/emfoco\/2025\/02\/01\/por-que-o-peugeot-2008-2025-e-o-suv-mais-comentado-do-ano\/","og_site_name":"Estado de Minas - Em foco","article_published_time":"2025-02-01T16:20:00+00:00","article_modified_time":"2025-06-15T00:09:47+00:00","og_image":[{"width":1280,"height":720,"url":"https:\/\/www.em.com.br\/emfoco\/wp-content\/uploads\/2025\/02\/esse-1-7.jpg","type":"image\/jpeg"}],"author":"N\u00fabia Rangel","twitter_card":"summary_large_image","twitter_misc":{"Escrito por":"N\u00fabia Rangel","Est. tempo de leitura":"5 minutos"},"schema":{"@context":"https:\/\/schema.org","@graph":[{"@type":"WebPage","@id":"https:\/\/www.em.com.br\/emfoco\/2025\/02\/01\/por-que-o-peugeot-2008-2025-e-o-suv-mais-comentado-do-ano\/","url":"https:\/\/www.em.com.br\/emfoco\/2025\/02\/01\/por-que-o-peugeot-2008-2025-e-o-suv-mais-comentado-do-ano\/","name":"Por que o Peugeot 2008 2025 \u00e9 o SUV mais comentado do ano? - Estado de Minas - Em foco","isPartOf":{"@id":"https:\/\/www.em.com.br\/emfoco\/#website"},"primaryImageOfPage":{"@id":"https:\/\/www.em.com.br\/emfoco\/2025\/02\/01\/por-que-o-peugeot-2008-2025-e-o-suv-mais-comentado-do-ano\/#primaryimage"},"image":{"@id":"https:\/\/www.em.com.br\/emfoco\/2025\/02\/01\/por-que-o-peugeot-2008-2025-e-o-suv-mais-comentado-do-ano\/#primaryimage"},"thumbnailUrl":"https:\/\/www.em.com.br\/emfoco\/wp-content\/uploads\/2025\/02\/esse-1-7.jpg","datePublished":"2025-02-01T16:20:00+00:00","dateModified":"2025-06-15T00:09:47+00:00","author":{"@id":"https:\/\/www.em.com.br\/emfoco\/#\/schema\/person\/524437ef54f8a5d32591b143307f2e20"},"description":"Novo Peugeot 2008 2025 traz motor turbo, maior espa\u00e7o interno e equipamentos de s\u00e9rie impressionantes. Confira!","breadcrumb":{"@id":"https:\/\/www.em.com.br\/emfoco\/2025\/02\/01\/por-que-o-peugeot-2008-2025-e-o-suv-mais-comentado-do-ano\/#breadcrumb"},"inLanguage":"pt-BR","potentialAction":[{"@type":"ReadAction","target":["https:\/\/www.em.com.br\/emfoco\/2025\/02\/01\/por-que-o-peugeot-2008-2025-e-o-suv-mais-comentado-do-ano\/"]}]},{"@type":"ImageObject","inLanguage":"pt-BR","@id":"https:\/\/www.em.com.br\/emfoco\/2025\/02\/01\/por-que-o-peugeot-2008-2025-e-o-suv-mais-comentado-do-ano\/#primaryimage","url":"https:\/\/www.em.com.br\/emfoco\/wp-content\/uploads\/2025\/02\/esse-1-7.jpg","contentUrl":"https:\/\/www.em.com.br\/emfoco\/wp-content\/uploads\/2025\/02\/esse-1-7.jpg","width":1280,"height":720,"caption":"Peugeot 2008 2025 - Cr\u00e9ditos: Divulga\u00e7\u00e3o\/Peugeot"},{"@type":"BreadcrumbList","@id":"https:\/\/www.em.com.br\/emfoco\/2025\/02\/01\/por-que-o-peugeot-2008-2025-e-o-suv-mais-comentado-do-ano\/#breadcrumb","itemListElement":[{"@type":"ListItem","position":1,"name":"In\u00edcio","item":"https:\/\/www.em.com.br\/emfoco\/"},{"@type":"ListItem","position":2,"name":"Por que o Peugeot 2008 2025 \u00e9 o SUV mais comentado do ano?"}]},{"@type":"WebSite","@id":"https:\/\/www.em.com.br\/emfoco\/#website","url":"https:\/\/www.em.com.br\/emfoco\/","name":"Estado de Minas - Em foco","description":"Acompanhe as \u00faltimas not\u00edcias e fique bem informado sobre tudo o que acontece em Minas Gerais, Brasil e no mundo.","potentialAction":[{"@type":"SearchAction","target":{"@type":"EntryPoint","urlTemplate":"https:\/\/www.em.com.br\/emfoco\/?s={search_term_string}"},"query-input":{"@type":"PropertyValueSpecification","valueRequired":true,"valueName":"search_term_string"}}],"inLanguage":"pt-BR"},{"@type":"Person","@id":"https:\/\/www.em.com.br\/emfoco\/#\/schema\/person\/524437ef54f8a5d32591b143307f2e20","name":"N\u00fabia Rangel","image":{"@type":"ImageObject","inLanguage":"pt-BR","@id":"https:\/\/www.em.com.br\/emfoco\/#\/schema\/person\/image\/","url":"https:\/\/secure.gravatar.com\/avatar\/47cff2827a5ba23c37e8068c86817ea4?s=96&d=mm&r=g","contentUrl":"https:\/\/secure.gravatar.com\/avatar\/47cff2827a5ba23c37e8068c86817ea4?s=96&d=mm&r=g","caption":"N\u00fabia Rangel"},"sameAs":["https:\/\/www.em.com.br\/emfoco\/"],"url":"https:\/\/www.em.com.br\/emfoco\/author\/nubiamyth\/"}]}},"_links":{"self":[{"href":"https:\/\/www.em.com.br\/emfoco\/wp-json\/wp\/v2\/posts\/12740","targetHints":{"allow":["GET"]}}],"collection":[{"href":"https:\/\/www.em.com.br\/emfoco\/wp-json\/wp\/v2\/posts"}],"about":[{"href":"https:\/\/www.em.com.br\/emfoco\/wp-json\/wp\/v2\/types\/post"}],"author":[{"embeddable":true,"href":"https:\/\/www.em.com.br\/emfoco\/wp-json\/wp\/v2\/users\/5"}],"replies":[{"embeddable":true,"href":"https:\/\/www.em.com.br\/emfoco\/wp-json\/wp\/v2\/comments?post=12740"}],"version-history":[{"count":7,"href":"https:\/\/www.em.com.br\/emfoco\/wp-json\/wp\/v2\/posts\/12740\/revisions"}],"predecessor-version":[{"id":60970,"href":"https:\/\/www.em.com.br\/emfoco\/wp-json\/wp\/v2\/posts\/12740\/revisions\/60970"}],"wp:featuredmedia":[{"embeddable":true,"href":"https:\/\/www.em.com.br\/emfoco\/wp-json\/wp\/v2\/media\/15545"}],"wp:attachment":[{"href":"https:\/\/www.em.com.br\/emfoco\/wp-json\/wp\/v2\/media?parent=12740"}],"wp:term":[{"taxonomy":"category","embeddable":true,"href":"https:\/\/www.em.com.br\/emfoco\/wp-json\/wp\/v2\/categories?post=12740"},{"taxonomy":"post_tag","embeddable":true,"href":"https:\/\/www.em.com.br\/emfoco\/wp-json\/wp\/v2\/tags?post=12740"}],"curies":[{"name":"wp","href":"https:\/\/api.w.org\/{rel}","templated":true}]}}