{"id":127377,"date":"2025-11-15T14:45:00","date_gmt":"2025-11-15T17:45:00","guid":{"rendered":"https:\/\/www.em.com.br\/emfoco\/?p=127377"},"modified":"2025-11-14T11:42:56","modified_gmt":"2025-11-14T14:42:56","slug":"nao-jogue-cintos-de-couro-fora-veja-como-reaproveita-los-com-esta-linda-ideia","status":"publish","type":"post","link":"https:\/\/www.em.com.br\/emfoco\/2025\/11\/15\/nao-jogue-cintos-de-couro-fora-veja-como-reaproveita-los-com-esta-linda-ideia\/","title":{"rendered":"N\u00e3o jogue cintos de couro fora, veja como reaproveit\u00e1-los com esta linda ideia"},"content":{"rendered":"\n<p>Reciclar cintos de couro \u00e9 uma solu\u00e7\u00e3o criativa que reutiliza acess\u00f3rios esquecidos e contribui para a diminui\u00e7\u00e3o de res\u00edduos, permitindo o desenvolvimento de objetos funcionais e estilosos para o lar, como as prateleiras suspensas, que agregam design e praticidade aos ambientes.<\/p>\n\n\n\n<h2 class=\"wp-block-heading\">Materiais necess\u00e1rios para fazer prateleiras suspensas com cintos reciclados<\/h2>\n\n\n\n<ul class=\"wp-block-list\">\n<li>Cintos de couro antigos<\/li>\n\n\n\n<li>T\u00e1buas de madeira (no tamanho desejado para as prateleiras)<\/li>\n\n\n\n<li>Serra (para cortar as t\u00e1buas)<\/li>\n\n\n\n<li>Lixa para madeira<\/li>\n\n\n\n<li>Tinta ou verniz para acabamento<\/li>\n\n\n\n<li>Pincel ou rolo pequeno para aplica\u00e7\u00e3o de tinta\/verniz<\/li>\n\n\n\n<li>Parafusos<\/li>\n\n\n\n<li>Arruelas<\/li>\n\n\n\n<li>Trena ou fita m\u00e9trica<\/li>\n\n\n\n<li>Furadeira<\/li>\n\n\n\n<li>Cordas ou correntes (opcional, para maior estabilidade)<\/li>\n\n\n\n<li>Contas de madeira, pingentes decorativos e outros itens para personaliza\u00e7\u00e3o (opcional)<\/li>\n\n\n\n<li>Pano limpo (para higienizar os cintos)<\/li>\n\n\n\n<li>L\u00e1pis para marca\u00e7\u00e3o<\/li>\n<\/ul>\n\n\n\n<figure class=\"wp-block-image size-large\"><img loading=\"lazy\" decoding=\"async\" width=\"1024\" height=\"576\" src=\"https:\/\/www.em.com.br\/emfoco\/wp-content\/uploads\/2025\/11\/Gemini_Generated_Image_u085niu085niu085-1-1024x576.png\" alt=\"\" class=\"wp-image-127624\" srcset=\"https:\/\/www.em.com.br\/emfoco\/wp-content\/uploads\/2025\/11\/Gemini_Generated_Image_u085niu085niu085-1-1024x576.png 1024w, https:\/\/www.em.com.br\/emfoco\/wp-content\/uploads\/2025\/11\/Gemini_Generated_Image_u085niu085niu085-1-300x169.png 300w, https:\/\/www.em.com.br\/emfoco\/wp-content\/uploads\/2025\/11\/Gemini_Generated_Image_u085niu085niu085-1-768x432.png 768w, https:\/\/www.em.com.br\/emfoco\/wp-content\/uploads\/2025\/11\/Gemini_Generated_Image_u085niu085niu085-1-750x422.png 750w, https:\/\/www.em.com.br\/emfoco\/wp-content\/uploads\/2025\/11\/Gemini_Generated_Image_u085niu085niu085-1-1140x641.png 1140w, https:\/\/www.em.com.br\/emfoco\/wp-content\/uploads\/2025\/11\/Gemini_Generated_Image_u085niu085niu085-1.png 1280w\" sizes=\"auto, (max-width: 1024px) 100vw, 1024px\" \/><figcaption class=\"wp-element-caption\">O detalhe improv\u00e1vel que deixa sua prateleira mais estilosa<\/figcaption><\/figure>\n\n\n\n<h2 class=\"wp-block-heading\">Como preparar as t\u00e1buas de madeira para receber o apoio?<\/h2>\n\n\n\n<p>O primeiro passo desse projeto \u00e9 cortar as<a href=\"https:\/\/br.pinterest.com\/jrpiaojunior\/tabuas-madeira\/\" target=\"_blank\" rel=\"noreferrer noopener\"> t\u00e1buas de madeira<\/a> no tamanho desejado, utilizando uma serra para garantir medidas precisas. Em seguida, \u00e9 fundamental lixar as bordas, evitando farpas e criando superf\u00edcies seguras para o manuseio.<\/p>\n\n\n\n<p>Ap\u00f3s esse preparo, aplica-se tinta ou verniz para proteger as t\u00e1buas e melhorar a apar\u00eancia. Esse acabamento oferece maior durabilidade, tornando as prateleiras mais harm\u00f4nicas e resistentes no uso di\u00e1rio.<\/p>\n\n\n\n<h2 class=\"wp-block-heading\">Como transformar cintos antigos em suportes de prateleira?<\/h2>\n\n\n\n<p>Os cintos de couro, ap\u00f3s limpos, tornam-se o sistema de sustenta\u00e7\u00e3o das t\u00e1buas. Antes de cortar, me\u00e7a cuidadosamente o comprimento de cada cinto, levando em conta a altura final necess\u00e1ria.<\/p>\n\n\n\n<p>Quando cortar os cintos para garantir um ajuste perfeito, voc\u00ea estar\u00e1 preparando a estrutura que manter\u00e1 as prateleiras firmes e visualmente interessantes em qualquer ambiente.<\/p>\n\n\n\n<h2 class=\"wp-block-heading\">Veja o passo a passo r\u00e1pido para montagem das prateleiras suspensas<\/h2>\n\n\n\n<p>Com as pe\u00e7as principais preparadas, chegou a hora de juntar tudo. A montagem \u00e9 simples, bastando aten\u00e7\u00e3o na ordem dos processos para garantir estabilidade e seguran\u00e7a. Veja como organizar o processo:<\/p>\n\n\n\n<ul class=\"wp-block-list\">\n<li>Fixe uma extremidade de cada cinto de couro na parede usando parafusos e arruelas<\/li>\n\n\n\n<li>Pendure as t\u00e1buas apoiando-as nos cintos ajustados<\/li>\n\n\n\n<li>Utilize cordas ou correntes para maior estabilidade do conjunto<\/li>\n<\/ul>\n\n\n\n<h2 class=\"wp-block-heading\">Como personalizar suas prateleiras recicladas de couro?<\/h2>\n\n\n\n<p>Personalizar sua <a href=\"https:\/\/www.em.com.br\/emfoco\/2025\/11\/03\/como-fazer-paineis-organizadores-e-prateleiras-em-casa-gastando-pouco\/\" target=\"_blank\" rel=\"noreferrer noopener\">prateleira<\/a> reciclada valoriza o projeto e adiciona estilo pr\u00f3prio. Pequenos detalhes podem fazer toda a diferen\u00e7a no resultado final.<\/p>\n\n\n\n<p>\u00c9 poss\u00edvel incluir contas de madeira, n\u00f3s nas cordas ou at\u00e9 pingentes decorativos, dando um toque \u00fanico. Aproveite para explorar diferentes combina\u00e7\u00f5es e transformar a pe\u00e7a sustent\u00e1vel em destaque na decora\u00e7\u00e3o da sua casa.<\/p>\n","protected":false},"excerpt":{"rendered":"<p>Reciclar cintos de couro \u00e9 uma solu\u00e7\u00e3o criativa que reutiliza acess\u00f3rios esquecidos e contribui para a diminui\u00e7\u00e3o de res\u00edduos, permitindo o desenvolvimento de objetos funcionais e estilosos para o lar, como as prateleiras suspensas, que agregam design e praticidade aos ambientes. Materiais necess\u00e1rios para fazer prateleiras suspensas com cintos reciclados Como preparar as t\u00e1buas de [&hellip;]<\/p>\n","protected":false},"author":11,"featured_media":127623,"comment_status":"open","ping_status":"open","sticky":false,"template":"","format":"standard","meta":{"jnews-multi-image_gallery":[],"jnews_single_post":{"format":"standard"},"jnews_primary_category":[],"jnews_social_meta":[],"jnews_override_counter":[],"footnotes":""},"categories":[8819,1],"tags":[18858,4687,17223,16583],"class_list":["post-127377","post","type-post","status-publish","format-standard","has-post-thumbnail","hentry","category-curiosidades","category-noticias","tag-cinto","tag-decoracao","tag-madeira","tag-prateleiras-de-madeira"],"yoast_head":"<!-- This site is optimized with the Yoast SEO plugin v23.8 - https:\/\/yoast.com\/wordpress\/plugins\/seo\/ -->\n<title>N\u00e3o jogue cintos de couro fora, veja como reaproveit\u00e1-los com esta linda ideia - Estado de Minas - Em foco<\/title>\n<meta name=\"description\" content=\"Uma ideia charmosa transforma cintos esquecidos em prateleiras estilosas. Esse truque sustent\u00e1vel d\u00e1 vida nova \u00e0 decora\u00e7\u00e3o e surpreende pelo resultado.\" \/>\n<meta name=\"robots\" content=\"index, follow, max-snippet:-1, max-image-preview:large, max-video-preview:-1\" \/>\n<link rel=\"canonical\" href=\"https:\/\/www.em.com.br\/emfoco\/2025\/11\/15\/nao-jogue-cintos-de-couro-fora-veja-como-reaproveita-los-com-esta-linda-ideia\/\" \/>\n<meta property=\"og:locale\" content=\"pt_BR\" \/>\n<meta property=\"og:type\" content=\"article\" \/>\n<meta property=\"og:title\" content=\"N\u00e3o jogue cintos de couro fora, veja como reaproveit\u00e1-los com esta linda ideia - Estado de Minas - Em foco\" \/>\n<meta property=\"og:description\" content=\"Uma ideia charmosa transforma cintos esquecidos em prateleiras estilosas. Esse truque sustent\u00e1vel d\u00e1 vida nova \u00e0 decora\u00e7\u00e3o e surpreende pelo resultado.\" \/>\n<meta property=\"og:url\" content=\"https:\/\/www.em.com.br\/emfoco\/2025\/11\/15\/nao-jogue-cintos-de-couro-fora-veja-como-reaproveita-los-com-esta-linda-ideia\/\" \/>\n<meta property=\"og:site_name\" content=\"Estado de Minas - Em foco\" \/>\n<meta property=\"article:published_time\" content=\"2025-11-15T17:45:00+00:00\" \/>\n<meta property=\"article:modified_time\" content=\"2025-11-14T14:42:56+00:00\" \/>\n<meta property=\"og:image\" content=\"https:\/\/www.em.com.br\/emfoco\/wp-content\/uploads\/2025\/11\/Gemini_Generated_Image_ftdlqnftdlqnftdl-1.png\" \/>\n\t<meta property=\"og:image:width\" content=\"1280\" \/>\n\t<meta property=\"og:image:height\" content=\"720\" \/>\n\t<meta property=\"og:image:type\" content=\"image\/png\" \/>\n<meta name=\"author\" content=\"Andre\u0301 Rangel\u00a0\" \/>\n<meta name=\"twitter:card\" content=\"summary_large_image\" \/>\n<meta name=\"twitter:label1\" content=\"Escrito por\" \/>\n\t<meta name=\"twitter:data1\" content=\"Andre\u0301 Rangel\u00a0\" \/>\n\t<meta name=\"twitter:label2\" content=\"Est. tempo de leitura\" \/>\n\t<meta name=\"twitter:data2\" content=\"3 minutos\" \/>\n<!-- \/ Yoast SEO plugin. -->","yoast_head_json":{"title":"N\u00e3o jogue cintos de couro fora, veja como reaproveit\u00e1-los com esta linda ideia - Estado de Minas - Em foco","description":"Uma ideia charmosa transforma cintos esquecidos em prateleiras estilosas. Esse truque sustent\u00e1vel d\u00e1 vida nova \u00e0 decora\u00e7\u00e3o e surpreende pelo resultado.","robots":{"index":"index","follow":"follow","max-snippet":"max-snippet:-1","max-image-preview":"max-image-preview:large","max-video-preview":"max-video-preview:-1"},"canonical":"https:\/\/www.em.com.br\/emfoco\/2025\/11\/15\/nao-jogue-cintos-de-couro-fora-veja-como-reaproveita-los-com-esta-linda-ideia\/","og_locale":"pt_BR","og_type":"article","og_title":"N\u00e3o jogue cintos de couro fora, veja como reaproveit\u00e1-los com esta linda ideia - Estado de Minas - Em foco","og_description":"Uma ideia charmosa transforma cintos esquecidos em prateleiras estilosas. Esse truque sustent\u00e1vel d\u00e1 vida nova \u00e0 decora\u00e7\u00e3o e surpreende pelo resultado.","og_url":"https:\/\/www.em.com.br\/emfoco\/2025\/11\/15\/nao-jogue-cintos-de-couro-fora-veja-como-reaproveita-los-com-esta-linda-ideia\/","og_site_name":"Estado de Minas - Em foco","article_published_time":"2025-11-15T17:45:00+00:00","article_modified_time":"2025-11-14T14:42:56+00:00","og_image":[{"width":1280,"height":720,"url":"https:\/\/www.em.com.br\/emfoco\/wp-content\/uploads\/2025\/11\/Gemini_Generated_Image_ftdlqnftdlqnftdl-1.png","type":"image\/png"}],"author":"Andre\u0301 Rangel\u00a0","twitter_card":"summary_large_image","twitter_misc":{"Escrito por":"Andre\u0301 Rangel\u00a0","Est. tempo de leitura":"3 minutos"},"schema":{"@context":"https:\/\/schema.org","@graph":[{"@type":"WebPage","@id":"https:\/\/www.em.com.br\/emfoco\/2025\/11\/15\/nao-jogue-cintos-de-couro-fora-veja-como-reaproveita-los-com-esta-linda-ideia\/","url":"https:\/\/www.em.com.br\/emfoco\/2025\/11\/15\/nao-jogue-cintos-de-couro-fora-veja-como-reaproveita-los-com-esta-linda-ideia\/","name":"N\u00e3o jogue cintos de couro fora, veja como reaproveit\u00e1-los com esta linda ideia - Estado de Minas - Em foco","isPartOf":{"@id":"https:\/\/www.em.com.br\/emfoco\/#website"},"primaryImageOfPage":{"@id":"https:\/\/www.em.com.br\/emfoco\/2025\/11\/15\/nao-jogue-cintos-de-couro-fora-veja-como-reaproveita-los-com-esta-linda-ideia\/#primaryimage"},"image":{"@id":"https:\/\/www.em.com.br\/emfoco\/2025\/11\/15\/nao-jogue-cintos-de-couro-fora-veja-como-reaproveita-los-com-esta-linda-ideia\/#primaryimage"},"thumbnailUrl":"https:\/\/www.em.com.br\/emfoco\/wp-content\/uploads\/2025\/11\/Gemini_Generated_Image_ftdlqnftdlqnftdl-1.png","datePublished":"2025-11-15T17:45:00+00:00","dateModified":"2025-11-14T14:42:56+00:00","author":{"@id":"https:\/\/www.em.com.br\/emfoco\/#\/schema\/person\/60eda09c1fedf0d6891f4cef4b60b8b8"},"description":"Uma ideia charmosa transforma cintos esquecidos em prateleiras estilosas. Esse truque sustent\u00e1vel d\u00e1 vida nova \u00e0 decora\u00e7\u00e3o e surpreende pelo resultado.","breadcrumb":{"@id":"https:\/\/www.em.com.br\/emfoco\/2025\/11\/15\/nao-jogue-cintos-de-couro-fora-veja-como-reaproveita-los-com-esta-linda-ideia\/#breadcrumb"},"inLanguage":"pt-BR","potentialAction":[{"@type":"ReadAction","target":["https:\/\/www.em.com.br\/emfoco\/2025\/11\/15\/nao-jogue-cintos-de-couro-fora-veja-como-reaproveita-los-com-esta-linda-ideia\/"]}]},{"@type":"ImageObject","inLanguage":"pt-BR","@id":"https:\/\/www.em.com.br\/emfoco\/2025\/11\/15\/nao-jogue-cintos-de-couro-fora-veja-como-reaproveita-los-com-esta-linda-ideia\/#primaryimage","url":"https:\/\/www.em.com.br\/emfoco\/wp-content\/uploads\/2025\/11\/Gemini_Generated_Image_ftdlqnftdlqnftdl-1.png","contentUrl":"https:\/\/www.em.com.br\/emfoco\/wp-content\/uploads\/2025\/11\/Gemini_Generated_Image_ftdlqnftdlqnftdl-1.png","width":1280,"height":720,"caption":"Cinto reciclado vira o jeito mais criativo de montar prateleiras"},{"@type":"BreadcrumbList","@id":"https:\/\/www.em.com.br\/emfoco\/2025\/11\/15\/nao-jogue-cintos-de-couro-fora-veja-como-reaproveita-los-com-esta-linda-ideia\/#breadcrumb","itemListElement":[{"@type":"ListItem","position":1,"name":"In\u00edcio","item":"https:\/\/www.em.com.br\/emfoco\/"},{"@type":"ListItem","position":2,"name":"N\u00e3o jogue cintos de couro fora, veja como reaproveit\u00e1-los com esta linda ideia"}]},{"@type":"WebSite","@id":"https:\/\/www.em.com.br\/emfoco\/#website","url":"https:\/\/www.em.com.br\/emfoco\/","name":"Estado de Minas - Em foco","description":"Acompanhe as \u00faltimas not\u00edcias e fique bem informado sobre tudo o que acontece em Minas Gerais, Brasil e no mundo.","potentialAction":[{"@type":"SearchAction","target":{"@type":"EntryPoint","urlTemplate":"https:\/\/www.em.com.br\/emfoco\/?s={search_term_string}"},"query-input":{"@type":"PropertyValueSpecification","valueRequired":true,"valueName":"search_term_string"}}],"inLanguage":"pt-BR"},{"@type":"Person","@id":"https:\/\/www.em.com.br\/emfoco\/#\/schema\/person\/60eda09c1fedf0d6891f4cef4b60b8b8","name":"Andre\u0301 Rangel\u00a0","image":{"@type":"ImageObject","inLanguage":"pt-BR","@id":"https:\/\/www.em.com.br\/emfoco\/#\/schema\/person\/image\/","url":"https:\/\/secure.gravatar.com\/avatar\/6234dc814c77c8ef6d8bba622c787efc?s=96&d=mm&r=g","contentUrl":"https:\/\/secure.gravatar.com\/avatar\/6234dc814c77c8ef6d8bba622c787efc?s=96&d=mm&r=g","caption":"Andre\u0301 Rangel\u00a0"},"url":"https:\/\/www.em.com.br\/emfoco\/author\/luizmyth\/"}]}},"_links":{"self":[{"href":"https:\/\/www.em.com.br\/emfoco\/wp-json\/wp\/v2\/posts\/127377","targetHints":{"allow":["GET"]}}],"collection":[{"href":"https:\/\/www.em.com.br\/emfoco\/wp-json\/wp\/v2\/posts"}],"about":[{"href":"https:\/\/www.em.com.br\/emfoco\/wp-json\/wp\/v2\/types\/post"}],"author":[{"embeddable":true,"href":"https:\/\/www.em.com.br\/emfoco\/wp-json\/wp\/v2\/users\/11"}],"replies":[{"embeddable":true,"href":"https:\/\/www.em.com.br\/emfoco\/wp-json\/wp\/v2\/comments?post=127377"}],"version-history":[{"count":4,"href":"https:\/\/www.em.com.br\/emfoco\/wp-json\/wp\/v2\/posts\/127377\/revisions"}],"predecessor-version":[{"id":127625,"href":"https:\/\/www.em.com.br\/emfoco\/wp-json\/wp\/v2\/posts\/127377\/revisions\/127625"}],"wp:featuredmedia":[{"embeddable":true,"href":"https:\/\/www.em.com.br\/emfoco\/wp-json\/wp\/v2\/media\/127623"}],"wp:attachment":[{"href":"https:\/\/www.em.com.br\/emfoco\/wp-json\/wp\/v2\/media?parent=127377"}],"wp:term":[{"taxonomy":"category","embeddable":true,"href":"https:\/\/www.em.com.br\/emfoco\/wp-json\/wp\/v2\/categories?post=127377"},{"taxonomy":"post_tag","embeddable":true,"href":"https:\/\/www.em.com.br\/emfoco\/wp-json\/wp\/v2\/tags?post=127377"}],"curies":[{"name":"wp","href":"https:\/\/api.w.org\/{rel}","templated":true}]}}