{"id":127347,"date":"2025-11-17T07:45:00","date_gmt":"2025-11-17T10:45:00","guid":{"rendered":"https:\/\/www.em.com.br\/emfoco\/?p=127347"},"modified":"2025-11-15T20:58:22","modified_gmt":"2025-11-15T23:58:22","slug":"como-eliminar-o-cheiro-de-mofo-de-casacos-guardados-sem-danificar","status":"publish","type":"post","link":"https:\/\/www.em.com.br\/emfoco\/2025\/11\/17\/como-eliminar-o-cheiro-de-mofo-de-casacos-guardados-sem-danificar\/","title":{"rendered":"Como eliminar o cheiro de mofo de casacos guardados sem danificar"},"content":{"rendered":"\n<p>Ap\u00f3s meses guardadas, muitas pe\u00e7as podem apresentar <strong>cheiro de mofo<\/strong> e at\u00e9 res\u00edduos que comprometem o uso. Com m\u00e9todos simples e eficazes, \u00e9 poss\u00edvel remover o odor rapidamente e devolver o frescor aos casacos de inverno sem danificar os tecidos.<\/p>\n\n\n\n<h2 class=\"wp-block-heading\">Por que as roupas de inverno desenvolvem cheiro de mofo?<\/h2>\n\n\n\n<p>Quando ficam muito tempo guardadas, sobretudo em locais \u00famidos, os tecidos criam um ambiente ideal para a prolifera\u00e7\u00e3o de <strong>fungos<\/strong>. Esses micro-organismos liberam part\u00edculas que se impregnam nas fibras e geram o odor caracter\u00edstico de mofo que tanto inc\u00f4moda.<\/p>\n\n\n\n<p>Especialistas do<strong> <a href=\"https:\/\/www.homemadesimple.com\/\" target=\"_blank\" rel=\"noreferrer noopener\">Home Made Simple<\/a><\/strong> explicam que fatores como falta de ventila\u00e7\u00e3o, poeira acumulada e roupas compactadas no arm\u00e1rio favorecem o desenvolvimento desse <strong>odor<\/strong>. Por isso, manter circula\u00e7\u00e3o de ar e limpeza \u00e9 essencial para evitar o problema.<\/p>\n\n\n\n<figure class=\"wp-block-image size-large\"><img loading=\"lazy\" decoding=\"async\" width=\"1024\" height=\"576\" src=\"https:\/\/www.em.com.br\/emfoco\/wp-content\/uploads\/2025\/11\/Cheiro-de-mofo_1763073530238-1024x576.jpg\" alt=\"Como eliminar o cheiro de mofo de casacos guardado sem danificar\" class=\"wp-image-127372\" srcset=\"https:\/\/www.em.com.br\/emfoco\/wp-content\/uploads\/2025\/11\/Cheiro-de-mofo_1763073530238-1024x576.jpg 1024w, https:\/\/www.em.com.br\/emfoco\/wp-content\/uploads\/2025\/11\/Cheiro-de-mofo_1763073530238-300x169.jpg 300w, https:\/\/www.em.com.br\/emfoco\/wp-content\/uploads\/2025\/11\/Cheiro-de-mofo_1763073530238-768x432.jpg 768w, https:\/\/www.em.com.br\/emfoco\/wp-content\/uploads\/2025\/11\/Cheiro-de-mofo_1763073530238-750x422.jpg 750w, https:\/\/www.em.com.br\/emfoco\/wp-content\/uploads\/2025\/11\/Cheiro-de-mofo_1763073530238-1140x641.jpg 1140w, https:\/\/www.em.com.br\/emfoco\/wp-content\/uploads\/2025\/11\/Cheiro-de-mofo_1763073530238.jpg 1280w\" sizes=\"auto, (max-width: 1024px) 100vw, 1024px\" \/><figcaption class=\"wp-element-caption\">Ambientes \u00famidos favorecem fungos que impregnam odor nas fibras &#8211; Cr\u00e9ditos: depositphotos.com \/ Tharakorn<\/figcaption><\/figure>\n\n\n\n<h2 class=\"wp-block-heading\">Quais h\u00e1bitos ajudam a eliminar o cheiro de mofo das roupas?<\/h2>\n\n\n\n<p>Algumas medidas simples podem remover o <strong>cheiro desagrad\u00e1vel<\/strong> das roupas de frio de forma r\u00e1pida. Confira na lista abaixo as pr\u00e1ticas recomendadas para limpar tanto as pe\u00e7as quanto os equipamentos usados na lavagem.<\/p>\n\n\n\n<ul class=\"wp-block-list\">\n<li><strong>Limpe a m\u00e1quina<\/strong>: higienize borrachas, filtros e gavetas usando bicarbonato em ciclo quente.<\/li>\n\n\n\n<li><strong>Areje os casacos<\/strong>: deixe sobretudos expostos ao ar livre por algumas horas.<\/li>\n\n\n\n<li><strong>Lave corretamente<\/strong>: use ciclos delicados e inclua vinagre ou bicarbonato para neutralizar odores.<\/li>\n<\/ul>\n\n\n\n<p><em>Leia mais: <strong><a href=\"https:\/\/www.em.com.br\/emfoco\/2025\/08\/01\/nova-tecnica-de-limpeza-caseira-do-fogao-conquista-quem-adora-praticidade-e-economia\/\" target=\"_blank\" rel=\"noreferrer noopener\">Nova t\u00e9cnica de limpeza caseira do fog\u00e3o conquista quem adora praticidade e economia<\/a><\/strong><\/em><\/p>\n\n\n\n<h2 class=\"wp-block-heading\">Quando \u00e9 necess\u00e1rio lavar as pe\u00e7as para remover o odor?<\/h2>\n\n\n\n<p>Se o mofo permanecer mesmo ap\u00f3s arejar, a <strong>lavagem adequada<\/strong> se torna indispens\u00e1vel. Nesses casos, \u00e9 importante seguir as instru\u00e7\u00f5es da etiqueta e optar por programas para tecidos sens\u00edveis, preferindo temperaturas frias para preservar a estrutura do tecido.<\/p>\n\n\n\n<p>Adicionar vinagre de ma\u00e7\u00e3, vinagre de limpeza ou bicarbonato potencializa a remo\u00e7\u00e3o do <strong>mau odor<\/strong>. Esses ingredientes agem neutralizando part\u00edculas f\u00fangicas sem agredir as fibras, tornando o processo eficiente e seguro para casacos mais delicados.<\/p>\n\n\n\n<figure class=\"wp-block-image size-large\"><img loading=\"lazy\" decoding=\"async\" width=\"1024\" height=\"576\" src=\"https:\/\/www.em.com.br\/emfoco\/wp-content\/uploads\/2025\/11\/Lavando-roupa_1763073577636-1024x576.jpg\" alt=\"Como eliminar o cheiro de mofo de casacos guardado sem danificar\" class=\"wp-image-127373\" srcset=\"https:\/\/www.em.com.br\/emfoco\/wp-content\/uploads\/2025\/11\/Lavando-roupa_1763073577636-1024x576.jpg 1024w, https:\/\/www.em.com.br\/emfoco\/wp-content\/uploads\/2025\/11\/Lavando-roupa_1763073577636-300x169.jpg 300w, https:\/\/www.em.com.br\/emfoco\/wp-content\/uploads\/2025\/11\/Lavando-roupa_1763073577636-768x432.jpg 768w, https:\/\/www.em.com.br\/emfoco\/wp-content\/uploads\/2025\/11\/Lavando-roupa_1763073577636-750x422.jpg 750w, https:\/\/www.em.com.br\/emfoco\/wp-content\/uploads\/2025\/11\/Lavando-roupa_1763073577636-1140x641.jpg 1140w, https:\/\/www.em.com.br\/emfoco\/wp-content\/uploads\/2025\/11\/Lavando-roupa_1763073577636.jpg 1280w\" sizes=\"auto, (max-width: 1024px) 100vw, 1024px\" \/><figcaption class=\"wp-element-caption\">Lavagem correta elimina part\u00edculas f\u00fangicas e preserva tecidos sens\u00edveis &#8211; Cr\u00e9ditos: depositphotos.com \/ Willy Mobilo<\/figcaption><\/figure>\n\n\n\n<h2 class=\"wp-block-heading\">Como evitar que o cheiro volte ap\u00f3s a limpeza das roupas?<\/h2>\n\n\n\n<p>Para impedir que o <strong>mofo<\/strong> retorne, \u00e9 fundamental adotar h\u00e1bitos que reduzam a umidade nos ambientes. Abaixo est\u00e3o pr\u00e1ticas simples que mant\u00eam o arm\u00e1rio mais seco e as roupas protegidas por mais tempo.<\/p>\n\n\n\n<ul class=\"wp-block-list\">\n<li>Mantenha o ambiente arejado sempre que poss\u00edvel, abrindo janelas regularmente.<\/li>\n\n\n\n<li>Deixe persianas e cortinas abertas para permitir a entrada de luz solar.<\/li>\n\n\n\n<li>Use um desumidificador em dias \u00famidos e mantenha rotina constante de limpeza.<\/li>\n<\/ul>\n","protected":false},"excerpt":{"rendered":"<p>Ap\u00f3s meses guardadas, muitas pe\u00e7as podem apresentar cheiro de mofo e at\u00e9 res\u00edduos que comprometem o uso. Com m\u00e9todos simples e eficazes, \u00e9 poss\u00edvel remover o odor rapidamente e devolver o frescor aos casacos de inverno sem danificar os tecidos. Por que as roupas de inverno desenvolvem cheiro de mofo? Quando ficam muito tempo guardadas, [&hellip;]<\/p>\n","protected":false},"author":13,"featured_media":127371,"comment_status":"open","ping_status":"open","sticky":false,"template":"","format":"standard","meta":{"jnews-multi-image_gallery":[],"jnews_single_post":{"format":"standard"},"jnews_primary_category":[],"jnews_social_meta":[],"jnews_override_counter":[],"footnotes":""},"categories":[8819],"tags":[18838,2037,14864],"class_list":["post-127347","post","type-post","status-publish","format-standard","has-post-thumbnail","hentry","category-curiosidades","tag-cheiro-de-mofo","tag-dicas-caseiras","tag-limpeza-de-casa"],"yoast_head":"<!-- This site is optimized with the Yoast SEO plugin v23.8 - https:\/\/yoast.com\/wordpress\/plugins\/seo\/ -->\n<title>Como eliminar o cheiro de mofo de casacos guardados sem danificar - Estado de Minas - Em foco<\/title>\n<meta name=\"description\" content=\"O mofo some de vez com essas t\u00e9cnicas simples que limpam e renovam o cheiro dos casacos de inverno. Veja como recuperar suas roupas.\" \/>\n<meta name=\"robots\" content=\"index, follow, max-snippet:-1, max-image-preview:large, max-video-preview:-1\" \/>\n<link rel=\"canonical\" href=\"https:\/\/www.em.com.br\/emfoco\/2025\/11\/17\/como-eliminar-o-cheiro-de-mofo-de-casacos-guardados-sem-danificar\/\" \/>\n<meta property=\"og:locale\" content=\"pt_BR\" \/>\n<meta property=\"og:type\" content=\"article\" \/>\n<meta property=\"og:title\" content=\"Como eliminar o cheiro de mofo de casacos guardados sem danificar - Estado de Minas - Em foco\" \/>\n<meta property=\"og:description\" content=\"O mofo some de vez com essas t\u00e9cnicas simples que limpam e renovam o cheiro dos casacos de inverno. Veja como recuperar suas roupas.\" \/>\n<meta property=\"og:url\" content=\"https:\/\/www.em.com.br\/emfoco\/2025\/11\/17\/como-eliminar-o-cheiro-de-mofo-de-casacos-guardados-sem-danificar\/\" \/>\n<meta property=\"og:site_name\" content=\"Estado de Minas - Em foco\" \/>\n<meta property=\"article:published_time\" content=\"2025-11-17T10:45:00+00:00\" \/>\n<meta property=\"article:modified_time\" content=\"2025-11-15T23:58:22+00:00\" \/>\n<meta property=\"og:image\" content=\"https:\/\/www.em.com.br\/emfoco\/wp-content\/uploads\/2025\/11\/image-3-1.jpg\" \/>\n\t<meta property=\"og:image:width\" content=\"1280\" \/>\n\t<meta property=\"og:image:height\" content=\"720\" \/>\n\t<meta property=\"og:image:type\" content=\"image\/jpeg\" \/>\n<meta name=\"author\" content=\"Gabriel Martins\" \/>\n<meta name=\"twitter:card\" content=\"summary_large_image\" \/>\n<meta name=\"twitter:label1\" content=\"Escrito por\" \/>\n\t<meta name=\"twitter:data1\" content=\"Gabriel Martins\" \/>\n\t<meta name=\"twitter:label2\" content=\"Est. tempo de leitura\" \/>\n\t<meta name=\"twitter:data2\" content=\"3 minutos\" \/>\n<!-- \/ Yoast SEO plugin. -->","yoast_head_json":{"title":"Como eliminar o cheiro de mofo de casacos guardados sem danificar - Estado de Minas - Em foco","description":"O mofo some de vez com essas t\u00e9cnicas simples que limpam e renovam o cheiro dos casacos de inverno. Veja como recuperar suas roupas.","robots":{"index":"index","follow":"follow","max-snippet":"max-snippet:-1","max-image-preview":"max-image-preview:large","max-video-preview":"max-video-preview:-1"},"canonical":"https:\/\/www.em.com.br\/emfoco\/2025\/11\/17\/como-eliminar-o-cheiro-de-mofo-de-casacos-guardados-sem-danificar\/","og_locale":"pt_BR","og_type":"article","og_title":"Como eliminar o cheiro de mofo de casacos guardados sem danificar - Estado de Minas - Em foco","og_description":"O mofo some de vez com essas t\u00e9cnicas simples que limpam e renovam o cheiro dos casacos de inverno. Veja como recuperar suas roupas.","og_url":"https:\/\/www.em.com.br\/emfoco\/2025\/11\/17\/como-eliminar-o-cheiro-de-mofo-de-casacos-guardados-sem-danificar\/","og_site_name":"Estado de Minas - Em foco","article_published_time":"2025-11-17T10:45:00+00:00","article_modified_time":"2025-11-15T23:58:22+00:00","og_image":[{"width":1280,"height":720,"url":"https:\/\/www.em.com.br\/emfoco\/wp-content\/uploads\/2025\/11\/image-3-1.jpg","type":"image\/jpeg"}],"author":"Gabriel Martins","twitter_card":"summary_large_image","twitter_misc":{"Escrito por":"Gabriel Martins","Est. tempo de leitura":"3 minutos"},"schema":{"@context":"https:\/\/schema.org","@graph":[{"@type":"WebPage","@id":"https:\/\/www.em.com.br\/emfoco\/2025\/11\/17\/como-eliminar-o-cheiro-de-mofo-de-casacos-guardados-sem-danificar\/","url":"https:\/\/www.em.com.br\/emfoco\/2025\/11\/17\/como-eliminar-o-cheiro-de-mofo-de-casacos-guardados-sem-danificar\/","name":"Como eliminar o cheiro de mofo de casacos guardados sem danificar - Estado de Minas - Em foco","isPartOf":{"@id":"https:\/\/www.em.com.br\/emfoco\/#website"},"primaryImageOfPage":{"@id":"https:\/\/www.em.com.br\/emfoco\/2025\/11\/17\/como-eliminar-o-cheiro-de-mofo-de-casacos-guardados-sem-danificar\/#primaryimage"},"image":{"@id":"https:\/\/www.em.com.br\/emfoco\/2025\/11\/17\/como-eliminar-o-cheiro-de-mofo-de-casacos-guardados-sem-danificar\/#primaryimage"},"thumbnailUrl":"https:\/\/www.em.com.br\/emfoco\/wp-content\/uploads\/2025\/11\/image-3-1.jpg","datePublished":"2025-11-17T10:45:00+00:00","dateModified":"2025-11-15T23:58:22+00:00","author":{"@id":"https:\/\/www.em.com.br\/emfoco\/#\/schema\/person\/1c9ddeab18b98abeffef834667bcf08a"},"description":"O mofo some de vez com essas t\u00e9cnicas simples que limpam e renovam o cheiro dos casacos de inverno. Veja como recuperar suas roupas.","breadcrumb":{"@id":"https:\/\/www.em.com.br\/emfoco\/2025\/11\/17\/como-eliminar-o-cheiro-de-mofo-de-casacos-guardados-sem-danificar\/#breadcrumb"},"inLanguage":"pt-BR","potentialAction":[{"@type":"ReadAction","target":["https:\/\/www.em.com.br\/emfoco\/2025\/11\/17\/como-eliminar-o-cheiro-de-mofo-de-casacos-guardados-sem-danificar\/"]}]},{"@type":"ImageObject","inLanguage":"pt-BR","@id":"https:\/\/www.em.com.br\/emfoco\/2025\/11\/17\/como-eliminar-o-cheiro-de-mofo-de-casacos-guardados-sem-danificar\/#primaryimage","url":"https:\/\/www.em.com.br\/emfoco\/wp-content\/uploads\/2025\/11\/image-3-1.jpg","contentUrl":"https:\/\/www.em.com.br\/emfoco\/wp-content\/uploads\/2025\/11\/image-3-1.jpg","width":1280,"height":720,"caption":"M\u00e9todos simples removem cheiro de mofo e renovam casacos guardados - Cr\u00e9ditos: Reprodu\u00e7\u00e3o \/ Lovart"},{"@type":"BreadcrumbList","@id":"https:\/\/www.em.com.br\/emfoco\/2025\/11\/17\/como-eliminar-o-cheiro-de-mofo-de-casacos-guardados-sem-danificar\/#breadcrumb","itemListElement":[{"@type":"ListItem","position":1,"name":"In\u00edcio","item":"https:\/\/www.em.com.br\/emfoco\/"},{"@type":"ListItem","position":2,"name":"Como eliminar o cheiro de mofo de casacos guardados sem danificar"}]},{"@type":"WebSite","@id":"https:\/\/www.em.com.br\/emfoco\/#website","url":"https:\/\/www.em.com.br\/emfoco\/","name":"Estado de Minas - Em foco","description":"Acompanhe as \u00faltimas not\u00edcias e fique bem informado sobre tudo o que acontece em Minas Gerais, Brasil e no mundo.","potentialAction":[{"@type":"SearchAction","target":{"@type":"EntryPoint","urlTemplate":"https:\/\/www.em.com.br\/emfoco\/?s={search_term_string}"},"query-input":{"@type":"PropertyValueSpecification","valueRequired":true,"valueName":"search_term_string"}}],"inLanguage":"pt-BR"},{"@type":"Person","@id":"https:\/\/www.em.com.br\/emfoco\/#\/schema\/person\/1c9ddeab18b98abeffef834667bcf08a","name":"Gabriel Martins","image":{"@type":"ImageObject","inLanguage":"pt-BR","@id":"https:\/\/www.em.com.br\/emfoco\/#\/schema\/person\/image\/","url":"https:\/\/secure.gravatar.com\/avatar\/f0f1e2efdfd88f1ad2cb08c5c2731e50?s=96&d=mm&r=g","contentUrl":"https:\/\/secure.gravatar.com\/avatar\/f0f1e2efdfd88f1ad2cb08c5c2731e50?s=96&d=mm&r=g","caption":"Gabriel Martins"},"sameAs":["https:\/\/www.em.com.br\/emfoco\/"],"url":"https:\/\/www.em.com.br\/emfoco\/author\/gabrielmartinsmyth\/"}]}},"_links":{"self":[{"href":"https:\/\/www.em.com.br\/emfoco\/wp-json\/wp\/v2\/posts\/127347","targetHints":{"allow":["GET"]}}],"collection":[{"href":"https:\/\/www.em.com.br\/emfoco\/wp-json\/wp\/v2\/posts"}],"about":[{"href":"https:\/\/www.em.com.br\/emfoco\/wp-json\/wp\/v2\/types\/post"}],"author":[{"embeddable":true,"href":"https:\/\/www.em.com.br\/emfoco\/wp-json\/wp\/v2\/users\/13"}],"replies":[{"embeddable":true,"href":"https:\/\/www.em.com.br\/emfoco\/wp-json\/wp\/v2\/comments?post=127347"}],"version-history":[{"count":3,"href":"https:\/\/www.em.com.br\/emfoco\/wp-json\/wp\/v2\/posts\/127347\/revisions"}],"predecessor-version":[{"id":128305,"href":"https:\/\/www.em.com.br\/emfoco\/wp-json\/wp\/v2\/posts\/127347\/revisions\/128305"}],"wp:featuredmedia":[{"embeddable":true,"href":"https:\/\/www.em.com.br\/emfoco\/wp-json\/wp\/v2\/media\/127371"}],"wp:attachment":[{"href":"https:\/\/www.em.com.br\/emfoco\/wp-json\/wp\/v2\/media?parent=127347"}],"wp:term":[{"taxonomy":"category","embeddable":true,"href":"https:\/\/www.em.com.br\/emfoco\/wp-json\/wp\/v2\/categories?post=127347"},{"taxonomy":"post_tag","embeddable":true,"href":"https:\/\/www.em.com.br\/emfoco\/wp-json\/wp\/v2\/tags?post=127347"}],"curies":[{"name":"wp","href":"https:\/\/api.w.org\/{rel}","templated":true}]}}