{"id":127315,"date":"2025-11-17T20:05:00","date_gmt":"2025-11-17T23:05:00","guid":{"rendered":"https:\/\/www.em.com.br\/emfoco\/?p=127315"},"modified":"2025-11-13T18:55:16","modified_gmt":"2025-11-13T21:55:16","slug":"as-melhores-plantas-para-aliviar-alergias-e-umidificar-o-ar-em-casa","status":"publish","type":"post","link":"https:\/\/www.em.com.br\/emfoco\/2025\/11\/17\/as-melhores-plantas-para-aliviar-alergias-e-umidificar-o-ar-em-casa\/","title":{"rendered":"As melhores plantas para aliviar alergias e umidificar o ar em casa"},"content":{"rendered":"\n<p>Algumas <strong>plantas purificam o ar<\/strong> e ajudam a <strong>aumentar a umidade<\/strong> dentro de casa, aliviando sintomas de <strong>alergias respirat\u00f3rias<\/strong>. Al\u00e9m de decorar, elas podem transformar o ambiente em um espa\u00e7o mais saud\u00e1vel e confort\u00e1vel para respirar melhor todos os dias.<\/p>\n\n\n\n<h2 class=\"wp-block-heading\">Como as plantas ajudam a melhorar a umidade e o ar?<\/h2>\n\n\n\n<p>Durante a <strong>fotoss\u00edntese<\/strong> e a <strong>transpira\u00e7\u00e3o natural<\/strong>, algumas plantas liberam vapor d\u2019\u00e1gua, elevando a umidade do ar em ambientes fechados. Esse processo ajuda a reduzir irrita\u00e7\u00f5es nas vias respirat\u00f3rias e melhora o bem-estar de quem sofre com rinite ou sinusite.<\/p>\n\n\n\n<p>Essas esp\u00e9cies tamb\u00e9m ret\u00eam part\u00edculas de poeira e poluentes, agindo como <strong>purificadores naturais<\/strong>. Ao equilibrar o microclima interno, elas tornam os c\u00f4modos menos secos, o que \u00e9 especialmente ben\u00e9fico em per\u00edodos frios ou com uso constante de ar-condicionado.<\/p>\n\n\n\n<figure class=\"wp-block-image size-large\"><img loading=\"lazy\" decoding=\"async\" width=\"1024\" height=\"576\" src=\"https:\/\/www.em.com.br\/emfoco\/wp-content\/uploads\/2025\/11\/Plantas-dentro-de-casa_1763070871122-1024x576.jpg\" alt=\"As melhores plantas para aliviar alergias e umidificar o ar em casa\" class=\"wp-image-127341\" srcset=\"https:\/\/www.em.com.br\/emfoco\/wp-content\/uploads\/2025\/11\/Plantas-dentro-de-casa_1763070871122-1024x576.jpg 1024w, https:\/\/www.em.com.br\/emfoco\/wp-content\/uploads\/2025\/11\/Plantas-dentro-de-casa_1763070871122-300x169.jpg 300w, https:\/\/www.em.com.br\/emfoco\/wp-content\/uploads\/2025\/11\/Plantas-dentro-de-casa_1763070871122-768x432.jpg 768w, https:\/\/www.em.com.br\/emfoco\/wp-content\/uploads\/2025\/11\/Plantas-dentro-de-casa_1763070871122-750x422.jpg 750w, https:\/\/www.em.com.br\/emfoco\/wp-content\/uploads\/2025\/11\/Plantas-dentro-de-casa_1763070871122-1140x641.jpg 1140w, https:\/\/www.em.com.br\/emfoco\/wp-content\/uploads\/2025\/11\/Plantas-dentro-de-casa_1763070871122.jpg 1280w\" sizes=\"auto, (max-width: 1024px) 100vw, 1024px\" \/><figcaption class=\"wp-element-caption\">Plantas liberam vapor d\u2019\u00e1gua e reduzem irrita\u00e7\u00f5es nas vias respirat\u00f3rias &#8211; Cr\u00e9ditos: depositphotos.com \/ AndrewLozovyi<\/figcaption><\/figure>\n\n\n\n<h2 class=\"wp-block-heading\">Quais s\u00e3o as melhores plantas para aliviar alergias respirat\u00f3rias?<\/h2>\n\n\n\n<p>Algumas esp\u00e9cies s\u00e3o campe\u00e3s na libera\u00e7\u00e3o de umidade e purifica\u00e7\u00e3o do ar. Confira na lista abaixo quais plantas podem ajudar a aliviar sintomas de <strong>alergias respirat\u00f3rias<\/strong> e onde posicion\u00e1-las em casa.<\/p>\n\n\n\n<ul class=\"wp-block-list\">\n<li><strong>Samambaia:<\/strong> ideal para salas e varandas, adora locais \u00famidos e sombreados.<\/li>\n\n\n\n<li><strong>L\u00edrio-da-paz:<\/strong> excelente para quartos bem iluminados, remove toxinas e umidifica o ar.<\/li>\n\n\n\n<li><strong>Areca-bambu:<\/strong> purifica ambientes amplos, ideal para salas com boa ventila\u00e7\u00e3o.<\/li>\n\n\n\n<li><strong>Espada-de-s\u00e3o-jorge:<\/strong> resistente e perfeita para quartos, libera oxig\u00eanio mesmo \u00e0 noite.<\/li>\n<\/ul>\n\n\n\n<p><em>Leia mais: <strong><a href=\"https:\/\/www.em.com.br\/emfoco\/2025\/11\/09\/qual-o-melhor-tipo-de-substrato-para-manter-as-flores-sempre-saudaveis\/\" target=\"_blank\" rel=\"noreferrer noopener\">Qual o melhor tipo de substrato para manter as flores sempre saud\u00e1veis<\/a><\/strong><\/em><\/p>\n\n\n\n<h2 class=\"wp-block-heading\">Quais ambientes favorecem o efeito umidificante das plantas?<\/h2>\n\n\n\n<p>Plantas que liberam vapor d\u2019\u00e1gua atuam melhor em <strong>ambientes iluminados e ventilados<\/strong>. Banheiros com janelas, varandas e salas s\u00e3o ideais, pois a circula\u00e7\u00e3o de ar ajuda na transpira\u00e7\u00e3o foliar e evita o ac\u00famulo de umidade excessiva no solo.<\/p>\n\n\n\n<p>Nos quartos, opte por esp\u00e9cies que tamb\u00e9m melhoram a qualidade do ar noturno, como o l\u00edrio-da-paz ou a espada-de-s\u00e3o-jorge. Elas garantem um ambiente mais fresco e reduzem sintomas de alergia durante o sono.<\/p>\n\n\n\n<figure class=\"wp-block-image size-large\"><img loading=\"lazy\" decoding=\"async\" width=\"1024\" height=\"576\" src=\"https:\/\/www.em.com.br\/emfoco\/wp-content\/uploads\/2025\/11\/Areca-bambu-planta_1763070902605-1024x576.jpg\" alt=\"As melhores plantas para aliviar alergias e umidificar o ar em casa\" class=\"wp-image-127343\" srcset=\"https:\/\/www.em.com.br\/emfoco\/wp-content\/uploads\/2025\/11\/Areca-bambu-planta_1763070902605-1024x576.jpg 1024w, https:\/\/www.em.com.br\/emfoco\/wp-content\/uploads\/2025\/11\/Areca-bambu-planta_1763070902605-300x169.jpg 300w, https:\/\/www.em.com.br\/emfoco\/wp-content\/uploads\/2025\/11\/Areca-bambu-planta_1763070902605-768x432.jpg 768w, https:\/\/www.em.com.br\/emfoco\/wp-content\/uploads\/2025\/11\/Areca-bambu-planta_1763070902605-750x422.jpg 750w, https:\/\/www.em.com.br\/emfoco\/wp-content\/uploads\/2025\/11\/Areca-bambu-planta_1763070902605-1140x641.jpg 1140w, https:\/\/www.em.com.br\/emfoco\/wp-content\/uploads\/2025\/11\/Areca-bambu-planta_1763070902605.jpg 1280w\" sizes=\"auto, (max-width: 1024px) 100vw, 1024px\" \/><figcaption class=\"wp-element-caption\">5. Ambientes iluminados e ventilados favorecem a transpira\u00e7\u00e3o natural das folhas &#8211; Cr\u00e9ditos: depositphotos.com \/ Irina274<\/figcaption><\/figure>\n\n\n\n<h2 class=\"wp-block-heading\">Quais cuidados garantem o efeito purificador e saud\u00e1vel das plantas?<\/h2>\n\n\n\n<p>Para que o efeito das <strong><a href=\"https:\/\/revistacasaejardim.globo.com\/paisagismo\/noticia\/2021\/08\/plantas-umidificadoras-8-especies-para-melhorar-qualidade-do-ar.ghtml\" target=\"_blank\" rel=\"noreferrer noopener\">plantas umidificadoras<\/a><\/strong> seja cont\u00ednuo, \u00e9 importante manter uma rotina simples de cuidados. Confira abaixo algumas orienta\u00e7\u00f5es pr\u00e1ticas para conservar suas plantas saud\u00e1veis e funcionais dentro de casa.<\/p>\n\n\n\n<ul class=\"wp-block-list\">\n<li>Regue de duas a tr\u00eas vezes por semana, evitando encharcar o solo.<\/li>\n\n\n\n<li>Limpe as folhas com pano \u00famido para otimizar a libera\u00e7\u00e3o de vapor.<\/li>\n\n\n\n<li>Pode folhas secas e mantenha vasos em locais com luz indireta.<\/li>\n<\/ul>\n","protected":false},"excerpt":{"rendered":"<p>Algumas plantas purificam o ar e ajudam a aumentar a umidade dentro de casa, aliviando sintomas de alergias respirat\u00f3rias. Al\u00e9m de decorar, elas podem transformar o ambiente em um espa\u00e7o mais saud\u00e1vel e confort\u00e1vel para respirar melhor todos os dias. Como as plantas ajudam a melhorar a umidade e o ar? Durante a fotoss\u00edntese e [&hellip;]<\/p>\n","protected":false},"author":13,"featured_media":127339,"comment_status":"open","ping_status":"open","sticky":false,"template":"","format":"standard","meta":{"jnews-multi-image_gallery":[],"jnews_single_post":{"format":"standard"},"jnews_primary_category":[],"jnews_social_meta":[],"jnews_override_counter":[],"footnotes":""},"categories":[8819],"tags":[3358,12953,2000],"class_list":["post-127315","post","type-post","status-publish","format-standard","has-post-thumbnail","hentry","category-curiosidades","tag-jardinagem","tag-plantas-beneficas","tag-umidade"],"yoast_head":"<!-- This site is optimized with the Yoast SEO plugin v23.8 - https:\/\/yoast.com\/wordpress\/plugins\/seo\/ -->\n<title>As melhores plantas para aliviar alergias e umidificar o ar em casa - Estado de Minas - Em foco<\/title>\n<meta name=\"description\" content=\"Essas plantas deixam o ar mais \u00famido e limpo naturalmente e podem reduzir crises respirat\u00f3rias com um toque verde e decorativo.\" \/>\n<meta name=\"robots\" content=\"index, follow, max-snippet:-1, max-image-preview:large, max-video-preview:-1\" \/>\n<link rel=\"canonical\" href=\"https:\/\/www.em.com.br\/emfoco\/2025\/11\/17\/as-melhores-plantas-para-aliviar-alergias-e-umidificar-o-ar-em-casa\/\" \/>\n<meta property=\"og:locale\" content=\"pt_BR\" \/>\n<meta property=\"og:type\" content=\"article\" \/>\n<meta property=\"og:title\" content=\"As melhores plantas para aliviar alergias e umidificar o ar em casa - Estado de Minas - Em foco\" \/>\n<meta property=\"og:description\" content=\"Essas plantas deixam o ar mais \u00famido e limpo naturalmente e podem reduzir crises respirat\u00f3rias com um toque verde e decorativo.\" \/>\n<meta property=\"og:url\" content=\"https:\/\/www.em.com.br\/emfoco\/2025\/11\/17\/as-melhores-plantas-para-aliviar-alergias-e-umidificar-o-ar-em-casa\/\" \/>\n<meta property=\"og:site_name\" content=\"Estado de Minas - Em foco\" \/>\n<meta property=\"article:published_time\" content=\"2025-11-17T23:05:00+00:00\" \/>\n<meta property=\"article:modified_time\" content=\"2025-11-13T21:55:16+00:00\" \/>\n<meta property=\"og:image\" content=\"https:\/\/www.em.com.br\/emfoco\/wp-content\/uploads\/2025\/11\/image-5.jpg\" \/>\n\t<meta property=\"og:image:width\" content=\"1408\" \/>\n\t<meta property=\"og:image:height\" content=\"768\" \/>\n\t<meta property=\"og:image:type\" content=\"image\/jpeg\" \/>\n<meta name=\"author\" content=\"Gabriel Martins\" \/>\n<meta name=\"twitter:card\" content=\"summary_large_image\" \/>\n<meta name=\"twitter:label1\" content=\"Escrito por\" \/>\n\t<meta name=\"twitter:data1\" content=\"Gabriel Martins\" \/>\n\t<meta name=\"twitter:label2\" content=\"Est. tempo de leitura\" \/>\n\t<meta name=\"twitter:data2\" content=\"3 minutos\" \/>\n<!-- \/ Yoast SEO plugin. -->","yoast_head_json":{"title":"As melhores plantas para aliviar alergias e umidificar o ar em casa - Estado de Minas - Em foco","description":"Essas plantas deixam o ar mais \u00famido e limpo naturalmente e podem reduzir crises respirat\u00f3rias com um toque verde e decorativo.","robots":{"index":"index","follow":"follow","max-snippet":"max-snippet:-1","max-image-preview":"max-image-preview:large","max-video-preview":"max-video-preview:-1"},"canonical":"https:\/\/www.em.com.br\/emfoco\/2025\/11\/17\/as-melhores-plantas-para-aliviar-alergias-e-umidificar-o-ar-em-casa\/","og_locale":"pt_BR","og_type":"article","og_title":"As melhores plantas para aliviar alergias e umidificar o ar em casa - Estado de Minas - Em foco","og_description":"Essas plantas deixam o ar mais \u00famido e limpo naturalmente e podem reduzir crises respirat\u00f3rias com um toque verde e decorativo.","og_url":"https:\/\/www.em.com.br\/emfoco\/2025\/11\/17\/as-melhores-plantas-para-aliviar-alergias-e-umidificar-o-ar-em-casa\/","og_site_name":"Estado de Minas - Em foco","article_published_time":"2025-11-17T23:05:00+00:00","article_modified_time":"2025-11-13T21:55:16+00:00","og_image":[{"width":1408,"height":768,"url":"https:\/\/www.em.com.br\/emfoco\/wp-content\/uploads\/2025\/11\/image-5.jpg","type":"image\/jpeg"}],"author":"Gabriel Martins","twitter_card":"summary_large_image","twitter_misc":{"Escrito por":"Gabriel Martins","Est. tempo de leitura":"3 minutos"},"schema":{"@context":"https:\/\/schema.org","@graph":[{"@type":"WebPage","@id":"https:\/\/www.em.com.br\/emfoco\/2025\/11\/17\/as-melhores-plantas-para-aliviar-alergias-e-umidificar-o-ar-em-casa\/","url":"https:\/\/www.em.com.br\/emfoco\/2025\/11\/17\/as-melhores-plantas-para-aliviar-alergias-e-umidificar-o-ar-em-casa\/","name":"As melhores plantas para aliviar alergias e umidificar o ar em casa - Estado de Minas - Em foco","isPartOf":{"@id":"https:\/\/www.em.com.br\/emfoco\/#website"},"primaryImageOfPage":{"@id":"https:\/\/www.em.com.br\/emfoco\/2025\/11\/17\/as-melhores-plantas-para-aliviar-alergias-e-umidificar-o-ar-em-casa\/#primaryimage"},"image":{"@id":"https:\/\/www.em.com.br\/emfoco\/2025\/11\/17\/as-melhores-plantas-para-aliviar-alergias-e-umidificar-o-ar-em-casa\/#primaryimage"},"thumbnailUrl":"https:\/\/www.em.com.br\/emfoco\/wp-content\/uploads\/2025\/11\/image-5.jpg","datePublished":"2025-11-17T23:05:00+00:00","dateModified":"2025-11-13T21:55:16+00:00","author":{"@id":"https:\/\/www.em.com.br\/emfoco\/#\/schema\/person\/1c9ddeab18b98abeffef834667bcf08a"},"description":"Essas plantas deixam o ar mais \u00famido e limpo naturalmente e podem reduzir crises respirat\u00f3rias com um toque verde e decorativo.","breadcrumb":{"@id":"https:\/\/www.em.com.br\/emfoco\/2025\/11\/17\/as-melhores-plantas-para-aliviar-alergias-e-umidificar-o-ar-em-casa\/#breadcrumb"},"inLanguage":"pt-BR","potentialAction":[{"@type":"ReadAction","target":["https:\/\/www.em.com.br\/emfoco\/2025\/11\/17\/as-melhores-plantas-para-aliviar-alergias-e-umidificar-o-ar-em-casa\/"]}]},{"@type":"ImageObject","inLanguage":"pt-BR","@id":"https:\/\/www.em.com.br\/emfoco\/2025\/11\/17\/as-melhores-plantas-para-aliviar-alergias-e-umidificar-o-ar-em-casa\/#primaryimage","url":"https:\/\/www.em.com.br\/emfoco\/wp-content\/uploads\/2025\/11\/image-5.jpg","contentUrl":"https:\/\/www.em.com.br\/emfoco\/wp-content\/uploads\/2025\/11\/image-5.jpg","width":1408,"height":768,"caption":"Plantas umidificadoras melhoram o ar interno e aliviam alergias respirat\u00f3rias - Cr\u00e9ditos: Reprodu\u00e7\u00e3o \/ Lovart"},{"@type":"BreadcrumbList","@id":"https:\/\/www.em.com.br\/emfoco\/2025\/11\/17\/as-melhores-plantas-para-aliviar-alergias-e-umidificar-o-ar-em-casa\/#breadcrumb","itemListElement":[{"@type":"ListItem","position":1,"name":"In\u00edcio","item":"https:\/\/www.em.com.br\/emfoco\/"},{"@type":"ListItem","position":2,"name":"As melhores plantas para aliviar alergias e umidificar o ar em casa"}]},{"@type":"WebSite","@id":"https:\/\/www.em.com.br\/emfoco\/#website","url":"https:\/\/www.em.com.br\/emfoco\/","name":"Estado de Minas - Em foco","description":"Acompanhe as \u00faltimas not\u00edcias e fique bem informado sobre tudo o que acontece em Minas Gerais, Brasil e no mundo.","potentialAction":[{"@type":"SearchAction","target":{"@type":"EntryPoint","urlTemplate":"https:\/\/www.em.com.br\/emfoco\/?s={search_term_string}"},"query-input":{"@type":"PropertyValueSpecification","valueRequired":true,"valueName":"search_term_string"}}],"inLanguage":"pt-BR"},{"@type":"Person","@id":"https:\/\/www.em.com.br\/emfoco\/#\/schema\/person\/1c9ddeab18b98abeffef834667bcf08a","name":"Gabriel Martins","image":{"@type":"ImageObject","inLanguage":"pt-BR","@id":"https:\/\/www.em.com.br\/emfoco\/#\/schema\/person\/image\/","url":"https:\/\/secure.gravatar.com\/avatar\/f0f1e2efdfd88f1ad2cb08c5c2731e50?s=96&d=mm&r=g","contentUrl":"https:\/\/secure.gravatar.com\/avatar\/f0f1e2efdfd88f1ad2cb08c5c2731e50?s=96&d=mm&r=g","caption":"Gabriel Martins"},"sameAs":["https:\/\/www.em.com.br\/emfoco\/"],"url":"https:\/\/www.em.com.br\/emfoco\/author\/gabrielmartinsmyth\/"}]}},"_links":{"self":[{"href":"https:\/\/www.em.com.br\/emfoco\/wp-json\/wp\/v2\/posts\/127315","targetHints":{"allow":["GET"]}}],"collection":[{"href":"https:\/\/www.em.com.br\/emfoco\/wp-json\/wp\/v2\/posts"}],"about":[{"href":"https:\/\/www.em.com.br\/emfoco\/wp-json\/wp\/v2\/types\/post"}],"author":[{"embeddable":true,"href":"https:\/\/www.em.com.br\/emfoco\/wp-json\/wp\/v2\/users\/13"}],"replies":[{"embeddable":true,"href":"https:\/\/www.em.com.br\/emfoco\/wp-json\/wp\/v2\/comments?post=127315"}],"version-history":[{"count":1,"href":"https:\/\/www.em.com.br\/emfoco\/wp-json\/wp\/v2\/posts\/127315\/revisions"}],"predecessor-version":[{"id":127344,"href":"https:\/\/www.em.com.br\/emfoco\/wp-json\/wp\/v2\/posts\/127315\/revisions\/127344"}],"wp:featuredmedia":[{"embeddable":true,"href":"https:\/\/www.em.com.br\/emfoco\/wp-json\/wp\/v2\/media\/127339"}],"wp:attachment":[{"href":"https:\/\/www.em.com.br\/emfoco\/wp-json\/wp\/v2\/media?parent=127315"}],"wp:term":[{"taxonomy":"category","embeddable":true,"href":"https:\/\/www.em.com.br\/emfoco\/wp-json\/wp\/v2\/categories?post=127315"},{"taxonomy":"post_tag","embeddable":true,"href":"https:\/\/www.em.com.br\/emfoco\/wp-json\/wp\/v2\/tags?post=127315"}],"curies":[{"name":"wp","href":"https:\/\/api.w.org\/{rel}","templated":true}]}}