{"id":127314,"date":"2025-11-17T18:15:00","date_gmt":"2025-11-17T21:15:00","guid":{"rendered":"https:\/\/www.em.com.br\/emfoco\/?p=127314"},"modified":"2025-11-13T18:50:34","modified_gmt":"2025-11-13T21:50:34","slug":"como-recuperar-a-definicao-dos-cachos-apos-excesso-de-creme","status":"publish","type":"post","link":"https:\/\/www.em.com.br\/emfoco\/2025\/11\/17\/como-recuperar-a-definicao-dos-cachos-apos-excesso-de-creme\/","title":{"rendered":"Como recuperar a defini\u00e7\u00e3o dos cachos ap\u00f3s excesso de creme"},"content":{"rendered":"\n<p>O excesso de creme pode deixar os <strong>cabelos cacheados<\/strong> pesados, opacos e sem forma, criando um visual endurecido e sem movimento. Com t\u00e9cnicas simples, \u00e9 poss\u00edvel devolver a defini\u00e7\u00e3o sem agredir os fios ou perder volume.<\/p>\n\n\n\n<h2 class=\"wp-block-heading\">Por que o excesso de produto deixa os cachos sem forma?<\/h2>\n\n\n\n<p>Quando h\u00e1 ac\u00famulo de finalizador, o fio perde leveza e o <strong>formato natural<\/strong> fica prejudicado. Isso acontece porque o creme cria uma camada espessa que impede o movimento e reduz a elasticidade do cacho.<\/p>\n\n\n\n<p>Esse ac\u00famulo tamb\u00e9m cria apar\u00eancia sem brilho, dificultando a <strong>revitaliza\u00e7\u00e3o<\/strong> no dia seguinte. Remover o excesso \u00e9 essencial para recuperar a forma original e permitir que o fio responda melhor \u00e0 finaliza\u00e7\u00e3o.<\/p>\n\n\n\n<figure class=\"wp-block-image size-large\"><img loading=\"lazy\" decoding=\"async\" width=\"1024\" height=\"576\" src=\"https:\/\/www.em.com.br\/emfoco\/wp-content\/uploads\/2025\/11\/image-2-2-1024x576.jpg\" alt=\"Como recuperar a defini\u00e7\u00e3o dos cachos ap\u00f3s excesso de creme\" class=\"wp-image-127336\" srcset=\"https:\/\/www.em.com.br\/emfoco\/wp-content\/uploads\/2025\/11\/image-2-2-1024x576.jpg 1024w, https:\/\/www.em.com.br\/emfoco\/wp-content\/uploads\/2025\/11\/image-2-2-300x169.jpg 300w, https:\/\/www.em.com.br\/emfoco\/wp-content\/uploads\/2025\/11\/image-2-2-768x432.jpg 768w, https:\/\/www.em.com.br\/emfoco\/wp-content\/uploads\/2025\/11\/image-2-2-750x422.jpg 750w, https:\/\/www.em.com.br\/emfoco\/wp-content\/uploads\/2025\/11\/image-2-2-1140x641.jpg 1140w, https:\/\/www.em.com.br\/emfoco\/wp-content\/uploads\/2025\/11\/image-2-2.jpg 1280w\" sizes=\"auto, (max-width: 1024px) 100vw, 1024px\" \/><figcaption class=\"wp-element-caption\">Ac\u00famulo de produto impede leveza e prejudica a elasticidade natural &#8211; Cr\u00e9ditos: Reprodu\u00e7\u00e3o \/ Lovart<\/figcaption><\/figure>\n\n\n\n<h2 class=\"wp-block-heading\">Quais t\u00e9cnicas de limpeza removem o ac\u00famulo sem ressecar?<\/h2>\n\n\n\n<p>Para eliminar o excesso de produto mantendo os fios macios, algumas t\u00e9cnicas de limpeza suave funcionam muito bem. Abaixo est\u00e3o m\u00e9todos eficientes que devolvem leveza e deixam o cabelo pronto para uma nova defini\u00e7\u00e3o.<\/p>\n\n\n\n<ul class=\"wp-block-list\">\n<li><strong>Co-wash:<\/strong> limpa suavemente usando condicionador leve sem retirar a hidrata\u00e7\u00e3o natural.<\/li>\n\n\n\n<li><strong>Shampoo sem sulfato:<\/strong> remove res\u00edduos acumulados sem abrir demais a cut\u00edcula.<\/li>\n\n\n\n<li><strong>Massagem no couro cabeludo:<\/strong> solta ac\u00famulos e estimula a circula\u00e7\u00e3o, facilitando a limpeza.<\/li>\n<\/ul>\n\n\n\n<p><em>Leia mais: <strong><a href=\"https:\/\/www.em.com.br\/emfoco\/2025\/11\/13\/o-corte-que-ajuda-na-transicao-capilar-e-devolve-o-brilho-dos-cabelos-crespos\/\" target=\"_blank\" rel=\"noreferrer noopener\">O corte que ajuda na transi\u00e7\u00e3o capilar e devolve o brilho dos cabelos crespos<\/a><\/strong><\/em><\/p>\n\n\n\n<h2 class=\"wp-block-heading\">Como redefinir os cachos depois da limpeza correta?<\/h2>\n\n\n\n<p>Ap\u00f3s a limpeza, \u00e9 importante estimular o <strong>desenho dos cachos<\/strong> para que eles recuperem forma e movimento. T\u00e9cnicas como <strong><a href=\"https:\/\/www.boticario.com.br\/dicas-de-beleza\/fitagem-no-cabelo-o-que-e-e-como-fazer\/\" target=\"_blank\" rel=\"noreferrer noopener\">fitagem leve<\/a><\/strong> e \u201crake and shake\u201d trazem defini\u00e7\u00e3o sem pesar os fios.<\/p>\n\n\n\n<p>Usar \u00e1gua com creme dilu\u00eddo facilita a <strong>revitaliza\u00e7\u00e3o<\/strong> em \u00e1reas amassadas. Amassar as mechas de baixo para cima reativa a mem\u00f3ria do cacho, garantindo volume natural e mantendo a leveza.<\/p>\n\n\n\n<figure class=\"wp-block-image size-large\"><img loading=\"lazy\" decoding=\"async\" width=\"1024\" height=\"576\" src=\"https:\/\/www.em.com.br\/emfoco\/wp-content\/uploads\/2025\/11\/Cabelos-cacheados_1763070623326-1024x576.jpg\" alt=\"Como recuperar a defini\u00e7\u00e3o dos cachos ap\u00f3s excesso de creme\" class=\"wp-image-127337\" srcset=\"https:\/\/www.em.com.br\/emfoco\/wp-content\/uploads\/2025\/11\/Cabelos-cacheados_1763070623326-1024x576.jpg 1024w, https:\/\/www.em.com.br\/emfoco\/wp-content\/uploads\/2025\/11\/Cabelos-cacheados_1763070623326-300x169.jpg 300w, https:\/\/www.em.com.br\/emfoco\/wp-content\/uploads\/2025\/11\/Cabelos-cacheados_1763070623326-768x432.jpg 768w, https:\/\/www.em.com.br\/emfoco\/wp-content\/uploads\/2025\/11\/Cabelos-cacheados_1763070623326-750x422.jpg 750w, https:\/\/www.em.com.br\/emfoco\/wp-content\/uploads\/2025\/11\/Cabelos-cacheados_1763070623326-1140x641.jpg 1140w, https:\/\/www.em.com.br\/emfoco\/wp-content\/uploads\/2025\/11\/Cabelos-cacheados_1763070623326.jpg 1280w\" sizes=\"auto, (max-width: 1024px) 100vw, 1024px\" \/><figcaption class=\"wp-element-caption\">Cremes leves evitam peso excessivo e mant\u00eam cachos bem estruturados &#8211; Cr\u00e9ditos: depositphotos.com \/ Y-Boychenko<\/figcaption><\/figure>\n\n\n\n<h2 class=\"wp-block-heading\">Quais cuidados evitam novo ac\u00famulo e mant\u00eam o cabelo leve?<\/h2>\n\n\n\n<p>Pequenos ajustes na rotina ajudam a evitar ac\u00famulos e conservar a <strong>leveza dos fios<\/strong>. A seguir, veja pr\u00e1ticas simples que mant\u00eam a defini\u00e7\u00e3o por mais tempo sem comprometer o brilho ou o volume.<\/p>\n\n\n\n<ul class=\"wp-block-list\">\n<li><strong>Creme na medida:<\/strong> usar menos quantidade evita peso e define melhor os fios.<\/li>\n\n\n\n<li><strong>Finalizadores leves:<\/strong> f\u00f3rmulas mais fluidas mant\u00eam o volume sem causar rigidez.<\/li>\n\n\n\n<li><strong>Lavagens regulares:<\/strong> evitam que res\u00edduos se acumulem e prejudiquem o movimento natural.<\/li>\n<\/ul>\n\n\n\n<p>Com pequenas mudan\u00e7as e escolhas leves, os <strong>cachos<\/strong> recuperam defini\u00e7\u00e3o, brilho e movimento rapidamente, mantendo o formato natural sem esfor\u00e7o.<\/p>\n\n\n\n<p><\/p>\n","protected":false},"excerpt":{"rendered":"<p>O excesso de creme pode deixar os cabelos cacheados pesados, opacos e sem forma, criando um visual endurecido e sem movimento. Com t\u00e9cnicas simples, \u00e9 poss\u00edvel devolver a defini\u00e7\u00e3o sem agredir os fios ou perder volume. Por que o excesso de produto deixa os cachos sem forma? Quando h\u00e1 ac\u00famulo de finalizador, o fio perde [&hellip;]<\/p>\n","protected":false},"author":13,"featured_media":127335,"comment_status":"open","ping_status":"open","sticky":false,"template":"","format":"standard","meta":{"jnews-multi-image_gallery":[],"jnews_single_post":{"format":"standard"},"jnews_primary_category":[],"jnews_social_meta":[],"jnews_override_counter":[],"footnotes":""},"categories":[8819],"tags":[4886,9808,18835],"class_list":["post-127314","post","type-post","status-publish","format-standard","has-post-thumbnail","hentry","category-curiosidades","tag-cabelos-cacheados","tag-cachos-definidos","tag-revitalizacao-dos-cachos"],"yoast_head":"<!-- This site is optimized with the Yoast SEO plugin v23.8 - https:\/\/yoast.com\/wordpress\/plugins\/seo\/ -->\n<title>Como recuperar a defini\u00e7\u00e3o dos cachos ap\u00f3s excesso de creme - Estado de Minas - Em foco<\/title>\n<meta name=\"description\" content=\"Excesso de creme pode deixar os cachos pesados e sem brilho. Veja como limpar os fios e recuperar a leveza sem ressecar.\" \/>\n<meta name=\"robots\" content=\"index, follow, max-snippet:-1, max-image-preview:large, max-video-preview:-1\" \/>\n<link rel=\"canonical\" href=\"https:\/\/www.em.com.br\/emfoco\/2025\/11\/17\/como-recuperar-a-definicao-dos-cachos-apos-excesso-de-creme\/\" \/>\n<meta property=\"og:locale\" content=\"pt_BR\" \/>\n<meta property=\"og:type\" content=\"article\" \/>\n<meta property=\"og:title\" content=\"Como recuperar a defini\u00e7\u00e3o dos cachos ap\u00f3s excesso de creme - Estado de Minas - Em foco\" \/>\n<meta property=\"og:description\" content=\"Excesso de creme pode deixar os cachos pesados e sem brilho. Veja como limpar os fios e recuperar a leveza sem ressecar.\" \/>\n<meta property=\"og:url\" content=\"https:\/\/www.em.com.br\/emfoco\/2025\/11\/17\/como-recuperar-a-definicao-dos-cachos-apos-excesso-de-creme\/\" \/>\n<meta property=\"og:site_name\" content=\"Estado de Minas - Em foco\" \/>\n<meta property=\"article:published_time\" content=\"2025-11-17T21:15:00+00:00\" \/>\n<meta property=\"article:modified_time\" content=\"2025-11-13T21:50:34+00:00\" \/>\n<meta property=\"og:image\" content=\"https:\/\/www.em.com.br\/emfoco\/wp-content\/uploads\/2025\/11\/image-1-3.jpg\" \/>\n\t<meta property=\"og:image:width\" content=\"1280\" \/>\n\t<meta property=\"og:image:height\" content=\"720\" \/>\n\t<meta property=\"og:image:type\" content=\"image\/jpeg\" \/>\n<meta name=\"author\" content=\"Gabriel Martins\" \/>\n<meta name=\"twitter:card\" content=\"summary_large_image\" \/>\n<meta name=\"twitter:label1\" content=\"Escrito por\" \/>\n\t<meta name=\"twitter:data1\" content=\"Gabriel Martins\" \/>\n\t<meta name=\"twitter:label2\" content=\"Est. tempo de leitura\" \/>\n\t<meta name=\"twitter:data2\" content=\"3 minutos\" \/>\n<!-- \/ Yoast SEO plugin. -->","yoast_head_json":{"title":"Como recuperar a defini\u00e7\u00e3o dos cachos ap\u00f3s excesso de creme - Estado de Minas - Em foco","description":"Excesso de creme pode deixar os cachos pesados e sem brilho. Veja como limpar os fios e recuperar a leveza sem ressecar.","robots":{"index":"index","follow":"follow","max-snippet":"max-snippet:-1","max-image-preview":"max-image-preview:large","max-video-preview":"max-video-preview:-1"},"canonical":"https:\/\/www.em.com.br\/emfoco\/2025\/11\/17\/como-recuperar-a-definicao-dos-cachos-apos-excesso-de-creme\/","og_locale":"pt_BR","og_type":"article","og_title":"Como recuperar a defini\u00e7\u00e3o dos cachos ap\u00f3s excesso de creme - Estado de Minas - Em foco","og_description":"Excesso de creme pode deixar os cachos pesados e sem brilho. Veja como limpar os fios e recuperar a leveza sem ressecar.","og_url":"https:\/\/www.em.com.br\/emfoco\/2025\/11\/17\/como-recuperar-a-definicao-dos-cachos-apos-excesso-de-creme\/","og_site_name":"Estado de Minas - Em foco","article_published_time":"2025-11-17T21:15:00+00:00","article_modified_time":"2025-11-13T21:50:34+00:00","og_image":[{"width":1280,"height":720,"url":"https:\/\/www.em.com.br\/emfoco\/wp-content\/uploads\/2025\/11\/image-1-3.jpg","type":"image\/jpeg"}],"author":"Gabriel Martins","twitter_card":"summary_large_image","twitter_misc":{"Escrito por":"Gabriel Martins","Est. tempo de leitura":"3 minutos"},"schema":{"@context":"https:\/\/schema.org","@graph":[{"@type":"WebPage","@id":"https:\/\/www.em.com.br\/emfoco\/2025\/11\/17\/como-recuperar-a-definicao-dos-cachos-apos-excesso-de-creme\/","url":"https:\/\/www.em.com.br\/emfoco\/2025\/11\/17\/como-recuperar-a-definicao-dos-cachos-apos-excesso-de-creme\/","name":"Como recuperar a defini\u00e7\u00e3o dos cachos ap\u00f3s excesso de creme - Estado de Minas - Em foco","isPartOf":{"@id":"https:\/\/www.em.com.br\/emfoco\/#website"},"primaryImageOfPage":{"@id":"https:\/\/www.em.com.br\/emfoco\/2025\/11\/17\/como-recuperar-a-definicao-dos-cachos-apos-excesso-de-creme\/#primaryimage"},"image":{"@id":"https:\/\/www.em.com.br\/emfoco\/2025\/11\/17\/como-recuperar-a-definicao-dos-cachos-apos-excesso-de-creme\/#primaryimage"},"thumbnailUrl":"https:\/\/www.em.com.br\/emfoco\/wp-content\/uploads\/2025\/11\/image-1-3.jpg","datePublished":"2025-11-17T21:15:00+00:00","dateModified":"2025-11-13T21:50:34+00:00","author":{"@id":"https:\/\/www.em.com.br\/emfoco\/#\/schema\/person\/1c9ddeab18b98abeffef834667bcf08a"},"description":"Excesso de creme pode deixar os cachos pesados e sem brilho. Veja como limpar os fios e recuperar a leveza sem ressecar.","breadcrumb":{"@id":"https:\/\/www.em.com.br\/emfoco\/2025\/11\/17\/como-recuperar-a-definicao-dos-cachos-apos-excesso-de-creme\/#breadcrumb"},"inLanguage":"pt-BR","potentialAction":[{"@type":"ReadAction","target":["https:\/\/www.em.com.br\/emfoco\/2025\/11\/17\/como-recuperar-a-definicao-dos-cachos-apos-excesso-de-creme\/"]}]},{"@type":"ImageObject","inLanguage":"pt-BR","@id":"https:\/\/www.em.com.br\/emfoco\/2025\/11\/17\/como-recuperar-a-definicao-dos-cachos-apos-excesso-de-creme\/#primaryimage","url":"https:\/\/www.em.com.br\/emfoco\/wp-content\/uploads\/2025\/11\/image-1-3.jpg","contentUrl":"https:\/\/www.em.com.br\/emfoco\/wp-content\/uploads\/2025\/11\/image-1-3.jpg","width":1280,"height":720,"caption":"Excesso de creme pesa os cachos e reduz totalmente a defini\u00e7\u00e3o - Cr\u00e9ditos: Reprodu\u00e7\u00e3o \/ Lovart"},{"@type":"BreadcrumbList","@id":"https:\/\/www.em.com.br\/emfoco\/2025\/11\/17\/como-recuperar-a-definicao-dos-cachos-apos-excesso-de-creme\/#breadcrumb","itemListElement":[{"@type":"ListItem","position":1,"name":"In\u00edcio","item":"https:\/\/www.em.com.br\/emfoco\/"},{"@type":"ListItem","position":2,"name":"Como recuperar a defini\u00e7\u00e3o dos cachos ap\u00f3s excesso de creme"}]},{"@type":"WebSite","@id":"https:\/\/www.em.com.br\/emfoco\/#website","url":"https:\/\/www.em.com.br\/emfoco\/","name":"Estado de Minas - Em foco","description":"Acompanhe as \u00faltimas not\u00edcias e fique bem informado sobre tudo o que acontece em Minas Gerais, Brasil e no mundo.","potentialAction":[{"@type":"SearchAction","target":{"@type":"EntryPoint","urlTemplate":"https:\/\/www.em.com.br\/emfoco\/?s={search_term_string}"},"query-input":{"@type":"PropertyValueSpecification","valueRequired":true,"valueName":"search_term_string"}}],"inLanguage":"pt-BR"},{"@type":"Person","@id":"https:\/\/www.em.com.br\/emfoco\/#\/schema\/person\/1c9ddeab18b98abeffef834667bcf08a","name":"Gabriel Martins","image":{"@type":"ImageObject","inLanguage":"pt-BR","@id":"https:\/\/www.em.com.br\/emfoco\/#\/schema\/person\/image\/","url":"https:\/\/secure.gravatar.com\/avatar\/f0f1e2efdfd88f1ad2cb08c5c2731e50?s=96&d=mm&r=g","contentUrl":"https:\/\/secure.gravatar.com\/avatar\/f0f1e2efdfd88f1ad2cb08c5c2731e50?s=96&d=mm&r=g","caption":"Gabriel Martins"},"sameAs":["https:\/\/www.em.com.br\/emfoco\/"],"url":"https:\/\/www.em.com.br\/emfoco\/author\/gabrielmartinsmyth\/"}]}},"_links":{"self":[{"href":"https:\/\/www.em.com.br\/emfoco\/wp-json\/wp\/v2\/posts\/127314","targetHints":{"allow":["GET"]}}],"collection":[{"href":"https:\/\/www.em.com.br\/emfoco\/wp-json\/wp\/v2\/posts"}],"about":[{"href":"https:\/\/www.em.com.br\/emfoco\/wp-json\/wp\/v2\/types\/post"}],"author":[{"embeddable":true,"href":"https:\/\/www.em.com.br\/emfoco\/wp-json\/wp\/v2\/users\/13"}],"replies":[{"embeddable":true,"href":"https:\/\/www.em.com.br\/emfoco\/wp-json\/wp\/v2\/comments?post=127314"}],"version-history":[{"count":1,"href":"https:\/\/www.em.com.br\/emfoco\/wp-json\/wp\/v2\/posts\/127314\/revisions"}],"predecessor-version":[{"id":127338,"href":"https:\/\/www.em.com.br\/emfoco\/wp-json\/wp\/v2\/posts\/127314\/revisions\/127338"}],"wp:featuredmedia":[{"embeddable":true,"href":"https:\/\/www.em.com.br\/emfoco\/wp-json\/wp\/v2\/media\/127335"}],"wp:attachment":[{"href":"https:\/\/www.em.com.br\/emfoco\/wp-json\/wp\/v2\/media?parent=127314"}],"wp:term":[{"taxonomy":"category","embeddable":true,"href":"https:\/\/www.em.com.br\/emfoco\/wp-json\/wp\/v2\/categories?post=127314"},{"taxonomy":"post_tag","embeddable":true,"href":"https:\/\/www.em.com.br\/emfoco\/wp-json\/wp\/v2\/tags?post=127314"}],"curies":[{"name":"wp","href":"https:\/\/api.w.org\/{rel}","templated":true}]}}