{"id":127313,"date":"2025-11-17T17:35:00","date_gmt":"2025-11-17T20:35:00","guid":{"rendered":"https:\/\/www.em.com.br\/emfoco\/?p=127313"},"modified":"2025-11-13T18:46:05","modified_gmt":"2025-11-13T21:46:05","slug":"como-criar-um-jardim-com-flores-que-atraem-abelhas-e-borboletas-e-dao-vida-ao-seu-quintal","status":"publish","type":"post","link":"https:\/\/www.em.com.br\/emfoco\/2025\/11\/17\/como-criar-um-jardim-com-flores-que-atraem-abelhas-e-borboletas-e-dao-vida-ao-seu-quintal\/","title":{"rendered":"Como criar um jardim com flores que atraem abelhas e borboletas e d\u00e3o vida ao seu quintal"},"content":{"rendered":"\n<p>Um <strong>jardim para atrair polinizadores<\/strong> pode transformar o quintal em um ref\u00fagio vivo e colorido. Al\u00e9m de deixar o espa\u00e7o mais bonito, essa t\u00e9cnica natural aumenta a biodiversidade e atrai abelhas, borboletas e beija-flores em busca de n\u00e9ctar.<\/p>\n\n\n\n<h2 class=\"wp-block-heading\">Como um jardim para polinizadores muda o ambiente da sua casa?<\/h2>\n\n\n\n<p>Ao cultivar plantas que atraem abelhas e borboletas, voc\u00ea cria um ecossistema equilibrado e saud\u00e1vel. Esses <strong><a href=\"https:\/\/elevagro.com\/o-papel-dos-polinizadores\/\" target=\"_blank\" rel=\"noreferrer noopener\">polinizadores <\/a><\/strong>s\u00e3o respons\u00e1veis por manter a reprodu\u00e7\u00e3o das flores e o crescimento de frutas e vegetais no jardim.<\/p>\n\n\n\n<p>Al\u00e9m de embelezar o espa\u00e7o, essa pr\u00e1tica ajuda a manter o solo f\u00e9rtil e promove o equil\u00edbrio natural. Um jardim biodiverso tamb\u00e9m reduz a presen\u00e7a de pragas, j\u00e1 que atrai insetos ben\u00e9ficos que auxiliam no controle ecol\u00f3gico.<\/p>\n\n\n\n<figure class=\"wp-block-image size-large\"><img loading=\"lazy\" decoding=\"async\" width=\"1024\" height=\"576\" src=\"https:\/\/www.em.com.br\/emfoco\/wp-content\/uploads\/2025\/11\/Petunia-flores_1763070290174-1024x576.jpg\" alt=\"Como criar um jardim com flores que atraem abelhas e borboletas e d\u00e3o vida ao seu quintal\" class=\"wp-image-127329\" srcset=\"https:\/\/www.em.com.br\/emfoco\/wp-content\/uploads\/2025\/11\/Petunia-flores_1763070290174-1024x576.jpg 1024w, https:\/\/www.em.com.br\/emfoco\/wp-content\/uploads\/2025\/11\/Petunia-flores_1763070290174-300x169.jpg 300w, https:\/\/www.em.com.br\/emfoco\/wp-content\/uploads\/2025\/11\/Petunia-flores_1763070290174-768x432.jpg 768w, https:\/\/www.em.com.br\/emfoco\/wp-content\/uploads\/2025\/11\/Petunia-flores_1763070290174-750x422.jpg 750w, https:\/\/www.em.com.br\/emfoco\/wp-content\/uploads\/2025\/11\/Petunia-flores_1763070290174-1140x641.jpg 1140w, https:\/\/www.em.com.br\/emfoco\/wp-content\/uploads\/2025\/11\/Petunia-flores_1763070290174.jpg 1280w\" sizes=\"auto, (max-width: 1024px) 100vw, 1024px\" \/><figcaption class=\"wp-element-caption\">Abelhas e borboletas garantem a reprodu\u00e7\u00e3o saud\u00e1vel das flores &#8211; Cr\u00e9ditos: depositphotos.com \/ sharafmaksumov<\/figcaption><\/figure>\n\n\n\n<h2 class=\"wp-block-heading\">Quais plantas atraem mais abelhas, borboletas e beija-flores?<\/h2>\n\n\n\n<p>Escolher as esp\u00e9cies certas \u00e9 essencial para garantir movimento e cor o ano todo. Confira na lista abaixo plantas que atraem diferentes tipos de polinizadores e contribuem para um quintal mais saud\u00e1vel e vibrante.<\/p>\n\n\n\n<ul class=\"wp-block-list\">\n<li><strong>Lavanda e girassol:<\/strong> atraem abelhas e fornecem n\u00e9ctar abundante durante o ver\u00e3o.<\/li>\n\n\n\n<li><strong>Manjeric\u00e3o, alecrim e lantana:<\/strong> ideais para borboletas, combinam aroma e colora\u00e7\u00e3o intensa.<\/li>\n\n\n\n<li><strong>Camar\u00e3o-amarelo, pet\u00fania e s\u00e1lvias:<\/strong> encantam beija-flores com suas flores tubulares e vibrantes.<\/li>\n<\/ul>\n\n\n\n<p><em>Leia mais: <strong><a href=\"https:\/\/www.em.com.br\/emfoco\/2025\/11\/11\/nao-jogue-fora-a-casca-de-ovo-elas-podem-salvar-a-vida-das-suas-plantas\/\" target=\"_blank\" rel=\"noreferrer noopener\">N\u00e3o jogue fora a casca de ovo, elas podem salvar a vida das suas plantas<\/a><\/strong><\/em><\/p>\n\n\n\n<h2 class=\"wp-block-heading\">Como posicionar e combinar as plantas no quintal?<\/h2>\n\n\n\n<p>O segredo de um <strong>jardim sustent\u00e1vel<\/strong> est\u00e1 na disposi\u00e7\u00e3o inteligente das plantas. Prefira locais com sol direto e boa ventila\u00e7\u00e3o, posicionando as flores maiores ao fundo e as menores na frente para criar um efeito visual harmonioso e atrativo.<\/p>\n\n\n\n<p>Combine esp\u00e9cies com diferentes alturas e \u00e9pocas de flora\u00e7\u00e3o para manter o jardim ativo o ano todo. Isso garante alimento constante aos polinizadores e um visual sempre colorido, mesmo fora da primavera.<\/p>\n\n\n\n<figure class=\"wp-block-image size-large\"><img loading=\"lazy\" decoding=\"async\" width=\"1024\" height=\"576\" src=\"https:\/\/www.em.com.br\/emfoco\/wp-content\/uploads\/2025\/11\/Girassol-flores_1763070349844-1024x576.jpg\" alt=\"Como criar um jardim com flores que atraem abelhas e borboletas e d\u00e3o vida ao seu quintal\" class=\"wp-image-127333\" srcset=\"https:\/\/www.em.com.br\/emfoco\/wp-content\/uploads\/2025\/11\/Girassol-flores_1763070349844-1024x576.jpg 1024w, https:\/\/www.em.com.br\/emfoco\/wp-content\/uploads\/2025\/11\/Girassol-flores_1763070349844-300x169.jpg 300w, https:\/\/www.em.com.br\/emfoco\/wp-content\/uploads\/2025\/11\/Girassol-flores_1763070349844-768x432.jpg 768w, https:\/\/www.em.com.br\/emfoco\/wp-content\/uploads\/2025\/11\/Girassol-flores_1763070349844-750x422.jpg 750w, https:\/\/www.em.com.br\/emfoco\/wp-content\/uploads\/2025\/11\/Girassol-flores_1763070349844-1140x641.jpg 1140w, https:\/\/www.em.com.br\/emfoco\/wp-content\/uploads\/2025\/11\/Girassol-flores_1763070349844.jpg 1280w\" sizes=\"auto, (max-width: 1024px) 100vw, 1024px\" \/><figcaption class=\"wp-element-caption\">Lavanda e girassol oferecem n\u00e9ctar abundante durante os meses quentes &#8211; Cr\u00e9ditos: depositphotos.com \/ kavita<\/figcaption><\/figure>\n\n\n\n<h2 class=\"wp-block-heading\">Quais cuidados garantem um jardim saud\u00e1vel e cheio de vida?<\/h2>\n\n\n\n<p>Para manter o <strong>jardim de polinizadores<\/strong> sempre saud\u00e1vel, o ideal \u00e9 usar solo f\u00e9rtil, garantir regas moderadas e evitar o uso de pesticidas, que afastam os insetos ben\u00e9ficos e prejudicam o equil\u00edbrio natural do ecossistema.<\/p>\n\n\n\n<ul class=\"wp-block-list\">\n<li>Evite produtos qu\u00edmicos e prefira adubos org\u00e2nicos ou compostagem.<\/li>\n\n\n\n<li>Regue em hor\u00e1rios frescos, como in\u00edcio da manh\u00e3 ou fim da tarde.<\/li>\n\n\n\n<li>Inclua pequenos bebedouros com \u00e1gua limpa para beija-flores e abelhas.<\/li>\n<\/ul>\n","protected":false},"excerpt":{"rendered":"<p>Um jardim para atrair polinizadores pode transformar o quintal em um ref\u00fagio vivo e colorido. Al\u00e9m de deixar o espa\u00e7o mais bonito, essa t\u00e9cnica natural aumenta a biodiversidade e atrai abelhas, borboletas e beija-flores em busca de n\u00e9ctar. Como um jardim para polinizadores muda o ambiente da sua casa? Ao cultivar plantas que atraem abelhas [&hellip;]<\/p>\n","protected":false},"author":13,"featured_media":127331,"comment_status":"open","ping_status":"open","sticky":false,"template":"","format":"standard","meta":{"jnews-multi-image_gallery":[],"jnews_single_post":{"format":"standard"},"jnews_primary_category":[],"jnews_social_meta":[],"jnews_override_counter":[],"footnotes":""},"categories":[8819],"tags":[3325,3358,10341,6629],"class_list":["post-127313","post","type-post","status-publish","format-standard","has-post-thumbnail","hentry","category-curiosidades","tag-jardim","tag-jardinagem","tag-polinizadores","tag-quintal"],"yoast_head":"<!-- This site is optimized with the Yoast SEO plugin v23.8 - https:\/\/yoast.com\/wordpress\/plugins\/seo\/ -->\n<title>Como criar um jardim com flores que atraem abelhas e borboletas e d\u00e3o vida ao seu quintal - Estado de Minas - Em foco<\/title>\n<meta name=\"description\" content=\"Flores simples podem atrair abelhas e borboletas e transformar seu jardim em um espa\u00e7o vivo e equilibrado. Veja como montar o seu.\" \/>\n<meta name=\"robots\" content=\"index, follow, max-snippet:-1, max-image-preview:large, max-video-preview:-1\" \/>\n<link rel=\"canonical\" href=\"https:\/\/www.em.com.br\/emfoco\/2025\/11\/17\/como-criar-um-jardim-com-flores-que-atraem-abelhas-e-borboletas-e-dao-vida-ao-seu-quintal\/\" \/>\n<meta property=\"og:locale\" content=\"pt_BR\" \/>\n<meta property=\"og:type\" content=\"article\" \/>\n<meta property=\"og:title\" content=\"Como criar um jardim com flores que atraem abelhas e borboletas e d\u00e3o vida ao seu quintal - Estado de Minas - Em foco\" \/>\n<meta property=\"og:description\" content=\"Flores simples podem atrair abelhas e borboletas e transformar seu jardim em um espa\u00e7o vivo e equilibrado. Veja como montar o seu.\" \/>\n<meta property=\"og:url\" content=\"https:\/\/www.em.com.br\/emfoco\/2025\/11\/17\/como-criar-um-jardim-com-flores-que-atraem-abelhas-e-borboletas-e-dao-vida-ao-seu-quintal\/\" \/>\n<meta property=\"og:site_name\" content=\"Estado de Minas - Em foco\" \/>\n<meta property=\"article:published_time\" content=\"2025-11-17T20:35:00+00:00\" \/>\n<meta property=\"article:modified_time\" content=\"2025-11-13T21:46:05+00:00\" \/>\n<meta property=\"og:image\" content=\"https:\/\/www.em.com.br\/emfoco\/wp-content\/uploads\/2025\/11\/image-4.jpg\" \/>\n\t<meta property=\"og:image:width\" content=\"1280\" \/>\n\t<meta property=\"og:image:height\" content=\"720\" \/>\n\t<meta property=\"og:image:type\" content=\"image\/jpeg\" \/>\n<meta name=\"author\" content=\"Gabriel Martins\" \/>\n<meta name=\"twitter:card\" content=\"summary_large_image\" \/>\n<meta name=\"twitter:label1\" content=\"Escrito por\" \/>\n\t<meta name=\"twitter:data1\" content=\"Gabriel Martins\" \/>\n\t<meta name=\"twitter:label2\" content=\"Est. tempo de leitura\" \/>\n\t<meta name=\"twitter:data2\" content=\"3 minutos\" \/>\n<!-- \/ Yoast SEO plugin. -->","yoast_head_json":{"title":"Como criar um jardim com flores que atraem abelhas e borboletas e d\u00e3o vida ao seu quintal - Estado de Minas - Em foco","description":"Flores simples podem atrair abelhas e borboletas e transformar seu jardim em um espa\u00e7o vivo e equilibrado. Veja como montar o seu.","robots":{"index":"index","follow":"follow","max-snippet":"max-snippet:-1","max-image-preview":"max-image-preview:large","max-video-preview":"max-video-preview:-1"},"canonical":"https:\/\/www.em.com.br\/emfoco\/2025\/11\/17\/como-criar-um-jardim-com-flores-que-atraem-abelhas-e-borboletas-e-dao-vida-ao-seu-quintal\/","og_locale":"pt_BR","og_type":"article","og_title":"Como criar um jardim com flores que atraem abelhas e borboletas e d\u00e3o vida ao seu quintal - Estado de Minas - Em foco","og_description":"Flores simples podem atrair abelhas e borboletas e transformar seu jardim em um espa\u00e7o vivo e equilibrado. Veja como montar o seu.","og_url":"https:\/\/www.em.com.br\/emfoco\/2025\/11\/17\/como-criar-um-jardim-com-flores-que-atraem-abelhas-e-borboletas-e-dao-vida-ao-seu-quintal\/","og_site_name":"Estado de Minas - Em foco","article_published_time":"2025-11-17T20:35:00+00:00","article_modified_time":"2025-11-13T21:46:05+00:00","og_image":[{"width":1280,"height":720,"url":"https:\/\/www.em.com.br\/emfoco\/wp-content\/uploads\/2025\/11\/image-4.jpg","type":"image\/jpeg"}],"author":"Gabriel Martins","twitter_card":"summary_large_image","twitter_misc":{"Escrito por":"Gabriel Martins","Est. tempo de leitura":"3 minutos"},"schema":{"@context":"https:\/\/schema.org","@graph":[{"@type":"WebPage","@id":"https:\/\/www.em.com.br\/emfoco\/2025\/11\/17\/como-criar-um-jardim-com-flores-que-atraem-abelhas-e-borboletas-e-dao-vida-ao-seu-quintal\/","url":"https:\/\/www.em.com.br\/emfoco\/2025\/11\/17\/como-criar-um-jardim-com-flores-que-atraem-abelhas-e-borboletas-e-dao-vida-ao-seu-quintal\/","name":"Como criar um jardim com flores que atraem abelhas e borboletas e d\u00e3o vida ao seu quintal - Estado de Minas - Em foco","isPartOf":{"@id":"https:\/\/www.em.com.br\/emfoco\/#website"},"primaryImageOfPage":{"@id":"https:\/\/www.em.com.br\/emfoco\/2025\/11\/17\/como-criar-um-jardim-com-flores-que-atraem-abelhas-e-borboletas-e-dao-vida-ao-seu-quintal\/#primaryimage"},"image":{"@id":"https:\/\/www.em.com.br\/emfoco\/2025\/11\/17\/como-criar-um-jardim-com-flores-que-atraem-abelhas-e-borboletas-e-dao-vida-ao-seu-quintal\/#primaryimage"},"thumbnailUrl":"https:\/\/www.em.com.br\/emfoco\/wp-content\/uploads\/2025\/11\/image-4.jpg","datePublished":"2025-11-17T20:35:00+00:00","dateModified":"2025-11-13T21:46:05+00:00","author":{"@id":"https:\/\/www.em.com.br\/emfoco\/#\/schema\/person\/1c9ddeab18b98abeffef834667bcf08a"},"description":"Flores simples podem atrair abelhas e borboletas e transformar seu jardim em um espa\u00e7o vivo e equilibrado. Veja como montar o seu.","breadcrumb":{"@id":"https:\/\/www.em.com.br\/emfoco\/2025\/11\/17\/como-criar-um-jardim-com-flores-que-atraem-abelhas-e-borboletas-e-dao-vida-ao-seu-quintal\/#breadcrumb"},"inLanguage":"pt-BR","potentialAction":[{"@type":"ReadAction","target":["https:\/\/www.em.com.br\/emfoco\/2025\/11\/17\/como-criar-um-jardim-com-flores-que-atraem-abelhas-e-borboletas-e-dao-vida-ao-seu-quintal\/"]}]},{"@type":"ImageObject","inLanguage":"pt-BR","@id":"https:\/\/www.em.com.br\/emfoco\/2025\/11\/17\/como-criar-um-jardim-com-flores-que-atraem-abelhas-e-borboletas-e-dao-vida-ao-seu-quintal\/#primaryimage","url":"https:\/\/www.em.com.br\/emfoco\/wp-content\/uploads\/2025\/11\/image-4.jpg","contentUrl":"https:\/\/www.em.com.br\/emfoco\/wp-content\/uploads\/2025\/11\/image-4.jpg","width":1280,"height":720,"caption":"Jardins para polinizadores aumentam a biodiversidade e transformam o quintal - Cr\u00e9ditos: Reprodu\u00e7\u00e3o \/ Lovart"},{"@type":"BreadcrumbList","@id":"https:\/\/www.em.com.br\/emfoco\/2025\/11\/17\/como-criar-um-jardim-com-flores-que-atraem-abelhas-e-borboletas-e-dao-vida-ao-seu-quintal\/#breadcrumb","itemListElement":[{"@type":"ListItem","position":1,"name":"In\u00edcio","item":"https:\/\/www.em.com.br\/emfoco\/"},{"@type":"ListItem","position":2,"name":"Como criar um jardim com flores que atraem abelhas e borboletas e d\u00e3o vida ao seu quintal"}]},{"@type":"WebSite","@id":"https:\/\/www.em.com.br\/emfoco\/#website","url":"https:\/\/www.em.com.br\/emfoco\/","name":"Estado de Minas - Em foco","description":"Acompanhe as \u00faltimas not\u00edcias e fique bem informado sobre tudo o que acontece em Minas Gerais, Brasil e no mundo.","potentialAction":[{"@type":"SearchAction","target":{"@type":"EntryPoint","urlTemplate":"https:\/\/www.em.com.br\/emfoco\/?s={search_term_string}"},"query-input":{"@type":"PropertyValueSpecification","valueRequired":true,"valueName":"search_term_string"}}],"inLanguage":"pt-BR"},{"@type":"Person","@id":"https:\/\/www.em.com.br\/emfoco\/#\/schema\/person\/1c9ddeab18b98abeffef834667bcf08a","name":"Gabriel Martins","image":{"@type":"ImageObject","inLanguage":"pt-BR","@id":"https:\/\/www.em.com.br\/emfoco\/#\/schema\/person\/image\/","url":"https:\/\/secure.gravatar.com\/avatar\/f0f1e2efdfd88f1ad2cb08c5c2731e50?s=96&d=mm&r=g","contentUrl":"https:\/\/secure.gravatar.com\/avatar\/f0f1e2efdfd88f1ad2cb08c5c2731e50?s=96&d=mm&r=g","caption":"Gabriel Martins"},"sameAs":["https:\/\/www.em.com.br\/emfoco\/"],"url":"https:\/\/www.em.com.br\/emfoco\/author\/gabrielmartinsmyth\/"}]}},"_links":{"self":[{"href":"https:\/\/www.em.com.br\/emfoco\/wp-json\/wp\/v2\/posts\/127313","targetHints":{"allow":["GET"]}}],"collection":[{"href":"https:\/\/www.em.com.br\/emfoco\/wp-json\/wp\/v2\/posts"}],"about":[{"href":"https:\/\/www.em.com.br\/emfoco\/wp-json\/wp\/v2\/types\/post"}],"author":[{"embeddable":true,"href":"https:\/\/www.em.com.br\/emfoco\/wp-json\/wp\/v2\/users\/13"}],"replies":[{"embeddable":true,"href":"https:\/\/www.em.com.br\/emfoco\/wp-json\/wp\/v2\/comments?post=127313"}],"version-history":[{"count":1,"href":"https:\/\/www.em.com.br\/emfoco\/wp-json\/wp\/v2\/posts\/127313\/revisions"}],"predecessor-version":[{"id":127334,"href":"https:\/\/www.em.com.br\/emfoco\/wp-json\/wp\/v2\/posts\/127313\/revisions\/127334"}],"wp:featuredmedia":[{"embeddable":true,"href":"https:\/\/www.em.com.br\/emfoco\/wp-json\/wp\/v2\/media\/127331"}],"wp:attachment":[{"href":"https:\/\/www.em.com.br\/emfoco\/wp-json\/wp\/v2\/media?parent=127313"}],"wp:term":[{"taxonomy":"category","embeddable":true,"href":"https:\/\/www.em.com.br\/emfoco\/wp-json\/wp\/v2\/categories?post=127313"},{"taxonomy":"post_tag","embeddable":true,"href":"https:\/\/www.em.com.br\/emfoco\/wp-json\/wp\/v2\/tags?post=127313"}],"curies":[{"name":"wp","href":"https:\/\/api.w.org\/{rel}","templated":true}]}}