{"id":127311,"date":"2025-11-17T15:25:00","date_gmt":"2025-11-17T18:25:00","guid":{"rendered":"https:\/\/www.em.com.br\/emfoco\/?p=127311"},"modified":"2025-11-13T18:23:15","modified_gmt":"2025-11-13T21:23:15","slug":"4-ingredientes-que-transformam-um-simples-escalda-pes-em-alivio-imediato","status":"publish","type":"post","link":"https:\/\/www.em.com.br\/emfoco\/2025\/11\/17\/4-ingredientes-que-transformam-um-simples-escalda-pes-em-alivio-imediato\/","title":{"rendered":"4 ingredientes que transformam um simples escalda-p\u00e9s em al\u00edvio imediato"},"content":{"rendered":"\n<p>Ap\u00f3s um dia longo, um simples <strong>escalda-p\u00e9s com sal grosso e ervas<\/strong> pode transformar o seu bem-estar. Essa pr\u00e1tica caseira ajuda a aliviar o <strong>incha\u00e7o<\/strong>, reduzir o <strong>cansa\u00e7o<\/strong> das pernas e proporcionar uma sensa\u00e7\u00e3o imediata de relaxamento e renova\u00e7\u00e3o.<\/p>\n\n\n\n<h2 class=\"wp-block-heading\">Como o escalda-p\u00e9s age para aliviar o incha\u00e7o e o cansa\u00e7o?<\/h2>\n\n\n\n<p>O <strong>escalda-p\u00e9s<\/strong> funciona ao estimular a circula\u00e7\u00e3o e relaxar os m\u00fasculos dos p\u00e9s e pernas. A combina\u00e7\u00e3o de \u00e1gua morna e sais minerais ajuda a dilatar os vasos sangu\u00edneos, promovendo al\u00edvio r\u00e1pido e uma sensa\u00e7\u00e3o reconfortante para quem passa muito tempo em p\u00e9.<\/p>\n\n\n\n<p>Al\u00e9m disso, o contato com a \u00e1gua quente ativa termina\u00e7\u00f5es nervosas e <strong><a href=\"https:\/\/www.natura.com.br\/blog\/mais-natura\/como-aliviar-o-estresse\" target=\"_blank\" rel=\"noreferrer noopener\">reduz a tens\u00e3o acumulada<\/a><\/strong>. Quando combinado a ervas calmantes, o efeito \u00e9 potencializado, proporcionando um relaxamento profundo e restaurador para o corpo e a mente.<\/p>\n\n\n\n<figure class=\"wp-block-image size-large\"><img loading=\"lazy\" decoding=\"async\" width=\"1024\" height=\"576\" src=\"https:\/\/www.em.com.br\/emfoco\/wp-content\/uploads\/2025\/11\/Pes-_1763068847855-1024x576.jpg\" alt=\"4 ingredientes que transformam um simples escalda-p\u00e9s em al\u00edvio imediato\" class=\"wp-image-127322\" srcset=\"https:\/\/www.em.com.br\/emfoco\/wp-content\/uploads\/2025\/11\/Pes-_1763068847855-1024x576.jpg 1024w, https:\/\/www.em.com.br\/emfoco\/wp-content\/uploads\/2025\/11\/Pes-_1763068847855-300x169.jpg 300w, https:\/\/www.em.com.br\/emfoco\/wp-content\/uploads\/2025\/11\/Pes-_1763068847855-768x432.jpg 768w, https:\/\/www.em.com.br\/emfoco\/wp-content\/uploads\/2025\/11\/Pes-_1763068847855-750x422.jpg 750w, https:\/\/www.em.com.br\/emfoco\/wp-content\/uploads\/2025\/11\/Pes-_1763068847855-1140x641.jpg 1140w, https:\/\/www.em.com.br\/emfoco\/wp-content\/uploads\/2025\/11\/Pes-_1763068847855.jpg 1280w\" sizes=\"auto, (max-width: 1024px) 100vw, 1024px\" \/><figcaption class=\"wp-element-caption\">\u00c1gua morna ativa a circula\u00e7\u00e3o e diminui tens\u00f5es acumuladas &#8211; Cr\u00e9ditos: depositphotos.com \/ IgorVetushko<\/figcaption><\/figure>\n\n\n\n<h2 class=\"wp-block-heading\">Quais ervas e ingredientes usar no escalda-p\u00e9s perfeito?<\/h2>\n\n\n\n<p>Para preparar o <strong>ritual caseiro<\/strong> ideal, \u00e9 importante escolher ingredientes que tragam benef\u00edcios terap\u00eauticos. Confira abaixo uma sele\u00e7\u00e3o de ervas e combina\u00e7\u00f5es que potencializam o efeito relaxante e anti-inflamat\u00f3rio do banho de p\u00e9s.<\/p>\n\n\n\n<ul class=\"wp-block-list\">\n<li><strong>Camomila:<\/strong> tem efeito calmante e ajuda a aliviar o estresse acumulado do dia.<\/li>\n\n\n\n<li><strong>Hortel\u00e3:<\/strong> refresca, estimula a circula\u00e7\u00e3o e reduz a sensa\u00e7\u00e3o de peso nas pernas.<\/li>\n\n\n\n<li><strong>Alecrim:<\/strong> revigora, combate o cansa\u00e7o muscular e melhora o fluxo sangu\u00edneo.<\/li>\n\n\n\n<li><strong>Sal grosso:<\/strong> ajuda a desinchar e purifica as energias do corpo, promovendo leveza.<\/li>\n<\/ul>\n\n\n\n<p><em>Leia mais: <strong><a href=\"https:\/\/www.em.com.br\/emfoco\/2025\/11\/13\/a-etapa-do-skincare-que-muitas-pessoas-ainda-pulam-e-faz-toda-a-diferenca\/\" target=\"_blank\" rel=\"noreferrer noopener\">A etapa do skincare que muitas pessoas ainda pulam e faz toda a diferen\u00e7a<\/a><\/strong><\/em><\/p>\n\n\n\n<h2 class=\"wp-block-heading\">Qual \u00e9 a temperatura ideal e quanto tempo deixar os p\u00e9s?<\/h2>\n\n\n\n<p>A temperatura da \u00e1gua deve ser <strong>morna<\/strong>, entre 36 \u00b0C e 40 \u00b0C, o suficiente para relaxar sem irritar a pele. \u00c9 importante testar com o dorso da m\u00e3o antes de colocar os p\u00e9s, garantindo conforto durante todo o tempo do banho.<\/p>\n\n\n\n<p>O tempo ideal \u00e9 de <strong>15 a 20 minutos<\/strong>. Esse per\u00edodo permite que os benef\u00edcios do sal e das ervas sejam absorvidos sem causar ressecamento. Ap\u00f3s o banho, seque bem os p\u00e9s com uma toalha macia para evitar prolifera\u00e7\u00e3o de fungos.<\/p>\n\n\n\n<figure class=\"wp-block-image size-large\"><img loading=\"lazy\" decoding=\"async\" width=\"1024\" height=\"576\" src=\"https:\/\/www.em.com.br\/emfoco\/wp-content\/uploads\/2025\/09\/Lavando-os-pes_1757706571410-1024x576.jpg\" alt=\"A receita mais eficaz de escalda-p\u00e9s para aliviar o estresse\" class=\"wp-image-103664\" srcset=\"https:\/\/www.em.com.br\/emfoco\/wp-content\/uploads\/2025\/09\/Lavando-os-pes_1757706571410-1024x576.jpg 1024w, https:\/\/www.em.com.br\/emfoco\/wp-content\/uploads\/2025\/09\/Lavando-os-pes_1757706571410-300x169.jpg 300w, https:\/\/www.em.com.br\/emfoco\/wp-content\/uploads\/2025\/09\/Lavando-os-pes_1757706571410-768x432.jpg 768w, https:\/\/www.em.com.br\/emfoco\/wp-content\/uploads\/2025\/09\/Lavando-os-pes_1757706571410-750x422.jpg 750w, https:\/\/www.em.com.br\/emfoco\/wp-content\/uploads\/2025\/09\/Lavando-os-pes_1757706571410-1140x641.jpg 1140w, https:\/\/www.em.com.br\/emfoco\/wp-content\/uploads\/2025\/09\/Lavando-os-pes_1757706571410.jpg 1280w\" sizes=\"auto, (max-width: 1024px) 100vw, 1024px\" \/><figcaption class=\"wp-element-caption\">Estimula\u00e7\u00e3o da circula\u00e7\u00e3o que alivia incha\u00e7o e tens\u00e3o nos p\u00e9s &#8211; Cr\u00e9ditos: depositphotos.com \/ kotin<\/figcaption><\/figure>\n\n\n\n<h2 class=\"wp-block-heading\">Como potencializar o efeito relaxante do escalda-p\u00e9s?<\/h2>\n\n\n\n<p>Com pequenos ajustes, \u00e9 poss\u00edvel deixar o <strong>escalda-p\u00e9s<\/strong> ainda mais prazeroso e eficiente. Confira abaixo dicas pr\u00e1ticas para intensificar o al\u00edvio e transformar esse cuidado em um verdadeiro momento de autocuidado e descanso.<\/p>\n\n\n\n<ul class=\"wp-block-list\">\n<li>Use uma bacia ampla e confort\u00e1vel, permitindo que os p\u00e9s fiquem totalmente imersos.<\/li>\n\n\n\n<li>Adicione algumas gotas de <strong>\u00f3leo essencial<\/strong> de lavanda ou eucalipto para refor\u00e7ar o aroma e a sensa\u00e7\u00e3o de bem-estar.<\/li>\n\n\n\n<li>Finalize com uma leve massagem nos p\u00e9s usando hidratante, potencializando o relaxamento.<\/li>\n<\/ul>\n","protected":false},"excerpt":{"rendered":"<p>Ap\u00f3s um dia longo, um simples escalda-p\u00e9s com sal grosso e ervas pode transformar o seu bem-estar. Essa pr\u00e1tica caseira ajuda a aliviar o incha\u00e7o, reduzir o cansa\u00e7o das pernas e proporcionar uma sensa\u00e7\u00e3o imediata de relaxamento e renova\u00e7\u00e3o. Como o escalda-p\u00e9s age para aliviar o incha\u00e7o e o cansa\u00e7o? O escalda-p\u00e9s funciona ao estimular [&hellip;]<\/p>\n","protected":false},"author":13,"featured_media":127321,"comment_status":"open","ping_status":"open","sticky":false,"template":"","format":"standard","meta":{"jnews-multi-image_gallery":[],"jnews_single_post":{"format":"standard"},"jnews_primary_category":[],"jnews_social_meta":[],"jnews_override_counter":[],"footnotes":""},"categories":[8819],"tags":[712,15485,13364],"class_list":["post-127311","post","type-post","status-publish","format-standard","has-post-thumbnail","hentry","category-curiosidades","tag-autocuidado","tag-cuidado-com-os-pes","tag-escalda-pes"],"yoast_head":"<!-- This site is optimized with the Yoast SEO plugin v23.8 - https:\/\/yoast.com\/wordpress\/plugins\/seo\/ -->\n<title>4 ingredientes que transformam um simples escalda-p\u00e9s em al\u00edvio imediato - Estado de Minas - Em foco<\/title>\n<meta name=\"description\" content=\"Um banho simples com sal grosso e ervas pode aliviar o incha\u00e7o dos p\u00e9s e pernas em minutos. Veja como preparar o escalda-p\u00e9s perfeito.\" \/>\n<meta name=\"robots\" content=\"index, follow, max-snippet:-1, max-image-preview:large, max-video-preview:-1\" \/>\n<link rel=\"canonical\" href=\"https:\/\/www.em.com.br\/emfoco\/2025\/11\/17\/4-ingredientes-que-transformam-um-simples-escalda-pes-em-alivio-imediato\/\" \/>\n<meta property=\"og:locale\" content=\"pt_BR\" \/>\n<meta property=\"og:type\" content=\"article\" \/>\n<meta property=\"og:title\" content=\"4 ingredientes que transformam um simples escalda-p\u00e9s em al\u00edvio imediato - Estado de Minas - Em foco\" \/>\n<meta property=\"og:description\" content=\"Um banho simples com sal grosso e ervas pode aliviar o incha\u00e7o dos p\u00e9s e pernas em minutos. Veja como preparar o escalda-p\u00e9s perfeito.\" \/>\n<meta property=\"og:url\" content=\"https:\/\/www.em.com.br\/emfoco\/2025\/11\/17\/4-ingredientes-que-transformam-um-simples-escalda-pes-em-alivio-imediato\/\" \/>\n<meta property=\"og:site_name\" content=\"Estado de Minas - Em foco\" \/>\n<meta property=\"article:published_time\" content=\"2025-11-17T18:25:00+00:00\" \/>\n<meta property=\"article:modified_time\" content=\"2025-11-13T21:23:15+00:00\" \/>\n<meta property=\"og:image\" content=\"https:\/\/www.em.com.br\/emfoco\/wp-content\/uploads\/2025\/11\/IA-IMG-6.jpg\" \/>\n\t<meta property=\"og:image:width\" content=\"1280\" \/>\n\t<meta property=\"og:image:height\" content=\"720\" \/>\n\t<meta property=\"og:image:type\" content=\"image\/jpeg\" \/>\n<meta name=\"author\" content=\"Gabriel Martins\" \/>\n<meta name=\"twitter:card\" content=\"summary_large_image\" \/>\n<meta name=\"twitter:label1\" content=\"Escrito por\" \/>\n\t<meta name=\"twitter:data1\" content=\"Gabriel Martins\" \/>\n\t<meta name=\"twitter:label2\" content=\"Est. tempo de leitura\" \/>\n\t<meta name=\"twitter:data2\" content=\"4 minutos\" \/>\n<!-- \/ Yoast SEO plugin. -->","yoast_head_json":{"title":"4 ingredientes que transformam um simples escalda-p\u00e9s em al\u00edvio imediato - Estado de Minas - Em foco","description":"Um banho simples com sal grosso e ervas pode aliviar o incha\u00e7o dos p\u00e9s e pernas em minutos. Veja como preparar o escalda-p\u00e9s perfeito.","robots":{"index":"index","follow":"follow","max-snippet":"max-snippet:-1","max-image-preview":"max-image-preview:large","max-video-preview":"max-video-preview:-1"},"canonical":"https:\/\/www.em.com.br\/emfoco\/2025\/11\/17\/4-ingredientes-que-transformam-um-simples-escalda-pes-em-alivio-imediato\/","og_locale":"pt_BR","og_type":"article","og_title":"4 ingredientes que transformam um simples escalda-p\u00e9s em al\u00edvio imediato - Estado de Minas - Em foco","og_description":"Um banho simples com sal grosso e ervas pode aliviar o incha\u00e7o dos p\u00e9s e pernas em minutos. Veja como preparar o escalda-p\u00e9s perfeito.","og_url":"https:\/\/www.em.com.br\/emfoco\/2025\/11\/17\/4-ingredientes-que-transformam-um-simples-escalda-pes-em-alivio-imediato\/","og_site_name":"Estado de Minas - Em foco","article_published_time":"2025-11-17T18:25:00+00:00","article_modified_time":"2025-11-13T21:23:15+00:00","og_image":[{"width":1280,"height":720,"url":"https:\/\/www.em.com.br\/emfoco\/wp-content\/uploads\/2025\/11\/IA-IMG-6.jpg","type":"image\/jpeg"}],"author":"Gabriel Martins","twitter_card":"summary_large_image","twitter_misc":{"Escrito por":"Gabriel Martins","Est. tempo de leitura":"4 minutos"},"schema":{"@context":"https:\/\/schema.org","@graph":[{"@type":"WebPage","@id":"https:\/\/www.em.com.br\/emfoco\/2025\/11\/17\/4-ingredientes-que-transformam-um-simples-escalda-pes-em-alivio-imediato\/","url":"https:\/\/www.em.com.br\/emfoco\/2025\/11\/17\/4-ingredientes-que-transformam-um-simples-escalda-pes-em-alivio-imediato\/","name":"4 ingredientes que transformam um simples escalda-p\u00e9s em al\u00edvio imediato - Estado de Minas - Em foco","isPartOf":{"@id":"https:\/\/www.em.com.br\/emfoco\/#website"},"primaryImageOfPage":{"@id":"https:\/\/www.em.com.br\/emfoco\/2025\/11\/17\/4-ingredientes-que-transformam-um-simples-escalda-pes-em-alivio-imediato\/#primaryimage"},"image":{"@id":"https:\/\/www.em.com.br\/emfoco\/2025\/11\/17\/4-ingredientes-que-transformam-um-simples-escalda-pes-em-alivio-imediato\/#primaryimage"},"thumbnailUrl":"https:\/\/www.em.com.br\/emfoco\/wp-content\/uploads\/2025\/11\/IA-IMG-6.jpg","datePublished":"2025-11-17T18:25:00+00:00","dateModified":"2025-11-13T21:23:15+00:00","author":{"@id":"https:\/\/www.em.com.br\/emfoco\/#\/schema\/person\/1c9ddeab18b98abeffef834667bcf08a"},"description":"Um banho simples com sal grosso e ervas pode aliviar o incha\u00e7o dos p\u00e9s e pernas em minutos. Veja como preparar o escalda-p\u00e9s perfeito.","breadcrumb":{"@id":"https:\/\/www.em.com.br\/emfoco\/2025\/11\/17\/4-ingredientes-que-transformam-um-simples-escalda-pes-em-alivio-imediato\/#breadcrumb"},"inLanguage":"pt-BR","potentialAction":[{"@type":"ReadAction","target":["https:\/\/www.em.com.br\/emfoco\/2025\/11\/17\/4-ingredientes-que-transformam-um-simples-escalda-pes-em-alivio-imediato\/"]}]},{"@type":"ImageObject","inLanguage":"pt-BR","@id":"https:\/\/www.em.com.br\/emfoco\/2025\/11\/17\/4-ingredientes-que-transformam-um-simples-escalda-pes-em-alivio-imediato\/#primaryimage","url":"https:\/\/www.em.com.br\/emfoco\/wp-content\/uploads\/2025\/11\/IA-IMG-6.jpg","contentUrl":"https:\/\/www.em.com.br\/emfoco\/wp-content\/uploads\/2025\/11\/IA-IMG-6.jpg","width":1280,"height":720,"caption":"Escalda-p\u00e9s com ervas reduz incha\u00e7o e relaxa profundamente o corpo - Cr\u00e9ditos: Reprodu\u00e7\u00e3o \/ Lovart"},{"@type":"BreadcrumbList","@id":"https:\/\/www.em.com.br\/emfoco\/2025\/11\/17\/4-ingredientes-que-transformam-um-simples-escalda-pes-em-alivio-imediato\/#breadcrumb","itemListElement":[{"@type":"ListItem","position":1,"name":"In\u00edcio","item":"https:\/\/www.em.com.br\/emfoco\/"},{"@type":"ListItem","position":2,"name":"4 ingredientes que transformam um simples escalda-p\u00e9s em al\u00edvio imediato"}]},{"@type":"WebSite","@id":"https:\/\/www.em.com.br\/emfoco\/#website","url":"https:\/\/www.em.com.br\/emfoco\/","name":"Estado de Minas - Em foco","description":"Acompanhe as \u00faltimas not\u00edcias e fique bem informado sobre tudo o que acontece em Minas Gerais, Brasil e no mundo.","potentialAction":[{"@type":"SearchAction","target":{"@type":"EntryPoint","urlTemplate":"https:\/\/www.em.com.br\/emfoco\/?s={search_term_string}"},"query-input":{"@type":"PropertyValueSpecification","valueRequired":true,"valueName":"search_term_string"}}],"inLanguage":"pt-BR"},{"@type":"Person","@id":"https:\/\/www.em.com.br\/emfoco\/#\/schema\/person\/1c9ddeab18b98abeffef834667bcf08a","name":"Gabriel Martins","image":{"@type":"ImageObject","inLanguage":"pt-BR","@id":"https:\/\/www.em.com.br\/emfoco\/#\/schema\/person\/image\/","url":"https:\/\/secure.gravatar.com\/avatar\/f0f1e2efdfd88f1ad2cb08c5c2731e50?s=96&d=mm&r=g","contentUrl":"https:\/\/secure.gravatar.com\/avatar\/f0f1e2efdfd88f1ad2cb08c5c2731e50?s=96&d=mm&r=g","caption":"Gabriel Martins"},"sameAs":["https:\/\/www.em.com.br\/emfoco\/"],"url":"https:\/\/www.em.com.br\/emfoco\/author\/gabrielmartinsmyth\/"}]}},"_links":{"self":[{"href":"https:\/\/www.em.com.br\/emfoco\/wp-json\/wp\/v2\/posts\/127311","targetHints":{"allow":["GET"]}}],"collection":[{"href":"https:\/\/www.em.com.br\/emfoco\/wp-json\/wp\/v2\/posts"}],"about":[{"href":"https:\/\/www.em.com.br\/emfoco\/wp-json\/wp\/v2\/types\/post"}],"author":[{"embeddable":true,"href":"https:\/\/www.em.com.br\/emfoco\/wp-json\/wp\/v2\/users\/13"}],"replies":[{"embeddable":true,"href":"https:\/\/www.em.com.br\/emfoco\/wp-json\/wp\/v2\/comments?post=127311"}],"version-history":[{"count":1,"href":"https:\/\/www.em.com.br\/emfoco\/wp-json\/wp\/v2\/posts\/127311\/revisions"}],"predecessor-version":[{"id":127323,"href":"https:\/\/www.em.com.br\/emfoco\/wp-json\/wp\/v2\/posts\/127311\/revisions\/127323"}],"wp:featuredmedia":[{"embeddable":true,"href":"https:\/\/www.em.com.br\/emfoco\/wp-json\/wp\/v2\/media\/127321"}],"wp:attachment":[{"href":"https:\/\/www.em.com.br\/emfoco\/wp-json\/wp\/v2\/media?parent=127311"}],"wp:term":[{"taxonomy":"category","embeddable":true,"href":"https:\/\/www.em.com.br\/emfoco\/wp-json\/wp\/v2\/categories?post=127311"},{"taxonomy":"post_tag","embeddable":true,"href":"https:\/\/www.em.com.br\/emfoco\/wp-json\/wp\/v2\/tags?post=127311"}],"curies":[{"name":"wp","href":"https:\/\/api.w.org\/{rel}","templated":true}]}}