{"id":12730,"date":"2025-02-01T21:20:00","date_gmt":"2025-02-02T00:20:00","guid":{"rendered":"https:\/\/www.em.com.br\/emfoco\/?p=12730"},"modified":"2025-01-31T15:52:22","modified_gmt":"2025-01-31T18:52:22","slug":"a-india-entra-para-a-elite-espacial-com-feito-historico-e-ambicoes-ainda-maiores","status":"publish","type":"post","link":"https:\/\/www.em.com.br\/emfoco\/2025\/02\/01\/a-india-entra-para-a-elite-espacial-com-feito-historico-e-ambicoes-ainda-maiores\/","title":{"rendered":"A \u00cdndia entra para a elite espacial com feito hist\u00f3rico e ambi\u00e7\u00f5es ainda maiores."},"content":{"rendered":"\n<p>A <strong>\u00cdndia<\/strong> deu um passo significativo no cen\u00e1rio espacial internacional ao realizar com sucesso sua primeira acoplagem n\u00e3o tripulada. Com este feito, o pa\u00eds se junta a um seleto grupo de na\u00e7\u00f5es \u2014 <strong>Estados Unidos, R\u00fassia e China<\/strong> \u2014 que j\u00e1 haviam demonstrado essa capacidade tecnol\u00f3gica. Este avan\u00e7o marca uma nova era para a \u00cdndia, consolidando sua posi\u00e7\u00e3o como uma emergente pot\u00eancia espacial.<\/p>\n\n\n\n<p>O an\u00fancio foi feito recentemente, destacando o progresso que a \u00cdndia vem fazendo em seus programas espaciais. A acoplagem \u00e9 uma manobra crucial que envolve o encontro e a conex\u00e3o de duas naves espaciais em \u00f3rbita. Realizar essa opera\u00e7\u00e3o com precis\u00e3o demonstra n\u00e3o apenas a habilidade t\u00e9cnica, mas tamb\u00e9m o compromisso da \u00cdndia em expandir suas fronteiras no espa\u00e7o.<\/p>\n\n\n\n<h2 class=\"wp-block-heading\">Por que a Acoplagem Espacial \u00e9 importante?<\/h2>\n\n\n\n<p>A acoplagem espacial \u00e9 um componente vital de qualquer programa espacial avan\u00e7ado. Ela permite a transfer\u00eancia de tripula\u00e7\u00e3o, materiais e experimentos entre naves e esta\u00e7\u00f5es espaciais. Este tipo de opera\u00e7\u00e3o \u00e9 essencial para miss\u00f5es de longa dura\u00e7\u00e3o, incluindo aquelas planejadas para a <strong>Lua e Marte<\/strong>.<\/p>\n\n\n\n<p>Al\u00e9m disso, o sucesso na acoplagem n\u00e3o tripulada serve como um trampolim para miss\u00f5es mais complexas. Permite testes de <strong><a href=\"https:\/\/www.em.com.br\/emfoco\/2025\/01\/26\/conheca-o-novo-celular-com-carregamento-solar-e-com-internet-satelite\/\" target=\"_blank\" rel=\"noreferrer noopener\">tecnologia<\/a><\/strong> e sistemas em um ambiente espacial antes de serem utilizados em miss\u00f5es tripuladas. Na pr\u00e1tica, isso reduz significativamente os riscos e aumenta a confian\u00e7a em futuras opera\u00e7\u00f5es no espa\u00e7o profundo.<\/p>\n\n\n\n<figure class=\"wp-block-image size-large\"><img loading=\"lazy\" decoding=\"async\" width=\"1024\" height=\"576\" src=\"https:\/\/www.em.com.br\/emfoco\/wp-content\/uploads\/2025\/01\/ISS_1737556188605-1024x576.jpg\" alt=\"A \u00cdndia entra para a elite espacial com feito hist\u00f3rico e ambi\u00e7\u00f5es ainda maiores.\" class=\"wp-image-12736\" srcset=\"https:\/\/www.em.com.br\/emfoco\/wp-content\/uploads\/2025\/01\/ISS_1737556188605-1024x576.jpg 1024w, https:\/\/www.em.com.br\/emfoco\/wp-content\/uploads\/2025\/01\/ISS_1737556188605-300x169.jpg 300w, https:\/\/www.em.com.br\/emfoco\/wp-content\/uploads\/2025\/01\/ISS_1737556188605-768x432.jpg 768w, https:\/\/www.em.com.br\/emfoco\/wp-content\/uploads\/2025\/01\/ISS_1737556188605-750x422.jpg 750w, https:\/\/www.em.com.br\/emfoco\/wp-content\/uploads\/2025\/01\/ISS_1737556188605-1140x641.jpg 1140w, https:\/\/www.em.com.br\/emfoco\/wp-content\/uploads\/2025\/01\/ISS_1737556188605.jpg 1280w\" sizes=\"auto, (max-width: 1024px) 100vw, 1024px\" \/><figcaption class=\"wp-element-caption\">Imagem de Esta\u00e7\u00e3o Espacial Internacional &#8211; Cr\u00e9ditos: depositphotos.com \/ 3DSculptor<\/figcaption><\/figure>\n\n\n\n<h2 class=\"wp-block-heading\">Como a \u00cdndia alcan\u00e7ou este feito?<\/h2>\n\n\n\n<p>A \u00cdndia tem feito investimentos substanciais em seu programa espacial nas \u00faltimas d\u00e9cadas. A <strong><a href=\"https:\/\/pt.wikipedia.org\/wiki\/Organiza%C3%A7%C3%A3o_Indiana_de_Pesquisa_Espacial\" target=\"_blank\" rel=\"noreferrer noopener\">Ag\u00eancia Espacial Indiana<\/a><\/strong> (ISRO) liderou v\u00e1rias miss\u00f5es bem-sucedidas, incluindo o lan\u00e7amento de sat\u00e9lites e sondas lunares. Este sucesso na acoplagem \u00e9 o resultado de anos de pesquisa intensiva, desenvolvimento de tecnologia de ponta e o apoio governamental consistente.<\/p>\n\n\n\n<p>O ISRO utilizou tecnologias inovadoras e processos rigorosos de teste para assegurar o \u00eaxito da miss\u00e3o. A coopera\u00e7\u00e3o internacional tamb\u00e9m desempenhou um papel significativo, com a \u00cdndia colaborando com outros pa\u00edses para compartilhar conhecimentos e recursos.<\/p>\n\n\n\n<h2 class=\"wp-block-heading\">Quais os pr\u00f3ximos passos para o Programa Espacial Indiano?<\/h2>\n\n\n\n<p>Com a bem-sucedida acoplagem n\u00e3o tripulada, a \u00cdndia se posiciona para expandir ainda mais suas capacidades espaciais. O pr\u00f3ximo passo l\u00f3gico seria a realiza\u00e7\u00e3o de acoplagens tripuladas, um desafio t\u00e9cnico e operacional mais complexo. Al\u00e9m disso, a \u00cdndia tem planos ambiciosos de explorar a Lua e Marte, buscando tanto o avan\u00e7o cient\u00edfico quanto poss\u00edveis parcerias internacionais.<\/p>\n\n\n\n<p>O fortalecimento de sua infraestrutura espacial e a continuidade no desenvolvimento tecnol\u00f3gico ser\u00e3o essenciais para sustentar este progresso. \u00c0 medida que a \u00cdndia continua a evoluir como uma pot\u00eancia espacial, espera-se um aumento em sua influ\u00eancia no cen\u00e1rio global de explora\u00e7\u00e3o espacial.<\/p>\n\n\n\n<h2 class=\"wp-block-heading\">A acoplagem espacial pode transformar a influ\u00eancia global da \u00cdndia?<\/h2>\n\n\n\n<p>Simultaneamente, ao avan\u00e7ar em sua capacidade espacial, a \u00cdndia n\u00e3o apenas melhora sua posi\u00e7\u00e3o tecnol\u00f3gica, mas tamb\u00e9m fortifica sua relev\u00e2ncia geopol\u00edtica. Ao se tornar um dos poucos pa\u00edses a dominar a acoplagem espacial, a \u00cdndia ganha uma alavanca significativa em negocia\u00e7\u00f5es internacionais e coopera\u00e7\u00f5es cient\u00edficas.<\/p>\n\n\n\n<p>\u00c0 medida que a explora\u00e7\u00e3o espacial se torna mais coletiva e colaborativa, o papel da \u00cdndia pode ser crucial. O pa\u00eds pode se tornar um parceiro preferido para muitas na\u00e7\u00f5es que buscam explorar oportunidades no espa\u00e7o, impulsionando assim sua economia e inova\u00e7\u00e3o.<\/p>\n\n\n\n<p>O futuro do programa espacial indiano \u00e9 promissor, e os recentes sucessos apontam para um per\u00edodo empolgante de explora\u00e7\u00e3o e descoberta. A acoplagem n\u00e3o tripulada \u00e9, sem d\u00favida, um marco que fortalece a confian\u00e7a na capacidade da \u00cdndia de enfrentar desafios ainda maiores no cosmos.<\/p>\n","protected":false},"excerpt":{"rendered":"<p>A \u00cdndia deu um passo significativo no cen\u00e1rio espacial internacional ao realizar com sucesso sua primeira acoplagem n\u00e3o tripulada. Com este feito, o pa\u00eds se junta a um seleto grupo de na\u00e7\u00f5es \u2014 Estados Unidos, R\u00fassia e China \u2014 que j\u00e1 haviam demonstrado essa capacidade tecnol\u00f3gica. Este avan\u00e7o marca uma nova era para a \u00cdndia, [&hellip;]<\/p>\n","protected":false},"author":5,"featured_media":12737,"comment_status":"open","ping_status":"open","sticky":false,"template":"","format":"standard","meta":{"jnews-multi-image_gallery":[],"jnews_single_post":{"format":"standard"},"jnews_primary_category":[],"jnews_social_meta":[],"jnews_override_counter":[],"footnotes":""},"categories":[26,1],"tags":[1706,3917,3966,161],"class_list":["post-12730","post","type-post","status-publish","format-standard","has-post-thumbnail","hentry","category-cidades","category-noticias","tag-espaco","tag-india","tag-programa-espacial","tag-tecnologia"],"yoast_head":"<!-- This site is optimized with the Yoast SEO plugin v23.8 - https:\/\/yoast.com\/wordpress\/plugins\/seo\/ -->\n<title>A \u00cdndia entra para a elite espacial com feito hist\u00f3rico e ambi\u00e7\u00f5es ainda maiores. - Estado de Minas - Em foco<\/title>\n<meta name=\"description\" content=\"Programa espacial da \u00cdndia se destaca com a primeira acoplagem n\u00e3o tripulada, consolidando sua posi\u00e7\u00e3o entre as pot\u00eancias globais.\" \/>\n<meta name=\"robots\" content=\"index, follow, max-snippet:-1, max-image-preview:large, max-video-preview:-1\" \/>\n<link rel=\"canonical\" href=\"https:\/\/www.em.com.br\/emfoco\/2025\/02\/01\/a-india-entra-para-a-elite-espacial-com-feito-historico-e-ambicoes-ainda-maiores\/\" \/>\n<meta property=\"og:locale\" content=\"pt_BR\" \/>\n<meta property=\"og:type\" content=\"article\" \/>\n<meta property=\"og:title\" content=\"A \u00cdndia entra para a elite espacial com feito hist\u00f3rico e ambi\u00e7\u00f5es ainda maiores. - Estado de Minas - Em foco\" \/>\n<meta property=\"og:description\" content=\"Programa espacial da \u00cdndia se destaca com a primeira acoplagem n\u00e3o tripulada, consolidando sua posi\u00e7\u00e3o entre as pot\u00eancias globais.\" \/>\n<meta property=\"og:url\" content=\"https:\/\/www.em.com.br\/emfoco\/2025\/02\/01\/a-india-entra-para-a-elite-espacial-com-feito-historico-e-ambicoes-ainda-maiores\/\" \/>\n<meta property=\"og:site_name\" content=\"Estado de Minas - Em foco\" \/>\n<meta property=\"article:published_time\" content=\"2025-02-02T00:20:00+00:00\" \/>\n<meta property=\"article:modified_time\" content=\"2025-01-31T18:52:22+00:00\" \/>\n<meta property=\"og:image\" content=\"https:\/\/www.em.com.br\/emfoco\/wp-content\/uploads\/2025\/01\/Indian-flag_1737556245138.jpg\" \/>\n\t<meta property=\"og:image:width\" content=\"1280\" \/>\n\t<meta property=\"og:image:height\" content=\"720\" \/>\n\t<meta property=\"og:image:type\" content=\"image\/jpeg\" \/>\n<meta name=\"author\" content=\"N\u00fabia Rangel\" \/>\n<meta name=\"twitter:card\" content=\"summary_large_image\" \/>\n<meta name=\"twitter:label1\" content=\"Escrito por\" \/>\n\t<meta name=\"twitter:data1\" content=\"N\u00fabia Rangel\" \/>\n\t<meta name=\"twitter:label2\" content=\"Est. tempo de leitura\" \/>\n\t<meta name=\"twitter:data2\" content=\"4 minutos\" \/>\n<!-- \/ Yoast SEO plugin. -->","yoast_head_json":{"title":"A \u00cdndia entra para a elite espacial com feito hist\u00f3rico e ambi\u00e7\u00f5es ainda maiores. - Estado de Minas - Em foco","description":"Programa espacial da \u00cdndia se destaca com a primeira acoplagem n\u00e3o tripulada, consolidando sua posi\u00e7\u00e3o entre as pot\u00eancias globais.","robots":{"index":"index","follow":"follow","max-snippet":"max-snippet:-1","max-image-preview":"max-image-preview:large","max-video-preview":"max-video-preview:-1"},"canonical":"https:\/\/www.em.com.br\/emfoco\/2025\/02\/01\/a-india-entra-para-a-elite-espacial-com-feito-historico-e-ambicoes-ainda-maiores\/","og_locale":"pt_BR","og_type":"article","og_title":"A \u00cdndia entra para a elite espacial com feito hist\u00f3rico e ambi\u00e7\u00f5es ainda maiores. - Estado de Minas - Em foco","og_description":"Programa espacial da \u00cdndia se destaca com a primeira acoplagem n\u00e3o tripulada, consolidando sua posi\u00e7\u00e3o entre as pot\u00eancias globais.","og_url":"https:\/\/www.em.com.br\/emfoco\/2025\/02\/01\/a-india-entra-para-a-elite-espacial-com-feito-historico-e-ambicoes-ainda-maiores\/","og_site_name":"Estado de Minas - Em foco","article_published_time":"2025-02-02T00:20:00+00:00","article_modified_time":"2025-01-31T18:52:22+00:00","og_image":[{"width":1280,"height":720,"url":"https:\/\/www.em.com.br\/emfoco\/wp-content\/uploads\/2025\/01\/Indian-flag_1737556245138.jpg","type":"image\/jpeg"}],"author":"N\u00fabia Rangel","twitter_card":"summary_large_image","twitter_misc":{"Escrito por":"N\u00fabia Rangel","Est. tempo de leitura":"4 minutos"},"schema":{"@context":"https:\/\/schema.org","@graph":[{"@type":"WebPage","@id":"https:\/\/www.em.com.br\/emfoco\/2025\/02\/01\/a-india-entra-para-a-elite-espacial-com-feito-historico-e-ambicoes-ainda-maiores\/","url":"https:\/\/www.em.com.br\/emfoco\/2025\/02\/01\/a-india-entra-para-a-elite-espacial-com-feito-historico-e-ambicoes-ainda-maiores\/","name":"A \u00cdndia entra para a elite espacial com feito hist\u00f3rico e ambi\u00e7\u00f5es ainda maiores. - Estado de Minas - Em foco","isPartOf":{"@id":"https:\/\/www.em.com.br\/emfoco\/#website"},"primaryImageOfPage":{"@id":"https:\/\/www.em.com.br\/emfoco\/2025\/02\/01\/a-india-entra-para-a-elite-espacial-com-feito-historico-e-ambicoes-ainda-maiores\/#primaryimage"},"image":{"@id":"https:\/\/www.em.com.br\/emfoco\/2025\/02\/01\/a-india-entra-para-a-elite-espacial-com-feito-historico-e-ambicoes-ainda-maiores\/#primaryimage"},"thumbnailUrl":"https:\/\/www.em.com.br\/emfoco\/wp-content\/uploads\/2025\/01\/Indian-flag_1737556245138.jpg","datePublished":"2025-02-02T00:20:00+00:00","dateModified":"2025-01-31T18:52:22+00:00","author":{"@id":"https:\/\/www.em.com.br\/emfoco\/#\/schema\/person\/524437ef54f8a5d32591b143307f2e20"},"description":"Programa espacial da \u00cdndia se destaca com a primeira acoplagem n\u00e3o tripulada, consolidando sua posi\u00e7\u00e3o entre as pot\u00eancias globais.","breadcrumb":{"@id":"https:\/\/www.em.com.br\/emfoco\/2025\/02\/01\/a-india-entra-para-a-elite-espacial-com-feito-historico-e-ambicoes-ainda-maiores\/#breadcrumb"},"inLanguage":"pt-BR","potentialAction":[{"@type":"ReadAction","target":["https:\/\/www.em.com.br\/emfoco\/2025\/02\/01\/a-india-entra-para-a-elite-espacial-com-feito-historico-e-ambicoes-ainda-maiores\/"]}]},{"@type":"ImageObject","inLanguage":"pt-BR","@id":"https:\/\/www.em.com.br\/emfoco\/2025\/02\/01\/a-india-entra-para-a-elite-espacial-com-feito-historico-e-ambicoes-ainda-maiores\/#primaryimage","url":"https:\/\/www.em.com.br\/emfoco\/wp-content\/uploads\/2025\/01\/Indian-flag_1737556245138.jpg","contentUrl":"https:\/\/www.em.com.br\/emfoco\/wp-content\/uploads\/2025\/01\/Indian-flag_1737556245138.jpg","width":1280,"height":720,"caption":"Bandeira da \u00cdndia - Cr\u00e9ditos: depositphotos.com \/ DmitryRukhlenko"},{"@type":"BreadcrumbList","@id":"https:\/\/www.em.com.br\/emfoco\/2025\/02\/01\/a-india-entra-para-a-elite-espacial-com-feito-historico-e-ambicoes-ainda-maiores\/#breadcrumb","itemListElement":[{"@type":"ListItem","position":1,"name":"In\u00edcio","item":"https:\/\/www.em.com.br\/emfoco\/"},{"@type":"ListItem","position":2,"name":"A \u00cdndia entra para a elite espacial com feito hist\u00f3rico e ambi\u00e7\u00f5es ainda maiores."}]},{"@type":"WebSite","@id":"https:\/\/www.em.com.br\/emfoco\/#website","url":"https:\/\/www.em.com.br\/emfoco\/","name":"Estado de Minas - Em foco","description":"Acompanhe as \u00faltimas not\u00edcias e fique bem informado sobre tudo o que acontece em Minas Gerais, Brasil e no mundo.","potentialAction":[{"@type":"SearchAction","target":{"@type":"EntryPoint","urlTemplate":"https:\/\/www.em.com.br\/emfoco\/?s={search_term_string}"},"query-input":{"@type":"PropertyValueSpecification","valueRequired":true,"valueName":"search_term_string"}}],"inLanguage":"pt-BR"},{"@type":"Person","@id":"https:\/\/www.em.com.br\/emfoco\/#\/schema\/person\/524437ef54f8a5d32591b143307f2e20","name":"N\u00fabia Rangel","image":{"@type":"ImageObject","inLanguage":"pt-BR","@id":"https:\/\/www.em.com.br\/emfoco\/#\/schema\/person\/image\/","url":"https:\/\/secure.gravatar.com\/avatar\/47cff2827a5ba23c37e8068c86817ea4?s=96&d=mm&r=g","contentUrl":"https:\/\/secure.gravatar.com\/avatar\/47cff2827a5ba23c37e8068c86817ea4?s=96&d=mm&r=g","caption":"N\u00fabia Rangel"},"sameAs":["https:\/\/www.em.com.br\/emfoco\/"],"url":"https:\/\/www.em.com.br\/emfoco\/author\/nubiamyth\/"}]}},"_links":{"self":[{"href":"https:\/\/www.em.com.br\/emfoco\/wp-json\/wp\/v2\/posts\/12730","targetHints":{"allow":["GET"]}}],"collection":[{"href":"https:\/\/www.em.com.br\/emfoco\/wp-json\/wp\/v2\/posts"}],"about":[{"href":"https:\/\/www.em.com.br\/emfoco\/wp-json\/wp\/v2\/types\/post"}],"author":[{"embeddable":true,"href":"https:\/\/www.em.com.br\/emfoco\/wp-json\/wp\/v2\/users\/5"}],"replies":[{"embeddable":true,"href":"https:\/\/www.em.com.br\/emfoco\/wp-json\/wp\/v2\/comments?post=12730"}],"version-history":[{"count":4,"href":"https:\/\/www.em.com.br\/emfoco\/wp-json\/wp\/v2\/posts\/12730\/revisions"}],"predecessor-version":[{"id":15372,"href":"https:\/\/www.em.com.br\/emfoco\/wp-json\/wp\/v2\/posts\/12730\/revisions\/15372"}],"wp:featuredmedia":[{"embeddable":true,"href":"https:\/\/www.em.com.br\/emfoco\/wp-json\/wp\/v2\/media\/12737"}],"wp:attachment":[{"href":"https:\/\/www.em.com.br\/emfoco\/wp-json\/wp\/v2\/media?parent=12730"}],"wp:term":[{"taxonomy":"category","embeddable":true,"href":"https:\/\/www.em.com.br\/emfoco\/wp-json\/wp\/v2\/categories?post=12730"},{"taxonomy":"post_tag","embeddable":true,"href":"https:\/\/www.em.com.br\/emfoco\/wp-json\/wp\/v2\/tags?post=12730"}],"curies":[{"name":"wp","href":"https:\/\/api.w.org\/{rel}","templated":true}]}}