{"id":127275,"date":"2025-11-17T09:55:00","date_gmt":"2025-11-17T12:55:00","guid":{"rendered":"https:\/\/www.em.com.br\/emfoco\/?p=127275"},"modified":"2025-11-13T17:45:44","modified_gmt":"2025-11-13T20:45:44","slug":"flores-que-brilham-no-escuro-e-deixam-seu-jardim-com-cheiro-de-paz","status":"publish","type":"post","link":"https:\/\/www.em.com.br\/emfoco\/2025\/11\/17\/flores-que-brilham-no-escuro-e-deixam-seu-jardim-com-cheiro-de-paz\/","title":{"rendered":"Flores que brilham no escuro e deixam seu jardim com cheiro de paz"},"content":{"rendered":"\n<p>Um <strong>jardim lunar<\/strong> transforma qualquer espa\u00e7o ao ar livre quando o sol se p\u00f5e, criando um cen\u00e1rio perfumado e iluminado naturalmente. As flores que despertam \u00e0 noite revelam um charme \u00fanico e deixam o ambiente m\u00e1gico.<\/p>\n\n\n\n<h2 class=\"wp-block-heading\">Quais plantas criam o charme essencial de um jardim lunar?<\/h2>\n\n\n\n<p>A presen\u00e7a da <strong>dama-da-noite<\/strong> garante perfume intenso ap\u00f3s o anoitecer, tornando o ambiente envolvente e acolhedor. Suas flores discretas ganham destaque sob a luz suave e refor\u00e7am a atmosfera noturna ideal para relaxar.<\/p>\n\n\n\n<p>O <strong>jasmim-noturno<\/strong> tamb\u00e9m \u00e9 perfeito para esse tipo de espa\u00e7o, j\u00e1 que libera aroma marcante apenas \u00e0 noite. Suas flores claras refletem a claridade da lua, criando um efeito visual encantador e refor\u00e7ando o brilho natural.<\/p>\n\n\n\n<figure class=\"wp-block-image size-large\"><img loading=\"lazy\" decoding=\"async\" width=\"1024\" height=\"576\" src=\"https:\/\/www.em.com.br\/emfoco\/wp-content\/uploads\/2025\/11\/Bela-da-noite-flor_1763066608718-1024x576.jpg\" alt=\"Flores que brilham no escuro e deixam seu jardim com cheiro de paz\" class=\"wp-image-127296\" srcset=\"https:\/\/www.em.com.br\/emfoco\/wp-content\/uploads\/2025\/11\/Bela-da-noite-flor_1763066608718-1024x576.jpg 1024w, https:\/\/www.em.com.br\/emfoco\/wp-content\/uploads\/2025\/11\/Bela-da-noite-flor_1763066608718-300x169.jpg 300w, https:\/\/www.em.com.br\/emfoco\/wp-content\/uploads\/2025\/11\/Bela-da-noite-flor_1763066608718-768x432.jpg 768w, https:\/\/www.em.com.br\/emfoco\/wp-content\/uploads\/2025\/11\/Bela-da-noite-flor_1763066608718-750x422.jpg 750w, https:\/\/www.em.com.br\/emfoco\/wp-content\/uploads\/2025\/11\/Bela-da-noite-flor_1763066608718-1140x641.jpg 1140w, https:\/\/www.em.com.br\/emfoco\/wp-content\/uploads\/2025\/11\/Bela-da-noite-flor_1763066608718.jpg 1280w\" sizes=\"auto, (max-width: 1024px) 100vw, 1024px\" \/><figcaption class=\"wp-element-caption\">Dama-da-noite intensifica o perfume ao anoitecer no jardim &#8211; Cr\u00e9ditos: depositphotos.com \/ AntonMatyukha<\/figcaption><\/figure>\n\n\n\n<p><em>Leia mais: <strong><a href=\"https:\/\/www.em.com.br\/emfoco\/2025\/11\/12\/flores-ideais-para-plantar-em-novembro-e-manter-vibrantes-durante-o-verao\/\" target=\"_blank\" rel=\"noreferrer noopener\">Flores ideais para plantar em novembro e manter vibrantes durante o ver\u00e3o<\/a><\/strong><\/em><\/p>\n\n\n\n<h2 class=\"wp-block-heading\">Quais esp\u00e9cies iluminam naturalmente o jardim durante a noite?<\/h2>\n\n\n\n<p>Flores brancas s\u00e3o essenciais em um <strong>espa\u00e7o lunar<\/strong>, pois refletem a luz e criam um brilho suave. Isso intensifica a sensa\u00e7\u00e3o de tranquilidade e transforma caminhos, varandas e \u00e1reas externas em ref\u00fagios serenos, e abaixo est\u00e3o algumas esp\u00e9cies que cumprem esse papel com perfei\u00e7\u00e3o.<\/p>\n\n\n\n<ul class=\"wp-block-list\">\n<li><strong>Bela-da-noite<\/strong> abre suas p\u00e9talas ao anoitecer e destaca-se pela luminosidade natural.<\/li>\n\n\n\n<li><strong>L\u00edrio-branco<\/strong> amplia o brilho em \u00e1reas externas e combina com ilumina\u00e7\u00e3o discreta.<\/li>\n\n\n\n<li><strong>Flor-de-cera<\/strong> cria contraste delicado e refor\u00e7a o efeito prateado do luar.<\/li>\n<\/ul>\n\n\n\n<h2 class=\"wp-block-heading\">Como cuidar corretamente das plantas que brilham com o luar?<\/h2>\n\n\n\n<p>Essas esp\u00e9cies exigem <strong>solo bem drenado<\/strong> para crescer com for\u00e7a, evitando ac\u00famulo de umidade nas ra\u00edzes. Com sol direto durante o dia, elas acumulam energia suficiente para florescer intensamente ao anoitecer.<\/p>\n\n\n\n<p>As regas devem ser <strong>moderadas<\/strong>, mantendo o solo levemente \u00famido sem encharcar. Posicionar os vasos pr\u00f3ximos a janelas, caminhos e \u00e1reas de descanso intensifica o perfume e melhora o efeito visual noturno.<\/p>\n\n\n\n<figure class=\"wp-block-image size-large\"><img loading=\"lazy\" decoding=\"async\" width=\"1024\" height=\"576\" src=\"https:\/\/www.em.com.br\/emfoco\/wp-content\/uploads\/2025\/11\/Lirio-branco-flor_1763066727659-1024x576.jpg\" alt=\"Flores que brilham no escuro e deixam seu jardim com cheiro de paz\" class=\"wp-image-127297\" srcset=\"https:\/\/www.em.com.br\/emfoco\/wp-content\/uploads\/2025\/11\/Lirio-branco-flor_1763066727659-1024x576.jpg 1024w, https:\/\/www.em.com.br\/emfoco\/wp-content\/uploads\/2025\/11\/Lirio-branco-flor_1763066727659-300x169.jpg 300w, https:\/\/www.em.com.br\/emfoco\/wp-content\/uploads\/2025\/11\/Lirio-branco-flor_1763066727659-768x432.jpg 768w, https:\/\/www.em.com.br\/emfoco\/wp-content\/uploads\/2025\/11\/Lirio-branco-flor_1763066727659-750x422.jpg 750w, https:\/\/www.em.com.br\/emfoco\/wp-content\/uploads\/2025\/11\/Lirio-branco-flor_1763066727659-1140x641.jpg 1140w, https:\/\/www.em.com.br\/emfoco\/wp-content\/uploads\/2025\/11\/Lirio-branco-flor_1763066727659.jpg 1280w\" sizes=\"auto, (max-width: 1024px) 100vw, 1024px\" \/><figcaption class=\"wp-element-caption\">Flores brancas ampliam a luminosidade suave durante toda a noite &#8211; Cr\u00e9ditos: depositphotos.com \/ VadimVasenin<\/figcaption><\/figure>\n\n\n\n<h2 class=\"wp-block-heading\">Quais elementos deixam o jardim lunar ainda mais especial?<\/h2>\n\n\n\n<p>Ilumina\u00e7\u00f5es suaves refor\u00e7am o encanto do <strong><a href=\"https:\/\/www.lawnstarter.com\/blog\/landscaping\/night-blooming-plants-for-moon-garden\/\" target=\"_blank\" rel=\"noreferrer noopener\">ambiente noturno<\/a><\/strong> sem afetar o ciclo natural das plantas. Luzes quentes e l\u00e2mpadas solares criam um cen\u00e1rio acolhedor e destacam o brilho das p\u00e9talas claras, e abaixo est\u00e3o op\u00e7\u00f5es pr\u00e1ticas que elevam o visual do espa\u00e7o.<\/p>\n\n\n\n<ul class=\"wp-block-list\">\n<li><strong>Luzes solares<\/strong> valorizam as flores sem excesso de luminosidade.<\/li>\n\n\n\n<li><strong>Lanternas quentes<\/strong> deixam o espa\u00e7o \u00edntimo e aconchegante.<\/li>\n\n\n\n<li><strong>Velas em suportes<\/strong> criam pontos rom\u00e2nticos durante a noite.<\/li>\n<\/ul>\n\n\n\n<p>Montar um <strong>jardim lunar<\/strong> \u00e9 simples e transforma qualquer \u00e1rea externa em um ref\u00fagio arom\u00e1tico e m\u00e1gico para aproveitar momentos tranquilos depois do anoitecer.<\/p>\n\n\n\n<p><\/p>\n","protected":false},"excerpt":{"rendered":"<p>Um jardim lunar transforma qualquer espa\u00e7o ao ar livre quando o sol se p\u00f5e, criando um cen\u00e1rio perfumado e iluminado naturalmente. As flores que despertam \u00e0 noite revelam um charme \u00fanico e deixam o ambiente m\u00e1gico. Quais plantas criam o charme essencial de um jardim lunar? A presen\u00e7a da dama-da-noite garante perfume intenso ap\u00f3s o [&hellip;]<\/p>\n","protected":false},"author":13,"featured_media":127295,"comment_status":"open","ping_status":"open","sticky":false,"template":"","format":"standard","meta":{"jnews-multi-image_gallery":[],"jnews_single_post":{"format":"standard"},"jnews_primary_category":[],"jnews_social_meta":[],"jnews_override_counter":[],"footnotes":""},"categories":[8819],"tags":[18831,18830,3358],"class_list":["post-127275","post","type-post","status-publish","format-standard","has-post-thumbnail","hentry","category-curiosidades","tag-flores-da-noite","tag-jardim-lunar","tag-jardinagem"],"yoast_head":"<!-- This site is optimized with the Yoast SEO plugin v23.8 - https:\/\/yoast.com\/wordpress\/plugins\/seo\/ -->\n<title>Flores que brilham no escuro e deixam seu jardim com cheiro de paz - Estado de Minas - Em foco<\/title>\n<meta name=\"description\" content=\"Um jardim lunar com flores noturnas transforma as noites com perfume suave e brilho natural. Veja como montar o seu em casa.\" \/>\n<meta name=\"robots\" content=\"index, follow, max-snippet:-1, max-image-preview:large, max-video-preview:-1\" \/>\n<link rel=\"canonical\" href=\"https:\/\/www.em.com.br\/emfoco\/2025\/11\/17\/flores-que-brilham-no-escuro-e-deixam-seu-jardim-com-cheiro-de-paz\/\" \/>\n<meta property=\"og:locale\" content=\"pt_BR\" \/>\n<meta property=\"og:type\" content=\"article\" \/>\n<meta property=\"og:title\" content=\"Flores que brilham no escuro e deixam seu jardim com cheiro de paz - Estado de Minas - Em foco\" \/>\n<meta property=\"og:description\" content=\"Um jardim lunar com flores noturnas transforma as noites com perfume suave e brilho natural. Veja como montar o seu em casa.\" \/>\n<meta property=\"og:url\" content=\"https:\/\/www.em.com.br\/emfoco\/2025\/11\/17\/flores-que-brilham-no-escuro-e-deixam-seu-jardim-com-cheiro-de-paz\/\" \/>\n<meta property=\"og:site_name\" content=\"Estado de Minas - Em foco\" \/>\n<meta property=\"article:published_time\" content=\"2025-11-17T12:55:00+00:00\" \/>\n<meta property=\"article:modified_time\" content=\"2025-11-13T20:45:44+00:00\" \/>\n<meta property=\"og:image\" content=\"https:\/\/www.em.com.br\/emfoco\/wp-content\/uploads\/2025\/11\/IA-IMG-3.jpg\" \/>\n\t<meta property=\"og:image:width\" content=\"1280\" \/>\n\t<meta property=\"og:image:height\" content=\"720\" \/>\n\t<meta property=\"og:image:type\" content=\"image\/jpeg\" \/>\n<meta name=\"author\" content=\"Gabriel Martins\" \/>\n<meta name=\"twitter:card\" content=\"summary_large_image\" \/>\n<meta name=\"twitter:label1\" content=\"Escrito por\" \/>\n\t<meta name=\"twitter:data1\" content=\"Gabriel Martins\" \/>\n\t<meta name=\"twitter:label2\" content=\"Est. tempo de leitura\" \/>\n\t<meta name=\"twitter:data2\" content=\"3 minutos\" \/>\n<!-- \/ Yoast SEO plugin. -->","yoast_head_json":{"title":"Flores que brilham no escuro e deixam seu jardim com cheiro de paz - Estado de Minas - Em foco","description":"Um jardim lunar com flores noturnas transforma as noites com perfume suave e brilho natural. Veja como montar o seu em casa.","robots":{"index":"index","follow":"follow","max-snippet":"max-snippet:-1","max-image-preview":"max-image-preview:large","max-video-preview":"max-video-preview:-1"},"canonical":"https:\/\/www.em.com.br\/emfoco\/2025\/11\/17\/flores-que-brilham-no-escuro-e-deixam-seu-jardim-com-cheiro-de-paz\/","og_locale":"pt_BR","og_type":"article","og_title":"Flores que brilham no escuro e deixam seu jardim com cheiro de paz - Estado de Minas - Em foco","og_description":"Um jardim lunar com flores noturnas transforma as noites com perfume suave e brilho natural. Veja como montar o seu em casa.","og_url":"https:\/\/www.em.com.br\/emfoco\/2025\/11\/17\/flores-que-brilham-no-escuro-e-deixam-seu-jardim-com-cheiro-de-paz\/","og_site_name":"Estado de Minas - Em foco","article_published_time":"2025-11-17T12:55:00+00:00","article_modified_time":"2025-11-13T20:45:44+00:00","og_image":[{"width":1280,"height":720,"url":"https:\/\/www.em.com.br\/emfoco\/wp-content\/uploads\/2025\/11\/IA-IMG-3.jpg","type":"image\/jpeg"}],"author":"Gabriel Martins","twitter_card":"summary_large_image","twitter_misc":{"Escrito por":"Gabriel Martins","Est. tempo de leitura":"3 minutos"},"schema":{"@context":"https:\/\/schema.org","@graph":[{"@type":"WebPage","@id":"https:\/\/www.em.com.br\/emfoco\/2025\/11\/17\/flores-que-brilham-no-escuro-e-deixam-seu-jardim-com-cheiro-de-paz\/","url":"https:\/\/www.em.com.br\/emfoco\/2025\/11\/17\/flores-que-brilham-no-escuro-e-deixam-seu-jardim-com-cheiro-de-paz\/","name":"Flores que brilham no escuro e deixam seu jardim com cheiro de paz - Estado de Minas - Em foco","isPartOf":{"@id":"https:\/\/www.em.com.br\/emfoco\/#website"},"primaryImageOfPage":{"@id":"https:\/\/www.em.com.br\/emfoco\/2025\/11\/17\/flores-que-brilham-no-escuro-e-deixam-seu-jardim-com-cheiro-de-paz\/#primaryimage"},"image":{"@id":"https:\/\/www.em.com.br\/emfoco\/2025\/11\/17\/flores-que-brilham-no-escuro-e-deixam-seu-jardim-com-cheiro-de-paz\/#primaryimage"},"thumbnailUrl":"https:\/\/www.em.com.br\/emfoco\/wp-content\/uploads\/2025\/11\/IA-IMG-3.jpg","datePublished":"2025-11-17T12:55:00+00:00","dateModified":"2025-11-13T20:45:44+00:00","author":{"@id":"https:\/\/www.em.com.br\/emfoco\/#\/schema\/person\/1c9ddeab18b98abeffef834667bcf08a"},"description":"Um jardim lunar com flores noturnas transforma as noites com perfume suave e brilho natural. Veja como montar o seu em casa.","breadcrumb":{"@id":"https:\/\/www.em.com.br\/emfoco\/2025\/11\/17\/flores-que-brilham-no-escuro-e-deixam-seu-jardim-com-cheiro-de-paz\/#breadcrumb"},"inLanguage":"pt-BR","potentialAction":[{"@type":"ReadAction","target":["https:\/\/www.em.com.br\/emfoco\/2025\/11\/17\/flores-que-brilham-no-escuro-e-deixam-seu-jardim-com-cheiro-de-paz\/"]}]},{"@type":"ImageObject","inLanguage":"pt-BR","@id":"https:\/\/www.em.com.br\/emfoco\/2025\/11\/17\/flores-que-brilham-no-escuro-e-deixam-seu-jardim-com-cheiro-de-paz\/#primaryimage","url":"https:\/\/www.em.com.br\/emfoco\/wp-content\/uploads\/2025\/11\/IA-IMG-3.jpg","contentUrl":"https:\/\/www.em.com.br\/emfoco\/wp-content\/uploads\/2025\/11\/IA-IMG-3.jpg","width":1280,"height":720,"caption":"Flores noturnas criam um jardim lunar perfumado e naturalmente iluminado - Cr\u00e9ditos: Reprodu\u00e7\u00e3o \/ Lovart"},{"@type":"BreadcrumbList","@id":"https:\/\/www.em.com.br\/emfoco\/2025\/11\/17\/flores-que-brilham-no-escuro-e-deixam-seu-jardim-com-cheiro-de-paz\/#breadcrumb","itemListElement":[{"@type":"ListItem","position":1,"name":"In\u00edcio","item":"https:\/\/www.em.com.br\/emfoco\/"},{"@type":"ListItem","position":2,"name":"Flores que brilham no escuro e deixam seu jardim com cheiro de paz"}]},{"@type":"WebSite","@id":"https:\/\/www.em.com.br\/emfoco\/#website","url":"https:\/\/www.em.com.br\/emfoco\/","name":"Estado de Minas - Em foco","description":"Acompanhe as \u00faltimas not\u00edcias e fique bem informado sobre tudo o que acontece em Minas Gerais, Brasil e no mundo.","potentialAction":[{"@type":"SearchAction","target":{"@type":"EntryPoint","urlTemplate":"https:\/\/www.em.com.br\/emfoco\/?s={search_term_string}"},"query-input":{"@type":"PropertyValueSpecification","valueRequired":true,"valueName":"search_term_string"}}],"inLanguage":"pt-BR"},{"@type":"Person","@id":"https:\/\/www.em.com.br\/emfoco\/#\/schema\/person\/1c9ddeab18b98abeffef834667bcf08a","name":"Gabriel Martins","image":{"@type":"ImageObject","inLanguage":"pt-BR","@id":"https:\/\/www.em.com.br\/emfoco\/#\/schema\/person\/image\/","url":"https:\/\/secure.gravatar.com\/avatar\/f0f1e2efdfd88f1ad2cb08c5c2731e50?s=96&d=mm&r=g","contentUrl":"https:\/\/secure.gravatar.com\/avatar\/f0f1e2efdfd88f1ad2cb08c5c2731e50?s=96&d=mm&r=g","caption":"Gabriel Martins"},"sameAs":["https:\/\/www.em.com.br\/emfoco\/"],"url":"https:\/\/www.em.com.br\/emfoco\/author\/gabrielmartinsmyth\/"}]}},"_links":{"self":[{"href":"https:\/\/www.em.com.br\/emfoco\/wp-json\/wp\/v2\/posts\/127275","targetHints":{"allow":["GET"]}}],"collection":[{"href":"https:\/\/www.em.com.br\/emfoco\/wp-json\/wp\/v2\/posts"}],"about":[{"href":"https:\/\/www.em.com.br\/emfoco\/wp-json\/wp\/v2\/types\/post"}],"author":[{"embeddable":true,"href":"https:\/\/www.em.com.br\/emfoco\/wp-json\/wp\/v2\/users\/13"}],"replies":[{"embeddable":true,"href":"https:\/\/www.em.com.br\/emfoco\/wp-json\/wp\/v2\/comments?post=127275"}],"version-history":[{"count":1,"href":"https:\/\/www.em.com.br\/emfoco\/wp-json\/wp\/v2\/posts\/127275\/revisions"}],"predecessor-version":[{"id":127298,"href":"https:\/\/www.em.com.br\/emfoco\/wp-json\/wp\/v2\/posts\/127275\/revisions\/127298"}],"wp:featuredmedia":[{"embeddable":true,"href":"https:\/\/www.em.com.br\/emfoco\/wp-json\/wp\/v2\/media\/127295"}],"wp:attachment":[{"href":"https:\/\/www.em.com.br\/emfoco\/wp-json\/wp\/v2\/media?parent=127275"}],"wp:term":[{"taxonomy":"category","embeddable":true,"href":"https:\/\/www.em.com.br\/emfoco\/wp-json\/wp\/v2\/categories?post=127275"},{"taxonomy":"post_tag","embeddable":true,"href":"https:\/\/www.em.com.br\/emfoco\/wp-json\/wp\/v2\/tags?post=127275"}],"curies":[{"name":"wp","href":"https:\/\/api.w.org\/{rel}","templated":true}]}}