{"id":127267,"date":"2025-11-14T21:55:00","date_gmt":"2025-11-15T00:55:00","guid":{"rendered":"https:\/\/www.em.com.br\/emfoco\/?p=127267"},"modified":"2025-11-13T17:46:51","modified_gmt":"2025-11-13T20:46:51","slug":"internacao-de-14-dias-nao-zera-a-sua-licenca-maternidade-de-120-dias","status":"publish","type":"post","link":"https:\/\/www.em.com.br\/emfoco\/2025\/11\/14\/internacao-de-14-dias-nao-zera-a-sua-licenca-maternidade-de-120-dias\/","title":{"rendered":"Interna\u00e7\u00e3o de 14 dias n\u00e3o zera a sua licen\u00e7a-maternidade de 120 dias"},"content":{"rendered":"\n<p>A san\u00e7\u00e3o de uma nova lei pelo presidente <strong>Luiz In\u00e1cio Lula da Silva<\/strong> alterou significativamente as regras da licen\u00e7a-maternidade, especialmente em casos de interna\u00e7\u00e3o prolongada da m\u00e3e ou do rec\u00e9m-nascido, estendendo o per\u00edodo do benef\u00edcio quando a hospitaliza\u00e7\u00e3o ultrapassar duas semanas e prevendo que a licen\u00e7a ser\u00e1 contada a partir da alta hospitalar mais tardia entre m\u00e3e e beb\u00ea.<\/p>\n\n\n\n<h2 class=\"wp-block-heading\">Como funciona a regra para interna\u00e7\u00e3o?<\/h2>\n\n\n<div class=\"wp-block-image\">\n<figure class=\"aligncenter size-large\"><img loading=\"lazy\" decoding=\"async\" width=\"1024\" height=\"576\" src=\"https:\/\/www.em.com.br\/emfoco\/wp-content\/uploads\/2025\/11\/parto_1761496690254-1024x576.jpg\" alt=\"\" class=\"wp-image-127294\" srcset=\"https:\/\/www.em.com.br\/emfoco\/wp-content\/uploads\/2025\/11\/parto_1761496690254-1024x576.jpg 1024w, https:\/\/www.em.com.br\/emfoco\/wp-content\/uploads\/2025\/11\/parto_1761496690254-300x169.jpg 300w, https:\/\/www.em.com.br\/emfoco\/wp-content\/uploads\/2025\/11\/parto_1761496690254-768x432.jpg 768w, https:\/\/www.em.com.br\/emfoco\/wp-content\/uploads\/2025\/11\/parto_1761496690254-750x422.jpg 750w, https:\/\/www.em.com.br\/emfoco\/wp-content\/uploads\/2025\/11\/parto_1761496690254-1140x641.jpg 1140w, https:\/\/www.em.com.br\/emfoco\/wp-content\/uploads\/2025\/11\/parto_1761496690254.jpg 1280w\" sizes=\"auto, (max-width: 1024px) 100vw, 1024px\" \/><figcaption class=\"wp-element-caption\">Per\u00edodo de interna\u00e7\u00e3o n\u00e3o reduz os 120 dias garantidos da licen\u00e7a-maternidade &#8211; Cr\u00e9ditos: depositphotos.com \/ FamVeldman<\/figcaption><\/figure><\/div>\n\n\n<p>As novas diretrizes determinam que, se a m\u00e3e ou o rec\u00e9m-nascido permanecer internado por mais de 14 dias, a licen\u00e7a-maternidade poder\u00e1 ser estendida por <strong>at\u00e9 120 dias<\/strong>, contados a partir da alta do \u00faltimo a deixar o hospital. Essa medida garante maior prote\u00e7\u00e3o e cuidado nos primeiros meses de vida do beb\u00ea. Al\u00e9m disso, a nova lei tamb\u00e9m contempla casos de m\u00faltiplos beb\u00eas, beneficiando fam\u00edlias em situa\u00e7\u00f5es espec\u00edficas de parto prematuro ou condi\u00e7\u00f5es m\u00e9dicas especiais.<\/p>\n\n\n\n<p>O principal objetivo dessa atualiza\u00e7\u00e3o legislativa \u00e9 assegurar \u00e0 fam\u00edlia tempo adequado para os cuidados essenciais ap\u00f3s situa\u00e7\u00f5es de sa\u00fade delicadas, ampliando a prote\u00e7\u00e3o \u00e0 maternidade e alinhando a legisla\u00e7\u00e3o com decis\u00f5es j\u00e1 reconhecidas pelo <strong>STF<\/strong>.<\/p>\n\n\n\n<h2 class=\"wp-block-heading\">Como a mudan\u00e7a afeta empresas e m\u00e3es?<\/h2>\n\n\n\n<p>A princ\u00edpio, o sal\u00e1rio-maternidade continua sendo pago pela empresa, mas o empregador pode deduzir esse valor das contribui\u00e7\u00f5es previdenci\u00e1rias devidas. Assim, o impacto financeiro direto para o empregador \u00e9 minimizado, j\u00e1 que o <strong>Instituto Nacional do Seguro Social<\/strong> (<a href=\"https:\/\/meu.inss.gov.br\/\" target=\"_blank\" rel=\"noreferrer noopener\">INSS<\/a>) faz o ressarcimento.<\/p>\n\n\n\n<p>Para algumas categorias trabalhistas, como as seguradas especiais e as empregadas dom\u00e9sticas, o <strong>INSS <\/strong>se responsabiliza pelo pagamento direto do benef\u00edcio. Veja as principais categorias de pagamento:<\/p>\n\n\n\n<ul class=\"wp-block-list\">\n<li><strong>Empregadas em regime<\/strong> <strong>CLT<\/strong>: pagamento pelo empregador com compensa\u00e7\u00e3o pelo <strong>INSS<\/strong><\/li>\n\n\n\n<li><strong>Seguradas especiais<\/strong>: pagamento direto pelo <strong>INSS<\/strong><\/li>\n\n\n\n<li><strong>Empregadas dom\u00e9sticas<\/strong>: pagamento direto pelo <strong>INSS<\/strong><\/li>\n<\/ul>\n\n\n\n<p>Empresas devem se atentar \u00e0s novas regras para realizar os registros corretos e orientar seus departamentos de <strong>Recursos Humanos<\/strong> quanto aos eventuais prolongamentos e procedimentos burocr\u00e1ticos.<\/p>\n\n\n\n<p>Leia mais: <a href=\"https:\/\/www.em.com.br\/emfoco\/2025\/11\/02\/internacao-prolongada-garante-licenca-maternidade-por-ate-120-dias-a-mais\/\" target=\"_blank\" rel=\"noreferrer noopener\">Interna\u00e7\u00e3o prolongada garante licen\u00e7a-maternidade por at\u00e9 120 dias a mais<\/a><\/p>\n\n\n\n<h2 class=\"wp-block-heading\">Como impacta a rotina familiar?<\/h2>\n\n\n<div class=\"wp-block-image\">\n<figure class=\"aligncenter size-large\"><img loading=\"lazy\" decoding=\"async\" width=\"1024\" height=\"576\" src=\"https:\/\/www.em.com.br\/emfoco\/wp-content\/uploads\/2025\/10\/recem-nascido_1757280942228-1024x576.jpg\" alt=\"Interna\u00e7\u00e3o prolongada garante licen\u00e7a-maternidade por at\u00e9 120 dias a mais\" class=\"wp-image-116944\" srcset=\"https:\/\/www.em.com.br\/emfoco\/wp-content\/uploads\/2025\/10\/recem-nascido_1757280942228-1024x576.jpg 1024w, https:\/\/www.em.com.br\/emfoco\/wp-content\/uploads\/2025\/10\/recem-nascido_1757280942228-300x169.jpg 300w, https:\/\/www.em.com.br\/emfoco\/wp-content\/uploads\/2025\/10\/recem-nascido_1757280942228-768x432.jpg 768w, https:\/\/www.em.com.br\/emfoco\/wp-content\/uploads\/2025\/10\/recem-nascido_1757280942228-750x422.jpg 750w, https:\/\/www.em.com.br\/emfoco\/wp-content\/uploads\/2025\/10\/recem-nascido_1757280942228-1140x641.jpg 1140w, https:\/\/www.em.com.br\/emfoco\/wp-content\/uploads\/2025\/10\/recem-nascido_1757280942228.jpg 1280w\" sizes=\"auto, (max-width: 1024px) 100vw, 1024px\" \/><figcaption class=\"wp-element-caption\">Per\u00edodo de interna\u00e7\u00e3o n\u00e3o reduz os 120 dias garantidos da licen\u00e7a-maternidade &#8211; Cr\u00e9ditos: depositphotos.com \/ HayDmitriy<\/figcaption><\/figure><\/div>\n\n\n<p>A extens\u00e3o do per\u00edodo de licen\u00e7a permite o fortalecimento do v\u00ednculo entre m\u00e3e e filho e proporciona mais estabilidade no in\u00edcio da vida do rec\u00e9m-nascido. Essa medida se mostra essencial para fam\u00edlias que enfrentam desafios logo ap\u00f3s o parto, como interna\u00e7\u00f5es inesperadas.<\/p>\n\n\n\n<p>Ao come\u00e7ar a contagem da licen\u00e7a apenas ap\u00f3s a alta hospitalar, a legisla\u00e7\u00e3o proporciona apoio concreto a m\u00e3es que enfrentam condi\u00e7\u00f5es delicadas e faz com que o cuidado ao rec\u00e9m-nascido seja verdadeiramente priorizado. A extens\u00e3o tamb\u00e9m pode gerar impactos positivos na sa\u00fade mental materna, favorecendo o retorno ao trabalho em condi\u00e7\u00f5es mais adequadas.<\/p>\n\n\n\n<p>Leia mais: <a href=\"https:\/\/www.em.com.br\/emfoco\/2025\/11\/11\/governo-libera-o-auxilio-gas-para-a-familia-com-a-renda-de-meio-salario\/\" target=\"_blank\" rel=\"noreferrer noopener\">Governo libera o aux\u00edlio-g\u00e1s para a fam\u00edlia com a renda de meio sal\u00e1rio<\/a><\/p>\n\n\n\n<h2 class=\"wp-block-heading\">O que motivou a mudan\u00e7a na lei?<\/h2>\n\n\n\n<p>A implementa\u00e7\u00e3o das novas regras veio como resposta \u00e0 crescente demanda social por maior apoio na maternidade, buscando alinhar direitos trabalhistas \u00e0 realidade vivida por muitas fam\u00edlias brasileiras. Isso facilita a adequa\u00e7\u00e3o da legisla\u00e7\u00e3o a casos especiais que demandam flexibiliza\u00e7\u00e3o.<\/p>\n\n\n\n<p>A nova lei tamb\u00e9m representa a formaliza\u00e7\u00e3o de uma pr\u00e1tica j\u00e1 adotada judicialmente em algumas situa\u00e7\u00f5es, proporcionando mais seguran\u00e7a jur\u00eddica e clareza para funcion\u00e1rios e empregadores ao garantir o bem-estar das fam\u00edlias como valor central das pol\u00edticas p\u00fablicas.<\/p>\n","protected":false},"excerpt":{"rendered":"<p>A san\u00e7\u00e3o de uma nova lei pelo presidente Luiz In\u00e1cio Lula da Silva alterou significativamente as regras da licen\u00e7a-maternidade, especialmente em casos de interna\u00e7\u00e3o prolongada da m\u00e3e ou do rec\u00e9m-nascido, estendendo o per\u00edodo do benef\u00edcio quando a hospitaliza\u00e7\u00e3o ultrapassar duas semanas e prevendo que a licen\u00e7a ser\u00e1 contada a partir da alta hospitalar mais tardia [&hellip;]<\/p>\n","protected":false},"author":20,"featured_media":127293,"comment_status":"open","ping_status":"open","sticky":false,"template":"","format":"standard","meta":{"jnews-multi-image_gallery":[],"jnews_single_post":{"format":"standard"},"jnews_primary_category":[],"jnews_social_meta":[],"jnews_override_counter":[],"footnotes":""},"categories":[28,1],"tags":[259,10286],"class_list":["post-127267","post","type-post","status-publish","format-standard","has-post-thumbnail","hentry","category-economia","category-noticias","tag-beneficio","tag-licenca-maternidade"],"yoast_head":"<!-- This site is optimized with the Yoast SEO plugin v23.8 - https:\/\/yoast.com\/wordpress\/plugins\/seo\/ -->\n<title>Interna\u00e7\u00e3o de 14 dias n\u00e3o zera a sua licen\u00e7a-maternidade de 120 dias - Estado de Minas - Em foco<\/title>\n<meta name=\"description\" content=\"Interna\u00e7\u00e3o de 14 dias n\u00e3o interrompe a licen\u00e7a-maternidade de 120 dias, garantindo que voc\u00ea receba todo o per\u00edodo previsto.\" \/>\n<meta name=\"robots\" content=\"index, follow, max-snippet:-1, max-image-preview:large, max-video-preview:-1\" \/>\n<link rel=\"canonical\" href=\"https:\/\/www.em.com.br\/emfoco\/2025\/11\/14\/internacao-de-14-dias-nao-zera-a-sua-licenca-maternidade-de-120-dias\/\" \/>\n<meta property=\"og:locale\" content=\"pt_BR\" \/>\n<meta property=\"og:type\" content=\"article\" \/>\n<meta property=\"og:title\" content=\"Interna\u00e7\u00e3o de 14 dias n\u00e3o zera a sua licen\u00e7a-maternidade de 120 dias - Estado de Minas - Em foco\" \/>\n<meta property=\"og:description\" content=\"Interna\u00e7\u00e3o de 14 dias n\u00e3o interrompe a licen\u00e7a-maternidade de 120 dias, garantindo que voc\u00ea receba todo o per\u00edodo previsto.\" \/>\n<meta property=\"og:url\" content=\"https:\/\/www.em.com.br\/emfoco\/2025\/11\/14\/internacao-de-14-dias-nao-zera-a-sua-licenca-maternidade-de-120-dias\/\" \/>\n<meta property=\"og:site_name\" content=\"Estado de Minas - Em foco\" \/>\n<meta property=\"article:published_time\" content=\"2025-11-15T00:55:00+00:00\" \/>\n<meta property=\"article:modified_time\" content=\"2025-11-13T20:46:51+00:00\" \/>\n<meta property=\"og:image\" content=\"https:\/\/www.em.com.br\/emfoco\/wp-content\/uploads\/2025\/11\/parto_1761496674915.jpg\" \/>\n\t<meta property=\"og:image:width\" content=\"1280\" \/>\n\t<meta property=\"og:image:height\" content=\"720\" \/>\n\t<meta property=\"og:image:type\" content=\"image\/jpeg\" \/>\n<meta name=\"author\" content=\"Ingrid Diniz\" \/>\n<meta name=\"twitter:card\" content=\"summary_large_image\" \/>\n<meta name=\"twitter:label1\" content=\"Escrito por\" \/>\n\t<meta name=\"twitter:data1\" content=\"Ingrid Diniz\" \/>\n\t<meta name=\"twitter:label2\" content=\"Est. tempo de leitura\" \/>\n\t<meta name=\"twitter:data2\" content=\"4 minutos\" \/>\n<!-- \/ Yoast SEO plugin. -->","yoast_head_json":{"title":"Interna\u00e7\u00e3o de 14 dias n\u00e3o zera a sua licen\u00e7a-maternidade de 120 dias - Estado de Minas - Em foco","description":"Interna\u00e7\u00e3o de 14 dias n\u00e3o interrompe a licen\u00e7a-maternidade de 120 dias, garantindo que voc\u00ea receba todo o per\u00edodo previsto.","robots":{"index":"index","follow":"follow","max-snippet":"max-snippet:-1","max-image-preview":"max-image-preview:large","max-video-preview":"max-video-preview:-1"},"canonical":"https:\/\/www.em.com.br\/emfoco\/2025\/11\/14\/internacao-de-14-dias-nao-zera-a-sua-licenca-maternidade-de-120-dias\/","og_locale":"pt_BR","og_type":"article","og_title":"Interna\u00e7\u00e3o de 14 dias n\u00e3o zera a sua licen\u00e7a-maternidade de 120 dias - Estado de Minas - Em foco","og_description":"Interna\u00e7\u00e3o de 14 dias n\u00e3o interrompe a licen\u00e7a-maternidade de 120 dias, garantindo que voc\u00ea receba todo o per\u00edodo previsto.","og_url":"https:\/\/www.em.com.br\/emfoco\/2025\/11\/14\/internacao-de-14-dias-nao-zera-a-sua-licenca-maternidade-de-120-dias\/","og_site_name":"Estado de Minas - Em foco","article_published_time":"2025-11-15T00:55:00+00:00","article_modified_time":"2025-11-13T20:46:51+00:00","og_image":[{"width":1280,"height":720,"url":"https:\/\/www.em.com.br\/emfoco\/wp-content\/uploads\/2025\/11\/parto_1761496674915.jpg","type":"image\/jpeg"}],"author":"Ingrid Diniz","twitter_card":"summary_large_image","twitter_misc":{"Escrito por":"Ingrid Diniz","Est. tempo de leitura":"4 minutos"},"schema":{"@context":"https:\/\/schema.org","@graph":[{"@type":"WebPage","@id":"https:\/\/www.em.com.br\/emfoco\/2025\/11\/14\/internacao-de-14-dias-nao-zera-a-sua-licenca-maternidade-de-120-dias\/","url":"https:\/\/www.em.com.br\/emfoco\/2025\/11\/14\/internacao-de-14-dias-nao-zera-a-sua-licenca-maternidade-de-120-dias\/","name":"Interna\u00e7\u00e3o de 14 dias n\u00e3o zera a sua licen\u00e7a-maternidade de 120 dias - Estado de Minas - Em foco","isPartOf":{"@id":"https:\/\/www.em.com.br\/emfoco\/#website"},"primaryImageOfPage":{"@id":"https:\/\/www.em.com.br\/emfoco\/2025\/11\/14\/internacao-de-14-dias-nao-zera-a-sua-licenca-maternidade-de-120-dias\/#primaryimage"},"image":{"@id":"https:\/\/www.em.com.br\/emfoco\/2025\/11\/14\/internacao-de-14-dias-nao-zera-a-sua-licenca-maternidade-de-120-dias\/#primaryimage"},"thumbnailUrl":"https:\/\/www.em.com.br\/emfoco\/wp-content\/uploads\/2025\/11\/parto_1761496674915.jpg","datePublished":"2025-11-15T00:55:00+00:00","dateModified":"2025-11-13T20:46:51+00:00","author":{"@id":"https:\/\/www.em.com.br\/emfoco\/#\/schema\/person\/649e610b4eb8fff87ff394e54fe17b2b"},"description":"Interna\u00e7\u00e3o de 14 dias n\u00e3o interrompe a licen\u00e7a-maternidade de 120 dias, garantindo que voc\u00ea receba todo o per\u00edodo previsto.","breadcrumb":{"@id":"https:\/\/www.em.com.br\/emfoco\/2025\/11\/14\/internacao-de-14-dias-nao-zera-a-sua-licenca-maternidade-de-120-dias\/#breadcrumb"},"inLanguage":"pt-BR","potentialAction":[{"@type":"ReadAction","target":["https:\/\/www.em.com.br\/emfoco\/2025\/11\/14\/internacao-de-14-dias-nao-zera-a-sua-licenca-maternidade-de-120-dias\/"]}]},{"@type":"ImageObject","inLanguage":"pt-BR","@id":"https:\/\/www.em.com.br\/emfoco\/2025\/11\/14\/internacao-de-14-dias-nao-zera-a-sua-licenca-maternidade-de-120-dias\/#primaryimage","url":"https:\/\/www.em.com.br\/emfoco\/wp-content\/uploads\/2025\/11\/parto_1761496674915.jpg","contentUrl":"https:\/\/www.em.com.br\/emfoco\/wp-content\/uploads\/2025\/11\/parto_1761496674915.jpg","width":1280,"height":720,"caption":"Per\u00edodo de interna\u00e7\u00e3o n\u00e3o reduz os 120 dias garantidos da licen\u00e7a-maternidade - Cr\u00e9ditos: depositphotos.com \/ IgorTishenko"},{"@type":"BreadcrumbList","@id":"https:\/\/www.em.com.br\/emfoco\/2025\/11\/14\/internacao-de-14-dias-nao-zera-a-sua-licenca-maternidade-de-120-dias\/#breadcrumb","itemListElement":[{"@type":"ListItem","position":1,"name":"In\u00edcio","item":"https:\/\/www.em.com.br\/emfoco\/"},{"@type":"ListItem","position":2,"name":"Interna\u00e7\u00e3o de 14 dias n\u00e3o zera a sua licen\u00e7a-maternidade de 120 dias"}]},{"@type":"WebSite","@id":"https:\/\/www.em.com.br\/emfoco\/#website","url":"https:\/\/www.em.com.br\/emfoco\/","name":"Estado de Minas - Em foco","description":"Acompanhe as \u00faltimas not\u00edcias e fique bem informado sobre tudo o que acontece em Minas Gerais, Brasil e no mundo.","potentialAction":[{"@type":"SearchAction","target":{"@type":"EntryPoint","urlTemplate":"https:\/\/www.em.com.br\/emfoco\/?s={search_term_string}"},"query-input":{"@type":"PropertyValueSpecification","valueRequired":true,"valueName":"search_term_string"}}],"inLanguage":"pt-BR"},{"@type":"Person","@id":"https:\/\/www.em.com.br\/emfoco\/#\/schema\/person\/649e610b4eb8fff87ff394e54fe17b2b","name":"Ingrid Diniz","image":{"@type":"ImageObject","inLanguage":"pt-BR","@id":"https:\/\/www.em.com.br\/emfoco\/#\/schema\/person\/image\/","url":"https:\/\/secure.gravatar.com\/avatar\/a3baa1449ec5c39b4c42babc9d4f3951?s=96&d=mm&r=g","contentUrl":"https:\/\/secure.gravatar.com\/avatar\/a3baa1449ec5c39b4c42babc9d4f3951?s=96&d=mm&r=g","caption":"Ingrid Diniz"},"sameAs":["https:\/\/www.em.com.br\/"],"url":"https:\/\/www.em.com.br\/emfoco\/author\/ingridmyth\/"}]}},"_links":{"self":[{"href":"https:\/\/www.em.com.br\/emfoco\/wp-json\/wp\/v2\/posts\/127267","targetHints":{"allow":["GET"]}}],"collection":[{"href":"https:\/\/www.em.com.br\/emfoco\/wp-json\/wp\/v2\/posts"}],"about":[{"href":"https:\/\/www.em.com.br\/emfoco\/wp-json\/wp\/v2\/types\/post"}],"author":[{"embeddable":true,"href":"https:\/\/www.em.com.br\/emfoco\/wp-json\/wp\/v2\/users\/20"}],"replies":[{"embeddable":true,"href":"https:\/\/www.em.com.br\/emfoco\/wp-json\/wp\/v2\/comments?post=127267"}],"version-history":[{"count":1,"href":"https:\/\/www.em.com.br\/emfoco\/wp-json\/wp\/v2\/posts\/127267\/revisions"}],"predecessor-version":[{"id":127300,"href":"https:\/\/www.em.com.br\/emfoco\/wp-json\/wp\/v2\/posts\/127267\/revisions\/127300"}],"wp:featuredmedia":[{"embeddable":true,"href":"https:\/\/www.em.com.br\/emfoco\/wp-json\/wp\/v2\/media\/127293"}],"wp:attachment":[{"href":"https:\/\/www.em.com.br\/emfoco\/wp-json\/wp\/v2\/media?parent=127267"}],"wp:term":[{"taxonomy":"category","embeddable":true,"href":"https:\/\/www.em.com.br\/emfoco\/wp-json\/wp\/v2\/categories?post=127267"},{"taxonomy":"post_tag","embeddable":true,"href":"https:\/\/www.em.com.br\/emfoco\/wp-json\/wp\/v2\/tags?post=127267"}],"curies":[{"name":"wp","href":"https:\/\/api.w.org\/{rel}","templated":true}]}}