{"id":127265,"date":"2025-11-14T20:35:00","date_gmt":"2025-11-14T23:35:00","guid":{"rendered":"https:\/\/www.em.com.br\/emfoco\/?p=127265"},"modified":"2025-11-13T17:37:29","modified_gmt":"2025-11-13T20:37:29","slug":"voce-tem-15-dias-para-agir-e-evitar-o-corte-do-seu-beneficio-por-doenca","status":"publish","type":"post","link":"https:\/\/www.em.com.br\/emfoco\/2025\/11\/14\/voce-tem-15-dias-para-agir-e-evitar-o-corte-do-seu-beneficio-por-doenca\/","title":{"rendered":"Voc\u00ea tem 15 dias para agir e evitar o corte do seu benef\u00edcio por doen\u00e7a"},"content":{"rendered":"\n<p>O recente julgamento un\u00e2nime do <strong>Supremo Tribunal Federal<\/strong> (STF) reacendeu debates relevantes sobre o aux\u00edlio-doen\u00e7a administrado pelo <strong>Instituto Nacional do Seguro Social<\/strong> (INSS), ao validar a regra que permite a cessa\u00e7\u00e3o autom\u00e1tica do benef\u00edcio em 120 dias, mesmo sem nova per\u00edcia m\u00e9dica, impactando tanto segurados quanto a gest\u00e3o do sistema previdenci\u00e1rio.<\/p>\n\n\n\n<h2 class=\"wp-block-heading\">Por que o STF validou a cessa\u00e7\u00e3o autom\u00e1tica?<\/h2>\n\n\n<div class=\"wp-block-image\">\n<figure class=\"aligncenter size-large\"><img loading=\"lazy\" decoding=\"async\" width=\"1024\" height=\"576\" src=\"https:\/\/www.em.com.br\/emfoco\/wp-content\/uploads\/2025\/07\/stf_1751534488335-1024x576.jpg\" alt=\"STF confirma fim autom\u00e1tico do aux\u00edlio-doen\u00e7a ap\u00f3s 120 dias\" class=\"wp-image-70848\" srcset=\"https:\/\/www.em.com.br\/emfoco\/wp-content\/uploads\/2025\/07\/stf_1751534488335-1024x576.jpg 1024w, https:\/\/www.em.com.br\/emfoco\/wp-content\/uploads\/2025\/07\/stf_1751534488335-300x169.jpg 300w, https:\/\/www.em.com.br\/emfoco\/wp-content\/uploads\/2025\/07\/stf_1751534488335-768x432.jpg 768w, https:\/\/www.em.com.br\/emfoco\/wp-content\/uploads\/2025\/07\/stf_1751534488335-750x422.jpg 750w, https:\/\/www.em.com.br\/emfoco\/wp-content\/uploads\/2025\/07\/stf_1751534488335-1140x641.jpg 1140w, https:\/\/www.em.com.br\/emfoco\/wp-content\/uploads\/2025\/07\/stf_1751534488335.jpg 1280w\" sizes=\"auto, (max-width: 1024px) 100vw, 1024px\" \/><figcaption class=\"wp-element-caption\">Prazo de 15 dias \u00e9 dado para evitar o corte do benef\u00edcio por incapacidade &#8211; Cr\u00e9ditos: depositphotos.com \/ diegograndi<\/figcaption><\/figure><\/div>\n\n\n<p>A posi\u00e7\u00e3o do <strong>STF <\/strong>traz impacto significativo, pois delimita os poderes do <strong>INSS <\/strong>e reafirma a relev\u00e2ncia dos direitos previdenci\u00e1rios dos brasileiros. O entendimento tamb\u00e9m destaca a necessidade do equil\u00edbrio entre agilidade administrativa e a manuten\u00e7\u00e3o das garantias legais aos benefici\u00e1rios.<\/p>\n\n\n\n<p>Al\u00e9m disso, o julgamento cria diretrizes para todo o pa\u00eds, estabelecendo uma seguran\u00e7a jur\u00eddica importante para quest\u00f5es previdenci\u00e1rias. Assim, casos semelhantes, independentemente do local, devem seguir esse entendimento, tornando o processo mais est\u00e1vel para os envolvidos. A decis\u00e3o ainda contribui para desafogar o Judici\u00e1rio em raz\u00e3o de lit\u00edgios repetitivos, oferecendo mais clareza para todos os participantes do sistema previdenci\u00e1rio.<\/p>\n\n\n\n<h2 class=\"wp-block-heading\">Qual \u00e9 o prazo e como prorrogar o aux\u00edlio?<\/h2>\n\n\n\n<p>Pela regra validada, o aux\u00edlio-doen\u00e7a \u00e9 concedido inicialmente por 120 dias, podendo esse prazo ser reduzido, de acordo com avalia\u00e7\u00e3o do <strong>INSS<\/strong>. Para garantir a continuidade do benef\u00edcio, o segurado deve pedir a prorroga\u00e7\u00e3o antes do fim do per\u00edodo estipulado, evitando sua cessa\u00e7\u00e3o autom\u00e1tica.<\/p>\n\n\n\n<p>Considerando a import\u00e2ncia desse processo, \u00e9 fundamental que o benefici\u00e1rio acompanhe de perto os prazos e entenda como proceder em caso de necessidade. Veja os passos essenciais para n\u00e3o ser surpreendido:<\/p>\n\n\n\n<ul class=\"wp-block-list\">\n<li>Fique atento \u00e0 data de concess\u00e3o e ao prazo de t\u00e9rmino do benef\u00edcio;<\/li>\n\n\n\n<li>Solicite a prorroga\u00e7\u00e3o no <strong>INSS<\/strong> at\u00e9 15 dias antes do t\u00e9rmino previsto;<\/li>\n\n\n\n<li>Acompanhe o andamento do pedido pelo <strong><a href=\"https:\/\/meu.inss.gov.br\/\" target=\"_blank\" rel=\"noreferrer noopener\">Meu INSS<\/a><\/strong> ou outros canais oficiais;<\/li>\n\n\n\n<li>Em caso de negativa, avalie a possibilidade de recurso administrativo ou busca judicial.<\/li>\n<\/ul>\n\n\n\n<p>Vale lembrar que a solicita\u00e7\u00e3o de prorroga\u00e7\u00e3o pode ser feita de forma online ou presencialmente, garantindo ao segurado alternativas de acesso ao servi\u00e7o. Orienta-se que o pedido seja realizado com anteced\u00eancia para evitar problemas e interrup\u00e7\u00f5es indevidas.<\/p>\n\n\n\n<p>Leia mais: <a href=\"https:\/\/www.em.com.br\/emfoco\/2025\/11\/10\/mulher-descobre-a-idade-e-o-tempo-para-garantir-a-aposentadoria-do-inss\/\" target=\"_blank\" rel=\"noreferrer noopener\">Mulher descobre a idade e o tempo para garantir a aposentadoria do INSS<\/a><\/p>\n\n\n\n<h2 class=\"wp-block-heading\">H\u00e1 reflexos em outros benef\u00edcios do INSS?<\/h2>\n\n\n<div class=\"wp-block-image\">\n<figure class=\"aligncenter size-large\"><img loading=\"lazy\" decoding=\"async\" width=\"1024\" height=\"576\" src=\"https:\/\/www.em.com.br\/emfoco\/wp-content\/uploads\/2025\/06\/inss_1749151298371-1024x576.jpg\" alt=\"Tudo que voc\u00ea precisa saber para consultar e receber o INSS com tranquilidade\" class=\"wp-image-56498\" srcset=\"https:\/\/www.em.com.br\/emfoco\/wp-content\/uploads\/2025\/06\/inss_1749151298371-1024x576.jpg 1024w, https:\/\/www.em.com.br\/emfoco\/wp-content\/uploads\/2025\/06\/inss_1749151298371-300x169.jpg 300w, https:\/\/www.em.com.br\/emfoco\/wp-content\/uploads\/2025\/06\/inss_1749151298371-768x432.jpg 768w, https:\/\/www.em.com.br\/emfoco\/wp-content\/uploads\/2025\/06\/inss_1749151298371-750x422.jpg 750w, https:\/\/www.em.com.br\/emfoco\/wp-content\/uploads\/2025\/06\/inss_1749151298371-1140x642.jpg 1140w, https:\/\/www.em.com.br\/emfoco\/wp-content\/uploads\/2025\/06\/inss_1749151298371.jpg 1279w\" sizes=\"auto, (max-width: 1024px) 100vw, 1024px\" \/><figcaption class=\"wp-element-caption\">Prazo de 15 dias \u00e9 dado para evitar o corte do benef\u00edcio por incapacidade &#8211; Cr\u00e9ditos: depositphotos.com \/ fernandokazuo<\/figcaption><\/figure><\/div>\n\n\n<p>O julgamento do <strong>STF<\/strong> refere-se exclusivamente ao <strong>aux\u00edlio-doen\u00e7a<\/strong> (Benef\u00edcio por Incapacidade Tempor\u00e1ria) e n\u00e3o altera regras de benef\u00edcios como aposentadoria, pens\u00e3o por morte ou aux\u00edlio-acidente. No entanto, pode influenciar a forma como futuros processos administrativos de outros benef\u00edcios sejam avaliados.<\/p>\n\n\n\n<p>A uniformiza\u00e7\u00e3o deste entendimento pode servir de par\u00e2metro para novas decis\u00f5es judiciais envolvendo diferentes tipos de assist\u00eancias, sobretudo em situa\u00e7\u00f5es de impasse sobre prazos, per\u00edcias e cessa\u00e7\u00e3o autom\u00e1tica. Advogados e segurados devem ficar atentos a poss\u00edveis desdobramentos em futuras discuss\u00f5es judiciais e administrativas.<\/p>\n\n\n\n<p>Leia mais: <a href=\"https:\/\/www.em.com.br\/emfoco\/2025\/10\/18\/stf-confirma-fim-automatico-do-auxilio-doenca-apos-120-dias\/\" target=\"_blank\" rel=\"noreferrer noopener\">STF confirma fim autom\u00e1tico do aux\u00edlio-doen\u00e7a ap\u00f3s 120 dias<\/a><\/p>\n\n\n\n<h2 class=\"wp-block-heading\">Como equilibrar agilidade e prote\u00e7\u00e3o social?<\/h2>\n\n\n\n<p>O tema central da decis\u00e3o do <strong>STF <\/strong>\u00e9 como garantir efici\u00eancia na administra\u00e7\u00e3o dos benef\u00edcios do <strong>INSS <\/strong>sem fragilizar a prote\u00e7\u00e3o social dos trabalhadores que dependem dessas assist\u00eancias. O Judici\u00e1rio entende que a objetividade nos procedimentos n\u00e3o deve eliminar direitos nem restringir o acesso \u00e0 Justi\u00e7a.<\/p>\n\n\n\n<p>Com a evolu\u00e7\u00e3o das leis e a judicializa\u00e7\u00e3o de temas previdenci\u00e1rios, permanece vital que tanto segurados quanto gestores busquem sempre informa\u00e7\u00f5es claras e busquem apoio profissional em caso de d\u00favidas sobre seus direitos. Estar bem informado \u00e9 essencial para garantir que nenhum direito seja deixado de lado no processo administrativo previdenci\u00e1rio.<\/p>\n","protected":false},"excerpt":{"rendered":"<p>O recente julgamento un\u00e2nime do Supremo Tribunal Federal (STF) reacendeu debates relevantes sobre o aux\u00edlio-doen\u00e7a administrado pelo Instituto Nacional do Seguro Social (INSS), ao validar a regra que permite a cessa\u00e7\u00e3o autom\u00e1tica do benef\u00edcio em 120 dias, mesmo sem nova per\u00edcia m\u00e9dica, impactando tanto segurados quanto a gest\u00e3o do sistema previdenci\u00e1rio. Por que o STF [&hellip;]<\/p>\n","protected":false},"author":20,"featured_media":124196,"comment_status":"open","ping_status":"open","sticky":false,"template":"","format":"standard","meta":{"jnews-multi-image_gallery":[],"jnews_single_post":{"format":"standard"},"jnews_primary_category":[],"jnews_social_meta":[],"jnews_override_counter":[],"footnotes":""},"categories":[28,1],"tags":[15280,18828,173],"class_list":["post-127265","post","type-post","status-publish","format-standard","has-post-thumbnail","hentry","category-economia","category-noticias","tag-auxilio-doenca-2","tag-pericia","tag-stf"],"yoast_head":"<!-- This site is optimized with the Yoast SEO plugin v23.8 - https:\/\/yoast.com\/wordpress\/plugins\/seo\/ -->\n<title>Voc\u00ea tem 15 dias para agir e evitar o corte do seu benef\u00edcio por doen\u00e7a - Estado de Minas - Em foco<\/title>\n<meta name=\"description\" content=\"Voc\u00ea tem 15 dias para agir e impedir o corte do benef\u00edcio por doen\u00e7a, garantindo a continuidade do seu direito e apoio financeiro.\" \/>\n<meta name=\"robots\" content=\"index, follow, max-snippet:-1, max-image-preview:large, max-video-preview:-1\" \/>\n<link rel=\"canonical\" href=\"https:\/\/www.em.com.br\/emfoco\/2025\/11\/14\/voce-tem-15-dias-para-agir-e-evitar-o-corte-do-seu-beneficio-por-doenca\/\" \/>\n<meta property=\"og:locale\" content=\"pt_BR\" \/>\n<meta property=\"og:type\" content=\"article\" \/>\n<meta property=\"og:title\" content=\"Voc\u00ea tem 15 dias para agir e evitar o corte do seu benef\u00edcio por doen\u00e7a - Estado de Minas - Em foco\" \/>\n<meta property=\"og:description\" content=\"Voc\u00ea tem 15 dias para agir e impedir o corte do benef\u00edcio por doen\u00e7a, garantindo a continuidade do seu direito e apoio financeiro.\" \/>\n<meta property=\"og:url\" content=\"https:\/\/www.em.com.br\/emfoco\/2025\/11\/14\/voce-tem-15-dias-para-agir-e-evitar-o-corte-do-seu-beneficio-por-doenca\/\" \/>\n<meta property=\"og:site_name\" content=\"Estado de Minas - Em foco\" \/>\n<meta property=\"article:published_time\" content=\"2025-11-14T23:35:00+00:00\" \/>\n<meta property=\"article:modified_time\" content=\"2025-11-13T20:37:29+00:00\" \/>\n<meta property=\"og:image\" content=\"https:\/\/www.em.com.br\/emfoco\/wp-content\/uploads\/2025\/11\/consulta-medica_1761294692147.jpg\" \/>\n\t<meta property=\"og:image:width\" content=\"1280\" \/>\n\t<meta property=\"og:image:height\" content=\"720\" \/>\n\t<meta property=\"og:image:type\" content=\"image\/jpeg\" \/>\n<meta name=\"author\" content=\"Ingrid Diniz\" \/>\n<meta name=\"twitter:card\" content=\"summary_large_image\" \/>\n<meta name=\"twitter:label1\" content=\"Escrito por\" \/>\n\t<meta name=\"twitter:data1\" content=\"Ingrid Diniz\" \/>\n\t<meta name=\"twitter:label2\" content=\"Est. tempo de leitura\" \/>\n\t<meta name=\"twitter:data2\" content=\"4 minutos\" \/>\n<!-- \/ Yoast SEO plugin. -->","yoast_head_json":{"title":"Voc\u00ea tem 15 dias para agir e evitar o corte do seu benef\u00edcio por doen\u00e7a - Estado de Minas - Em foco","description":"Voc\u00ea tem 15 dias para agir e impedir o corte do benef\u00edcio por doen\u00e7a, garantindo a continuidade do seu direito e apoio financeiro.","robots":{"index":"index","follow":"follow","max-snippet":"max-snippet:-1","max-image-preview":"max-image-preview:large","max-video-preview":"max-video-preview:-1"},"canonical":"https:\/\/www.em.com.br\/emfoco\/2025\/11\/14\/voce-tem-15-dias-para-agir-e-evitar-o-corte-do-seu-beneficio-por-doenca\/","og_locale":"pt_BR","og_type":"article","og_title":"Voc\u00ea tem 15 dias para agir e evitar o corte do seu benef\u00edcio por doen\u00e7a - Estado de Minas - Em foco","og_description":"Voc\u00ea tem 15 dias para agir e impedir o corte do benef\u00edcio por doen\u00e7a, garantindo a continuidade do seu direito e apoio financeiro.","og_url":"https:\/\/www.em.com.br\/emfoco\/2025\/11\/14\/voce-tem-15-dias-para-agir-e-evitar-o-corte-do-seu-beneficio-por-doenca\/","og_site_name":"Estado de Minas - Em foco","article_published_time":"2025-11-14T23:35:00+00:00","article_modified_time":"2025-11-13T20:37:29+00:00","og_image":[{"width":1280,"height":720,"url":"https:\/\/www.em.com.br\/emfoco\/wp-content\/uploads\/2025\/11\/consulta-medica_1761294692147.jpg","type":"image\/jpeg"}],"author":"Ingrid Diniz","twitter_card":"summary_large_image","twitter_misc":{"Escrito por":"Ingrid Diniz","Est. tempo de leitura":"4 minutos"},"schema":{"@context":"https:\/\/schema.org","@graph":[{"@type":"WebPage","@id":"https:\/\/www.em.com.br\/emfoco\/2025\/11\/14\/voce-tem-15-dias-para-agir-e-evitar-o-corte-do-seu-beneficio-por-doenca\/","url":"https:\/\/www.em.com.br\/emfoco\/2025\/11\/14\/voce-tem-15-dias-para-agir-e-evitar-o-corte-do-seu-beneficio-por-doenca\/","name":"Voc\u00ea tem 15 dias para agir e evitar o corte do seu benef\u00edcio por doen\u00e7a - Estado de Minas - Em foco","isPartOf":{"@id":"https:\/\/www.em.com.br\/emfoco\/#website"},"primaryImageOfPage":{"@id":"https:\/\/www.em.com.br\/emfoco\/2025\/11\/14\/voce-tem-15-dias-para-agir-e-evitar-o-corte-do-seu-beneficio-por-doenca\/#primaryimage"},"image":{"@id":"https:\/\/www.em.com.br\/emfoco\/2025\/11\/14\/voce-tem-15-dias-para-agir-e-evitar-o-corte-do-seu-beneficio-por-doenca\/#primaryimage"},"thumbnailUrl":"https:\/\/www.em.com.br\/emfoco\/wp-content\/uploads\/2025\/11\/consulta-medica_1761294692147.jpg","datePublished":"2025-11-14T23:35:00+00:00","dateModified":"2025-11-13T20:37:29+00:00","author":{"@id":"https:\/\/www.em.com.br\/emfoco\/#\/schema\/person\/649e610b4eb8fff87ff394e54fe17b2b"},"description":"Voc\u00ea tem 15 dias para agir e impedir o corte do benef\u00edcio por doen\u00e7a, garantindo a continuidade do seu direito e apoio financeiro.","breadcrumb":{"@id":"https:\/\/www.em.com.br\/emfoco\/2025\/11\/14\/voce-tem-15-dias-para-agir-e-evitar-o-corte-do-seu-beneficio-por-doenca\/#breadcrumb"},"inLanguage":"pt-BR","potentialAction":[{"@type":"ReadAction","target":["https:\/\/www.em.com.br\/emfoco\/2025\/11\/14\/voce-tem-15-dias-para-agir-e-evitar-o-corte-do-seu-beneficio-por-doenca\/"]}]},{"@type":"ImageObject","inLanguage":"pt-BR","@id":"https:\/\/www.em.com.br\/emfoco\/2025\/11\/14\/voce-tem-15-dias-para-agir-e-evitar-o-corte-do-seu-beneficio-por-doenca\/#primaryimage","url":"https:\/\/www.em.com.br\/emfoco\/wp-content\/uploads\/2025\/11\/consulta-medica_1761294692147.jpg","contentUrl":"https:\/\/www.em.com.br\/emfoco\/wp-content\/uploads\/2025\/11\/consulta-medica_1761294692147.jpg","width":1280,"height":720,"caption":"O comportamento patol\u00f3gico limita a sua rotina e exige avalia\u00e7\u00e3o - Cr\u00e9ditos: depositphotos.com \/ AlexLipa"},{"@type":"BreadcrumbList","@id":"https:\/\/www.em.com.br\/emfoco\/2025\/11\/14\/voce-tem-15-dias-para-agir-e-evitar-o-corte-do-seu-beneficio-por-doenca\/#breadcrumb","itemListElement":[{"@type":"ListItem","position":1,"name":"In\u00edcio","item":"https:\/\/www.em.com.br\/emfoco\/"},{"@type":"ListItem","position":2,"name":"Voc\u00ea tem 15 dias para agir e evitar o corte do seu benef\u00edcio por doen\u00e7a"}]},{"@type":"WebSite","@id":"https:\/\/www.em.com.br\/emfoco\/#website","url":"https:\/\/www.em.com.br\/emfoco\/","name":"Estado de Minas - Em foco","description":"Acompanhe as \u00faltimas not\u00edcias e fique bem informado sobre tudo o que acontece em Minas Gerais, Brasil e no mundo.","potentialAction":[{"@type":"SearchAction","target":{"@type":"EntryPoint","urlTemplate":"https:\/\/www.em.com.br\/emfoco\/?s={search_term_string}"},"query-input":{"@type":"PropertyValueSpecification","valueRequired":true,"valueName":"search_term_string"}}],"inLanguage":"pt-BR"},{"@type":"Person","@id":"https:\/\/www.em.com.br\/emfoco\/#\/schema\/person\/649e610b4eb8fff87ff394e54fe17b2b","name":"Ingrid Diniz","image":{"@type":"ImageObject","inLanguage":"pt-BR","@id":"https:\/\/www.em.com.br\/emfoco\/#\/schema\/person\/image\/","url":"https:\/\/secure.gravatar.com\/avatar\/a3baa1449ec5c39b4c42babc9d4f3951?s=96&d=mm&r=g","contentUrl":"https:\/\/secure.gravatar.com\/avatar\/a3baa1449ec5c39b4c42babc9d4f3951?s=96&d=mm&r=g","caption":"Ingrid Diniz"},"sameAs":["https:\/\/www.em.com.br\/"],"url":"https:\/\/www.em.com.br\/emfoco\/author\/ingridmyth\/"}]}},"_links":{"self":[{"href":"https:\/\/www.em.com.br\/emfoco\/wp-json\/wp\/v2\/posts\/127265","targetHints":{"allow":["GET"]}}],"collection":[{"href":"https:\/\/www.em.com.br\/emfoco\/wp-json\/wp\/v2\/posts"}],"about":[{"href":"https:\/\/www.em.com.br\/emfoco\/wp-json\/wp\/v2\/types\/post"}],"author":[{"embeddable":true,"href":"https:\/\/www.em.com.br\/emfoco\/wp-json\/wp\/v2\/users\/20"}],"replies":[{"embeddable":true,"href":"https:\/\/www.em.com.br\/emfoco\/wp-json\/wp\/v2\/comments?post=127265"}],"version-history":[{"count":1,"href":"https:\/\/www.em.com.br\/emfoco\/wp-json\/wp\/v2\/posts\/127265\/revisions"}],"predecessor-version":[{"id":127289,"href":"https:\/\/www.em.com.br\/emfoco\/wp-json\/wp\/v2\/posts\/127265\/revisions\/127289"}],"wp:featuredmedia":[{"embeddable":true,"href":"https:\/\/www.em.com.br\/emfoco\/wp-json\/wp\/v2\/media\/124196"}],"wp:attachment":[{"href":"https:\/\/www.em.com.br\/emfoco\/wp-json\/wp\/v2\/media?parent=127265"}],"wp:term":[{"taxonomy":"category","embeddable":true,"href":"https:\/\/www.em.com.br\/emfoco\/wp-json\/wp\/v2\/categories?post=127265"},{"taxonomy":"post_tag","embeddable":true,"href":"https:\/\/www.em.com.br\/emfoco\/wp-json\/wp\/v2\/tags?post=127265"}],"curies":[{"name":"wp","href":"https:\/\/api.w.org\/{rel}","templated":true}]}}