{"id":127132,"date":"2025-11-14T18:15:51","date_gmt":"2025-11-14T21:15:51","guid":{"rendered":"https:\/\/www.em.com.br\/emfoco\/?p=127132"},"modified":"2025-11-13T15:16:30","modified_gmt":"2025-11-13T18:16:30","slug":"como-reduzir-as-linhas-finas-no-pescoco-e-colo-usando-esse-creme-caseiro","status":"publish","type":"post","link":"https:\/\/www.em.com.br\/emfoco\/2025\/11\/14\/como-reduzir-as-linhas-finas-no-pescoco-e-colo-usando-esse-creme-caseiro\/","title":{"rendered":"Como reduzir as linhas finas no pesco\u00e7o e colo usando esse creme caseiro"},"content":{"rendered":"\n<p>Em um mundo onde<strong> h\u00e1bitos saud\u00e1veis est\u00e3o em alta<\/strong>, o cuidado com a pele vai al\u00e9m do rosto e deve incluir tamb\u00e9m \u00e1reas como o <strong>pesco\u00e7o<\/strong> e o <strong>colo<\/strong>. Essas regi\u00f5es s\u00e3o muito vulner\u00e1veis aos sinais do tempo e \u00e0 exposi\u00e7\u00e3o solar, sendo que um creme caseiro espec\u00edfico pode oferecer uma solu\u00e7\u00e3o acess\u00edvel e pr\u00e1tica para mant\u00ea-las sempre firmes e hidratadas.<\/p>\n\n\n\n<h2 class=\"wp-block-heading\">Quais ingredientes naturais beneficiam o pesco\u00e7o e o colo?<\/h2>\n\n\n\n<p>O interesse em ingredientes naturais para cuidados com a pele cresce diariamente, pela busca de rotinas mais limpas e personalizadas. Um creme caseiro re\u00fane <strong>\u00f3leos<\/strong>, <strong>manteigas<\/strong> e <strong>extratos<\/strong> <strong>vegetais<\/strong>, garantindo nutri\u00e7\u00e3o profunda e menos contato com qu\u00edmicos sint\u00e9ticos.<\/p>\n\n\n\n<p>Veja os principais ativos recomendados por especialistas em cosm\u00e9tica natural, que trazem benef\u00edcios espec\u00edficos para a pele do pesco\u00e7o e colo:<\/p>\n\n\n\n<ul class=\"wp-block-list\">\n<li><strong>\u00d3leo de coco:<\/strong> Oferece hidrata\u00e7\u00e3o profunda e a\u00e7\u00e3o antioxidante.<\/li>\n\n\n\n<li><strong>Manteiga de Karit\u00e9:<\/strong> Contribui para reparar, suavizar e acalmar a pele.<\/li>\n\n\n\n<li><strong>\u00d3leo de Argan:<\/strong> Melhora a elasticidade e nutri\u00e7\u00e3o devido \u00e0 vitamina E.<\/li>\n\n\n\n<li><strong>\u00d3leos Essenciais:<\/strong> Aportam aroma delicado e outros benef\u00edcios espec\u00edficos.<\/li>\n<\/ul>\n\n\n<div class=\"wp-block-image\">\n<figure class=\"aligncenter size-large\"><img loading=\"lazy\" decoding=\"async\" width=\"1024\" height=\"576\" src=\"https:\/\/www.em.com.br\/emfoco\/wp-content\/uploads\/2025\/11\/ruga-no-pescoco-_1763057507018-1024x576.jpg\" alt=\"\" class=\"wp-image-127145\" srcset=\"https:\/\/www.em.com.br\/emfoco\/wp-content\/uploads\/2025\/11\/ruga-no-pescoco-_1763057507018-1024x576.jpg 1024w, https:\/\/www.em.com.br\/emfoco\/wp-content\/uploads\/2025\/11\/ruga-no-pescoco-_1763057507018-300x169.jpg 300w, https:\/\/www.em.com.br\/emfoco\/wp-content\/uploads\/2025\/11\/ruga-no-pescoco-_1763057507018-768x432.jpg 768w, https:\/\/www.em.com.br\/emfoco\/wp-content\/uploads\/2025\/11\/ruga-no-pescoco-_1763057507018-750x422.jpg 750w, https:\/\/www.em.com.br\/emfoco\/wp-content\/uploads\/2025\/11\/ruga-no-pescoco-_1763057507018-1140x641.jpg 1140w, https:\/\/www.em.com.br\/emfoco\/wp-content\/uploads\/2025\/11\/ruga-no-pescoco-_1763057507018.jpg 1280w\" sizes=\"auto, (max-width: 1024px) 100vw, 1024px\" \/><figcaption class=\"wp-element-caption\">A prepara\u00e7\u00e3o do creme \u00e9 simples e demanda poucos passos, ideais para quem busca praticidade e personaliza\u00e7\u00e3o &#8211; Cr\u00e9ditos: depositphotos.com \/ eyepark<\/figcaption><\/figure><\/div>\n\n\n<p>Leia tamb\u00e9m:&nbsp;<a href=\"https:\/\/www.em.com.br\/emfoco\/2025\/11\/13\/a-idade-em-que-a-pele-comeca-a-mudar-e-o-que-fazer-para-manter-a-firmeza\/\" target=\"_blank\" rel=\"noopener\">A idade em que a pele come\u00e7a a mudar e o que fazer para manter a firmeza<\/a><\/p>\n\n\n\n<h2 class=\"wp-block-heading\">Como preparar e aplicar um creme caseiro para o pesco\u00e7o e colo<\/h2>\n\n\n\n<p>A prepara\u00e7\u00e3o do creme \u00e9 simples e demanda poucos passos, ideais para quem busca praticidade e personaliza\u00e7\u00e3o. Utilizar as propor\u00e7\u00f5es adequadas garante uma textura leve e f\u00e1cil de espalhar, ideal para uso noturno.<\/p>\n\n\n\n<p>Confira o modo de preparo e aplica\u00e7\u00e3o para garantir melhores resultados no cuidado di\u00e1rio dessas \u00e1reas:<\/p>\n\n\n\n<ol class=\"wp-block-list\">\n<li>Derreta duas colheres de<strong> sopa de<\/strong><a href=\"https:\/\/www.tuasaude.com\/como-usar-o-oleo-de-coco\/\" target=\"_blank\" rel=\"noreferrer noopener\"> \u00f3leo de coco<\/a> e uma colher de sopa de manteiga de karit\u00e9 em banho-maria.<\/li>\n\n\n\n<li>Adicione uma colher de ch\u00e1 de \u00f3leo de argan e at\u00e9 cinco gotas do seu \u00f3leo essencial favorito.<\/li>\n\n\n\n<li>Misture at\u00e9 obter consist\u00eancia homog\u00eanea e armazene em recipiente herm\u00e9tico protegido da luz.<\/li>\n<\/ol>\n\n\n<div class=\"wp-block-image\">\n<figure class=\"aligncenter size-large\"><img loading=\"lazy\" decoding=\"async\" width=\"1024\" height=\"576\" src=\"https:\/\/www.em.com.br\/emfoco\/wp-content\/uploads\/2025\/09\/oleo-de-coco_1756940505214-1024x576.jpg\" alt=\"\" class=\"wp-image-100555\" srcset=\"https:\/\/www.em.com.br\/emfoco\/wp-content\/uploads\/2025\/09\/oleo-de-coco_1756940505214-1024x576.jpg 1024w, https:\/\/www.em.com.br\/emfoco\/wp-content\/uploads\/2025\/09\/oleo-de-coco_1756940505214-300x169.jpg 300w, https:\/\/www.em.com.br\/emfoco\/wp-content\/uploads\/2025\/09\/oleo-de-coco_1756940505214-768x432.jpg 768w, https:\/\/www.em.com.br\/emfoco\/wp-content\/uploads\/2025\/09\/oleo-de-coco_1756940505214-750x422.jpg 750w, https:\/\/www.em.com.br\/emfoco\/wp-content\/uploads\/2025\/09\/oleo-de-coco_1756940505214-1140x641.jpg 1140w, https:\/\/www.em.com.br\/emfoco\/wp-content\/uploads\/2025\/09\/oleo-de-coco_1756940505214.jpg 1280w\" sizes=\"auto, (max-width: 1024px) 100vw, 1024px\" \/><figcaption class=\"wp-element-caption\">O uso cont\u00ednuo deste creme fornece hidrata\u00e7\u00e3o, elasticidade e firmeza- Cr\u00e9ditos: depositphotos.com \/ belchonock<\/figcaption><\/figure><\/div>\n\n\n<h2 class=\"wp-block-heading\">Quais s\u00e3o os benef\u00edcios do uso regular desse creme?<\/h2>\n\n\n\n<p>O uso cont\u00ednuo deste <strong>creme fornece<\/strong> <strong>hidrata\u00e7\u00e3o<\/strong>, <strong>elasticidade<\/strong> e <strong>firmeza<\/strong>, minimizando o surgimento de rugas e linhas finas. Os ingredientes atuam juntos para melhorar a textura e o aspecto geral da pele nessas \u00e1reas delicadas.<\/p>\n\n\n\n<p>Veja os principais resultados que podem ser observados com o uso frequente:<\/p>\n\n\n\n<ul class=\"wp-block-list\">\n<li>Diminui\u00e7\u00e3o de linhas finas e rugas<\/li>\n\n\n\n<li>Pele visivelmente mais hidratada e macia<\/li>\n\n\n\n<li>Mais elasticidade e vi\u00e7o prolongado<\/li>\n<\/ul>\n\n\n\n<p>Ter uma rotina simples cuidando do pesco\u00e7o e colo, aliada ao uso di\u00e1rio do creme caseiro, potencializa a sa\u00fade e juventude da pele, sendo uma alternativa eficiente, segura e econ\u00f4mica para incluir em seu dia a dia.<\/p>\n","protected":false},"excerpt":{"rendered":"<p>Em um mundo onde h\u00e1bitos saud\u00e1veis est\u00e3o em alta, o cuidado com a pele vai al\u00e9m do rosto e deve incluir tamb\u00e9m \u00e1reas como o pesco\u00e7o e o colo. Essas regi\u00f5es s\u00e3o muito vulner\u00e1veis aos sinais do tempo e \u00e0 exposi\u00e7\u00e3o solar, sendo que um creme caseiro espec\u00edfico pode oferecer uma solu\u00e7\u00e3o acess\u00edvel e pr\u00e1tica [&hellip;]<\/p>\n","protected":false},"author":9,"featured_media":127143,"comment_status":"open","ping_status":"open","sticky":false,"template":"","format":"standard","meta":{"jnews-multi-image_gallery":[],"jnews_single_post":{"format":"standard"},"jnews_primary_category":[],"jnews_social_meta":[],"jnews_override_counter":[],"footnotes":""},"categories":[8819,1],"tags":[4905,16469,18822],"class_list":["post-127132","post","type-post","status-publish","format-standard","has-post-thumbnail","hentry","category-curiosidades","category-noticias","tag-cabelo","tag-creme-caseiro","tag-creme-para-cabelo"],"yoast_head":"<!-- This site is optimized with the Yoast SEO plugin v23.8 - https:\/\/yoast.com\/wordpress\/plugins\/seo\/ -->\n<title>Como reduzir as linhas finas no pesco\u00e7o e colo usando esse creme caseiro<\/title>\n<meta name=\"description\" content=\"Mantenha pesco\u00e7o e colo hidratados e firmes com um creme caseiro simples feito com \u00f3leos e manteigas naturais.\" \/>\n<meta name=\"robots\" content=\"index, follow, max-snippet:-1, max-image-preview:large, max-video-preview:-1\" \/>\n<link rel=\"canonical\" href=\"https:\/\/www.em.com.br\/emfoco\/2025\/11\/14\/como-reduzir-as-linhas-finas-no-pescoco-e-colo-usando-esse-creme-caseiro\/\" \/>\n<meta property=\"og:locale\" content=\"pt_BR\" \/>\n<meta property=\"og:type\" content=\"article\" \/>\n<meta property=\"og:title\" content=\"Como reduzir as linhas finas no pesco\u00e7o e colo usando esse creme caseiro\" \/>\n<meta property=\"og:description\" content=\"Mantenha pesco\u00e7o e colo hidratados e firmes com um creme caseiro simples feito com \u00f3leos e manteigas naturais.\" \/>\n<meta property=\"og:url\" content=\"https:\/\/www.em.com.br\/emfoco\/2025\/11\/14\/como-reduzir-as-linhas-finas-no-pescoco-e-colo-usando-esse-creme-caseiro\/\" \/>\n<meta property=\"og:site_name\" content=\"Estado de Minas - Em foco\" \/>\n<meta property=\"article:published_time\" content=\"2025-11-14T21:15:51+00:00\" \/>\n<meta property=\"article:modified_time\" content=\"2025-11-13T18:16:30+00:00\" \/>\n<meta property=\"og:image\" content=\"https:\/\/www.em.com.br\/emfoco\/wp-content\/uploads\/2025\/11\/ruga-no-pescoco-_1763057464393.jpg\" \/>\n\t<meta property=\"og:image:width\" content=\"1280\" \/>\n\t<meta property=\"og:image:height\" content=\"720\" \/>\n\t<meta property=\"og:image:type\" content=\"image\/jpeg\" \/>\n<meta name=\"author\" content=\"Daniely Cardoso\" \/>\n<meta name=\"twitter:card\" content=\"summary_large_image\" \/>\n<meta name=\"twitter:label1\" content=\"Escrito por\" \/>\n\t<meta name=\"twitter:data1\" content=\"Daniely Cardoso\" \/>\n\t<meta name=\"twitter:label2\" content=\"Est. tempo de leitura\" \/>\n\t<meta name=\"twitter:data2\" content=\"4 minutos\" \/>\n<!-- \/ Yoast SEO plugin. -->","yoast_head_json":{"title":"Como reduzir as linhas finas no pesco\u00e7o e colo usando esse creme caseiro","description":"Mantenha pesco\u00e7o e colo hidratados e firmes com um creme caseiro simples feito com \u00f3leos e manteigas naturais.","robots":{"index":"index","follow":"follow","max-snippet":"max-snippet:-1","max-image-preview":"max-image-preview:large","max-video-preview":"max-video-preview:-1"},"canonical":"https:\/\/www.em.com.br\/emfoco\/2025\/11\/14\/como-reduzir-as-linhas-finas-no-pescoco-e-colo-usando-esse-creme-caseiro\/","og_locale":"pt_BR","og_type":"article","og_title":"Como reduzir as linhas finas no pesco\u00e7o e colo usando esse creme caseiro","og_description":"Mantenha pesco\u00e7o e colo hidratados e firmes com um creme caseiro simples feito com \u00f3leos e manteigas naturais.","og_url":"https:\/\/www.em.com.br\/emfoco\/2025\/11\/14\/como-reduzir-as-linhas-finas-no-pescoco-e-colo-usando-esse-creme-caseiro\/","og_site_name":"Estado de Minas - Em foco","article_published_time":"2025-11-14T21:15:51+00:00","article_modified_time":"2025-11-13T18:16:30+00:00","og_image":[{"width":1280,"height":720,"url":"https:\/\/www.em.com.br\/emfoco\/wp-content\/uploads\/2025\/11\/ruga-no-pescoco-_1763057464393.jpg","type":"image\/jpeg"}],"author":"Daniely Cardoso","twitter_card":"summary_large_image","twitter_misc":{"Escrito por":"Daniely Cardoso","Est. tempo de leitura":"4 minutos"},"schema":{"@context":"https:\/\/schema.org","@graph":[{"@type":"WebPage","@id":"https:\/\/www.em.com.br\/emfoco\/2025\/11\/14\/como-reduzir-as-linhas-finas-no-pescoco-e-colo-usando-esse-creme-caseiro\/","url":"https:\/\/www.em.com.br\/emfoco\/2025\/11\/14\/como-reduzir-as-linhas-finas-no-pescoco-e-colo-usando-esse-creme-caseiro\/","name":"Como reduzir as linhas finas no pesco\u00e7o e colo usando esse creme caseiro","isPartOf":{"@id":"https:\/\/www.em.com.br\/emfoco\/#website"},"primaryImageOfPage":{"@id":"https:\/\/www.em.com.br\/emfoco\/2025\/11\/14\/como-reduzir-as-linhas-finas-no-pescoco-e-colo-usando-esse-creme-caseiro\/#primaryimage"},"image":{"@id":"https:\/\/www.em.com.br\/emfoco\/2025\/11\/14\/como-reduzir-as-linhas-finas-no-pescoco-e-colo-usando-esse-creme-caseiro\/#primaryimage"},"thumbnailUrl":"https:\/\/www.em.com.br\/emfoco\/wp-content\/uploads\/2025\/11\/ruga-no-pescoco-_1763057464393.jpg","datePublished":"2025-11-14T21:15:51+00:00","dateModified":"2025-11-13T18:16:30+00:00","author":{"@id":"https:\/\/www.em.com.br\/emfoco\/#\/schema\/person\/0a8186d72f2c3a5c6276d90b41f271a0"},"description":"Mantenha pesco\u00e7o e colo hidratados e firmes com um creme caseiro simples feito com \u00f3leos e manteigas naturais.","breadcrumb":{"@id":"https:\/\/www.em.com.br\/emfoco\/2025\/11\/14\/como-reduzir-as-linhas-finas-no-pescoco-e-colo-usando-esse-creme-caseiro\/#breadcrumb"},"inLanguage":"pt-BR","potentialAction":[{"@type":"ReadAction","target":["https:\/\/www.em.com.br\/emfoco\/2025\/11\/14\/como-reduzir-as-linhas-finas-no-pescoco-e-colo-usando-esse-creme-caseiro\/"]}]},{"@type":"ImageObject","inLanguage":"pt-BR","@id":"https:\/\/www.em.com.br\/emfoco\/2025\/11\/14\/como-reduzir-as-linhas-finas-no-pescoco-e-colo-usando-esse-creme-caseiro\/#primaryimage","url":"https:\/\/www.em.com.br\/emfoco\/wp-content\/uploads\/2025\/11\/ruga-no-pescoco-_1763057464393.jpg","contentUrl":"https:\/\/www.em.com.br\/emfoco\/wp-content\/uploads\/2025\/11\/ruga-no-pescoco-_1763057464393.jpg","width":1280,"height":720,"caption":"Durante a noite, o corpo entra em modo de reparo, e a pele aproveita melhor os ativos hidratantes e restauradores - Cr\u00e9ditos: depositphotos.com \/ zaynyinyi"},{"@type":"BreadcrumbList","@id":"https:\/\/www.em.com.br\/emfoco\/2025\/11\/14\/como-reduzir-as-linhas-finas-no-pescoco-e-colo-usando-esse-creme-caseiro\/#breadcrumb","itemListElement":[{"@type":"ListItem","position":1,"name":"In\u00edcio","item":"https:\/\/www.em.com.br\/emfoco\/"},{"@type":"ListItem","position":2,"name":"Como reduzir as linhas finas no pesco\u00e7o e colo usando esse creme caseiro"}]},{"@type":"WebSite","@id":"https:\/\/www.em.com.br\/emfoco\/#website","url":"https:\/\/www.em.com.br\/emfoco\/","name":"Estado de Minas - Em foco","description":"Acompanhe as \u00faltimas not\u00edcias e fique bem informado sobre tudo o que acontece em Minas Gerais, Brasil e no mundo.","potentialAction":[{"@type":"SearchAction","target":{"@type":"EntryPoint","urlTemplate":"https:\/\/www.em.com.br\/emfoco\/?s={search_term_string}"},"query-input":{"@type":"PropertyValueSpecification","valueRequired":true,"valueName":"search_term_string"}}],"inLanguage":"pt-BR"},{"@type":"Person","@id":"https:\/\/www.em.com.br\/emfoco\/#\/schema\/person\/0a8186d72f2c3a5c6276d90b41f271a0","name":"Daniely Cardoso","image":{"@type":"ImageObject","inLanguage":"pt-BR","@id":"https:\/\/www.em.com.br\/emfoco\/#\/schema\/person\/image\/","url":"https:\/\/secure.gravatar.com\/avatar\/4b80ddbd124d1f071b626d52d62e5dff?s=96&d=mm&r=g","contentUrl":"https:\/\/secure.gravatar.com\/avatar\/4b80ddbd124d1f071b626d52d62e5dff?s=96&d=mm&r=g","caption":"Daniely Cardoso"},"url":"https:\/\/www.em.com.br\/emfoco\/author\/danielymyth\/"}]}},"_links":{"self":[{"href":"https:\/\/www.em.com.br\/emfoco\/wp-json\/wp\/v2\/posts\/127132","targetHints":{"allow":["GET"]}}],"collection":[{"href":"https:\/\/www.em.com.br\/emfoco\/wp-json\/wp\/v2\/posts"}],"about":[{"href":"https:\/\/www.em.com.br\/emfoco\/wp-json\/wp\/v2\/types\/post"}],"author":[{"embeddable":true,"href":"https:\/\/www.em.com.br\/emfoco\/wp-json\/wp\/v2\/users\/9"}],"replies":[{"embeddable":true,"href":"https:\/\/www.em.com.br\/emfoco\/wp-json\/wp\/v2\/comments?post=127132"}],"version-history":[{"count":2,"href":"https:\/\/www.em.com.br\/emfoco\/wp-json\/wp\/v2\/posts\/127132\/revisions"}],"predecessor-version":[{"id":127148,"href":"https:\/\/www.em.com.br\/emfoco\/wp-json\/wp\/v2\/posts\/127132\/revisions\/127148"}],"wp:featuredmedia":[{"embeddable":true,"href":"https:\/\/www.em.com.br\/emfoco\/wp-json\/wp\/v2\/media\/127143"}],"wp:attachment":[{"href":"https:\/\/www.em.com.br\/emfoco\/wp-json\/wp\/v2\/media?parent=127132"}],"wp:term":[{"taxonomy":"category","embeddable":true,"href":"https:\/\/www.em.com.br\/emfoco\/wp-json\/wp\/v2\/categories?post=127132"},{"taxonomy":"post_tag","embeddable":true,"href":"https:\/\/www.em.com.br\/emfoco\/wp-json\/wp\/v2\/tags?post=127132"}],"curies":[{"name":"wp","href":"https:\/\/api.w.org\/{rel}","templated":true}]}}