{"id":12710,"date":"2025-01-30T13:20:00","date_gmt":"2025-01-30T16:20:00","guid":{"rendered":"https:\/\/www.em.com.br\/emfoco\/?p=12710"},"modified":"2025-06-14T20:56:44","modified_gmt":"2025-06-14T23:56:44","slug":"mais-estilo-e-potencia-o-esportivo-da-volkswagen-que-promete-virar-sensacao","status":"publish","type":"post","link":"https:\/\/www.em.com.br\/emfoco\/2025\/01\/30\/mais-estilo-e-potencia-o-esportivo-da-volkswagen-que-promete-virar-sensacao\/","title":{"rendered":"Mais estilo e pot\u00eancia: o esportivo da Volkswagen que promete virar sensa\u00e7\u00e3o."},"content":{"rendered":"\n<p>A <strong>Volkswagen<\/strong> finalmente soltou o an\u00fancio. O<a href=\"https:\/\/www.vw.com.br\/pt\/carros\/nivus.html\" target=\"_blank\" rel=\"noreferrer noopener\"> <strong>Nivus GTS<\/strong> <\/a>est\u00e1 vindo a\u00ed, e promete mexer com o mercado de <strong><a href=\"https:\/\/www.em.com.br\/emfoco\/2025\/05\/16\/novo-audi-a6-e-tron-chega-ao-brasil-para-revolucionar-o-mercado-de-sedans-eletricos\/\" target=\"_blank\" rel=\"noreferrer noopener\">carros <\/a><\/strong>esportivos no Brasil. A marca alem\u00e3 confirmou o modelo durante o lan\u00e7amento das vers\u00f5es reestilizadas, em 14 de outubro, na f\u00e1brica da <strong>Anchieta<\/strong>.<\/p>\n\n\n\n<p>Junto com o <strong>Nivus GTS<\/strong>, a marca tamb\u00e9m vai trazer o <strong>Jetta GLI<\/strong> e o <strong>Golf GTI<\/strong>. Mas esses dois s\u00e3o importados. O <strong>Nivus<\/strong>, n\u00e3o. Ele vai ser feito aqui mesmo, pensando no bolso e no gosto do brasileiro.<\/p>\n\n\n\n<p>A pergunta que fica \u00e9: ser\u00e1 que um <strong>Nivus<\/strong> esportivo vai emplacar? Ou \u00e9 s\u00f3 mais uma tentativa de vender carro caro disfar\u00e7ado de esportivo?<\/p>\n\n\n\n<h2 class=\"wp-block-heading\"><strong>O que o Nivus GTS tem de especial?<\/strong><\/h2>\n\n\n\n<p>O <strong>Nivus GTS<\/strong> apareceu pela primeira vez durante um evento de corrida na f\u00e1brica da <strong>Anchieta<\/strong>, em dezembro. Dois prot\u00f3tipos chamaram aten\u00e7\u00e3o: um branco com rodas de 18 polegadas e outro cinza, mais discreto.<\/p>\n\n\n\n<p>O motor \u00e9 um 1.4 TSI que entrega 150 cavalos. Funciona tanto com gasolina quanto com etanol. O c\u00e2mbio \u00e9 autom\u00e1tico de 6 marchas. N\u00fameros que prometem divers\u00e3o, mas sem exagerar.<\/p>\n\n\n\n<p>A <strong>Volkswagen<\/strong> tirou o teto solar desta vers\u00e3o. Parece estranho, mas tem explica\u00e7\u00e3o: s\u00f3 a f\u00e1brica de <strong>S\u00e3o Jos\u00e9 dos Pinhais<\/strong> consegue fazer essa pe\u00e7a. Como o <strong>GTS<\/strong> vai ser produzido em <strong>S\u00e3o Bernardo<\/strong>, ficou sem.<\/p>\n\n\n\n<p>O visual ganhou um aerof\u00f3lio traseiro maior e detalhes vermelhos na frente. As rodas de 18 polegadas fazem diferen\u00e7a no conjunto. Fica mais baixo que as vers\u00f5es normais, sem aqueles bagageiros no teto.<\/p>\n\n\n\n<figure class=\"wp-block-image size-large\"><img loading=\"lazy\" decoding=\"async\" width=\"1024\" height=\"576\" src=\"https:\/\/www.em.com.br\/emfoco\/wp-content\/uploads\/2025\/01\/4K-1-17-1024x576.jpg\" alt=\"Mais estilo e pot\u00eancia: o esportivo da Volkswagen que promete virar sensa\u00e7\u00e3o.\" class=\"wp-image-12715\" srcset=\"https:\/\/www.em.com.br\/emfoco\/wp-content\/uploads\/2025\/01\/4K-1-17-1024x576.jpg 1024w, https:\/\/www.em.com.br\/emfoco\/wp-content\/uploads\/2025\/01\/4K-1-17-300x169.jpg 300w, https:\/\/www.em.com.br\/emfoco\/wp-content\/uploads\/2025\/01\/4K-1-17-768x432.jpg 768w, https:\/\/www.em.com.br\/emfoco\/wp-content\/uploads\/2025\/01\/4K-1-17-1536x864.jpg 1536w, https:\/\/www.em.com.br\/emfoco\/wp-content\/uploads\/2025\/01\/4K-1-17-750x422.jpg 750w, https:\/\/www.em.com.br\/emfoco\/wp-content\/uploads\/2025\/01\/4K-1-17-1140x641.jpg 1140w, https:\/\/www.em.com.br\/emfoco\/wp-content\/uploads\/2025\/01\/4K-1-17.jpg 1920w\" sizes=\"auto, (max-width: 1024px) 100vw, 1024px\" \/><figcaption class=\"wp-element-caption\">Volkswagen Nivus GTS 2025 &#8211; Cr\u00e9ditos: Divulga\u00e7\u00e3o\/Volkswagen<\/figcaption><\/figure>\n\n\n\n<h2 class=\"wp-block-heading\"><strong>Quando chega \u00e0s concession\u00e1rias?<\/strong><\/h2>\n\n\n\n<p>A <strong>Volkswagen<\/strong> marcou o in\u00edcio de 2025 para lan\u00e7ar os tr\u00eas esportivos. <strong>Nivus GTS<\/strong>, <strong>Jetta GLI<\/strong> e <strong>Golf GTI<\/strong> v\u00e3o chegar juntos.<\/p>\n\n\n\n<p>\u00c9 uma estrat\u00e9gia interessante. A marca quer mostrar que tem op\u00e7\u00f5es para todos os bolsos. O <strong>Golf<\/strong> para quem tem dinheiro. O <strong>Jetta<\/strong> para quem quer sedan esportivo. O <strong>Nivus<\/strong> para quem busca algo nacional e acess\u00edvel.<\/p>\n\n\n\n<p>O timing pode ser perfeito. Come\u00e7o de ano \u00e9 quando muita gente pensa em trocar de carro. E um esportivo nacional pode atrair quem n\u00e3o quer pagar fortuna por importado.<\/p>\n\n\n\n<h2 class=\"wp-block-heading\"><strong>Vale a pena esperar?<\/strong><\/h2>\n\n\n\n<p>Depende do que voc\u00ea quer. Se busca um carro realmente esportivo, com performance de dar medo, talvez o <strong>Nivus GTS<\/strong> decepcione. 150 cavalos \u00e9 legal, mas n\u00e3o \u00e9 absurdo.<\/p>\n\n\n\n<p>Agora, se voc\u00ea quer um carro diferente, que chame a aten\u00e7\u00e3o e seja gostoso de dirigir, pode ser uma boa. O <strong>Nivus<\/strong> normal j\u00e1 \u00e9 bonito. A vers\u00e3o <strong>GTS<\/strong> promete ser ainda mais.<\/p>\n\n\n\n<p>O pre\u00e7o vai ser fundamental. Se vier muito caro, perde o sentido. A gra\u00e7a de um esportivo nacional \u00e9 ser mais acess\u00edvel que os importados.<\/p>\n\n\n\n<h2 class=\"wp-block-heading\"><strong>Por que a Volkswagen est\u00e1 apostando nisso?<\/strong><\/h2>\n\n\n\n<p>O mercado brasileiro adora um carro esportivo. Mas nem todo mundo tem dinheiro para importado. A <strong>Volkswagen<\/strong> viu essa brecha e decidiu atacar.<\/p>\n\n\n\n<p>O <strong>Nivus<\/strong> j\u00e1 \u00e9 sucesso de vendas. Transform\u00e1-lo em esportivo faz sentido. Aproveita uma base que j\u00e1 funciona e adiciona tempero.<\/p>\n\n\n\n<p>Tamb\u00e9m \u00e9 uma forma de rejuvenescer a marca. <strong>Volkswagen<\/strong> tem fama de carro para gente mais velha. Um <strong>GTS<\/strong> pode atrair consumidores mais jovens.<\/p>\n\n\n\n<h2 class=\"wp-block-heading\"><strong>Vai conseguir competir com os rivais?<\/strong><\/h2>\n\n\n\n<p>O grande rival ser\u00e1 o <strong>Pulse Abarth<\/strong>, da <strong>Fiat<\/strong>. Esse j\u00e1 est\u00e1 no mercado e faz sucesso entre quem quer esportivo nacional.<\/p>\n\n\n\n<p><strong>Honda<\/strong> tamb\u00e9m tem o <strong>HR-V Touring<\/strong>, que \u00e9 mais caro, mas oferece mais equipamentos. <strong>Toyota<\/strong> pode entrar na briga com alguma vers\u00e3o esportiva futura.<\/p>\n\n\n\n<p>A vantagem do <strong>Nivus GTS<\/strong> pode estar no pre\u00e7o e na rede de concession\u00e1rias da <strong>Volkswagen<\/strong>. A marca tem presen\u00e7a forte no Brasil inteiro.<\/p>\n\n\n\n<figure class=\"wp-block-image size-large\"><img loading=\"lazy\" decoding=\"async\" width=\"1024\" height=\"576\" src=\"https:\/\/www.em.com.br\/emfoco\/wp-content\/uploads\/2025\/01\/4K-2-8-1024x576.jpg\" alt=\"Mais estilo e pot\u00eancia: o esportivo da Volkswagen que promete virar sensa\u00e7\u00e3o.\" class=\"wp-image-12714\" srcset=\"https:\/\/www.em.com.br\/emfoco\/wp-content\/uploads\/2025\/01\/4K-2-8-1024x576.jpg 1024w, https:\/\/www.em.com.br\/emfoco\/wp-content\/uploads\/2025\/01\/4K-2-8-300x169.jpg 300w, https:\/\/www.em.com.br\/emfoco\/wp-content\/uploads\/2025\/01\/4K-2-8-768x432.jpg 768w, https:\/\/www.em.com.br\/emfoco\/wp-content\/uploads\/2025\/01\/4K-2-8-1536x864.jpg 1536w, https:\/\/www.em.com.br\/emfoco\/wp-content\/uploads\/2025\/01\/4K-2-8-750x422.jpg 750w, https:\/\/www.em.com.br\/emfoco\/wp-content\/uploads\/2025\/01\/4K-2-8-1140x641.jpg 1140w, https:\/\/www.em.com.br\/emfoco\/wp-content\/uploads\/2025\/01\/4K-2-8.jpg 1920w\" sizes=\"auto, (max-width: 1024px) 100vw, 1024px\" \/><figcaption class=\"wp-element-caption\">Volkswagen Nivus GTS 2025 &#8211; Cr\u00e9ditos: Divulga\u00e7\u00e3o\/Volkswagen<\/figcaption><\/figure>\n\n\n\n<h2 class=\"wp-block-heading\"><strong>O que esperar do design?<\/strong><\/h2>\n\n\n\n<p>O <strong>Nivus<\/strong> sempre foi bonito. A vers\u00e3o <strong>GTS<\/strong> promete ser ainda mais atrativa. O aerof\u00f3lio traseiro maior deixa o carro com cara de esportivo de verdade.<\/p>\n\n\n\n<p>Os detalhes vermelhos na frente s\u00e3o sutis, mas fazem diferen\u00e7a. As rodas de 18 polegadas d\u00e3o personalidade ao conjunto.<\/p>\n\n\n\n<p>A <strong>Volkswagen<\/strong> sabe fazer design. O <strong>Polo GTS<\/strong> era lindo na sua \u00e9poca. Se conseguirem repetir o acerto, o <strong>Nivus GTS<\/strong> pode virar desejo de consumo.<\/p>\n\n\n\n<h2 class=\"wp-block-heading\"><strong>Ser\u00e1 que vai dar certo?<\/strong><\/h2>\n\n\n\n<p>O <strong>Nivus<\/strong> normal j\u00e1 provou que os brasileiros gostam do modelo. A vers\u00e3o esportiva pode expandir ainda mais o apelo.<\/p>\n\n\n\n<p>Mas vai depender muito do pre\u00e7o final. Se vier muito caro, vira produto de nicho. Se acertar na precifica\u00e7\u00e3o, pode fazer sucesso.<\/p>\n\n\n\n<p>A <strong>Volkswagen<\/strong> tem tradi\u00e7\u00e3o em esportivos. <strong>Golf GTI<\/strong>, <strong>Polo GTS<\/strong>, <strong>Gol GTI<\/strong> &#8211; todos fizeram hist\u00f3ria. O <strong>Nivus GTS<\/strong> tem DNA para continuar essa tradi\u00e7\u00e3o.<\/p>\n\n\n\n<h2 class=\"wp-block-heading\"><strong>Vale a pena esperar ou comprar outro agora?<\/strong><\/h2>\n\n\n\n<p>Se voc\u00ea est\u00e1 no mercado para um SUV esportivo, pode valer esperar at\u00e9 2025. O <strong>Nivus GTS<\/strong> promete ser uma op\u00e7\u00e3o interessante.<\/p>\n\n\n\n<p>Mas se a necessidade \u00e9 urgente, o <strong>Pulse Abarth<\/strong> j\u00e1 est\u00e1 a\u00ed. \u00c9 uma alternativa consolidada e com boa aceita\u00e7\u00e3o.<\/p>\n\n\n\n<p>O ideal \u00e9 aguardar mais detalhes sobre pre\u00e7o e equipamentos. A\u00ed, sim, d\u00e1 para decidir se vale a pena a espera ou se \u00e9 melhor partir para outro modelo.<\/p>\n\n\n\n<p>Uma coisa \u00e9 certa: 2025 promete ser um ano agitado para quem curte carros esportivos nacionais.<\/p>\n","protected":false},"excerpt":{"rendered":"<p>A Volkswagen finalmente soltou o an\u00fancio. O Nivus GTS est\u00e1 vindo a\u00ed, e promete mexer com o mercado de carros esportivos no Brasil. A marca alem\u00e3 confirmou o modelo durante o lan\u00e7amento das vers\u00f5es reestilizadas, em 14 de outubro, na f\u00e1brica da Anchieta. Junto com o Nivus GTS, a marca tamb\u00e9m vai trazer o Jetta [&hellip;]<\/p>\n","protected":false},"author":5,"featured_media":12716,"comment_status":"open","ping_status":"open","sticky":false,"template":"","format":"standard","meta":{"jnews-multi-image_gallery":[],"jnews_single_post":{"format":"standard"},"jnews_primary_category":[],"jnews_social_meta":[],"jnews_override_counter":[],"footnotes":""},"categories":[27,1],"tags":[3963,3962,1118,1323],"class_list":["post-12710","post","type-post","status-publish","format-standard","has-post-thumbnail","hentry","category-carros","category-noticias","tag-coupe","tag-nivus-gts","tag-suv","tag-volkswagen"],"yoast_head":"<!-- This site is optimized with the Yoast SEO plugin v23.8 - https:\/\/yoast.com\/wordpress\/plugins\/seo\/ -->\n<title>Mais estilo e pot\u00eancia: o esportivo da Volkswagen que promete virar sensa\u00e7\u00e3o. - Estado de Minas - Em foco<\/title>\n<meta name=\"description\" content=\"Volkswagen Nivus GTS chega em 2025 com motor 1.4 TSI, design esportivo e alta performance. Descubra os detalhes do novo modelo!\" \/>\n<meta name=\"robots\" content=\"index, follow, max-snippet:-1, max-image-preview:large, max-video-preview:-1\" \/>\n<link rel=\"canonical\" href=\"https:\/\/www.em.com.br\/emfoco\/2025\/01\/30\/mais-estilo-e-potencia-o-esportivo-da-volkswagen-que-promete-virar-sensacao\/\" \/>\n<meta property=\"og:locale\" content=\"pt_BR\" \/>\n<meta property=\"og:type\" content=\"article\" \/>\n<meta property=\"og:title\" content=\"Mais estilo e pot\u00eancia: o esportivo da Volkswagen que promete virar sensa\u00e7\u00e3o. - Estado de Minas - Em foco\" \/>\n<meta property=\"og:description\" content=\"Volkswagen Nivus GTS chega em 2025 com motor 1.4 TSI, design esportivo e alta performance. Descubra os detalhes do novo modelo!\" \/>\n<meta property=\"og:url\" content=\"https:\/\/www.em.com.br\/emfoco\/2025\/01\/30\/mais-estilo-e-potencia-o-esportivo-da-volkswagen-que-promete-virar-sensacao\/\" \/>\n<meta property=\"og:site_name\" content=\"Estado de Minas - Em foco\" \/>\n<meta property=\"article:published_time\" content=\"2025-01-30T16:20:00+00:00\" \/>\n<meta property=\"article:modified_time\" content=\"2025-06-14T23:56:44+00:00\" \/>\n<meta property=\"og:image\" content=\"https:\/\/www.em.com.br\/emfoco\/wp-content\/uploads\/2025\/01\/4K-26.jpg\" \/>\n\t<meta property=\"og:image:width\" content=\"1920\" \/>\n\t<meta property=\"og:image:height\" content=\"1080\" \/>\n\t<meta property=\"og:image:type\" content=\"image\/jpeg\" \/>\n<meta name=\"author\" content=\"N\u00fabia Rangel\" \/>\n<meta name=\"twitter:card\" content=\"summary_large_image\" \/>\n<meta name=\"twitter:label1\" content=\"Escrito por\" \/>\n\t<meta name=\"twitter:data1\" content=\"N\u00fabia Rangel\" \/>\n\t<meta name=\"twitter:label2\" content=\"Est. tempo de leitura\" \/>\n\t<meta name=\"twitter:data2\" content=\"6 minutos\" \/>\n<!-- \/ Yoast SEO plugin. -->","yoast_head_json":{"title":"Mais estilo e pot\u00eancia: o esportivo da Volkswagen que promete virar sensa\u00e7\u00e3o. - Estado de Minas - Em foco","description":"Volkswagen Nivus GTS chega em 2025 com motor 1.4 TSI, design esportivo e alta performance. Descubra os detalhes do novo modelo!","robots":{"index":"index","follow":"follow","max-snippet":"max-snippet:-1","max-image-preview":"max-image-preview:large","max-video-preview":"max-video-preview:-1"},"canonical":"https:\/\/www.em.com.br\/emfoco\/2025\/01\/30\/mais-estilo-e-potencia-o-esportivo-da-volkswagen-que-promete-virar-sensacao\/","og_locale":"pt_BR","og_type":"article","og_title":"Mais estilo e pot\u00eancia: o esportivo da Volkswagen que promete virar sensa\u00e7\u00e3o. - Estado de Minas - Em foco","og_description":"Volkswagen Nivus GTS chega em 2025 com motor 1.4 TSI, design esportivo e alta performance. Descubra os detalhes do novo modelo!","og_url":"https:\/\/www.em.com.br\/emfoco\/2025\/01\/30\/mais-estilo-e-potencia-o-esportivo-da-volkswagen-que-promete-virar-sensacao\/","og_site_name":"Estado de Minas - Em foco","article_published_time":"2025-01-30T16:20:00+00:00","article_modified_time":"2025-06-14T23:56:44+00:00","og_image":[{"width":1920,"height":1080,"url":"https:\/\/www.em.com.br\/emfoco\/wp-content\/uploads\/2025\/01\/4K-26.jpg","type":"image\/jpeg"}],"author":"N\u00fabia Rangel","twitter_card":"summary_large_image","twitter_misc":{"Escrito por":"N\u00fabia Rangel","Est. tempo de leitura":"6 minutos"},"schema":{"@context":"https:\/\/schema.org","@graph":[{"@type":"WebPage","@id":"https:\/\/www.em.com.br\/emfoco\/2025\/01\/30\/mais-estilo-e-potencia-o-esportivo-da-volkswagen-que-promete-virar-sensacao\/","url":"https:\/\/www.em.com.br\/emfoco\/2025\/01\/30\/mais-estilo-e-potencia-o-esportivo-da-volkswagen-que-promete-virar-sensacao\/","name":"Mais estilo e pot\u00eancia: o esportivo da Volkswagen que promete virar sensa\u00e7\u00e3o. - Estado de Minas - Em foco","isPartOf":{"@id":"https:\/\/www.em.com.br\/emfoco\/#website"},"primaryImageOfPage":{"@id":"https:\/\/www.em.com.br\/emfoco\/2025\/01\/30\/mais-estilo-e-potencia-o-esportivo-da-volkswagen-que-promete-virar-sensacao\/#primaryimage"},"image":{"@id":"https:\/\/www.em.com.br\/emfoco\/2025\/01\/30\/mais-estilo-e-potencia-o-esportivo-da-volkswagen-que-promete-virar-sensacao\/#primaryimage"},"thumbnailUrl":"https:\/\/www.em.com.br\/emfoco\/wp-content\/uploads\/2025\/01\/4K-26.jpg","datePublished":"2025-01-30T16:20:00+00:00","dateModified":"2025-06-14T23:56:44+00:00","author":{"@id":"https:\/\/www.em.com.br\/emfoco\/#\/schema\/person\/524437ef54f8a5d32591b143307f2e20"},"description":"Volkswagen Nivus GTS chega em 2025 com motor 1.4 TSI, design esportivo e alta performance. Descubra os detalhes do novo modelo!","breadcrumb":{"@id":"https:\/\/www.em.com.br\/emfoco\/2025\/01\/30\/mais-estilo-e-potencia-o-esportivo-da-volkswagen-que-promete-virar-sensacao\/#breadcrumb"},"inLanguage":"pt-BR","potentialAction":[{"@type":"ReadAction","target":["https:\/\/www.em.com.br\/emfoco\/2025\/01\/30\/mais-estilo-e-potencia-o-esportivo-da-volkswagen-que-promete-virar-sensacao\/"]}]},{"@type":"ImageObject","inLanguage":"pt-BR","@id":"https:\/\/www.em.com.br\/emfoco\/2025\/01\/30\/mais-estilo-e-potencia-o-esportivo-da-volkswagen-que-promete-virar-sensacao\/#primaryimage","url":"https:\/\/www.em.com.br\/emfoco\/wp-content\/uploads\/2025\/01\/4K-26.jpg","contentUrl":"https:\/\/www.em.com.br\/emfoco\/wp-content\/uploads\/2025\/01\/4K-26.jpg","width":1920,"height":1080,"caption":"Volkswagen Nivus GTS 2025 - Cr\u00e9ditos: Divulga\u00e7\u00e3o\/Volkswagen"},{"@type":"BreadcrumbList","@id":"https:\/\/www.em.com.br\/emfoco\/2025\/01\/30\/mais-estilo-e-potencia-o-esportivo-da-volkswagen-que-promete-virar-sensacao\/#breadcrumb","itemListElement":[{"@type":"ListItem","position":1,"name":"In\u00edcio","item":"https:\/\/www.em.com.br\/emfoco\/"},{"@type":"ListItem","position":2,"name":"Mais estilo e pot\u00eancia: o esportivo da Volkswagen que promete virar sensa\u00e7\u00e3o."}]},{"@type":"WebSite","@id":"https:\/\/www.em.com.br\/emfoco\/#website","url":"https:\/\/www.em.com.br\/emfoco\/","name":"Estado de Minas - Em foco","description":"Acompanhe as \u00faltimas not\u00edcias e fique bem informado sobre tudo o que acontece em Minas Gerais, Brasil e no mundo.","potentialAction":[{"@type":"SearchAction","target":{"@type":"EntryPoint","urlTemplate":"https:\/\/www.em.com.br\/emfoco\/?s={search_term_string}"},"query-input":{"@type":"PropertyValueSpecification","valueRequired":true,"valueName":"search_term_string"}}],"inLanguage":"pt-BR"},{"@type":"Person","@id":"https:\/\/www.em.com.br\/emfoco\/#\/schema\/person\/524437ef54f8a5d32591b143307f2e20","name":"N\u00fabia Rangel","image":{"@type":"ImageObject","inLanguage":"pt-BR","@id":"https:\/\/www.em.com.br\/emfoco\/#\/schema\/person\/image\/","url":"https:\/\/secure.gravatar.com\/avatar\/47cff2827a5ba23c37e8068c86817ea4?s=96&d=mm&r=g","contentUrl":"https:\/\/secure.gravatar.com\/avatar\/47cff2827a5ba23c37e8068c86817ea4?s=96&d=mm&r=g","caption":"N\u00fabia Rangel"},"sameAs":["https:\/\/www.em.com.br\/emfoco\/"],"url":"https:\/\/www.em.com.br\/emfoco\/author\/nubiamyth\/"}]}},"_links":{"self":[{"href":"https:\/\/www.em.com.br\/emfoco\/wp-json\/wp\/v2\/posts\/12710","targetHints":{"allow":["GET"]}}],"collection":[{"href":"https:\/\/www.em.com.br\/emfoco\/wp-json\/wp\/v2\/posts"}],"about":[{"href":"https:\/\/www.em.com.br\/emfoco\/wp-json\/wp\/v2\/types\/post"}],"author":[{"embeddable":true,"href":"https:\/\/www.em.com.br\/emfoco\/wp-json\/wp\/v2\/users\/5"}],"replies":[{"embeddable":true,"href":"https:\/\/www.em.com.br\/emfoco\/wp-json\/wp\/v2\/comments?post=12710"}],"version-history":[{"count":4,"href":"https:\/\/www.em.com.br\/emfoco\/wp-json\/wp\/v2\/posts\/12710\/revisions"}],"predecessor-version":[{"id":60958,"href":"https:\/\/www.em.com.br\/emfoco\/wp-json\/wp\/v2\/posts\/12710\/revisions\/60958"}],"wp:featuredmedia":[{"embeddable":true,"href":"https:\/\/www.em.com.br\/emfoco\/wp-json\/wp\/v2\/media\/12716"}],"wp:attachment":[{"href":"https:\/\/www.em.com.br\/emfoco\/wp-json\/wp\/v2\/media?parent=12710"}],"wp:term":[{"taxonomy":"category","embeddable":true,"href":"https:\/\/www.em.com.br\/emfoco\/wp-json\/wp\/v2\/categories?post=12710"},{"taxonomy":"post_tag","embeddable":true,"href":"https:\/\/www.em.com.br\/emfoco\/wp-json\/wp\/v2\/tags?post=12710"}],"curies":[{"name":"wp","href":"https:\/\/api.w.org\/{rel}","templated":true}]}}