{"id":127082,"date":"2025-11-14T21:25:08","date_gmt":"2025-11-15T00:25:08","guid":{"rendered":"https:\/\/www.em.com.br\/emfoco\/?p=127082"},"modified":"2025-11-13T16:46:42","modified_gmt":"2025-11-13T19:46:42","slug":"o-que-voce-precisa-saber-sobre-o-clima-antes-de-plantar-sua-primeira-banana","status":"publish","type":"post","link":"https:\/\/www.em.com.br\/emfoco\/2025\/11\/14\/o-que-voce-precisa-saber-sobre-o-clima-antes-de-plantar-sua-primeira-banana\/","title":{"rendered":"O que voc\u00ea precisa saber sobre o clima antes de plantar sua primeira banana"},"content":{"rendered":"\n<p>O cultivo da <strong>banana<\/strong> \u00e9 uma atividade agr\u00edcola de grande relev\u00e2ncia em diversas regi\u00f5es tropicais devido ao seu valor nutricional e versatilidade na culin\u00e1ria, exigindo entendimento sobre clima, solo e cuidados especiais para um plantio <strong>bem-sucedido.<\/strong><\/p>\n\n\n\n<h2 class=\"wp-block-heading\">Como escolher o melhor local para plantar bananas<\/h2>\n\n\n\n<p>Selecionar o local adequado \u00e9 fundamental para o desenvolvimento saud\u00e1vel das <strong>bananeiras.<\/strong> Elas precisam de clima tropical ou subtropical, temperaturas entre <strong>25\u00b0C<\/strong> e <strong>30\u00b0C<\/strong> e bastante exposi\u00e7\u00e3o solar para crescerem vigorosas.<\/p>\n\n\n\n<p>O solo deve ser bem <strong>drenado,<\/strong> rico em mat\u00e9ria org\u00e2nica e apresentar <strong>pH<\/strong> levemente \u00e1cido ou neutro. Locais sujeitos a fortes ventos devem ser evitados, pois as bananeiras s\u00e3o sens\u00edveis e podem tombar facilmente nessas condi\u00e7\u00f5es.<\/p>\n\n\n<div class=\"wp-block-image\">\n<figure class=\"aligncenter size-large\"><img loading=\"lazy\" decoding=\"async\" width=\"1024\" height=\"576\" src=\"https:\/\/www.em.com.br\/emfoco\/wp-content\/uploads\/2025\/05\/banana-plantacao-_1747314507247-1024x576.jpg\" alt=\"Banana da terra no quintal veja como plantar e colher\" class=\"wp-image-47505\" srcset=\"https:\/\/www.em.com.br\/emfoco\/wp-content\/uploads\/2025\/05\/banana-plantacao-_1747314507247-1024x576.jpg 1024w, https:\/\/www.em.com.br\/emfoco\/wp-content\/uploads\/2025\/05\/banana-plantacao-_1747314507247-300x169.jpg 300w, https:\/\/www.em.com.br\/emfoco\/wp-content\/uploads\/2025\/05\/banana-plantacao-_1747314507247-768x432.jpg 768w, https:\/\/www.em.com.br\/emfoco\/wp-content\/uploads\/2025\/05\/banana-plantacao-_1747314507247-750x422.jpg 750w, https:\/\/www.em.com.br\/emfoco\/wp-content\/uploads\/2025\/05\/banana-plantacao-_1747314507247-1140x641.jpg 1140w, https:\/\/www.em.com.br\/emfoco\/wp-content\/uploads\/2025\/05\/banana-plantacao-_1747314507247.jpg 1280w\" sizes=\"auto, (max-width: 1024px) 100vw, 1024px\" \/><figcaption class=\"wp-element-caption\">Banana tem muitos nutrientes e carboidratos &#8211; Cr\u00e9ditos: depositphotos.com \/ simonapilolla<\/figcaption><\/figure><\/div>\n\n\n<p>Veja tamb\u00e9m:&nbsp;<a href=\"https:\/\/www.em.com.br\/emfoco\/2025\/11\/08\/que-tal-fazer-um-bolo-de-banana-sem-gluten-em-10-minutos-para-o-seu-cafe-da-manha\/\" target=\"_blank\" rel=\"noopener\">Que tal fazer um bolo de banana sem gl\u00faten em 10 minutos para o seu caf\u00e9 da manh\u00e3<\/a><\/p>\n\n\n\n<h2 class=\"wp-block-heading\">Como preparar o solo corretamente para o plantio<\/h2>\n\n\n\n<p>A prepara\u00e7\u00e3o do solo \u00e9 crucial para garantir o sucesso do cultivo de bananas. O primeiro passo \u00e9 a remo\u00e7\u00e3o de ervas daninhas e res\u00edduos que possam competir por nutrientes e atrapalhar o desenvolvimento inicial das mudas.<\/p>\n\n\n\n<p>Ap\u00f3s a limpeza, a ara\u00e7\u00e3o do solo deve ser feita para favorecer a aera\u00e7\u00e3o e permitir que a mat\u00e9ria org\u00e2nica se incorpore completamente. Veja os principais cuidados na prepara\u00e7\u00e3o:<\/p>\n\n\n\n<ul class=\"wp-block-list\">\n<li><strong>Adicionar<\/strong> esterco curtido ou compostagem para fornecer nutrientes;<\/li>\n\n\n\n<li><strong>Fazer<\/strong> corre\u00e7\u00e3o do solo se necess\u00e1rio para ajustar o pH;<\/li>\n\n\n\n<li><strong>Usar<\/strong> fertilizantes minerais em solos pobres, complementando a aduba\u00e7\u00e3o org\u00e2nica;<\/li>\n\n\n\n<li><strong>Garantir<\/strong> boa drenagem para evitar encharcamento e doen\u00e7as nas ra\u00edzes.<\/li>\n<\/ul>\n\n\n\n<h2 class=\"wp-block-heading\">Como fazer o plantio correto das bananeiras<\/h2>\n\n\n\n<p>O plantio inicia com a sele\u00e7\u00e3o de mudas saud\u00e1veis, preferencialmente retiradas de plantas matrizes produtivas. As covas abertas devem ter cerca de 40 cm de profundidade e largura, acomodando confortavelmente as ra\u00edzes do filhote.<\/p>\n\n\n<div class=\"wp-block-image\">\n<figure class=\"aligncenter size-large\"><img loading=\"lazy\" decoding=\"async\" width=\"1024\" height=\"576\" src=\"https:\/\/www.em.com.br\/emfoco\/wp-content\/uploads\/2025\/05\/banana-plantacao-_1747314484290-1024x576.jpg\" alt=\"Banana da terra no quintal veja como plantar e colher\" class=\"wp-image-47503\" srcset=\"https:\/\/www.em.com.br\/emfoco\/wp-content\/uploads\/2025\/05\/banana-plantacao-_1747314484290-1024x576.jpg 1024w, https:\/\/www.em.com.br\/emfoco\/wp-content\/uploads\/2025\/05\/banana-plantacao-_1747314484290-300x169.jpg 300w, https:\/\/www.em.com.br\/emfoco\/wp-content\/uploads\/2025\/05\/banana-plantacao-_1747314484290-768x432.jpg 768w, https:\/\/www.em.com.br\/emfoco\/wp-content\/uploads\/2025\/05\/banana-plantacao-_1747314484290-750x422.jpg 750w, https:\/\/www.em.com.br\/emfoco\/wp-content\/uploads\/2025\/05\/banana-plantacao-_1747314484290-1140x641.jpg 1140w, https:\/\/www.em.com.br\/emfoco\/wp-content\/uploads\/2025\/05\/banana-plantacao-_1747314484290.jpg 1280w\" sizes=\"auto, (max-width: 1024px) 100vw, 1024px\" \/><figcaption class=\"wp-element-caption\">Ap\u00f3s o plantio, o acompanhamento cont\u00ednuo \u00e9 importante para evitar problemas e garantir uma boa produ\u00e7\u00e3o &#8211; Cr\u00e9ditos: depositphotos.com \/ Satura_<\/figcaption><\/figure><\/div>\n\n\n<p>O espa\u00e7amento ideal entre plantas varia de <strong>2 a 3 metros,<\/strong> garantindo luz, ar e nutrientes em quantidade adequada. A rega imediata ap\u00f3s o plantio \u00e9 indispens\u00e1vel para o enraizamento das mudas e a adapta\u00e7\u00e3o inicial ao novo solo.<\/p>\n\n\n\n<h2 class=\"wp-block-heading\">Quais cuidados s\u00e3o essenciais para manter bananeiras saud\u00e1veis<\/h2>\n\n\n\n<p>Ap\u00f3s o plantio, o acompanhamento cont\u00ednuo \u00e9 importante para evitar problemas e garantir uma boa produ\u00e7\u00e3o. A <strong>irriga\u00e7\u00e3o<\/strong> regular deve manter o solo sempre <strong>\u00famido,<\/strong> sem encharcar, at\u00e9 porque a cultura demanda bastante \u00e1gua.<\/p>\n\n\n\n<p>Outra medida fundamental \u00e9 o <strong>monitoramento<\/strong> frequente das plantas. Ao notar sinais de pragas ou doen\u00e7as, prefira m\u00e9todos sustent\u00e1veis ao controle qu\u00edmico e mantenha a \u00e1rea sempre limpa para dificultar infesta\u00e7\u00f5es e fungos. Abaixo tem um video sobre cuidados com sua bananeira do canal<a href=\"https:\/\/www.youtube.com\/watch?v=99_XxOKY0VE&amp;t=2s\" target=\"_blank\" rel=\"noopener\"> Plante e Cozinhe<\/a>:&nbsp;<\/p>\n\n\n\n<figure class=\"wp-block-embed is-type-video is-provider-youtube wp-block-embed-youtube wp-embed-aspect-16-9 wp-has-aspect-ratio\"><div class=\"wp-block-embed__wrapper\">\n<div class=\"jeg_video_container jeg_video_content\"><iframe loading=\"lazy\" title=\"COMO PLANTAR BANANA ORG\u00c2NICA E PRODUZIR MUITAS FRUTAS. IDEAL PARA FUNDO DE QUINTAL E CH\u00c1CARAS (Ep42)\" width=\"500\" height=\"281\" src=\"https:\/\/www.youtube.com\/embed\/99_XxOKY0VE?start=2&#038;feature=oembed\" frameborder=\"0\" allow=\"accelerometer; autoplay; clipboard-write; encrypted-media; gyroscope; picture-in-picture; web-share\" referrerpolicy=\"strict-origin-when-cross-origin\" allowfullscreen><\/iframe><\/div>\n<\/div><\/figure>\n\n\n\n<h2 class=\"wp-block-heading\">Quando ocorre a colheita das bananas e o que observar<\/h2>\n\n\n\n<p>A colheita das <strong>bananas<\/strong> normalmente acontece entre <strong>14<\/strong> e 18 meses ap\u00f3s o plantio, dependendo da variedade e das condi\u00e7\u00f5es locais de cultivo. Devem ser colhidas quando ainda restam poucos dias para a <strong>matura\u00e7\u00e3o<\/strong> completa, pois amadurecem durante o transporte e armazenamento.<\/p>\n\n\n\n<p>Para melhores resultados, avalie sempre o ponto de colheita adequado e utilize t\u00e9cnicas corretas para armazenar e transportar os cachos, assegurando qualidade e diminui\u00e7\u00e3o de perdas <strong>p\u00f3s-colheita.<\/strong><\/p>\n","protected":false},"excerpt":{"rendered":"<p>O cultivo da banana \u00e9 uma atividade agr\u00edcola de grande relev\u00e2ncia em diversas regi\u00f5es tropicais devido ao seu valor nutricional e versatilidade na culin\u00e1ria, exigindo entendimento sobre clima, solo e cuidados especiais para um plantio bem-sucedido. Como escolher o melhor local para plantar bananas Selecionar o local adequado \u00e9 fundamental para o desenvolvimento saud\u00e1vel das [&hellip;]<\/p>\n","protected":false},"author":9,"featured_media":40783,"comment_status":"open","ping_status":"open","sticky":false,"template":"","format":"standard","meta":{"jnews-multi-image_gallery":[],"jnews_single_post":{"format":"standard"},"jnews_primary_category":[],"jnews_social_meta":[],"jnews_override_counter":[],"footnotes":""},"categories":[8819,1],"tags":[17672,7701,3325,7820],"class_list":["post-127082","post","type-post","status-publish","format-standard","has-post-thumbnail","hentry","category-curiosidades","category-noticias","tag-caseiro","tag-como-plantar","tag-jardim","tag-plantar-banana"],"yoast_head":"<!-- This site is optimized with the Yoast SEO plugin v23.8 - https:\/\/yoast.com\/wordpress\/plugins\/seo\/ -->\n<title>O que voc\u00ea precisa saber sobre o clima antes de plantar sua primeira banana - Estado de Minas - Em foco<\/title>\n<meta name=\"description\" content=\"O cultivo de banana exige solo rico e clima quente. Entenda o preparo da terra e a irriga\u00e7\u00e3o correta para garantir uma colheita farta.\" \/>\n<meta name=\"robots\" content=\"index, follow, max-snippet:-1, max-image-preview:large, max-video-preview:-1\" \/>\n<link rel=\"canonical\" href=\"https:\/\/www.em.com.br\/emfoco\/2025\/11\/14\/o-que-voce-precisa-saber-sobre-o-clima-antes-de-plantar-sua-primeira-banana\/\" \/>\n<meta property=\"og:locale\" content=\"pt_BR\" \/>\n<meta property=\"og:type\" content=\"article\" \/>\n<meta property=\"og:title\" content=\"O que voc\u00ea precisa saber sobre o clima antes de plantar sua primeira banana - Estado de Minas - Em foco\" \/>\n<meta property=\"og:description\" content=\"O cultivo de banana exige solo rico e clima quente. Entenda o preparo da terra e a irriga\u00e7\u00e3o correta para garantir uma colheita farta.\" \/>\n<meta property=\"og:url\" content=\"https:\/\/www.em.com.br\/emfoco\/2025\/11\/14\/o-que-voce-precisa-saber-sobre-o-clima-antes-de-plantar-sua-primeira-banana\/\" \/>\n<meta property=\"og:site_name\" content=\"Estado de Minas - Em foco\" \/>\n<meta property=\"article:published_time\" content=\"2025-11-15T00:25:08+00:00\" \/>\n<meta property=\"article:modified_time\" content=\"2025-11-13T19:46:42+00:00\" \/>\n<meta property=\"og:image\" content=\"https:\/\/www.em.com.br\/emfoco\/wp-content\/uploads\/2025\/04\/banana-arvore_1745416066496.jpg\" \/>\n\t<meta property=\"og:image:width\" content=\"1280\" \/>\n\t<meta property=\"og:image:height\" content=\"720\" \/>\n\t<meta property=\"og:image:type\" content=\"image\/jpeg\" \/>\n<meta name=\"author\" content=\"Daniely Cardoso\" \/>\n<meta name=\"twitter:card\" content=\"summary_large_image\" \/>\n<meta name=\"twitter:label1\" content=\"Escrito por\" \/>\n\t<meta name=\"twitter:data1\" content=\"Daniely Cardoso\" \/>\n\t<meta name=\"twitter:label2\" content=\"Est. tempo de leitura\" \/>\n\t<meta name=\"twitter:data2\" content=\"4 minutos\" \/>\n<!-- \/ Yoast SEO plugin. -->","yoast_head_json":{"title":"O que voc\u00ea precisa saber sobre o clima antes de plantar sua primeira banana - Estado de Minas - Em foco","description":"O cultivo de banana exige solo rico e clima quente. Entenda o preparo da terra e a irriga\u00e7\u00e3o correta para garantir uma colheita farta.","robots":{"index":"index","follow":"follow","max-snippet":"max-snippet:-1","max-image-preview":"max-image-preview:large","max-video-preview":"max-video-preview:-1"},"canonical":"https:\/\/www.em.com.br\/emfoco\/2025\/11\/14\/o-que-voce-precisa-saber-sobre-o-clima-antes-de-plantar-sua-primeira-banana\/","og_locale":"pt_BR","og_type":"article","og_title":"O que voc\u00ea precisa saber sobre o clima antes de plantar sua primeira banana - Estado de Minas - Em foco","og_description":"O cultivo de banana exige solo rico e clima quente. Entenda o preparo da terra e a irriga\u00e7\u00e3o correta para garantir uma colheita farta.","og_url":"https:\/\/www.em.com.br\/emfoco\/2025\/11\/14\/o-que-voce-precisa-saber-sobre-o-clima-antes-de-plantar-sua-primeira-banana\/","og_site_name":"Estado de Minas - Em foco","article_published_time":"2025-11-15T00:25:08+00:00","article_modified_time":"2025-11-13T19:46:42+00:00","og_image":[{"width":1280,"height":720,"url":"https:\/\/www.em.com.br\/emfoco\/wp-content\/uploads\/2025\/04\/banana-arvore_1745416066496.jpg","type":"image\/jpeg"}],"author":"Daniely Cardoso","twitter_card":"summary_large_image","twitter_misc":{"Escrito por":"Daniely Cardoso","Est. tempo de leitura":"4 minutos"},"schema":{"@context":"https:\/\/schema.org","@graph":[{"@type":"WebPage","@id":"https:\/\/www.em.com.br\/emfoco\/2025\/11\/14\/o-que-voce-precisa-saber-sobre-o-clima-antes-de-plantar-sua-primeira-banana\/","url":"https:\/\/www.em.com.br\/emfoco\/2025\/11\/14\/o-que-voce-precisa-saber-sobre-o-clima-antes-de-plantar-sua-primeira-banana\/","name":"O que voc\u00ea precisa saber sobre o clima antes de plantar sua primeira banana - Estado de Minas - Em foco","isPartOf":{"@id":"https:\/\/www.em.com.br\/emfoco\/#website"},"primaryImageOfPage":{"@id":"https:\/\/www.em.com.br\/emfoco\/2025\/11\/14\/o-que-voce-precisa-saber-sobre-o-clima-antes-de-plantar-sua-primeira-banana\/#primaryimage"},"image":{"@id":"https:\/\/www.em.com.br\/emfoco\/2025\/11\/14\/o-que-voce-precisa-saber-sobre-o-clima-antes-de-plantar-sua-primeira-banana\/#primaryimage"},"thumbnailUrl":"https:\/\/www.em.com.br\/emfoco\/wp-content\/uploads\/2025\/04\/banana-arvore_1745416066496.jpg","datePublished":"2025-11-15T00:25:08+00:00","dateModified":"2025-11-13T19:46:42+00:00","author":{"@id":"https:\/\/www.em.com.br\/emfoco\/#\/schema\/person\/0a8186d72f2c3a5c6276d90b41f271a0"},"description":"O cultivo de banana exige solo rico e clima quente. Entenda o preparo da terra e a irriga\u00e7\u00e3o correta para garantir uma colheita farta.","breadcrumb":{"@id":"https:\/\/www.em.com.br\/emfoco\/2025\/11\/14\/o-que-voce-precisa-saber-sobre-o-clima-antes-de-plantar-sua-primeira-banana\/#breadcrumb"},"inLanguage":"pt-BR","potentialAction":[{"@type":"ReadAction","target":["https:\/\/www.em.com.br\/emfoco\/2025\/11\/14\/o-que-voce-precisa-saber-sobre-o-clima-antes-de-plantar-sua-primeira-banana\/"]}]},{"@type":"ImageObject","inLanguage":"pt-BR","@id":"https:\/\/www.em.com.br\/emfoco\/2025\/11\/14\/o-que-voce-precisa-saber-sobre-o-clima-antes-de-plantar-sua-primeira-banana\/#primaryimage","url":"https:\/\/www.em.com.br\/emfoco\/wp-content\/uploads\/2025\/04\/banana-arvore_1745416066496.jpg","contentUrl":"https:\/\/www.em.com.br\/emfoco\/wp-content\/uploads\/2025\/04\/banana-arvore_1745416066496.jpg","width":1280,"height":720,"caption":"Banana - Cr\u00e9ditos: depositphotos.com \/ AlexGukBO"},{"@type":"BreadcrumbList","@id":"https:\/\/www.em.com.br\/emfoco\/2025\/11\/14\/o-que-voce-precisa-saber-sobre-o-clima-antes-de-plantar-sua-primeira-banana\/#breadcrumb","itemListElement":[{"@type":"ListItem","position":1,"name":"In\u00edcio","item":"https:\/\/www.em.com.br\/emfoco\/"},{"@type":"ListItem","position":2,"name":"O que voc\u00ea precisa saber sobre o clima antes de plantar sua primeira banana"}]},{"@type":"WebSite","@id":"https:\/\/www.em.com.br\/emfoco\/#website","url":"https:\/\/www.em.com.br\/emfoco\/","name":"Estado de Minas - Em foco","description":"Acompanhe as \u00faltimas not\u00edcias e fique bem informado sobre tudo o que acontece em Minas Gerais, Brasil e no mundo.","potentialAction":[{"@type":"SearchAction","target":{"@type":"EntryPoint","urlTemplate":"https:\/\/www.em.com.br\/emfoco\/?s={search_term_string}"},"query-input":{"@type":"PropertyValueSpecification","valueRequired":true,"valueName":"search_term_string"}}],"inLanguage":"pt-BR"},{"@type":"Person","@id":"https:\/\/www.em.com.br\/emfoco\/#\/schema\/person\/0a8186d72f2c3a5c6276d90b41f271a0","name":"Daniely Cardoso","image":{"@type":"ImageObject","inLanguage":"pt-BR","@id":"https:\/\/www.em.com.br\/emfoco\/#\/schema\/person\/image\/","url":"https:\/\/secure.gravatar.com\/avatar\/4b80ddbd124d1f071b626d52d62e5dff?s=96&d=mm&r=g","contentUrl":"https:\/\/secure.gravatar.com\/avatar\/4b80ddbd124d1f071b626d52d62e5dff?s=96&d=mm&r=g","caption":"Daniely Cardoso"},"url":"https:\/\/www.em.com.br\/emfoco\/author\/danielymyth\/"}]}},"_links":{"self":[{"href":"https:\/\/www.em.com.br\/emfoco\/wp-json\/wp\/v2\/posts\/127082","targetHints":{"allow":["GET"]}}],"collection":[{"href":"https:\/\/www.em.com.br\/emfoco\/wp-json\/wp\/v2\/posts"}],"about":[{"href":"https:\/\/www.em.com.br\/emfoco\/wp-json\/wp\/v2\/types\/post"}],"author":[{"embeddable":true,"href":"https:\/\/www.em.com.br\/emfoco\/wp-json\/wp\/v2\/users\/9"}],"replies":[{"embeddable":true,"href":"https:\/\/www.em.com.br\/emfoco\/wp-json\/wp\/v2\/comments?post=127082"}],"version-history":[{"count":3,"href":"https:\/\/www.em.com.br\/emfoco\/wp-json\/wp\/v2\/posts\/127082\/revisions"}],"predecessor-version":[{"id":127254,"href":"https:\/\/www.em.com.br\/emfoco\/wp-json\/wp\/v2\/posts\/127082\/revisions\/127254"}],"wp:featuredmedia":[{"embeddable":true,"href":"https:\/\/www.em.com.br\/emfoco\/wp-json\/wp\/v2\/media\/40783"}],"wp:attachment":[{"href":"https:\/\/www.em.com.br\/emfoco\/wp-json\/wp\/v2\/media?parent=127082"}],"wp:term":[{"taxonomy":"category","embeddable":true,"href":"https:\/\/www.em.com.br\/emfoco\/wp-json\/wp\/v2\/categories?post=127082"},{"taxonomy":"post_tag","embeddable":true,"href":"https:\/\/www.em.com.br\/emfoco\/wp-json\/wp\/v2\/tags?post=127082"}],"curies":[{"name":"wp","href":"https:\/\/api.w.org\/{rel}","templated":true}]}}