{"id":127019,"date":"2025-11-14T12:55:33","date_gmt":"2025-11-14T15:55:33","guid":{"rendered":"https:\/\/www.em.com.br\/emfoco\/?p=127019"},"modified":"2025-11-13T16:25:34","modified_gmt":"2025-11-13T19:25:34","slug":"as-combinacoes-de-bolsa-e-sapato-mais-elegantes-e-confortaveis-da-temporada","status":"publish","type":"post","link":"https:\/\/www.em.com.br\/emfoco\/2025\/11\/14\/as-combinacoes-de-bolsa-e-sapato-mais-elegantes-e-confortaveis-da-temporada\/","title":{"rendered":"As combina\u00e7\u00f5es de bolsa e sapato mais elegantes e confort\u00e1veis da temporada"},"content":{"rendered":"\n<p>Na busca por um <strong>visual harmonioso<\/strong> e bem equilibrado, a combina\u00e7\u00e3o de bolsas e sapatos \u00e9 essencial para real\u00e7ar o estilo pessoal e demonstrar aten\u00e7\u00e3o aos detalhes. Ao saber como alinhar esses acess\u00f3rios, \u00e9 poss\u00edvel elevar o visual e garantir uma imagem coesa e encantadora em qualquer ocasi\u00e3o.<\/p>\n\n\n\n<h2 class=\"wp-block-heading\">Como escolher a bolsa ideal para cada ocasi\u00e3o e criar harmonia no look<\/h2>\n\n\n\n<p>Escolher a <strong>bolsa<\/strong> certa envolve considerar tanto a est\u00e9tica quanto a funcionalidade. Em ambientes profissionais, opte por bolsas estruturadas e em tons neutros, transmitindo sobriedade e sofistica\u00e7\u00e3o, enquanto em situa\u00e7\u00f5es casuais, bolsas coloridas e descontra\u00eddas s\u00e3o bem-vindas.<\/p>\n\n\n\n<p>Leve em conta o tipo de evento e o restante do visual ao <strong>selecionar<\/strong> a <strong>bolsa.<\/strong> Materiais como couro podem ser ideais para eventos mais formais, enquanto tecidos ou materiais sint\u00e9ticos funcionam para situa\u00e7\u00f5es informais.<\/p>\n\n\n<div class=\"wp-block-image\">\n<figure class=\"aligncenter size-large\"><img loading=\"lazy\" decoding=\"async\" width=\"1024\" height=\"576\" src=\"https:\/\/www.em.com.br\/emfoco\/wp-content\/uploads\/2025\/06\/bolsa-ombro_1750350793463-1024x576.jpg\" alt=\"\" class=\"wp-image-63977\" srcset=\"https:\/\/www.em.com.br\/emfoco\/wp-content\/uploads\/2025\/06\/bolsa-ombro_1750350793463-1024x576.jpg 1024w, https:\/\/www.em.com.br\/emfoco\/wp-content\/uploads\/2025\/06\/bolsa-ombro_1750350793463-300x169.jpg 300w, https:\/\/www.em.com.br\/emfoco\/wp-content\/uploads\/2025\/06\/bolsa-ombro_1750350793463-768x432.jpg 768w, https:\/\/www.em.com.br\/emfoco\/wp-content\/uploads\/2025\/06\/bolsa-ombro_1750350793463-750x422.jpg 750w, https:\/\/www.em.com.br\/emfoco\/wp-content\/uploads\/2025\/06\/bolsa-ombro_1750350793463-1140x641.jpg 1140w, https:\/\/www.em.com.br\/emfoco\/wp-content\/uploads\/2025\/06\/bolsa-ombro_1750350793463.jpg 1280w\" sizes=\"auto, (max-width: 1024px) 100vw, 1024px\" \/><figcaption class=\"wp-element-caption\">Bolsa meia lua &#8211; Cr\u00e9ditos: depositphotos.com \/ photo-lime<\/figcaption><\/figure><\/div>\n\n\n<p>Leia tamb\u00e9m:&nbsp;<a href=\"https:\/\/www.em.com.br\/emfoco\/2025\/11\/02\/as-bolsas-que-toda-mulher-acima-de-50-anos-precisa-ter-no-guarda-roupa\/\" target=\"_blank\" rel=\"noopener\">As bolsas que toda mulher acima de 50 anos precisa ter no guarda-roupa<\/a><\/p>\n\n\n\n<h2 class=\"wp-block-heading\">Quais s\u00e3o as principais cores neutras que facilitam a combina\u00e7\u00e3o de bolsas e sapatos<\/h2>\n\n\n\n<p>Cores neutras, como <strong>preto<\/strong>, <strong>branco<\/strong>, <strong>camel<\/strong> e <strong>nude<\/strong>, facilitam a combina\u00e7\u00e3o de bolsas e sapatos, servindo de base para looks variados. Elas proporcionam seguran\u00e7a nas escolhas e permitem a cria\u00e7\u00e3o de estilos elegantes sem grande esfor\u00e7o.<\/p>\n\n\n\n<p>Para expandir suas op\u00e7\u00f5es, inclua varia\u00e7\u00f5es como <strong>cinza<\/strong>, <strong>marrom<\/strong> e <strong>bege<\/strong>. Abaixo, est\u00e3o exemplos de cores consideradas neutras e suas vantagens:<\/p>\n\n\n\n<ul class=\"wp-block-list\">\n<li><strong>Preto:<\/strong> Vers\u00e1til e sofisticado.<\/li>\n\n\n\n<li><strong>Branco:<\/strong> Ilumina o look, f\u00e1cil de combinar.<\/li>\n\n\n\n<li><strong>Camel\/Nude:<\/strong> Harm\u00f4nico, alonga a silhueta.<\/li>\n\n\n\n<li><strong>Cinza:<\/strong> Discreto e moderno.<\/li>\n<\/ul>\n\n\n\n<figure class=\"wp-block-embed is-type-rich is-provider-pinterest wp-block-embed-pinterest\"><div class=\"wp-block-embed__wrapper\">\n<iframe loading=\"lazy\" title=\"LOOKS  | Meusite\" src=\"https:\/\/assets.pinterest.com\/ext\/embed.html?id=96757091989754949&#038;src=oembed\" height=\"774\" width=\"450\" frameborder=\"0\" scrolling=\"no\" ><\/iframe>\n<\/div><\/figure>\n\n\n\n<h2 class=\"wp-block-heading\">\u00c9 obrigat\u00f3rio combinar bolsa e sapato ou h\u00e1 flexibilidade na moda atual<\/h2>\n\n\n\n<p>Atualmente, n\u00e3o \u00e9 mais obrigat\u00f3rio combinar bolsa e <strong>sapato<\/strong> exatamente. O contraste entre eles pode trazer modernidade e um toque despojado ao visual, desde que haja harmonia entre os elementos.<\/p>\n\n\n\n<p>Busque conex\u00e3o por meio de texturas, acabamentos ou <strong>padronagens<\/strong> semelhantes. Esses detalhes criam unidade visual e mostram cuidado na composi\u00e7\u00e3o do <strong>look. <\/strong>Veja um v\u00eddeo do canal <a href=\"https:\/\/www.youtube.com\/watch?v=VFCKV5cTBSI\" target=\"_blank\" rel=\"noopener\">Brisla Mota<\/a> sobre combinar assess\u00f3rios para um look moderno:<\/p>\n\n\n\n<figure class=\"wp-block-embed is-type-video is-provider-youtube wp-block-embed-youtube wp-embed-aspect-16-9 wp-has-aspect-ratio\"><div class=\"wp-block-embed__wrapper\">\n<div class=\"jeg_video_container jeg_video_content\"><iframe loading=\"lazy\" title=\"Sapatos, Bolsas e Cintos: Como combinar nos\u00a0looks?\" width=\"500\" height=\"281\" src=\"https:\/\/www.youtube.com\/embed\/VFCKV5cTBSI?feature=oembed\" frameborder=\"0\" allow=\"accelerometer; autoplay; clipboard-write; encrypted-media; gyroscope; picture-in-picture; web-share\" referrerpolicy=\"strict-origin-when-cross-origin\" allowfullscreen><\/iframe><\/div>\n<\/div><\/figure>\n\n\n\n<h2 class=\"wp-block-heading\">Quais fatores considerar ao escolher a bolsa perfeita para atender suas necessidades<\/h2>\n\n\n\n<p>A escolha da bolsa ideal vai al\u00e9m do design: praticidade, tamanho e funcionalidade s\u00e3o essenciais para o dia a dia. Avalie como ela se adapta ao clima, \u00e0 rotina e ao que voc\u00ea precisa carregar.<\/p>\n\n\n\n<p>Itens como n\u00famero de compartimentos, <strong>fechos seguros<\/strong> e conforto das al\u00e7as tamb\u00e9m devem ser observados, garantindo praticidade sem abrir m\u00e3o do estilo.<\/p>\n\n\n\n<p>Em resumo, combinar <strong>bolsas<\/strong> e sapatos \u00e9 um equil\u00edbrio entre personalidade, contexto e <strong>tend\u00eancias.<\/strong> Acompanhar novidades da moda pode inspirar, mas sentir-se confiante e confort\u00e1vel ainda \u00e9 o ponto principal de qualquer escolha.<\/p>\n","protected":false},"excerpt":{"rendered":"<p>Na busca por um visual harmonioso e bem equilibrado, a combina\u00e7\u00e3o de bolsas e sapatos \u00e9 essencial para real\u00e7ar o estilo pessoal e demonstrar aten\u00e7\u00e3o aos detalhes. Ao saber como alinhar esses acess\u00f3rios, \u00e9 poss\u00edvel elevar o visual e garantir uma imagem coesa e encantadora em qualquer ocasi\u00e3o. Como escolher a bolsa ideal para cada [&hellip;]<\/p>\n","protected":false},"author":9,"featured_media":62241,"comment_status":"open","ping_status":"open","sticky":false,"template":"","format":"standard","meta":{"jnews-multi-image_gallery":[],"jnews_single_post":{"format":"standard"},"jnews_primary_category":[],"jnews_social_meta":[],"jnews_override_counter":[],"footnotes":""},"categories":[8819,1],"tags":[13802,4977,18807],"class_list":["post-127019","post","type-post","status-publish","format-standard","has-post-thumbnail","hentry","category-curiosidades","category-noticias","tag-bolsa","tag-moda","tag-sapato"],"yoast_head":"<!-- This site is optimized with the Yoast SEO plugin v23.8 - https:\/\/yoast.com\/wordpress\/plugins\/seo\/ -->\n<title>As combina\u00e7\u00f5es de bolsa e sapato mais elegantes e confort\u00e1veis da temporada<\/title>\n<meta name=\"description\" content=\"A harmonia entre bolsa e sapato eleva o visual. Veja como unir cores e texturas para criar looks modernos sem seguir regras r\u00edgidas.\" \/>\n<meta name=\"robots\" content=\"index, follow, max-snippet:-1, max-image-preview:large, max-video-preview:-1\" \/>\n<link rel=\"canonical\" href=\"https:\/\/www.em.com.br\/emfoco\/2025\/11\/14\/as-combinacoes-de-bolsa-e-sapato-mais-elegantes-e-confortaveis-da-temporada\/\" \/>\n<meta property=\"og:locale\" content=\"pt_BR\" \/>\n<meta property=\"og:type\" content=\"article\" \/>\n<meta property=\"og:title\" content=\"As combina\u00e7\u00f5es de bolsa e sapato mais elegantes e confort\u00e1veis da temporada\" \/>\n<meta property=\"og:description\" content=\"A harmonia entre bolsa e sapato eleva o visual. Veja como unir cores e texturas para criar looks modernos sem seguir regras r\u00edgidas.\" \/>\n<meta property=\"og:url\" content=\"https:\/\/www.em.com.br\/emfoco\/2025\/11\/14\/as-combinacoes-de-bolsa-e-sapato-mais-elegantes-e-confortaveis-da-temporada\/\" \/>\n<meta property=\"og:site_name\" content=\"Estado de Minas - Em foco\" \/>\n<meta property=\"article:published_time\" content=\"2025-11-14T15:55:33+00:00\" \/>\n<meta property=\"article:modified_time\" content=\"2025-11-13T19:25:34+00:00\" \/>\n<meta property=\"og:image\" content=\"https:\/\/www.em.com.br\/emfoco\/wp-content\/uploads\/2025\/06\/bolsa_1750180085994.jpg\" \/>\n\t<meta property=\"og:image:width\" content=\"1280\" \/>\n\t<meta property=\"og:image:height\" content=\"720\" \/>\n\t<meta property=\"og:image:type\" content=\"image\/jpeg\" \/>\n<meta name=\"author\" content=\"Daniely Cardoso\" \/>\n<meta name=\"twitter:card\" content=\"summary_large_image\" \/>\n<meta name=\"twitter:label1\" content=\"Escrito por\" \/>\n\t<meta name=\"twitter:data1\" content=\"Daniely Cardoso\" \/>\n\t<meta name=\"twitter:label2\" content=\"Est. tempo de leitura\" \/>\n\t<meta name=\"twitter:data2\" content=\"3 minutos\" \/>\n<!-- \/ Yoast SEO plugin. -->","yoast_head_json":{"title":"As combina\u00e7\u00f5es de bolsa e sapato mais elegantes e confort\u00e1veis da temporada","description":"A harmonia entre bolsa e sapato eleva o visual. Veja como unir cores e texturas para criar looks modernos sem seguir regras r\u00edgidas.","robots":{"index":"index","follow":"follow","max-snippet":"max-snippet:-1","max-image-preview":"max-image-preview:large","max-video-preview":"max-video-preview:-1"},"canonical":"https:\/\/www.em.com.br\/emfoco\/2025\/11\/14\/as-combinacoes-de-bolsa-e-sapato-mais-elegantes-e-confortaveis-da-temporada\/","og_locale":"pt_BR","og_type":"article","og_title":"As combina\u00e7\u00f5es de bolsa e sapato mais elegantes e confort\u00e1veis da temporada","og_description":"A harmonia entre bolsa e sapato eleva o visual. Veja como unir cores e texturas para criar looks modernos sem seguir regras r\u00edgidas.","og_url":"https:\/\/www.em.com.br\/emfoco\/2025\/11\/14\/as-combinacoes-de-bolsa-e-sapato-mais-elegantes-e-confortaveis-da-temporada\/","og_site_name":"Estado de Minas - Em foco","article_published_time":"2025-11-14T15:55:33+00:00","article_modified_time":"2025-11-13T19:25:34+00:00","og_image":[{"width":1280,"height":720,"url":"https:\/\/www.em.com.br\/emfoco\/wp-content\/uploads\/2025\/06\/bolsa_1750180085994.jpg","type":"image\/jpeg"}],"author":"Daniely Cardoso","twitter_card":"summary_large_image","twitter_misc":{"Escrito por":"Daniely Cardoso","Est. tempo de leitura":"3 minutos"},"schema":{"@context":"https:\/\/schema.org","@graph":[{"@type":"WebPage","@id":"https:\/\/www.em.com.br\/emfoco\/2025\/11\/14\/as-combinacoes-de-bolsa-e-sapato-mais-elegantes-e-confortaveis-da-temporada\/","url":"https:\/\/www.em.com.br\/emfoco\/2025\/11\/14\/as-combinacoes-de-bolsa-e-sapato-mais-elegantes-e-confortaveis-da-temporada\/","name":"As combina\u00e7\u00f5es de bolsa e sapato mais elegantes e confort\u00e1veis da temporada","isPartOf":{"@id":"https:\/\/www.em.com.br\/emfoco\/#website"},"primaryImageOfPage":{"@id":"https:\/\/www.em.com.br\/emfoco\/2025\/11\/14\/as-combinacoes-de-bolsa-e-sapato-mais-elegantes-e-confortaveis-da-temporada\/#primaryimage"},"image":{"@id":"https:\/\/www.em.com.br\/emfoco\/2025\/11\/14\/as-combinacoes-de-bolsa-e-sapato-mais-elegantes-e-confortaveis-da-temporada\/#primaryimage"},"thumbnailUrl":"https:\/\/www.em.com.br\/emfoco\/wp-content\/uploads\/2025\/06\/bolsa_1750180085994.jpg","datePublished":"2025-11-14T15:55:33+00:00","dateModified":"2025-11-13T19:25:34+00:00","author":{"@id":"https:\/\/www.em.com.br\/emfoco\/#\/schema\/person\/0a8186d72f2c3a5c6276d90b41f271a0"},"description":"A harmonia entre bolsa e sapato eleva o visual. Veja como unir cores e texturas para criar looks modernos sem seguir regras r\u00edgidas.","breadcrumb":{"@id":"https:\/\/www.em.com.br\/emfoco\/2025\/11\/14\/as-combinacoes-de-bolsa-e-sapato-mais-elegantes-e-confortaveis-da-temporada\/#breadcrumb"},"inLanguage":"pt-BR","potentialAction":[{"@type":"ReadAction","target":["https:\/\/www.em.com.br\/emfoco\/2025\/11\/14\/as-combinacoes-de-bolsa-e-sapato-mais-elegantes-e-confortaveis-da-temporada\/"]}]},{"@type":"ImageObject","inLanguage":"pt-BR","@id":"https:\/\/www.em.com.br\/emfoco\/2025\/11\/14\/as-combinacoes-de-bolsa-e-sapato-mais-elegantes-e-confortaveis-da-temporada\/#primaryimage","url":"https:\/\/www.em.com.br\/emfoco\/wp-content\/uploads\/2025\/06\/bolsa_1750180085994.jpg","contentUrl":"https:\/\/www.em.com.br\/emfoco\/wp-content\/uploads\/2025\/06\/bolsa_1750180085994.jpg","width":1280,"height":720,"caption":"A express\u00e3o \u201cadeus bolsas pesadas\u201d resume uma mudan\u00e7a de h\u00e1bito ligada \u00e0 rotina moderna, com trabalho h\u00edbrid - Cr\u00e9ditos: depositphotos.com \/ hanna.putylina"},{"@type":"BreadcrumbList","@id":"https:\/\/www.em.com.br\/emfoco\/2025\/11\/14\/as-combinacoes-de-bolsa-e-sapato-mais-elegantes-e-confortaveis-da-temporada\/#breadcrumb","itemListElement":[{"@type":"ListItem","position":1,"name":"In\u00edcio","item":"https:\/\/www.em.com.br\/emfoco\/"},{"@type":"ListItem","position":2,"name":"As combina\u00e7\u00f5es de bolsa e sapato mais elegantes e confort\u00e1veis da temporada"}]},{"@type":"WebSite","@id":"https:\/\/www.em.com.br\/emfoco\/#website","url":"https:\/\/www.em.com.br\/emfoco\/","name":"Estado de Minas - Em foco","description":"Acompanhe as \u00faltimas not\u00edcias e fique bem informado sobre tudo o que acontece em Minas Gerais, Brasil e no mundo.","potentialAction":[{"@type":"SearchAction","target":{"@type":"EntryPoint","urlTemplate":"https:\/\/www.em.com.br\/emfoco\/?s={search_term_string}"},"query-input":{"@type":"PropertyValueSpecification","valueRequired":true,"valueName":"search_term_string"}}],"inLanguage":"pt-BR"},{"@type":"Person","@id":"https:\/\/www.em.com.br\/emfoco\/#\/schema\/person\/0a8186d72f2c3a5c6276d90b41f271a0","name":"Daniely Cardoso","image":{"@type":"ImageObject","inLanguage":"pt-BR","@id":"https:\/\/www.em.com.br\/emfoco\/#\/schema\/person\/image\/","url":"https:\/\/secure.gravatar.com\/avatar\/4b80ddbd124d1f071b626d52d62e5dff?s=96&d=mm&r=g","contentUrl":"https:\/\/secure.gravatar.com\/avatar\/4b80ddbd124d1f071b626d52d62e5dff?s=96&d=mm&r=g","caption":"Daniely Cardoso"},"url":"https:\/\/www.em.com.br\/emfoco\/author\/danielymyth\/"}]}},"_links":{"self":[{"href":"https:\/\/www.em.com.br\/emfoco\/wp-json\/wp\/v2\/posts\/127019","targetHints":{"allow":["GET"]}}],"collection":[{"href":"https:\/\/www.em.com.br\/emfoco\/wp-json\/wp\/v2\/posts"}],"about":[{"href":"https:\/\/www.em.com.br\/emfoco\/wp-json\/wp\/v2\/types\/post"}],"author":[{"embeddable":true,"href":"https:\/\/www.em.com.br\/emfoco\/wp-json\/wp\/v2\/users\/9"}],"replies":[{"embeddable":true,"href":"https:\/\/www.em.com.br\/emfoco\/wp-json\/wp\/v2\/comments?post=127019"}],"version-history":[{"count":3,"href":"https:\/\/www.em.com.br\/emfoco\/wp-json\/wp\/v2\/posts\/127019\/revisions"}],"predecessor-version":[{"id":127226,"href":"https:\/\/www.em.com.br\/emfoco\/wp-json\/wp\/v2\/posts\/127019\/revisions\/127226"}],"wp:featuredmedia":[{"embeddable":true,"href":"https:\/\/www.em.com.br\/emfoco\/wp-json\/wp\/v2\/media\/62241"}],"wp:attachment":[{"href":"https:\/\/www.em.com.br\/emfoco\/wp-json\/wp\/v2\/media?parent=127019"}],"wp:term":[{"taxonomy":"category","embeddable":true,"href":"https:\/\/www.em.com.br\/emfoco\/wp-json\/wp\/v2\/categories?post=127019"},{"taxonomy":"post_tag","embeddable":true,"href":"https:\/\/www.em.com.br\/emfoco\/wp-json\/wp\/v2\/tags?post=127019"}],"curies":[{"name":"wp","href":"https:\/\/api.w.org\/{rel}","templated":true}]}}