{"id":127001,"date":"2025-11-14T07:25:45","date_gmt":"2025-11-14T10:25:45","guid":{"rendered":"https:\/\/www.em.com.br\/emfoco\/?p=127001"},"modified":"2025-11-13T20:46:01","modified_gmt":"2025-11-13T23:46:01","slug":"o-creme-que-ajuda-a-restaurar-o-colageno-e-rejuvenescer-a-pele-sem-procedimentos","status":"publish","type":"post","link":"https:\/\/www.em.com.br\/emfoco\/2025\/11\/14\/o-creme-que-ajuda-a-restaurar-o-colageno-e-rejuvenescer-a-pele-sem-procedimentos\/","title":{"rendered":"O creme que ajuda a restaurar o col\u00e1geno e rejuvenescer a pele sem procedimentos"},"content":{"rendered":"\n<p>A prote\u00edna <strong>col\u00e1geno<\/strong> \u00e9 fundamental para garantir a firmeza e elasticidade da pele, compondo cerca de <strong>25%<\/strong> a <strong>30%<\/strong> da prote\u00edna total corporal. A partir dos 25 anos, ocorre uma perda anual de 1% desse elemento essencial, o que leva \u00e0 diminui\u00e7\u00e3o da sustenta\u00e7\u00e3o da pele e ao aparecimento de linhas de express\u00e3o. Al\u00e9m desse processo natural, fatores externos como exposi\u00e7\u00e3o solar, polui\u00e7\u00e3o, alimenta\u00e7\u00e3o inadequada e estresse potencializam a perda, intensificando os sinais do tempo e tornando a prote\u00e7\u00e3o e est\u00edmulo ao <strong>col\u00e1geno<\/strong> essenciais na rotina de cuidados di\u00e1rios.<\/p>\n\n\n\n<h2 class=\"wp-block-heading\">Como a Collagen Bank Crema Hidratante ajuda a manter o col\u00e1geno da pele?<\/h2>\n\n\n\n<p>A <strong>Collagen Bank Crema Hidratante<\/strong>, desenvolvida ap\u00f3s oito anos de pesquisa pela Neutrogena, foi criada para proteger, conservar e estimular o col\u00e1geno da pele. Sua tecnologia inovadora com <strong>SPF30<\/strong> protege dos raios solares, que aceleram a degrada\u00e7\u00e3o dessa prote\u00edna fundamental.<\/p>\n\n\n\n<p>Al\u00e9m de agir na <strong>prote\u00e7\u00e3o<\/strong>, o produto atua com tripla a\u00e7\u00e3o, promovendo resultados vis\u00edveis ao fortalecer a barreira cut\u00e2nea, melhorar a elasticidade da pele e retardar sinais de envelhecimento precoce.<\/p>\n\n\n\n<blockquote class=\"tiktok-embed\" cite=\"https:\/\/www.tiktok.com\/@emypena10\/video\/7438475463447678251\" data-video-id=\"7438475463447678251\" style=\"max-width: 605px;min-width: 325px;\" > <section> <a target=\"_blank\" title=\"@emypena10\" href=\"https:\/\/www.tiktok.com\/@emypena10?refer=embed\">@emypena10<\/a> Crema hidratante con col\u00e1geno y SPF30 @Neutrogena Collagen bank moisturizer. <a title=\"neutrogena\" target=\"_blank\" href=\"https:\/\/www.tiktok.com\/tag\/neutrogena?refer=embed\">#neutrogena<\/a> <a title=\"neutrogenacollagenbank\" target=\"_blank\" href=\"https:\/\/www.tiktok.com\/tag\/neutrogenacollagenbank?refer=embed\">#neutrogenacollagenbank<\/a> <a title=\"neutrogenamoisturizer\" target=\"_blank\" href=\"https:\/\/www.tiktok.com\/tag\/neutrogenamoisturizer?refer=embed\">#neutrogenamoisturizer<\/a> <a title=\"collagen\" target=\"_blank\" href=\"https:\/\/www.tiktok.com\/tag\/collagen?refer=embed\">#collagen<\/a> <a title=\"collagenbank\" target=\"_blank\" href=\"https:\/\/www.tiktok.com\/tag\/collagenbank?refer=embed\">#collagenbank<\/a> <a title=\"moisturizer\" target=\"_blank\" href=\"https:\/\/www.tiktok.com\/tag\/moisturizer?refer=embed\">#moisturizer<\/a> <a title=\"spf\" target=\"_blank\" href=\"https:\/\/www.tiktok.com\/tag\/spf?refer=embed\">#spf<\/a> <a title=\"sunscreenviral\" target=\"_blank\" href=\"https:\/\/www.tiktok.com\/tag\/sunscreenviral?refer=embed\">#sunscreenviral<\/a> <a title=\"skincare\" target=\"_blank\" href=\"https:\/\/www.tiktok.com\/tag\/skincare?refer=embed\">#skincare<\/a> <a title=\"beauty\" target=\"_blank\" href=\"https:\/\/www.tiktok.com\/tag\/beauty?refer=embed\">#beauty<\/a> <a title=\"colageno\" target=\"_blank\" href=\"https:\/\/www.tiktok.com\/tag\/colageno?refer=embed\">#colageno<\/a> <a title=\"cremahidratante\" target=\"_blank\" href=\"https:\/\/www.tiktok.com\/tag\/cremahidratante?refer=embed\">#cremahidratante<\/a> <a title=\"hidratante\" target=\"_blank\" href=\"https:\/\/www.tiktok.com\/tag\/hidratante?refer=embed\">#hidratante<\/a> <a title=\"protectorsolarfacial\" target=\"_blank\" href=\"https:\/\/www.tiktok.com\/tag\/protectorsolarfacial?refer=embed\">#protectorsolarfacial<\/a> <a title=\"protectorsolarfacial\" target=\"_blank\" href=\"https:\/\/www.tiktok.com\/tag\/protectorsolarfacial?refer=embed\">#protectorsolarfacial<\/a> <a title=\"cuidadosdelapiel\" target=\"_blank\" href=\"https:\/\/www.tiktok.com\/tag\/cuidadosdelapiel?refer=embed\">#cuidadosdelapiel<\/a> <a title=\"cuidadofacial\" target=\"_blank\" href=\"https:\/\/www.tiktok.com\/tag\/cuidadofacial?refer=embed\">#cuidadofacial<\/a> <a title=\"belleza\" target=\"_blank\" href=\"https:\/\/www.tiktok.com\/tag\/belleza?refer=embed\">#belleza<\/a> <a title=\"tiktokshop\" target=\"_blank\" href=\"https:\/\/www.tiktok.com\/tag\/tiktokshop?refer=embed\">#tiktokshop<\/a> <a title=\"tiktoker\" target=\"_blank\" href=\"https:\/\/www.tiktok.com\/tag\/tiktoker?refer=embed\">#tiktoker<\/a> <a title=\"trending\" target=\"_blank\" href=\"https:\/\/www.tiktok.com\/tag\/trending?refer=embed\">#trending<\/a> <a title=\"viral\" target=\"_blank\" href=\"https:\/\/www.tiktok.com\/tag\/viral?refer=embed\">#viral<\/a> <a title=\"fyp\u30b7\" target=\"_blank\" href=\"https:\/\/www.tiktok.com\/tag\/fyp%E3%82%B7?refer=embed\">#fyp\u30b7<\/a> <a target=\"_blank\" title=\"\u266c original sound - Emy Pena \ud83c\udf80\ud83e\udee7\ud83d\udc8b\" href=\"https:\/\/www.tiktok.com\/music\/original-sound-7438475422310026030?refer=embed\">\u266c original sound &#8211; Emy Pena \ud83c\udf80\ud83e\udee7\ud83d\udc8b<\/a> <\/section> <\/blockquote> <script async src=\"https:\/\/www.tiktok.com\/embed.js\"><\/script>\n\n\n\n<h2 class=\"wp-block-heading\">O que faz a Collagen Bank Crema Hidratante ser eficaz?<\/h2>\n\n\n\n<p>O segredo da efic\u00e1cia da <strong>Collagen Bank Crema Hidratante<\/strong> est\u00e1 em sua tecnologia de tripla a\u00e7\u00e3o. O produto conta com ingredientes e mecanismos que proporcionam benef\u00edcios percept\u00edveis em poucas semanas.<\/p>\n\n\n\n<p>Esses mecanismos funcionam em conjunto, proporcionando as seguintes vantagens:<\/p>\n\n\n\n<ul class=\"wp-block-list\">\n<li><strong>Protege<\/strong> contra a perda de col\u00e1geno gra\u00e7as a<strong> filtros solares<\/strong> de amplo espectro<\/li>\n\n\n\n<li><strong>Conserva<\/strong> o col\u00e1geno existente com col\u00e1geno <strong>hidrolisado<\/strong> e a\u00e7\u00e3o umectante<\/li>\n\n\n\n<li><strong>Estimula<\/strong> a produ\u00e7\u00e3o de novo col\u00e1geno por meio de <em><strong>Micro-P\u00e9ptidos<\/strong><\/em> de r\u00e1pida absor\u00e7\u00e3o<\/li>\n<\/ul>\n\n\n\n<p>Leia tamb\u00e9m:&nbsp;<a href=\"https:\/\/www.em.com.br\/emfoco\/2025\/11\/12\/como-usar-a-babosa-no-rosto-para-estimular-colageno-de-forma-natural\/\" target=\"_blank\" rel=\"noopener\">Como usar a babosa no rosto para estimular col\u00e1geno de forma natural<\/a><\/p>\n\n\n\n<h2 class=\"wp-block-heading\">Por que incluir produtos com col\u00e1geno na rotina di\u00e1ria da pele?<\/h2>\n\n\n\n<p>Adicionar f\u00f3rmulas enriquecidas com col\u00e1geno \u00e0 rotina potencializa a firmeza, elasticidade e vitalidade, al\u00e9m de conferir um aspecto mais saud\u00e1vel e luminoso \u00e0 pele. No caso da <strong>Collagen Bank Crema Hidratante<\/strong>, a textura leve e r\u00e1pida absor\u00e7\u00e3o s\u00e3o diferenciais que facilitam a experi\u00eancia de uso cont\u00ednuo.<\/p>\n\n\n\n<p>Com esses atributos, a crema se ajusta a diferentes tipos de pele sem deixar res\u00edduos ou sensa\u00e7\u00e3o oleosa, tornando o cuidado di\u00e1rio simples e prazeroso, essencial at\u00e9 mesmo para peles sens\u00edveis e maduras. Veja um video da<a href=\"https:\/\/www.youtube.com\/watch?v=nAcpoiicbZM&amp;t=19s\" target=\"_blank\" rel=\"noopener\"> <\/a><a href=\"https:\/\/www.youtube.com\/@DrDrayzday\" target=\"_blank\" rel=\"noreferrer noopener\">Dr Dray<\/a> sobre este produto:<\/p>\n\n\n\n<iframe loading=\"lazy\" width=\"560\" height=\"315\" src=\"https:\/\/www.youtube.com\/embed\/FLnu9Q8OzHE?si=B78-w_XUX9qCTx6X\" title=\"YouTube video player\" frameborder=\"0\" allow=\"accelerometer; autoplay; clipboard-write; encrypted-media; gyroscope; picture-in-picture; web-share\" referrerpolicy=\"strict-origin-when-cross-origin\" allowfullscreen><\/iframe>\n\n\n\n<h2 class=\"wp-block-heading\">O que esperar do futuro dos cuidados antienvelhecimento e col\u00e1geno?<\/h2>\n\n\n\n<p>A tend\u00eancia dos cuidados antienvelhecimento est\u00e1 evoluindo para abordar a individualidade de cada pele, promovendo sa\u00fade e prote\u00e7\u00e3o ao inv\u00e9s de apenas minimizar <strong>rugas<\/strong>. Produtos inteligentes, como a <strong>Collagen Bank Crema Hidratante<\/strong>, refletem esse avan\u00e7o tecnol\u00f3gico, potencializando a integridade do col\u00e1geno com solu\u00e7\u00f5es cada vez mais personalizadas.<\/p>\n\n\n\n<p>Assim, investir em cuidados que conservam e estimulam o col\u00e1geno representa uma escolha assertiva para quem busca resultados duradouros e uma pele saud\u00e1vel a longo prazo, tornando-se parte essencial de uma <em><strong>skincare<\/strong> routine<\/em> moderna e eficaz.<\/p>\n","protected":false},"excerpt":{"rendered":"<p>A prote\u00edna col\u00e1geno \u00e9 fundamental para garantir a firmeza e elasticidade da pele, compondo cerca de 25% a 30% da prote\u00edna total corporal. A partir dos 25 anos, ocorre uma perda anual de 1% desse elemento essencial, o que leva \u00e0 diminui\u00e7\u00e3o da sustenta\u00e7\u00e3o da pele e ao aparecimento de linhas de express\u00e3o. Al\u00e9m desse [&hellip;]<\/p>\n","protected":false},"author":9,"featured_media":31973,"comment_status":"open","ping_status":"open","sticky":false,"template":"","format":"standard","meta":{"jnews-multi-image_gallery":[],"jnews_single_post":{"format":"standard"},"jnews_primary_category":[],"jnews_social_meta":[],"jnews_override_counter":[],"footnotes":""},"categories":[8691,8819,1],"tags":[712,14799,18805],"class_list":["post-127001","post","type-post","status-publish","format-standard","has-post-thumbnail","hentry","category-bem-estar","category-curiosidades","category-noticias","tag-autocuidado","tag-creme-facial","tag-revujenecedor"],"yoast_head":"<!-- This site is optimized with the Yoast SEO plugin v23.8 - https:\/\/yoast.com\/wordpress\/plugins\/seo\/ -->\n<title>O creme que ajuda a restaurar o col\u00e1geno e rejuvenescer a pele sem procedimentos<\/title>\n<meta name=\"description\" content=\"A perda de col\u00e1geno se inicia aos 25 anos. Saiba como uma nova tecnologia protege, conserva e estimula a firmeza natural da pele.\" \/>\n<meta name=\"robots\" content=\"index, follow, max-snippet:-1, max-image-preview:large, max-video-preview:-1\" \/>\n<link rel=\"canonical\" href=\"https:\/\/www.em.com.br\/emfoco\/2025\/11\/14\/o-creme-que-ajuda-a-restaurar-o-colageno-e-rejuvenescer-a-pele-sem-procedimentos\/\" \/>\n<meta property=\"og:locale\" content=\"pt_BR\" \/>\n<meta property=\"og:type\" content=\"article\" \/>\n<meta property=\"og:title\" content=\"O creme que ajuda a restaurar o col\u00e1geno e rejuvenescer a pele sem procedimentos\" \/>\n<meta property=\"og:description\" content=\"A perda de col\u00e1geno se inicia aos 25 anos. Saiba como uma nova tecnologia protege, conserva e estimula a firmeza natural da pele.\" \/>\n<meta property=\"og:url\" content=\"https:\/\/www.em.com.br\/emfoco\/2025\/11\/14\/o-creme-que-ajuda-a-restaurar-o-colageno-e-rejuvenescer-a-pele-sem-procedimentos\/\" \/>\n<meta property=\"og:site_name\" content=\"Estado de Minas - Em foco\" \/>\n<meta property=\"article:published_time\" content=\"2025-11-14T10:25:45+00:00\" \/>\n<meta property=\"article:modified_time\" content=\"2025-11-13T23:46:01+00:00\" \/>\n<meta property=\"og:image\" content=\"https:\/\/www.em.com.br\/emfoco\/wp-content\/uploads\/2025\/03\/creme-rosto_1742910978313.jpg\" \/>\n\t<meta property=\"og:image:width\" content=\"1280\" \/>\n\t<meta property=\"og:image:height\" content=\"720\" \/>\n\t<meta property=\"og:image:type\" content=\"image\/jpeg\" \/>\n<meta name=\"author\" content=\"Daniely Cardoso\" \/>\n<meta name=\"twitter:card\" content=\"summary_large_image\" \/>\n<meta name=\"twitter:label1\" content=\"Escrito por\" \/>\n\t<meta name=\"twitter:data1\" content=\"Daniely Cardoso\" \/>\n\t<meta name=\"twitter:label2\" content=\"Est. tempo de leitura\" \/>\n\t<meta name=\"twitter:data2\" content=\"3 minutos\" \/>\n<!-- \/ Yoast SEO plugin. -->","yoast_head_json":{"title":"O creme que ajuda a restaurar o col\u00e1geno e rejuvenescer a pele sem procedimentos","description":"A perda de col\u00e1geno se inicia aos 25 anos. Saiba como uma nova tecnologia protege, conserva e estimula a firmeza natural da pele.","robots":{"index":"index","follow":"follow","max-snippet":"max-snippet:-1","max-image-preview":"max-image-preview:large","max-video-preview":"max-video-preview:-1"},"canonical":"https:\/\/www.em.com.br\/emfoco\/2025\/11\/14\/o-creme-que-ajuda-a-restaurar-o-colageno-e-rejuvenescer-a-pele-sem-procedimentos\/","og_locale":"pt_BR","og_type":"article","og_title":"O creme que ajuda a restaurar o col\u00e1geno e rejuvenescer a pele sem procedimentos","og_description":"A perda de col\u00e1geno se inicia aos 25 anos. Saiba como uma nova tecnologia protege, conserva e estimula a firmeza natural da pele.","og_url":"https:\/\/www.em.com.br\/emfoco\/2025\/11\/14\/o-creme-que-ajuda-a-restaurar-o-colageno-e-rejuvenescer-a-pele-sem-procedimentos\/","og_site_name":"Estado de Minas - Em foco","article_published_time":"2025-11-14T10:25:45+00:00","article_modified_time":"2025-11-13T23:46:01+00:00","og_image":[{"width":1280,"height":720,"url":"https:\/\/www.em.com.br\/emfoco\/wp-content\/uploads\/2025\/03\/creme-rosto_1742910978313.jpg","type":"image\/jpeg"}],"author":"Daniely Cardoso","twitter_card":"summary_large_image","twitter_misc":{"Escrito por":"Daniely Cardoso","Est. tempo de leitura":"3 minutos"},"schema":{"@context":"https:\/\/schema.org","@graph":[{"@type":"WebPage","@id":"https:\/\/www.em.com.br\/emfoco\/2025\/11\/14\/o-creme-que-ajuda-a-restaurar-o-colageno-e-rejuvenescer-a-pele-sem-procedimentos\/","url":"https:\/\/www.em.com.br\/emfoco\/2025\/11\/14\/o-creme-que-ajuda-a-restaurar-o-colageno-e-rejuvenescer-a-pele-sem-procedimentos\/","name":"O creme que ajuda a restaurar o col\u00e1geno e rejuvenescer a pele sem procedimentos","isPartOf":{"@id":"https:\/\/www.em.com.br\/emfoco\/#website"},"primaryImageOfPage":{"@id":"https:\/\/www.em.com.br\/emfoco\/2025\/11\/14\/o-creme-que-ajuda-a-restaurar-o-colageno-e-rejuvenescer-a-pele-sem-procedimentos\/#primaryimage"},"image":{"@id":"https:\/\/www.em.com.br\/emfoco\/2025\/11\/14\/o-creme-que-ajuda-a-restaurar-o-colageno-e-rejuvenescer-a-pele-sem-procedimentos\/#primaryimage"},"thumbnailUrl":"https:\/\/www.em.com.br\/emfoco\/wp-content\/uploads\/2025\/03\/creme-rosto_1742910978313.jpg","datePublished":"2025-11-14T10:25:45+00:00","dateModified":"2025-11-13T23:46:01+00:00","author":{"@id":"https:\/\/www.em.com.br\/emfoco\/#\/schema\/person\/0a8186d72f2c3a5c6276d90b41f271a0"},"description":"A perda de col\u00e1geno se inicia aos 25 anos. Saiba como uma nova tecnologia protege, conserva e estimula a firmeza natural da pele.","breadcrumb":{"@id":"https:\/\/www.em.com.br\/emfoco\/2025\/11\/14\/o-creme-que-ajuda-a-restaurar-o-colageno-e-rejuvenescer-a-pele-sem-procedimentos\/#breadcrumb"},"inLanguage":"pt-BR","potentialAction":[{"@type":"ReadAction","target":["https:\/\/www.em.com.br\/emfoco\/2025\/11\/14\/o-creme-que-ajuda-a-restaurar-o-colageno-e-rejuvenescer-a-pele-sem-procedimentos\/"]}]},{"@type":"ImageObject","inLanguage":"pt-BR","@id":"https:\/\/www.em.com.br\/emfoco\/2025\/11\/14\/o-creme-que-ajuda-a-restaurar-o-colageno-e-rejuvenescer-a-pele-sem-procedimentos\/#primaryimage","url":"https:\/\/www.em.com.br\/emfoco\/wp-content\/uploads\/2025\/03\/creme-rosto_1742910978313.jpg","contentUrl":"https:\/\/www.em.com.br\/emfoco\/wp-content\/uploads\/2025\/03\/creme-rosto_1742910978313.jpg","width":1280,"height":720,"caption":"Creme - Cr\u00e9ditos: depositphotos.com \/ chika_milan"},{"@type":"BreadcrumbList","@id":"https:\/\/www.em.com.br\/emfoco\/2025\/11\/14\/o-creme-que-ajuda-a-restaurar-o-colageno-e-rejuvenescer-a-pele-sem-procedimentos\/#breadcrumb","itemListElement":[{"@type":"ListItem","position":1,"name":"In\u00edcio","item":"https:\/\/www.em.com.br\/emfoco\/"},{"@type":"ListItem","position":2,"name":"O creme que ajuda a restaurar o col\u00e1geno e rejuvenescer a pele sem procedimentos"}]},{"@type":"WebSite","@id":"https:\/\/www.em.com.br\/emfoco\/#website","url":"https:\/\/www.em.com.br\/emfoco\/","name":"Estado de Minas - Em foco","description":"Acompanhe as \u00faltimas not\u00edcias e fique bem informado sobre tudo o que acontece em Minas Gerais, Brasil e no mundo.","potentialAction":[{"@type":"SearchAction","target":{"@type":"EntryPoint","urlTemplate":"https:\/\/www.em.com.br\/emfoco\/?s={search_term_string}"},"query-input":{"@type":"PropertyValueSpecification","valueRequired":true,"valueName":"search_term_string"}}],"inLanguage":"pt-BR"},{"@type":"Person","@id":"https:\/\/www.em.com.br\/emfoco\/#\/schema\/person\/0a8186d72f2c3a5c6276d90b41f271a0","name":"Daniely Cardoso","image":{"@type":"ImageObject","inLanguage":"pt-BR","@id":"https:\/\/www.em.com.br\/emfoco\/#\/schema\/person\/image\/","url":"https:\/\/secure.gravatar.com\/avatar\/4b80ddbd124d1f071b626d52d62e5dff?s=96&d=mm&r=g","contentUrl":"https:\/\/secure.gravatar.com\/avatar\/4b80ddbd124d1f071b626d52d62e5dff?s=96&d=mm&r=g","caption":"Daniely Cardoso"},"url":"https:\/\/www.em.com.br\/emfoco\/author\/danielymyth\/"}]}},"_links":{"self":[{"href":"https:\/\/www.em.com.br\/emfoco\/wp-json\/wp\/v2\/posts\/127001","targetHints":{"allow":["GET"]}}],"collection":[{"href":"https:\/\/www.em.com.br\/emfoco\/wp-json\/wp\/v2\/posts"}],"about":[{"href":"https:\/\/www.em.com.br\/emfoco\/wp-json\/wp\/v2\/types\/post"}],"author":[{"embeddable":true,"href":"https:\/\/www.em.com.br\/emfoco\/wp-json\/wp\/v2\/users\/9"}],"replies":[{"embeddable":true,"href":"https:\/\/www.em.com.br\/emfoco\/wp-json\/wp\/v2\/comments?post=127001"}],"version-history":[{"count":5,"href":"https:\/\/www.em.com.br\/emfoco\/wp-json\/wp\/v2\/posts\/127001\/revisions"}],"predecessor-version":[{"id":127442,"href":"https:\/\/www.em.com.br\/emfoco\/wp-json\/wp\/v2\/posts\/127001\/revisions\/127442"}],"wp:featuredmedia":[{"embeddable":true,"href":"https:\/\/www.em.com.br\/emfoco\/wp-json\/wp\/v2\/media\/31973"}],"wp:attachment":[{"href":"https:\/\/www.em.com.br\/emfoco\/wp-json\/wp\/v2\/media?parent=127001"}],"wp:term":[{"taxonomy":"category","embeddable":true,"href":"https:\/\/www.em.com.br\/emfoco\/wp-json\/wp\/v2\/categories?post=127001"},{"taxonomy":"post_tag","embeddable":true,"href":"https:\/\/www.em.com.br\/emfoco\/wp-json\/wp\/v2\/tags?post=127001"}],"curies":[{"name":"wp","href":"https:\/\/api.w.org\/{rel}","templated":true}]}}