{"id":126944,"date":"2025-11-16T09:25:00","date_gmt":"2025-11-16T12:25:00","guid":{"rendered":"https:\/\/www.em.com.br\/emfoco\/?p=126944"},"modified":"2025-11-13T16:52:05","modified_gmt":"2025-11-13T19:52:05","slug":"dicas-caseiras-para-eliminar-o-amarelado-das-unhas-e-fortalecer-as-cuticulas","status":"publish","type":"post","link":"https:\/\/www.em.com.br\/emfoco\/2025\/11\/16\/dicas-caseiras-para-eliminar-o-amarelado-das-unhas-e-fortalecer-as-cuticulas\/","title":{"rendered":"Dicas caseiras para eliminar o amarelado das unhas e fortalecer as cut\u00edculas"},"content":{"rendered":"\n<p>Muitas mulheres buscam <strong>unhas fortes e brilhosas<\/strong>, mas acabam enfrentando quebras, ressecamento e o tom amarelado que compromete a apar\u00eancia. Um truque simples e natural pode restaurar o brilho, fortalecer os fios e ajudar no crescimento sem depender de procedimentos caros ou agressivos.<\/p>\n\n\n\n<h2 class=\"wp-block-heading\">Por que as unhas ficam fracas, manchadas e com aspecto amarelado?<\/h2>\n\n\n\n<p>O uso frequente de esmaltes, removedores com acetona e detergentes desgasta a camada protetora das unhas, deixando-as <strong>porosas e ressecadas<\/strong>. Esse processo cont\u00ednuo faz com que percam brilho, descamem facilmente e desenvolvam um aspecto amarelado indesejado.<\/p>\n\n\n\n<p>A hidrata\u00e7\u00e3o correta \u00e9 fundamental para recuperar a <strong><a href=\"https:\/\/www.coloramaesmaltes.com.br\/inspiration\/tips-and-trends\/unha-natural\" target=\"_blank\" rel=\"noreferrer noopener\">flexibilidade natural<\/a><\/strong> das unhas. Quando bem cuidadas, elas voltam a crescer com for\u00e7a, brilho e resist\u00eancia, evitando quebras e devolvendo a apar\u00eancia saud\u00e1vel que muitas mulheres desejam manter.<\/p>\n\n\n\n<figure class=\"wp-block-image size-large\"><img loading=\"lazy\" decoding=\"async\" width=\"1024\" height=\"576\" src=\"https:\/\/www.em.com.br\/emfoco\/wp-content\/uploads\/2025\/11\/Unhas-_1763001546901-1024x576.jpg\" alt=\"Dicas caseiras para eliminar o amarelado das unhas e devolver o brilho natural\" class=\"wp-image-126957\" srcset=\"https:\/\/www.em.com.br\/emfoco\/wp-content\/uploads\/2025\/11\/Unhas-_1763001546901-1024x576.jpg 1024w, https:\/\/www.em.com.br\/emfoco\/wp-content\/uploads\/2025\/11\/Unhas-_1763001546901-300x169.jpg 300w, https:\/\/www.em.com.br\/emfoco\/wp-content\/uploads\/2025\/11\/Unhas-_1763001546901-768x432.jpg 768w, https:\/\/www.em.com.br\/emfoco\/wp-content\/uploads\/2025\/11\/Unhas-_1763001546901-750x422.jpg 750w, https:\/\/www.em.com.br\/emfoco\/wp-content\/uploads\/2025\/11\/Unhas-_1763001546901-1140x641.jpg 1140w, https:\/\/www.em.com.br\/emfoco\/wp-content\/uploads\/2025\/11\/Unhas-_1763001546901.jpg 1280w\" sizes=\"auto, (max-width: 1024px) 100vw, 1024px\" \/><figcaption class=\"wp-element-caption\">O lim\u00e3o clareia manchas e uniformiza a cor das unhas &#8211; Cr\u00e9ditos: depositphotos.com \/ AllaSerebrina<\/figcaption><\/figure>\n\n\n\n<h2 class=\"wp-block-heading\">Qual truque caseiro ajuda a restaurar brilho e reduzir o amarelado?<\/h2>\n\n\n\n<p>A mistura de lim\u00e3o com azeite se destaca por unir limpeza profunda e nutri\u00e7\u00e3o intensa, formando uma solu\u00e7\u00e3o leve que <strong>uniformiza a apar\u00eancia<\/strong> e fortalece as unhas. Veja abaixo os elementos que fazem esse m\u00e9todo funcionar t\u00e3o bem:<\/p>\n\n\n\n<ul class=\"wp-block-list\">\n<li><strong>Lim\u00e3o:<\/strong> clareia manchas e remove o tom amarelado.<\/li>\n\n\n\n<li><strong>Azeite:<\/strong> hidrata profundamente e devolve elasticidade.<\/li>\n\n\n\n<li><strong>Algod\u00e3o:<\/strong> auxilia na massagem e na aplica\u00e7\u00e3o uniforme.<\/li>\n<\/ul>\n\n\n\n<p><em>Leia mais: <strong><a href=\"https:\/\/www.em.com.br\/emfoco\/2025\/11\/09\/5-habitos-que-enfraquecem-suas-unhas-e-como-reverter-isso-em-casa\/\" target=\"_blank\" rel=\"noreferrer noopener\">5 h\u00e1bitos que enfraquecem suas unhas e como reverter isso em casa<\/a><\/strong><\/em><\/p>\n\n\n\n<h2 class=\"wp-block-heading\">Como aplicar o m\u00e9todo corretamente na rotina de cuidados?<\/h2>\n\n\n\n<p>O preparo \u00e9 simples: basta misturar partes iguais de lim\u00e3o e azeite e aplicar sobre as unhas limpas, massageando por alguns minutos. A fric\u00e7\u00e3o suave ajuda a <strong>melhorar a circula\u00e7\u00e3o<\/strong> e potencializa os efeitos da mistura, deixando a superf\u00edcie mais uniforme e brilhosa.<\/p>\n\n\n\n<p>\u00c9 importante deixar agir por at\u00e9 15 minutos e enxaguar bem, j\u00e1 que o lim\u00e3o pode causar <strong>manchas na pele<\/strong> se houver exposi\u00e7\u00e3o ao sol. O ideal \u00e9 aplicar \u00e0 noite e finalizar com uma gota de azeite puro nas cut\u00edculas para prolongar a hidrata\u00e7\u00e3o.<\/p>\n\n\n\n<figure class=\"wp-block-image size-large\"><img loading=\"lazy\" decoding=\"async\" width=\"1024\" height=\"576\" src=\"https:\/\/www.em.com.br\/emfoco\/wp-content\/uploads\/2025\/11\/Unhas-limao_1763001591826-1024x576.jpg\" alt=\"Dicas caseiras para eliminar o amarelado das unhas e devolver o brilho natural\" class=\"wp-image-126958\" srcset=\"https:\/\/www.em.com.br\/emfoco\/wp-content\/uploads\/2025\/11\/Unhas-limao_1763001591826-1024x576.jpg 1024w, https:\/\/www.em.com.br\/emfoco\/wp-content\/uploads\/2025\/11\/Unhas-limao_1763001591826-300x169.jpg 300w, https:\/\/www.em.com.br\/emfoco\/wp-content\/uploads\/2025\/11\/Unhas-limao_1763001591826-768x432.jpg 768w, https:\/\/www.em.com.br\/emfoco\/wp-content\/uploads\/2025\/11\/Unhas-limao_1763001591826-750x422.jpg 750w, https:\/\/www.em.com.br\/emfoco\/wp-content\/uploads\/2025\/11\/Unhas-limao_1763001591826-1140x641.jpg 1140w, https:\/\/www.em.com.br\/emfoco\/wp-content\/uploads\/2025\/11\/Unhas-limao_1763001591826.jpg 1280w\" sizes=\"auto, (max-width: 1024px) 100vw, 1024px\" \/><figcaption class=\"wp-element-caption\">O azeite hidrata profundamente e devolve elasticidade natural &#8211; Cr\u00e9ditos: depositphotos.com \/ serezniy<\/figcaption><\/figure>\n\n\n\n<h2 class=\"wp-block-heading\">Quais cuidados extras ajudam a manter as unhas saud\u00e1veis e bonitas?<\/h2>\n\n\n\n<p>Para prolongar os resultados, \u00e9 essencial manter h\u00e1bitos que preservem a <strong>prote\u00e7\u00e3o natural das unhas<\/strong>. Esses cuidados aumentam a durabilidade do brilho e reduzem a chance de novas quebras ou manchas causadas por produtos agressivos.<\/p>\n\n\n\n<ul class=\"wp-block-list\">\n<li>Use luvas ao lidar com detergentes e produtos abrasivos.<\/li>\n\n\n\n<li>Hidrate as cut\u00edculas diariamente para evitar ressecamento.<\/li>\n\n\n\n<li>D\u00ea pausas entre esmalta\u00e7\u00f5es para fortalecer a estrutura natural.<\/li>\n<\/ul>\n\n\n\n<h2 class=\"wp-block-heading\">Esse truque realmente funciona a longo prazo?<\/h2>\n\n\n\n<p>Quando aplicado com const\u00e2ncia, o m\u00e9todo ajuda a recuperar a <strong>vitalidade das unhas<\/strong>, proporcionando brilho imediato e reduzindo manchas. A combina\u00e7\u00e3o de limpeza, nutri\u00e7\u00e3o e hidrata\u00e7\u00e3o fortalece a estrutura e melhora a apar\u00eancia geral com poucos ingredientes.<\/p>\n\n\n\n<p>Al\u00e9m disso, adotar h\u00e1bitos simples no dia a dia mant\u00e9m as unhas mais resistentes, longas e saud\u00e1veis. O truque se destaca por ser acess\u00edvel, r\u00e1pido e eficiente \u2014 ideal para quem deseja resultados reais sem precisar investir em tratamentos caros.<\/p>\n\n\n\n<p><\/p>\n","protected":false},"excerpt":{"rendered":"<p>Muitas mulheres buscam unhas fortes e brilhosas, mas acabam enfrentando quebras, ressecamento e o tom amarelado que compromete a apar\u00eancia. Um truque simples e natural pode restaurar o brilho, fortalecer os fios e ajudar no crescimento sem depender de procedimentos caros ou agressivos. Por que as unhas ficam fracas, manchadas e com aspecto amarelado? O [&hellip;]<\/p>\n","protected":false},"author":13,"featured_media":126956,"comment_status":"open","ping_status":"open","sticky":false,"template":"","format":"standard","meta":{"jnews-multi-image_gallery":[],"jnews_single_post":{"format":"standard"},"jnews_primary_category":[],"jnews_social_meta":[],"jnews_override_counter":[],"footnotes":""},"categories":[8819],"tags":[712,6534,18799],"class_list":["post-126944","post","type-post","status-publish","format-standard","has-post-thumbnail","hentry","category-curiosidades","tag-autocuidado","tag-cuidados-com-as-unhas","tag-unhas-amareladas"],"yoast_head":"<!-- This site is optimized with the Yoast SEO plugin v23.8 - https:\/\/yoast.com\/wordpress\/plugins\/seo\/ -->\n<title>Dicas caseiras para eliminar o amarelado das unhas e fortalecer as cut\u00edculas - Estado de Minas - Em foco<\/title>\n<meta name=\"description\" content=\"Essa mistura simples fortalece as unhas, clareia manchas e devolve o brilho natural. Veja como usar e quais cuidados manter na rotina.\" \/>\n<meta name=\"robots\" content=\"index, follow, max-snippet:-1, max-image-preview:large, max-video-preview:-1\" \/>\n<link rel=\"canonical\" href=\"https:\/\/www.em.com.br\/emfoco\/2025\/11\/16\/dicas-caseiras-para-eliminar-o-amarelado-das-unhas-e-fortalecer-as-cuticulas\/\" \/>\n<meta property=\"og:locale\" content=\"pt_BR\" \/>\n<meta property=\"og:type\" content=\"article\" \/>\n<meta property=\"og:title\" content=\"Dicas caseiras para eliminar o amarelado das unhas e fortalecer as cut\u00edculas - Estado de Minas - Em foco\" \/>\n<meta property=\"og:description\" content=\"Essa mistura simples fortalece as unhas, clareia manchas e devolve o brilho natural. Veja como usar e quais cuidados manter na rotina.\" \/>\n<meta property=\"og:url\" content=\"https:\/\/www.em.com.br\/emfoco\/2025\/11\/16\/dicas-caseiras-para-eliminar-o-amarelado-das-unhas-e-fortalecer-as-cuticulas\/\" \/>\n<meta property=\"og:site_name\" content=\"Estado de Minas - Em foco\" \/>\n<meta property=\"article:published_time\" content=\"2025-11-16T12:25:00+00:00\" \/>\n<meta property=\"article:modified_time\" content=\"2025-11-13T19:52:05+00:00\" \/>\n<meta property=\"og:image\" content=\"https:\/\/www.em.com.br\/emfoco\/wp-content\/uploads\/2025\/11\/Unhas-_1763001512599.jpg\" \/>\n\t<meta property=\"og:image:width\" content=\"1280\" \/>\n\t<meta property=\"og:image:height\" content=\"720\" \/>\n\t<meta property=\"og:image:type\" content=\"image\/jpeg\" \/>\n<meta name=\"author\" content=\"Gabriel Martins\" \/>\n<meta name=\"twitter:card\" content=\"summary_large_image\" \/>\n<meta name=\"twitter:label1\" content=\"Escrito por\" \/>\n\t<meta name=\"twitter:data1\" content=\"Gabriel Martins\" \/>\n\t<meta name=\"twitter:label2\" content=\"Est. tempo de leitura\" \/>\n\t<meta name=\"twitter:data2\" content=\"4 minutos\" \/>\n<!-- \/ Yoast SEO plugin. -->","yoast_head_json":{"title":"Dicas caseiras para eliminar o amarelado das unhas e fortalecer as cut\u00edculas - Estado de Minas - Em foco","description":"Essa mistura simples fortalece as unhas, clareia manchas e devolve o brilho natural. Veja como usar e quais cuidados manter na rotina.","robots":{"index":"index","follow":"follow","max-snippet":"max-snippet:-1","max-image-preview":"max-image-preview:large","max-video-preview":"max-video-preview:-1"},"canonical":"https:\/\/www.em.com.br\/emfoco\/2025\/11\/16\/dicas-caseiras-para-eliminar-o-amarelado-das-unhas-e-fortalecer-as-cuticulas\/","og_locale":"pt_BR","og_type":"article","og_title":"Dicas caseiras para eliminar o amarelado das unhas e fortalecer as cut\u00edculas - Estado de Minas - Em foco","og_description":"Essa mistura simples fortalece as unhas, clareia manchas e devolve o brilho natural. Veja como usar e quais cuidados manter na rotina.","og_url":"https:\/\/www.em.com.br\/emfoco\/2025\/11\/16\/dicas-caseiras-para-eliminar-o-amarelado-das-unhas-e-fortalecer-as-cuticulas\/","og_site_name":"Estado de Minas - Em foco","article_published_time":"2025-11-16T12:25:00+00:00","article_modified_time":"2025-11-13T19:52:05+00:00","og_image":[{"width":1280,"height":720,"url":"https:\/\/www.em.com.br\/emfoco\/wp-content\/uploads\/2025\/11\/Unhas-_1763001512599.jpg","type":"image\/jpeg"}],"author":"Gabriel Martins","twitter_card":"summary_large_image","twitter_misc":{"Escrito por":"Gabriel Martins","Est. tempo de leitura":"4 minutos"},"schema":{"@context":"https:\/\/schema.org","@graph":[{"@type":"WebPage","@id":"https:\/\/www.em.com.br\/emfoco\/2025\/11\/16\/dicas-caseiras-para-eliminar-o-amarelado-das-unhas-e-fortalecer-as-cuticulas\/","url":"https:\/\/www.em.com.br\/emfoco\/2025\/11\/16\/dicas-caseiras-para-eliminar-o-amarelado-das-unhas-e-fortalecer-as-cuticulas\/","name":"Dicas caseiras para eliminar o amarelado das unhas e fortalecer as cut\u00edculas - Estado de Minas - Em foco","isPartOf":{"@id":"https:\/\/www.em.com.br\/emfoco\/#website"},"primaryImageOfPage":{"@id":"https:\/\/www.em.com.br\/emfoco\/2025\/11\/16\/dicas-caseiras-para-eliminar-o-amarelado-das-unhas-e-fortalecer-as-cuticulas\/#primaryimage"},"image":{"@id":"https:\/\/www.em.com.br\/emfoco\/2025\/11\/16\/dicas-caseiras-para-eliminar-o-amarelado-das-unhas-e-fortalecer-as-cuticulas\/#primaryimage"},"thumbnailUrl":"https:\/\/www.em.com.br\/emfoco\/wp-content\/uploads\/2025\/11\/Unhas-_1763001512599.jpg","datePublished":"2025-11-16T12:25:00+00:00","dateModified":"2025-11-13T19:52:05+00:00","author":{"@id":"https:\/\/www.em.com.br\/emfoco\/#\/schema\/person\/1c9ddeab18b98abeffef834667bcf08a"},"description":"Essa mistura simples fortalece as unhas, clareia manchas e devolve o brilho natural. Veja como usar e quais cuidados manter na rotina.","breadcrumb":{"@id":"https:\/\/www.em.com.br\/emfoco\/2025\/11\/16\/dicas-caseiras-para-eliminar-o-amarelado-das-unhas-e-fortalecer-as-cuticulas\/#breadcrumb"},"inLanguage":"pt-BR","potentialAction":[{"@type":"ReadAction","target":["https:\/\/www.em.com.br\/emfoco\/2025\/11\/16\/dicas-caseiras-para-eliminar-o-amarelado-das-unhas-e-fortalecer-as-cuticulas\/"]}]},{"@type":"ImageObject","inLanguage":"pt-BR","@id":"https:\/\/www.em.com.br\/emfoco\/2025\/11\/16\/dicas-caseiras-para-eliminar-o-amarelado-das-unhas-e-fortalecer-as-cuticulas\/#primaryimage","url":"https:\/\/www.em.com.br\/emfoco\/wp-content\/uploads\/2025\/11\/Unhas-_1763001512599.jpg","contentUrl":"https:\/\/www.em.com.br\/emfoco\/wp-content\/uploads\/2025\/11\/Unhas-_1763001512599.jpg","width":1280,"height":720,"caption":"Esmaltes e acetona enfraquecem as unhas e causam amarelamento - Cr\u00e9ditos: depositphotos.com \/ VadimVasenin"},{"@type":"BreadcrumbList","@id":"https:\/\/www.em.com.br\/emfoco\/2025\/11\/16\/dicas-caseiras-para-eliminar-o-amarelado-das-unhas-e-fortalecer-as-cuticulas\/#breadcrumb","itemListElement":[{"@type":"ListItem","position":1,"name":"In\u00edcio","item":"https:\/\/www.em.com.br\/emfoco\/"},{"@type":"ListItem","position":2,"name":"Dicas caseiras para eliminar o amarelado das unhas e fortalecer as cut\u00edculas"}]},{"@type":"WebSite","@id":"https:\/\/www.em.com.br\/emfoco\/#website","url":"https:\/\/www.em.com.br\/emfoco\/","name":"Estado de Minas - Em foco","description":"Acompanhe as \u00faltimas not\u00edcias e fique bem informado sobre tudo o que acontece em Minas Gerais, Brasil e no mundo.","potentialAction":[{"@type":"SearchAction","target":{"@type":"EntryPoint","urlTemplate":"https:\/\/www.em.com.br\/emfoco\/?s={search_term_string}"},"query-input":{"@type":"PropertyValueSpecification","valueRequired":true,"valueName":"search_term_string"}}],"inLanguage":"pt-BR"},{"@type":"Person","@id":"https:\/\/www.em.com.br\/emfoco\/#\/schema\/person\/1c9ddeab18b98abeffef834667bcf08a","name":"Gabriel Martins","image":{"@type":"ImageObject","inLanguage":"pt-BR","@id":"https:\/\/www.em.com.br\/emfoco\/#\/schema\/person\/image\/","url":"https:\/\/secure.gravatar.com\/avatar\/f0f1e2efdfd88f1ad2cb08c5c2731e50?s=96&d=mm&r=g","contentUrl":"https:\/\/secure.gravatar.com\/avatar\/f0f1e2efdfd88f1ad2cb08c5c2731e50?s=96&d=mm&r=g","caption":"Gabriel Martins"},"sameAs":["https:\/\/www.em.com.br\/emfoco\/"],"url":"https:\/\/www.em.com.br\/emfoco\/author\/gabrielmartinsmyth\/"}]}},"_links":{"self":[{"href":"https:\/\/www.em.com.br\/emfoco\/wp-json\/wp\/v2\/posts\/126944","targetHints":{"allow":["GET"]}}],"collection":[{"href":"https:\/\/www.em.com.br\/emfoco\/wp-json\/wp\/v2\/posts"}],"about":[{"href":"https:\/\/www.em.com.br\/emfoco\/wp-json\/wp\/v2\/types\/post"}],"author":[{"embeddable":true,"href":"https:\/\/www.em.com.br\/emfoco\/wp-json\/wp\/v2\/users\/13"}],"replies":[{"embeddable":true,"href":"https:\/\/www.em.com.br\/emfoco\/wp-json\/wp\/v2\/comments?post=126944"}],"version-history":[{"count":2,"href":"https:\/\/www.em.com.br\/emfoco\/wp-json\/wp\/v2\/posts\/126944\/revisions"}],"predecessor-version":[{"id":127262,"href":"https:\/\/www.em.com.br\/emfoco\/wp-json\/wp\/v2\/posts\/126944\/revisions\/127262"}],"wp:featuredmedia":[{"embeddable":true,"href":"https:\/\/www.em.com.br\/emfoco\/wp-json\/wp\/v2\/media\/126956"}],"wp:attachment":[{"href":"https:\/\/www.em.com.br\/emfoco\/wp-json\/wp\/v2\/media?parent=126944"}],"wp:term":[{"taxonomy":"category","embeddable":true,"href":"https:\/\/www.em.com.br\/emfoco\/wp-json\/wp\/v2\/categories?post=126944"},{"taxonomy":"post_tag","embeddable":true,"href":"https:\/\/www.em.com.br\/emfoco\/wp-json\/wp\/v2\/tags?post=126944"}],"curies":[{"name":"wp","href":"https:\/\/api.w.org\/{rel}","templated":true}]}}