{"id":126814,"date":"2025-11-14T07:55:00","date_gmt":"2025-11-14T10:55:00","guid":{"rendered":"https:\/\/www.em.com.br\/emfoco\/?p=126814"},"modified":"2025-11-13T11:40:38","modified_gmt":"2025-11-13T14:40:38","slug":"o-motivo-psicologico-por-tras-de-quem-vive-com-o-celular-no-silencioso","status":"publish","type":"post","link":"https:\/\/www.em.com.br\/emfoco\/2025\/11\/14\/o-motivo-psicologico-por-tras-de-quem-vive-com-o-celular-no-silencioso\/","title":{"rendered":"O motivo psicol\u00f3gico por tr\u00e1s de quem vive com o celular no silencioso"},"content":{"rendered":"\n<p>N\u00e3o deixar o telefone celular no modo sonoro \u00e9 um comportamento mais comum do que parece, pois muitas pessoas preferem minimizar os est\u00edmulos di\u00e1rios e controlar sua pr\u00f3pria disponibilidade digital. Sob a \u00f3tica psicol\u00f3gica, essa escolha est\u00e1 ligada \u00e0 forma como lidamos com notifica\u00e7\u00f5es constantes, autoexig\u00eancia, aten\u00e7\u00e3o e press\u00e3o por disponibilidade. Essa pr\u00e1tica tamb\u00e9m se relaciona \u00e0 busca pelo equil\u00edbrio emocional diante de um fluxo constante de demandas.<\/p>\n\n\n\n<h2 class=\"wp-block-heading\">Por que muitas pessoas mant\u00eam o celular no modo silencioso<\/h2>\n\n\n\n<p>A&nbsp;<strong>psic\u00f3loga Andrea Bonior<\/strong>&nbsp;chama de \u201cfadiga de notifica\u00e7\u00f5es\u201d o esgotamento mental provocado pelo fluxo cont\u00ednuo de alertas, que desencadeiam rea\u00e7\u00f5es de estresse mesmo sem urg\u00eancia real. J\u00e1 o&nbsp;<strong>psic\u00f3logo Adam Alter<\/strong>&nbsp;pontua que esses alertas s\u00e3o desenhados para estimular respostas imediatas, tornando-se invasivos para muitos usu\u00e1rios.<\/p>\n\n\n\n<p>Para conservar o pr\u00f3prio<a href=\"https:\/\/www.em.com.br\/emfoco\/2025\/11\/02\/3-ervas-que-tornam-o-oleo-corporal-um-verdadeiro-ritual-de-bem-estar\/\" target=\"_blank\" rel=\"noreferrer noopener\"> bem-estar<\/a> e ter maior controle sobre o tempo e a aten\u00e7\u00e3o, muitas pessoas optam por silenciar o aparelho, fugindo da sensa\u00e7\u00e3o de urg\u00eancia artificial criada pelas notifica\u00e7\u00f5es.<\/p>\n\n\n\n<figure class=\"wp-block-image size-large\"><img loading=\"lazy\" decoding=\"async\" width=\"1024\" height=\"576\" src=\"https:\/\/www.em.com.br\/emfoco\/wp-content\/uploads\/2025\/11\/celular-silencioso_1763046803578-1024x576.jpg\" alt=\"\" class=\"wp-image-127003\" srcset=\"https:\/\/www.em.com.br\/emfoco\/wp-content\/uploads\/2025\/11\/celular-silencioso_1763046803578-1024x576.jpg 1024w, https:\/\/www.em.com.br\/emfoco\/wp-content\/uploads\/2025\/11\/celular-silencioso_1763046803578-300x169.jpg 300w, https:\/\/www.em.com.br\/emfoco\/wp-content\/uploads\/2025\/11\/celular-silencioso_1763046803578-768x432.jpg 768w, https:\/\/www.em.com.br\/emfoco\/wp-content\/uploads\/2025\/11\/celular-silencioso_1763046803578-750x422.jpg 750w, https:\/\/www.em.com.br\/emfoco\/wp-content\/uploads\/2025\/11\/celular-silencioso_1763046803578-1140x641.jpg 1140w, https:\/\/www.em.com.br\/emfoco\/wp-content\/uploads\/2025\/11\/celular-silencioso_1763046803578.jpg 1280w\" sizes=\"auto, (max-width: 1024px) 100vw, 1024px\" \/><figcaption class=\"wp-element-caption\">A escolha pelo sil\u00eancio &#8211; Cr\u00e9ditos: depositphotos.com \/ appleboy<\/figcaption><\/figure>\n\n\n\n<h2 class=\"wp-block-heading\">Principais raz\u00f5es que levam algu\u00e9m a silenciar o celular<\/h2>\n\n\n\n<p>A press\u00e3o para responder mensagens constantemente pode gerar <a href=\"https:\/\/www.apa.org\/topics\/stress\/anxiety-difference\" target=\"_blank\" rel=\"noreferrer noopener\">ansiedade e estresse<\/a>. Al\u00e9m disso, experi\u00eancias negativas e o desejo por foco motivam essa escolha. Veja algumas raz\u00f5es frequentes pelas quais as pessoas preferem o modo silencioso:<\/p>\n\n\n\n<ul class=\"wp-block-list\">\n<li>Reduzir a ansiedade causada por notifica\u00e7\u00f5es frequentes<\/li>\n\n\n\n<li>Aumentar a concentra\u00e7\u00e3o em atividades importantes<\/li>\n\n\n\n<li>Evitar ser interrompido em momentos de lazer ou descanso<\/li>\n\n\n\n<li>Experi\u00eancias negativas passadas com alertas intrusivos<\/li>\n<\/ul>\n\n\n\n<h2 class=\"wp-block-heading\">Como as emo\u00e7\u00f5es influenciam o uso do celular no modo silencioso<\/h2>\n\n\n\n<p>Deixar o celular sem som pode ser uma estrat\u00e9gia consciente para conservar a energia emocional e estabelecer limites no ambiente digital. O h\u00e1bito reflete o desejo de proteger o bem-estar diante da press\u00e3o pela conectividade constante.<\/p>\n\n\n\n<p>Nem todo uso do modo silencioso representa rejei\u00e7\u00e3o \u00e0 comunica\u00e7\u00e3o. Muitas vezes, trata-se de uma resposta adaptativa baseada em experi\u00eancias estressantes, buscando evitar situa\u00e7\u00f5es que possam reativar desconfortos emocionais.<\/p>\n\n\n\n<h2 class=\"wp-block-heading\">Entenda a import\u00e2ncia do autocuidado digital<\/h2>\n\n\n\n<p>Manter o celular no modo silencioso pode ser considerado um ato de autocuidado e respeito aos pr\u00f3prios limites na rela\u00e7\u00e3o com o mundo digital. Trata-se de uma escolha ativa para preservar o equil\u00edbrio emocional e a autonomia sobre o pr\u00f3prio tempo.<\/p>\n\n\n\n<p>Priorizar o seu bem-estar e respeitar as escolhas digitais dos outros se tornou fundamental na sociedade marcada pela necessidade de conex\u00e3o constante. Estabelecer limites digitais n\u00e3o \u00e9 sinal de desconex\u00e3o, mas de valoriza\u00e7\u00e3o do pr\u00f3prio espa\u00e7o em meio \u00e0 superestimula\u00e7\u00e3o tecnol\u00f3gica.<\/p>\n","protected":false},"excerpt":{"rendered":"<p>N\u00e3o deixar o telefone celular no modo sonoro \u00e9 um comportamento mais comum do que parece, pois muitas pessoas preferem minimizar os est\u00edmulos di\u00e1rios e controlar sua pr\u00f3pria disponibilidade digital. Sob a \u00f3tica psicol\u00f3gica, essa escolha est\u00e1 ligada \u00e0 forma como lidamos com notifica\u00e7\u00f5es constantes, autoexig\u00eancia, aten\u00e7\u00e3o e press\u00e3o por disponibilidade. Essa pr\u00e1tica tamb\u00e9m se [&hellip;]<\/p>\n","protected":false},"author":11,"featured_media":126999,"comment_status":"open","ping_status":"open","sticky":false,"template":"","format":"standard","meta":{"jnews-multi-image_gallery":[],"jnews_single_post":{"format":"standard"},"jnews_primary_category":[],"jnews_social_meta":[],"jnews_override_counter":[],"footnotes":""},"categories":[8819,1],"tags":[4947,712,711,2580],"class_list":["post-126814","post","type-post","status-publish","format-standard","has-post-thumbnail","hentry","category-curiosidades","category-noticias","tag-ansiedade","tag-autocuidado","tag-bem-estar","tag-celular"],"yoast_head":"<!-- This site is optimized with the Yoast SEO plugin v23.8 - https:\/\/yoast.com\/wordpress\/plugins\/seo\/ -->\n<title>O motivo psicol\u00f3gico por tr\u00e1s de quem vive com o celular no silencioso - Estado de Minas - Em foco<\/title>\n<meta name=\"description\" content=\"Entenda por que o modo silencioso virou s\u00edmbolo de equil\u00edbrio emocional e como ele ajuda a lidar com a fadiga digital.\" \/>\n<meta name=\"robots\" content=\"index, follow, max-snippet:-1, max-image-preview:large, max-video-preview:-1\" \/>\n<link rel=\"canonical\" href=\"https:\/\/www.em.com.br\/emfoco\/2025\/11\/14\/o-motivo-psicologico-por-tras-de-quem-vive-com-o-celular-no-silencioso\/\" \/>\n<meta property=\"og:locale\" content=\"pt_BR\" \/>\n<meta property=\"og:type\" content=\"article\" \/>\n<meta property=\"og:title\" content=\"O motivo psicol\u00f3gico por tr\u00e1s de quem vive com o celular no silencioso - Estado de Minas - Em foco\" \/>\n<meta property=\"og:description\" content=\"Entenda por que o modo silencioso virou s\u00edmbolo de equil\u00edbrio emocional e como ele ajuda a lidar com a fadiga digital.\" \/>\n<meta property=\"og:url\" content=\"https:\/\/www.em.com.br\/emfoco\/2025\/11\/14\/o-motivo-psicologico-por-tras-de-quem-vive-com-o-celular-no-silencioso\/\" \/>\n<meta property=\"og:site_name\" content=\"Estado de Minas - Em foco\" \/>\n<meta property=\"article:published_time\" content=\"2025-11-14T10:55:00+00:00\" \/>\n<meta property=\"article:modified_time\" content=\"2025-11-13T14:40:38+00:00\" \/>\n<meta property=\"og:image\" content=\"https:\/\/www.em.com.br\/emfoco\/wp-content\/uploads\/2025\/11\/celular-silencioso_1763046721524.jpg\" \/>\n\t<meta property=\"og:image:width\" content=\"1280\" \/>\n\t<meta property=\"og:image:height\" content=\"720\" \/>\n\t<meta property=\"og:image:type\" content=\"image\/jpeg\" \/>\n<meta name=\"author\" content=\"Andre\u0301 Rangel\u00a0\" \/>\n<meta name=\"twitter:card\" content=\"summary_large_image\" \/>\n<meta name=\"twitter:label1\" content=\"Escrito por\" \/>\n\t<meta name=\"twitter:data1\" content=\"Andre\u0301 Rangel\u00a0\" \/>\n\t<meta name=\"twitter:label2\" content=\"Est. tempo de leitura\" \/>\n\t<meta name=\"twitter:data2\" content=\"3 minutos\" \/>\n<!-- \/ Yoast SEO plugin. -->","yoast_head_json":{"title":"O motivo psicol\u00f3gico por tr\u00e1s de quem vive com o celular no silencioso - Estado de Minas - Em foco","description":"Entenda por que o modo silencioso virou s\u00edmbolo de equil\u00edbrio emocional e como ele ajuda a lidar com a fadiga digital.","robots":{"index":"index","follow":"follow","max-snippet":"max-snippet:-1","max-image-preview":"max-image-preview:large","max-video-preview":"max-video-preview:-1"},"canonical":"https:\/\/www.em.com.br\/emfoco\/2025\/11\/14\/o-motivo-psicologico-por-tras-de-quem-vive-com-o-celular-no-silencioso\/","og_locale":"pt_BR","og_type":"article","og_title":"O motivo psicol\u00f3gico por tr\u00e1s de quem vive com o celular no silencioso - Estado de Minas - Em foco","og_description":"Entenda por que o modo silencioso virou s\u00edmbolo de equil\u00edbrio emocional e como ele ajuda a lidar com a fadiga digital.","og_url":"https:\/\/www.em.com.br\/emfoco\/2025\/11\/14\/o-motivo-psicologico-por-tras-de-quem-vive-com-o-celular-no-silencioso\/","og_site_name":"Estado de Minas - Em foco","article_published_time":"2025-11-14T10:55:00+00:00","article_modified_time":"2025-11-13T14:40:38+00:00","og_image":[{"width":1280,"height":720,"url":"https:\/\/www.em.com.br\/emfoco\/wp-content\/uploads\/2025\/11\/celular-silencioso_1763046721524.jpg","type":"image\/jpeg"}],"author":"Andre\u0301 Rangel\u00a0","twitter_card":"summary_large_image","twitter_misc":{"Escrito por":"Andre\u0301 Rangel\u00a0","Est. tempo de leitura":"3 minutos"},"schema":{"@context":"https:\/\/schema.org","@graph":[{"@type":"WebPage","@id":"https:\/\/www.em.com.br\/emfoco\/2025\/11\/14\/o-motivo-psicologico-por-tras-de-quem-vive-com-o-celular-no-silencioso\/","url":"https:\/\/www.em.com.br\/emfoco\/2025\/11\/14\/o-motivo-psicologico-por-tras-de-quem-vive-com-o-celular-no-silencioso\/","name":"O motivo psicol\u00f3gico por tr\u00e1s de quem vive com o celular no silencioso - Estado de Minas - Em foco","isPartOf":{"@id":"https:\/\/www.em.com.br\/emfoco\/#website"},"primaryImageOfPage":{"@id":"https:\/\/www.em.com.br\/emfoco\/2025\/11\/14\/o-motivo-psicologico-por-tras-de-quem-vive-com-o-celular-no-silencioso\/#primaryimage"},"image":{"@id":"https:\/\/www.em.com.br\/emfoco\/2025\/11\/14\/o-motivo-psicologico-por-tras-de-quem-vive-com-o-celular-no-silencioso\/#primaryimage"},"thumbnailUrl":"https:\/\/www.em.com.br\/emfoco\/wp-content\/uploads\/2025\/11\/celular-silencioso_1763046721524.jpg","datePublished":"2025-11-14T10:55:00+00:00","dateModified":"2025-11-13T14:40:38+00:00","author":{"@id":"https:\/\/www.em.com.br\/emfoco\/#\/schema\/person\/60eda09c1fedf0d6891f4cef4b60b8b8"},"description":"Entenda por que o modo silencioso virou s\u00edmbolo de equil\u00edbrio emocional e como ele ajuda a lidar com a fadiga digital.","breadcrumb":{"@id":"https:\/\/www.em.com.br\/emfoco\/2025\/11\/14\/o-motivo-psicologico-por-tras-de-quem-vive-com-o-celular-no-silencioso\/#breadcrumb"},"inLanguage":"pt-BR","potentialAction":[{"@type":"ReadAction","target":["https:\/\/www.em.com.br\/emfoco\/2025\/11\/14\/o-motivo-psicologico-por-tras-de-quem-vive-com-o-celular-no-silencioso\/"]}]},{"@type":"ImageObject","inLanguage":"pt-BR","@id":"https:\/\/www.em.com.br\/emfoco\/2025\/11\/14\/o-motivo-psicologico-por-tras-de-quem-vive-com-o-celular-no-silencioso\/#primaryimage","url":"https:\/\/www.em.com.br\/emfoco\/wp-content\/uploads\/2025\/11\/celular-silencioso_1763046721524.jpg","contentUrl":"https:\/\/www.em.com.br\/emfoco\/wp-content\/uploads\/2025\/11\/celular-silencioso_1763046721524.jpg","width":1280,"height":720,"caption":"A prefer\u00eancia pelo modo silencioso - Cr\u00e9ditos: depositphotos.com \/ vladakingdom@gmail.com"},{"@type":"BreadcrumbList","@id":"https:\/\/www.em.com.br\/emfoco\/2025\/11\/14\/o-motivo-psicologico-por-tras-de-quem-vive-com-o-celular-no-silencioso\/#breadcrumb","itemListElement":[{"@type":"ListItem","position":1,"name":"In\u00edcio","item":"https:\/\/www.em.com.br\/emfoco\/"},{"@type":"ListItem","position":2,"name":"O motivo psicol\u00f3gico por tr\u00e1s de quem vive com o celular no silencioso"}]},{"@type":"WebSite","@id":"https:\/\/www.em.com.br\/emfoco\/#website","url":"https:\/\/www.em.com.br\/emfoco\/","name":"Estado de Minas - Em foco","description":"Acompanhe as \u00faltimas not\u00edcias e fique bem informado sobre tudo o que acontece em Minas Gerais, Brasil e no mundo.","potentialAction":[{"@type":"SearchAction","target":{"@type":"EntryPoint","urlTemplate":"https:\/\/www.em.com.br\/emfoco\/?s={search_term_string}"},"query-input":{"@type":"PropertyValueSpecification","valueRequired":true,"valueName":"search_term_string"}}],"inLanguage":"pt-BR"},{"@type":"Person","@id":"https:\/\/www.em.com.br\/emfoco\/#\/schema\/person\/60eda09c1fedf0d6891f4cef4b60b8b8","name":"Andre\u0301 Rangel\u00a0","image":{"@type":"ImageObject","inLanguage":"pt-BR","@id":"https:\/\/www.em.com.br\/emfoco\/#\/schema\/person\/image\/","url":"https:\/\/secure.gravatar.com\/avatar\/6234dc814c77c8ef6d8bba622c787efc?s=96&d=mm&r=g","contentUrl":"https:\/\/secure.gravatar.com\/avatar\/6234dc814c77c8ef6d8bba622c787efc?s=96&d=mm&r=g","caption":"Andre\u0301 Rangel\u00a0"},"url":"https:\/\/www.em.com.br\/emfoco\/author\/luizmyth\/"}]}},"_links":{"self":[{"href":"https:\/\/www.em.com.br\/emfoco\/wp-json\/wp\/v2\/posts\/126814","targetHints":{"allow":["GET"]}}],"collection":[{"href":"https:\/\/www.em.com.br\/emfoco\/wp-json\/wp\/v2\/posts"}],"about":[{"href":"https:\/\/www.em.com.br\/emfoco\/wp-json\/wp\/v2\/types\/post"}],"author":[{"embeddable":true,"href":"https:\/\/www.em.com.br\/emfoco\/wp-json\/wp\/v2\/users\/11"}],"replies":[{"embeddable":true,"href":"https:\/\/www.em.com.br\/emfoco\/wp-json\/wp\/v2\/comments?post=126814"}],"version-history":[{"count":4,"href":"https:\/\/www.em.com.br\/emfoco\/wp-json\/wp\/v2\/posts\/126814\/revisions"}],"predecessor-version":[{"id":127004,"href":"https:\/\/www.em.com.br\/emfoco\/wp-json\/wp\/v2\/posts\/126814\/revisions\/127004"}],"wp:featuredmedia":[{"embeddable":true,"href":"https:\/\/www.em.com.br\/emfoco\/wp-json\/wp\/v2\/media\/126999"}],"wp:attachment":[{"href":"https:\/\/www.em.com.br\/emfoco\/wp-json\/wp\/v2\/media?parent=126814"}],"wp:term":[{"taxonomy":"category","embeddable":true,"href":"https:\/\/www.em.com.br\/emfoco\/wp-json\/wp\/v2\/categories?post=126814"},{"taxonomy":"post_tag","embeddable":true,"href":"https:\/\/www.em.com.br\/emfoco\/wp-json\/wp\/v2\/tags?post=126814"}],"curies":[{"name":"wp","href":"https:\/\/api.w.org\/{rel}","templated":true}]}}