{"id":12680,"date":"2025-01-22T20:20:12","date_gmt":"2025-01-22T23:20:12","guid":{"rendered":"https:\/\/www.em.com.br\/emfoco\/?p=12680"},"modified":"2025-01-22T09:30:22","modified_gmt":"2025-01-22T12:30:22","slug":"ansioso-para-receber-seu-beneficio-do-inss","status":"publish","type":"post","link":"https:\/\/www.em.com.br\/emfoco\/2025\/01\/22\/ansioso-para-receber-seu-beneficio-do-inss\/","title":{"rendered":"Ansioso para receber seu benef\u00edcio do INSS?"},"content":{"rendered":"\n<p>O ano de 2025 inicia com novidades para os benefici\u00e1rios do Instituto Nacional do Seguro Social (<a href=\"https:\/\/www.gov.br\/inss\/pt-br\" target=\"_blank\" rel=\"noreferrer noopener\">INSS<\/a>). O novo calend\u00e1rio de pagamentos est\u00e1 dispon\u00edvel, com ajustes nos valores dos benef\u00edcios. Essa <a href=\"https:\/\/www.em.com.br\/emfoco\/2025\/01\/21\/instagram-apresenta-novo-design-de-feed\/\" target=\"_blank\" rel=\"noreferrer noopener\">altera\u00e7\u00e3o <\/a>contempla cerca de 40,7 milh\u00f5es de aposentados, pensionistas e outros benefici\u00e1rios em todo o Brasil.<\/p>\n\n\n\n<p>Os pagamentos, como de costume, ser\u00e3o organizados conforme o <strong>n\u00famero final do cart\u00e3o<\/strong> do benef\u00edcio. As altera\u00e7\u00f5es v\u00eam acompanhadas de novos valores para o piso e o teto das remunera\u00e7\u00f5es, trazendo um aumento significativo para muitos benefici\u00e1rios.<\/p>\n\n\n<div class=\"wp-block-image\">\n<figure class=\"aligncenter size-large\"><img loading=\"lazy\" decoding=\"async\" width=\"1024\" height=\"576\" src=\"https:\/\/www.em.com.br\/emfoco\/wp-content\/uploads\/2024\/12\/INSS_1733328979004-1024x576.jpg\" alt=\"\" class=\"wp-image-3210\" srcset=\"https:\/\/www.em.com.br\/emfoco\/wp-content\/uploads\/2024\/12\/INSS_1733328979004-1024x576.jpg 1024w, https:\/\/www.em.com.br\/emfoco\/wp-content\/uploads\/2024\/12\/INSS_1733328979004-300x169.jpg 300w, https:\/\/www.em.com.br\/emfoco\/wp-content\/uploads\/2024\/12\/INSS_1733328979004-768x432.jpg 768w, https:\/\/www.em.com.br\/emfoco\/wp-content\/uploads\/2024\/12\/INSS_1733328979004-750x422.jpg 750w, https:\/\/www.em.com.br\/emfoco\/wp-content\/uploads\/2024\/12\/INSS_1733328979004-1140x641.jpg 1140w, https:\/\/www.em.com.br\/emfoco\/wp-content\/uploads\/2024\/12\/INSS_1733328979004.jpg 1280w\" sizes=\"auto, (max-width: 1024px) 100vw, 1024px\" \/><figcaption class=\"wp-element-caption\">Beneficio para Idosos &#8211; Cr\u00e9ditos: depositphotos.com \/ emissu<\/figcaption><\/figure><\/div>\n\n\n<h2 class=\"wp-block-heading\">Como Consultar o Calend\u00e1rio do INSS 2025?<\/h2>\n\n\n\n<p>Para saber quando cada benefici\u00e1rio poder\u00e1 receber o seu pagamento em janeiro de 2025, \u00e9 preciso conferir o n\u00famero final do cart\u00e3o do INSS. Ap\u00f3s identificar esse n\u00famero, basta observar a data correspondente no cronograma:<\/p>\n\n\n\n<ul class=\"wp-block-list\">\n<li><strong>N\u00famero final 1:<\/strong> pagamento em 27 de janeiro;<\/li>\n\n\n\n<li><strong>N\u00famero final 2:<\/strong> pagamento em 28 de janeiro;<\/li>\n\n\n\n<li><strong>N\u00famero final 3:<\/strong> pagamento em 29 de janeiro;<\/li>\n\n\n\n<li><strong>N\u00famero final 4:<\/strong> pagamento em 30 de janeiro;<\/li>\n\n\n\n<li><strong>N\u00famero final 5:<\/strong> pagamento em 31 de janeiro;<\/li>\n\n\n\n<li><strong>N\u00famero final 6:<\/strong> pagamento em 3 de fevereiro;<\/li>\n\n\n\n<li><strong>N\u00famero final 7:<\/strong> pagamento em 4 de fevereiro;<\/li>\n\n\n\n<li><strong>N\u00famero final 8:<\/strong> pagamento em 5 de fevereiro;<\/li>\n\n\n\n<li><strong>N\u00famero final 9:<\/strong> pagamento em 6 de fevereiro;<\/li>\n\n\n\n<li><strong>N\u00famero final 0:<\/strong> pagamento em 7 de fevereiro.<\/li>\n<\/ul>\n\n\n\n<h2 class=\"wp-block-heading\">Quais s\u00e3o os Novos Valores dos Benef\u00edcios do INSS?<\/h2>\n\n\n\n<p>Os valores dos benef\u00edcios do INSS foram reajustados: agora variam de <strong>R$ 1.518,00 a R$ 8.157,41<\/strong>. O valor m\u00ednimo adotado segue o novo sal\u00e1rio m\u00ednimo estabelecido pelo governo, enquanto o teto, que representa o valor m\u00e1ximo, foi ajustado conforme o \u00cdndice Nacional de Pre\u00e7os ao Consumidor (INPC), que registrou uma infla\u00e7\u00e3o de 4,77% nos \u00faltimos doze meses.<\/p>\n\n\n\n<p>Essas mudan\u00e7as proporcionam um aumento relevante para todos os benefici\u00e1rios. \u00c9 importante destacar que cerca de 70% dos benefici\u00e1rios recebem o piso salarial, que \u00e9 o sal\u00e1rio m\u00ednimo.<\/p>\n\n\n\n<h2 class=\"wp-block-heading\">Algumas Mudan\u00e7as Importantes na Prova de Vida do INSS<\/h2>\n\n\n\n<p>Al\u00e9m das novidades no calend\u00e1rio e nos valores, o INSS tamb\u00e9m apresenta mudan\u00e7as na <strong>prova de vida<\/strong> dos benefici\u00e1rios. Essa atualiza\u00e7\u00e3o visa facilitar e desburocratizar o processo de comprova\u00e7\u00e3o de vida anual, obrigat\u00f3ria para a manuten\u00e7\u00e3o do recebimento dos benef\u00edcios. A especialista em previd\u00eancia, Lila Cunha, tem discutido amplamente sobre essas novidades, destacando a import\u00e2ncia de estar atento \u00e0s novas diretrizes para evitar complica\u00e7\u00f5es no recebimento.<\/p>\n\n\n\n<ul class=\"wp-block-list\">\n<li><strong>Conveni\u00eancia:<\/strong> O objetivo \u00e9 tornar o processo menos oneroso e mais acess\u00edvel a todos.<\/li>\n\n\n\n<li><strong>Seguran\u00e7a:<\/strong> As diretrizes garantem que os pagamentos s\u00e3o feitos corretamente, evitando fraudes.<\/li>\n<\/ul>\n\n\n\n<p>As mudan\u00e7as promovidas pelo INSS para 2025 visam modernizar o sistema, beneficiando ainda mais os seus milh\u00f5es de usu\u00e1rios. \u00c9 essencial manter-se informado sobre essas altera\u00e7\u00f5es para assegurar que todos recebam corretamente seus direitos previdenci\u00e1rios.<\/p>\n","protected":false},"excerpt":{"rendered":"<p>O ano de 2025 inicia com novidades para os benefici\u00e1rios do Instituto Nacional do Seguro Social (INSS). O novo calend\u00e1rio de pagamentos est\u00e1 dispon\u00edvel, com ajustes nos valores dos benef\u00edcios. Essa altera\u00e7\u00e3o contempla cerca de 40,7 milh\u00f5es de aposentados, pensionistas e outros benefici\u00e1rios em todo o Brasil. Os pagamentos, como de costume, ser\u00e3o organizados conforme [&hellip;]<\/p>\n","protected":false},"author":7,"featured_media":5155,"comment_status":"open","ping_status":"open","sticky":false,"template":"","format":"standard","meta":{"jnews-multi-image_gallery":[],"jnews_single_post":{"format":"standard"},"jnews_primary_category":[],"jnews_social_meta":[],"jnews_override_counter":[],"footnotes":""},"categories":[28],"tags":[172,256,174,3952,3905,1779,717],"class_list":["post-12680","post","type-post","status-publish","format-standard","has-post-thumbnail","hentry","category-economia","tag-aposentadoria","tag-beneficios","tag-inss","tag-pensoao","tag-prova-de-vida","tag-reajuste","tag-salario-minimo"],"yoast_head":"<!-- This site is optimized with the Yoast SEO plugin v23.8 - https:\/\/yoast.com\/wordpress\/plugins\/seo\/ -->\n<title>Ansioso para receber seu benef\u00edcio do INSS? - Estado de Minas - Em foco<\/title>\n<meta name=\"description\" content=\"Novo calend\u00e1rio de pagamentos do INSS traz altera\u00e7\u00f5es nos valores. Confira as datas e valores de pagamento para 2025.\" \/>\n<meta name=\"robots\" content=\"index, follow, max-snippet:-1, max-image-preview:large, max-video-preview:-1\" \/>\n<link rel=\"canonical\" href=\"https:\/\/www.em.com.br\/emfoco\/2025\/01\/22\/ansioso-para-receber-seu-beneficio-do-inss\/\" \/>\n<meta property=\"og:locale\" content=\"pt_BR\" \/>\n<meta property=\"og:type\" content=\"article\" \/>\n<meta property=\"og:title\" content=\"Ansioso para receber seu benef\u00edcio do INSS? - Estado de Minas - Em foco\" \/>\n<meta property=\"og:description\" content=\"Novo calend\u00e1rio de pagamentos do INSS traz altera\u00e7\u00f5es nos valores. Confira as datas e valores de pagamento para 2025.\" \/>\n<meta property=\"og:url\" content=\"https:\/\/www.em.com.br\/emfoco\/2025\/01\/22\/ansioso-para-receber-seu-beneficio-do-inss\/\" \/>\n<meta property=\"og:site_name\" content=\"Estado de Minas - Em foco\" \/>\n<meta property=\"article:published_time\" content=\"2025-01-22T23:20:12+00:00\" \/>\n<meta property=\"article:modified_time\" content=\"2025-01-22T12:30:22+00:00\" \/>\n<meta property=\"og:image\" content=\"https:\/\/www.em.com.br\/emfoco\/wp-content\/uploads\/2024\/12\/INSSss.jpg\" \/>\n\t<meta property=\"og:image:width\" content=\"1280\" \/>\n\t<meta property=\"og:image:height\" content=\"720\" \/>\n\t<meta property=\"og:image:type\" content=\"image\/jpeg\" \/>\n<meta name=\"author\" content=\"Kelvin\" \/>\n<meta name=\"twitter:card\" content=\"summary_large_image\" \/>\n<meta name=\"twitter:label1\" content=\"Escrito por\" \/>\n\t<meta name=\"twitter:data1\" content=\"Kelvin\" \/>\n\t<meta name=\"twitter:label2\" content=\"Est. tempo de leitura\" \/>\n\t<meta name=\"twitter:data2\" content=\"3 minutos\" \/>\n<!-- \/ Yoast SEO plugin. -->","yoast_head_json":{"title":"Ansioso para receber seu benef\u00edcio do INSS? - Estado de Minas - Em foco","description":"Novo calend\u00e1rio de pagamentos do INSS traz altera\u00e7\u00f5es nos valores. Confira as datas e valores de pagamento para 2025.","robots":{"index":"index","follow":"follow","max-snippet":"max-snippet:-1","max-image-preview":"max-image-preview:large","max-video-preview":"max-video-preview:-1"},"canonical":"https:\/\/www.em.com.br\/emfoco\/2025\/01\/22\/ansioso-para-receber-seu-beneficio-do-inss\/","og_locale":"pt_BR","og_type":"article","og_title":"Ansioso para receber seu benef\u00edcio do INSS? - Estado de Minas - Em foco","og_description":"Novo calend\u00e1rio de pagamentos do INSS traz altera\u00e7\u00f5es nos valores. Confira as datas e valores de pagamento para 2025.","og_url":"https:\/\/www.em.com.br\/emfoco\/2025\/01\/22\/ansioso-para-receber-seu-beneficio-do-inss\/","og_site_name":"Estado de Minas - Em foco","article_published_time":"2025-01-22T23:20:12+00:00","article_modified_time":"2025-01-22T12:30:22+00:00","og_image":[{"width":1280,"height":720,"url":"https:\/\/www.em.com.br\/emfoco\/wp-content\/uploads\/2024\/12\/INSSss.jpg","type":"image\/jpeg"}],"author":"Kelvin","twitter_card":"summary_large_image","twitter_misc":{"Escrito por":"Kelvin","Est. tempo de leitura":"3 minutos"},"schema":{"@context":"https:\/\/schema.org","@graph":[{"@type":"WebPage","@id":"https:\/\/www.em.com.br\/emfoco\/2025\/01\/22\/ansioso-para-receber-seu-beneficio-do-inss\/","url":"https:\/\/www.em.com.br\/emfoco\/2025\/01\/22\/ansioso-para-receber-seu-beneficio-do-inss\/","name":"Ansioso para receber seu benef\u00edcio do INSS? - Estado de Minas - Em foco","isPartOf":{"@id":"https:\/\/www.em.com.br\/emfoco\/#website"},"primaryImageOfPage":{"@id":"https:\/\/www.em.com.br\/emfoco\/2025\/01\/22\/ansioso-para-receber-seu-beneficio-do-inss\/#primaryimage"},"image":{"@id":"https:\/\/www.em.com.br\/emfoco\/2025\/01\/22\/ansioso-para-receber-seu-beneficio-do-inss\/#primaryimage"},"thumbnailUrl":"https:\/\/www.em.com.br\/emfoco\/wp-content\/uploads\/2024\/12\/INSSss.jpg","datePublished":"2025-01-22T23:20:12+00:00","dateModified":"2025-01-22T12:30:22+00:00","author":{"@id":"https:\/\/www.em.com.br\/emfoco\/#\/schema\/person\/fb0a7f48c6fbb94b83f413a80f61917d"},"description":"Novo calend\u00e1rio de pagamentos do INSS traz altera\u00e7\u00f5es nos valores. Confira as datas e valores de pagamento para 2025.","breadcrumb":{"@id":"https:\/\/www.em.com.br\/emfoco\/2025\/01\/22\/ansioso-para-receber-seu-beneficio-do-inss\/#breadcrumb"},"inLanguage":"pt-BR","potentialAction":[{"@type":"ReadAction","target":["https:\/\/www.em.com.br\/emfoco\/2025\/01\/22\/ansioso-para-receber-seu-beneficio-do-inss\/"]}]},{"@type":"ImageObject","inLanguage":"pt-BR","@id":"https:\/\/www.em.com.br\/emfoco\/2025\/01\/22\/ansioso-para-receber-seu-beneficio-do-inss\/#primaryimage","url":"https:\/\/www.em.com.br\/emfoco\/wp-content\/uploads\/2024\/12\/INSSss.jpg","contentUrl":"https:\/\/www.em.com.br\/emfoco\/wp-content\/uploads\/2024\/12\/INSSss.jpg","width":1280,"height":720,"caption":"INSS- Cr\u00e9ditos: depositphotos.com \/ fernandokazuo"},{"@type":"BreadcrumbList","@id":"https:\/\/www.em.com.br\/emfoco\/2025\/01\/22\/ansioso-para-receber-seu-beneficio-do-inss\/#breadcrumb","itemListElement":[{"@type":"ListItem","position":1,"name":"In\u00edcio","item":"https:\/\/www.em.com.br\/emfoco\/"},{"@type":"ListItem","position":2,"name":"Ansioso para receber seu benef\u00edcio do INSS?"}]},{"@type":"WebSite","@id":"https:\/\/www.em.com.br\/emfoco\/#website","url":"https:\/\/www.em.com.br\/emfoco\/","name":"Estado de Minas - Em foco","description":"Acompanhe as \u00faltimas not\u00edcias e fique bem informado sobre tudo o que acontece em Minas Gerais, Brasil e no mundo.","potentialAction":[{"@type":"SearchAction","target":{"@type":"EntryPoint","urlTemplate":"https:\/\/www.em.com.br\/emfoco\/?s={search_term_string}"},"query-input":{"@type":"PropertyValueSpecification","valueRequired":true,"valueName":"search_term_string"}}],"inLanguage":"pt-BR"},{"@type":"Person","@id":"https:\/\/www.em.com.br\/emfoco\/#\/schema\/person\/fb0a7f48c6fbb94b83f413a80f61917d","name":"Kelvin","image":{"@type":"ImageObject","inLanguage":"pt-BR","@id":"https:\/\/www.em.com.br\/emfoco\/#\/schema\/person\/image\/","url":"https:\/\/secure.gravatar.com\/avatar\/e74f84337e6bf6c4c5e88fbdffa05270?s=96&d=mm&r=g","contentUrl":"https:\/\/secure.gravatar.com\/avatar\/e74f84337e6bf6c4c5e88fbdffa05270?s=96&d=mm&r=g","caption":"Kelvin"},"sameAs":["https:\/\/www.em.com.br\/emfoco"],"url":"https:\/\/www.em.com.br\/emfoco\/author\/kelvinmyth\/"}]}},"_links":{"self":[{"href":"https:\/\/www.em.com.br\/emfoco\/wp-json\/wp\/v2\/posts\/12680","targetHints":{"allow":["GET"]}}],"collection":[{"href":"https:\/\/www.em.com.br\/emfoco\/wp-json\/wp\/v2\/posts"}],"about":[{"href":"https:\/\/www.em.com.br\/emfoco\/wp-json\/wp\/v2\/types\/post"}],"author":[{"embeddable":true,"href":"https:\/\/www.em.com.br\/emfoco\/wp-json\/wp\/v2\/users\/7"}],"replies":[{"embeddable":true,"href":"https:\/\/www.em.com.br\/emfoco\/wp-json\/wp\/v2\/comments?post=12680"}],"version-history":[{"count":2,"href":"https:\/\/www.em.com.br\/emfoco\/wp-json\/wp\/v2\/posts\/12680\/revisions"}],"predecessor-version":[{"id":12684,"href":"https:\/\/www.em.com.br\/emfoco\/wp-json\/wp\/v2\/posts\/12680\/revisions\/12684"}],"wp:featuredmedia":[{"embeddable":true,"href":"https:\/\/www.em.com.br\/emfoco\/wp-json\/wp\/v2\/media\/5155"}],"wp:attachment":[{"href":"https:\/\/www.em.com.br\/emfoco\/wp-json\/wp\/v2\/media?parent=12680"}],"wp:term":[{"taxonomy":"category","embeddable":true,"href":"https:\/\/www.em.com.br\/emfoco\/wp-json\/wp\/v2\/categories?post=12680"},{"taxonomy":"post_tag","embeddable":true,"href":"https:\/\/www.em.com.br\/emfoco\/wp-json\/wp\/v2\/tags?post=12680"}],"curies":[{"name":"wp","href":"https:\/\/api.w.org\/{rel}","templated":true}]}}