{"id":126616,"date":"2025-11-14T21:15:00","date_gmt":"2025-11-15T00:15:00","guid":{"rendered":"https:\/\/www.em.com.br\/emfoco\/?p=126616"},"modified":"2025-11-12T15:30:40","modified_gmt":"2025-11-12T18:30:40","slug":"as-5-plantas-perfeitas-para-quem-trabalha-o-dia-todo-fora-e-nao-tem-tempo-para-cuidar","status":"publish","type":"post","link":"https:\/\/www.em.com.br\/emfoco\/2025\/11\/14\/as-5-plantas-perfeitas-para-quem-trabalha-o-dia-todo-fora-e-nao-tem-tempo-para-cuidar\/","title":{"rendered":"As 5 plantas perfeitas para quem trabalha o dia todo fora e n\u00e3o tem tempo para cuidar"},"content":{"rendered":"\n<p>Mesmo com a rotina corrida, \u00e9 poss\u00edvel manter a casa sempre verde e cheia de vida. Algumas <strong>plantas resistentes<\/strong> exigem pouca manuten\u00e7\u00e3o, crescem bem em meia-sombra e precisam de rega apenas duas vezes por semana, tornando-se perfeitas para quem passa o dia fora.<\/p>\n\n\n\n<h2 class=\"wp-block-heading\">Por que escolher plantas de f\u00e1cil cuidado para o lar?<\/h2>\n\n\n\n<p>Optar por esp\u00e9cies adapt\u00e1veis \u00e9 a melhor forma de ter um ambiente bonito e natural sem depender de cuidados di\u00e1rios. Elas trazem frescor, purificam o ar e ajudam a criar uma atmosfera relaxante, especialmente em apartamentos ou espa\u00e7os com pouca luz solar.<\/p>\n\n\n\n<p>As plantas ideais para quem trabalha fora resistem a per\u00edodos sem rega e se adaptam bem \u00e0 meia-sombra. O segredo \u00e9 escolher variedades com folhas firmes e suculentas, que ret\u00eam \u00e1gua e mant\u00eam o verde intenso por mais tempo, mesmo com pouca manuten\u00e7\u00e3o.<\/p>\n\n\n\n<figure class=\"wp-block-image size-large\"><img loading=\"lazy\" decoding=\"async\" width=\"1024\" height=\"576\" src=\"https:\/\/www.em.com.br\/emfoco\/wp-content\/uploads\/2025\/11\/lirio-da-paz-planta_1762972170857-1024x576.jpg\" alt=\"As 5 plantas perfeitas para quem trabalha o dia todo fora e n\u00e3o tem tempo para cuidar\" class=\"wp-image-126639\" srcset=\"https:\/\/www.em.com.br\/emfoco\/wp-content\/uploads\/2025\/11\/lirio-da-paz-planta_1762972170857-1024x576.jpg 1024w, https:\/\/www.em.com.br\/emfoco\/wp-content\/uploads\/2025\/11\/lirio-da-paz-planta_1762972170857-300x169.jpg 300w, https:\/\/www.em.com.br\/emfoco\/wp-content\/uploads\/2025\/11\/lirio-da-paz-planta_1762972170857-768x432.jpg 768w, https:\/\/www.em.com.br\/emfoco\/wp-content\/uploads\/2025\/11\/lirio-da-paz-planta_1762972170857-750x422.jpg 750w, https:\/\/www.em.com.br\/emfoco\/wp-content\/uploads\/2025\/11\/lirio-da-paz-planta_1762972170857-1140x641.jpg 1140w, https:\/\/www.em.com.br\/emfoco\/wp-content\/uploads\/2025\/11\/lirio-da-paz-planta_1762972170857.jpg 1280w\" sizes=\"auto, (max-width: 1024px) 100vw, 1024px\" \/><figcaption class=\"wp-element-caption\">Esp\u00e9cies de meia-sombra exigem pouca rega e crescem facilmente &#8211; Cr\u00e9ditos: depositphotos.com \/ sweemingyoung<\/figcaption><\/figure>\n\n\n\n<h2 class=\"wp-block-heading\">Quais s\u00e3o as melhores plantas para quem vive na correria?<\/h2>\n\n\n\n<p>Essas cinco esp\u00e9cies se tornaram as favoritas de quem busca praticidade e eleg\u00e2ncia natural. Elas se adaptam facilmente a diferentes ambientes e mant\u00eam a casa com apar\u00eancia viva o ano inteiro. Confira as op\u00e7\u00f5es mais indicadas para quem quer um toque verde sem esfor\u00e7o:<\/p>\n\n\n\n<ul class=\"wp-block-list\">\n<li><strong>Zamioculca<\/strong>: robusta e elegante, sobrevive bem em locais com pouca luz e regas espa\u00e7adas.<\/li>\n\n\n\n<li><strong>Jiboia<\/strong>: \u00f3tima para vasos suspensos, cresce r\u00e1pido e purifica o ar do ambiente.<\/li>\n\n\n\n<li><strong>Espada-de-s\u00e3o-jorge<\/strong>: resistente e simb\u00f3lica, tolera calor e pouca \u00e1gua.<\/li>\n\n\n\n<li><strong>Aloe vera<\/strong>: al\u00e9m de decorativa, possui propriedades medicinais e folhas suculentas.<\/li>\n\n\n\n<li><strong>L\u00edrio-da-paz<\/strong>: prefere meia-sombra e floresce facilmente com umidade moderada.<\/li>\n<\/ul>\n\n\n\n<p><em>Leia mais: <strong><a href=\"https:\/\/www.em.com.br\/emfoco\/2025\/11\/12\/como-plantar-alecrim-em-casa-e-manter-a-planta-sempre-saudavel\/\" target=\"_blank\" rel=\"noreferrer noopener\">Como plantar alecrim em casa e manter a planta sempre saud\u00e1vel<\/a><\/strong><\/em><\/p>\n\n\n\n<h2 class=\"wp-block-heading\">Como manter essas plantas sempre saud\u00e1veis e bonitas?<\/h2>\n\n\n\n<p>Essas plantas precisam de pouca rega \u2014 cerca de <strong>duas vezes por semana<\/strong> \u2014 e devem ser cultivadas em locais de <strong>meia-sombra<\/strong>, onde recebem luz indireta. Isso evita que as folhas queimem e ajuda na reten\u00e7\u00e3o natural de umidade, prolongando o vigor das esp\u00e9cies.<\/p>\n\n\n\n<p>Para manter o verde intenso, \u00e9 importante usar substratos bem drenados e vasos com furos na base. Assim, a \u00e1gua n\u00e3o se acumula e as ra\u00edzes ficam arejadas. Al\u00e9m disso, limpe as folhas com um pano \u00famido para remover poeira e facilitar a fotoss\u00edntese.<\/p>\n\n\n\n<figure class=\"wp-block-image size-large\"><img loading=\"lazy\" decoding=\"async\" width=\"1024\" height=\"576\" src=\"https:\/\/www.em.com.br\/emfoco\/wp-content\/uploads\/2025\/11\/Cuidando-de-plantas_1762972225775-1024x576.jpg\" alt=\"As 5 plantas perfeitas para quem trabalha o dia todo fora e n\u00e3o tem tempo para cuidar\" class=\"wp-image-126640\" srcset=\"https:\/\/www.em.com.br\/emfoco\/wp-content\/uploads\/2025\/11\/Cuidando-de-plantas_1762972225775-1024x576.jpg 1024w, https:\/\/www.em.com.br\/emfoco\/wp-content\/uploads\/2025\/11\/Cuidando-de-plantas_1762972225775-300x169.jpg 300w, https:\/\/www.em.com.br\/emfoco\/wp-content\/uploads\/2025\/11\/Cuidando-de-plantas_1762972225775-768x432.jpg 768w, https:\/\/www.em.com.br\/emfoco\/wp-content\/uploads\/2025\/11\/Cuidando-de-plantas_1762972225775-750x422.jpg 750w, https:\/\/www.em.com.br\/emfoco\/wp-content\/uploads\/2025\/11\/Cuidando-de-plantas_1762972225775-1140x641.jpg 1140w, https:\/\/www.em.com.br\/emfoco\/wp-content\/uploads\/2025\/11\/Cuidando-de-plantas_1762972225775.jpg 1280w\" sizes=\"auto, (max-width: 1024px) 100vw, 1024px\" \/><figcaption class=\"wp-element-caption\">Regar duas vezes por semana e limpar as folhas garante vitalidade &#8211; Cr\u00e9ditos: depositphotos.com \/ Elnur_<\/figcaption><\/figure>\n\n\n\n<h2 class=\"wp-block-heading\">Quais cuidados extras garantem uma casa sempre verde?<\/h2>\n\n\n\n<p>Pequenos h\u00e1bitos semanais fazem toda a diferen\u00e7a na <strong><a href=\"https:\/\/ciclovivo.com.br\/mao-na-massa\/faca-voce-mesmo\/3-dicas-para-cuidar-bem-das-suas-plantas\/\" target=\"_blank\" rel=\"noreferrer noopener\">vitalidade das plantas<\/a><\/strong>. Mesmo as mais resistentes precisam de aten\u00e7\u00e3o m\u00ednima para continuarem bonitas e saud\u00e1veis. Veja alguns cuidados simples que ajudam a prolongar a vida das suas esp\u00e9cies preferidas:<\/p>\n\n\n\n<ul class=\"wp-block-list\">\n<li>Evite deixar vasos em locais com vento ou ar-condicionado direto<\/li>\n\n\n\n<li>Adube a cada 60 dias com fertilizantes org\u00e2nicos leves<\/li>\n\n\n\n<li>Observe sinais de folhas amareladas e ajuste a frequ\u00eancia de rega<\/li>\n<\/ul>\n","protected":false},"excerpt":{"rendered":"<p>Mesmo com a rotina corrida, \u00e9 poss\u00edvel manter a casa sempre verde e cheia de vida. Algumas plantas resistentes exigem pouca manuten\u00e7\u00e3o, crescem bem em meia-sombra e precisam de rega apenas duas vezes por semana, tornando-se perfeitas para quem passa o dia fora. Por que escolher plantas de f\u00e1cil cuidado para o lar? Optar por [&hellip;]<\/p>\n","protected":false},"author":13,"featured_media":126638,"comment_status":"open","ping_status":"open","sticky":false,"template":"","format":"standard","meta":{"jnews-multi-image_gallery":[],"jnews_single_post":{"format":"standard"},"jnews_primary_category":[],"jnews_social_meta":[],"jnews_override_counter":[],"footnotes":""},"categories":[8819],"tags":[3358,13110,9754],"class_list":["post-126616","post","type-post","status-publish","format-standard","has-post-thumbnail","hentry","category-curiosidades","tag-jardinagem","tag-plantas-caseiras","tag-plantas-resistentes"],"yoast_head":"<!-- This site is optimized with the Yoast SEO plugin v23.8 - https:\/\/yoast.com\/wordpress\/plugins\/seo\/ -->\n<title>As 5 plantas perfeitas para quem trabalha o dia todo fora e n\u00e3o tem tempo para cuidar - Estado de Minas - Em foco<\/title>\n<meta name=\"description\" content=\"Com essas plantas resistentes, sua casa pode continuar verde mesmo com rotina corrida. Veja quais esp\u00e9cies exigem pouca \u00e1gua e pouca luz.\" \/>\n<meta name=\"robots\" content=\"index, follow, max-snippet:-1, max-image-preview:large, max-video-preview:-1\" \/>\n<link rel=\"canonical\" href=\"https:\/\/www.em.com.br\/emfoco\/2025\/11\/14\/as-5-plantas-perfeitas-para-quem-trabalha-o-dia-todo-fora-e-nao-tem-tempo-para-cuidar\/\" \/>\n<meta property=\"og:locale\" content=\"pt_BR\" \/>\n<meta property=\"og:type\" content=\"article\" \/>\n<meta property=\"og:title\" content=\"As 5 plantas perfeitas para quem trabalha o dia todo fora e n\u00e3o tem tempo para cuidar - Estado de Minas - Em foco\" \/>\n<meta property=\"og:description\" content=\"Com essas plantas resistentes, sua casa pode continuar verde mesmo com rotina corrida. Veja quais esp\u00e9cies exigem pouca \u00e1gua e pouca luz.\" \/>\n<meta property=\"og:url\" content=\"https:\/\/www.em.com.br\/emfoco\/2025\/11\/14\/as-5-plantas-perfeitas-para-quem-trabalha-o-dia-todo-fora-e-nao-tem-tempo-para-cuidar\/\" \/>\n<meta property=\"og:site_name\" content=\"Estado de Minas - Em foco\" \/>\n<meta property=\"article:published_time\" content=\"2025-11-15T00:15:00+00:00\" \/>\n<meta property=\"article:modified_time\" content=\"2025-11-12T18:30:40+00:00\" \/>\n<meta property=\"og:image\" content=\"https:\/\/www.em.com.br\/emfoco\/wp-content\/uploads\/2025\/11\/Plantas-dentro-de-casa_1762972122763.jpg\" \/>\n\t<meta property=\"og:image:width\" content=\"1280\" \/>\n\t<meta property=\"og:image:height\" content=\"720\" \/>\n\t<meta property=\"og:image:type\" content=\"image\/jpeg\" \/>\n<meta name=\"author\" content=\"Gabriel Martins\" \/>\n<meta name=\"twitter:card\" content=\"summary_large_image\" \/>\n<meta name=\"twitter:label1\" content=\"Escrito por\" \/>\n\t<meta name=\"twitter:data1\" content=\"Gabriel Martins\" \/>\n\t<meta name=\"twitter:label2\" content=\"Est. tempo de leitura\" \/>\n\t<meta name=\"twitter:data2\" content=\"4 minutos\" \/>\n<!-- \/ Yoast SEO plugin. -->","yoast_head_json":{"title":"As 5 plantas perfeitas para quem trabalha o dia todo fora e n\u00e3o tem tempo para cuidar - Estado de Minas - Em foco","description":"Com essas plantas resistentes, sua casa pode continuar verde mesmo com rotina corrida. Veja quais esp\u00e9cies exigem pouca \u00e1gua e pouca luz.","robots":{"index":"index","follow":"follow","max-snippet":"max-snippet:-1","max-image-preview":"max-image-preview:large","max-video-preview":"max-video-preview:-1"},"canonical":"https:\/\/www.em.com.br\/emfoco\/2025\/11\/14\/as-5-plantas-perfeitas-para-quem-trabalha-o-dia-todo-fora-e-nao-tem-tempo-para-cuidar\/","og_locale":"pt_BR","og_type":"article","og_title":"As 5 plantas perfeitas para quem trabalha o dia todo fora e n\u00e3o tem tempo para cuidar - Estado de Minas - Em foco","og_description":"Com essas plantas resistentes, sua casa pode continuar verde mesmo com rotina corrida. Veja quais esp\u00e9cies exigem pouca \u00e1gua e pouca luz.","og_url":"https:\/\/www.em.com.br\/emfoco\/2025\/11\/14\/as-5-plantas-perfeitas-para-quem-trabalha-o-dia-todo-fora-e-nao-tem-tempo-para-cuidar\/","og_site_name":"Estado de Minas - Em foco","article_published_time":"2025-11-15T00:15:00+00:00","article_modified_time":"2025-11-12T18:30:40+00:00","og_image":[{"width":1280,"height":720,"url":"https:\/\/www.em.com.br\/emfoco\/wp-content\/uploads\/2025\/11\/Plantas-dentro-de-casa_1762972122763.jpg","type":"image\/jpeg"}],"author":"Gabriel Martins","twitter_card":"summary_large_image","twitter_misc":{"Escrito por":"Gabriel Martins","Est. tempo de leitura":"4 minutos"},"schema":{"@context":"https:\/\/schema.org","@graph":[{"@type":"WebPage","@id":"https:\/\/www.em.com.br\/emfoco\/2025\/11\/14\/as-5-plantas-perfeitas-para-quem-trabalha-o-dia-todo-fora-e-nao-tem-tempo-para-cuidar\/","url":"https:\/\/www.em.com.br\/emfoco\/2025\/11\/14\/as-5-plantas-perfeitas-para-quem-trabalha-o-dia-todo-fora-e-nao-tem-tempo-para-cuidar\/","name":"As 5 plantas perfeitas para quem trabalha o dia todo fora e n\u00e3o tem tempo para cuidar - Estado de Minas - Em foco","isPartOf":{"@id":"https:\/\/www.em.com.br\/emfoco\/#website"},"primaryImageOfPage":{"@id":"https:\/\/www.em.com.br\/emfoco\/2025\/11\/14\/as-5-plantas-perfeitas-para-quem-trabalha-o-dia-todo-fora-e-nao-tem-tempo-para-cuidar\/#primaryimage"},"image":{"@id":"https:\/\/www.em.com.br\/emfoco\/2025\/11\/14\/as-5-plantas-perfeitas-para-quem-trabalha-o-dia-todo-fora-e-nao-tem-tempo-para-cuidar\/#primaryimage"},"thumbnailUrl":"https:\/\/www.em.com.br\/emfoco\/wp-content\/uploads\/2025\/11\/Plantas-dentro-de-casa_1762972122763.jpg","datePublished":"2025-11-15T00:15:00+00:00","dateModified":"2025-11-12T18:30:40+00:00","author":{"@id":"https:\/\/www.em.com.br\/emfoco\/#\/schema\/person\/1c9ddeab18b98abeffef834667bcf08a"},"description":"Com essas plantas resistentes, sua casa pode continuar verde mesmo com rotina corrida. Veja quais esp\u00e9cies exigem pouca \u00e1gua e pouca luz.","breadcrumb":{"@id":"https:\/\/www.em.com.br\/emfoco\/2025\/11\/14\/as-5-plantas-perfeitas-para-quem-trabalha-o-dia-todo-fora-e-nao-tem-tempo-para-cuidar\/#breadcrumb"},"inLanguage":"pt-BR","potentialAction":[{"@type":"ReadAction","target":["https:\/\/www.em.com.br\/emfoco\/2025\/11\/14\/as-5-plantas-perfeitas-para-quem-trabalha-o-dia-todo-fora-e-nao-tem-tempo-para-cuidar\/"]}]},{"@type":"ImageObject","inLanguage":"pt-BR","@id":"https:\/\/www.em.com.br\/emfoco\/2025\/11\/14\/as-5-plantas-perfeitas-para-quem-trabalha-o-dia-todo-fora-e-nao-tem-tempo-para-cuidar\/#primaryimage","url":"https:\/\/www.em.com.br\/emfoco\/wp-content\/uploads\/2025\/11\/Plantas-dentro-de-casa_1762972122763.jpg","contentUrl":"https:\/\/www.em.com.br\/emfoco\/wp-content\/uploads\/2025\/11\/Plantas-dentro-de-casa_1762972122763.jpg","width":1280,"height":720,"caption":"Plantas resistentes mant\u00eam o lar verde mesmo com rotina corrida - Cr\u00e9ditos: depositphotos.com \/ marucco"},{"@type":"BreadcrumbList","@id":"https:\/\/www.em.com.br\/emfoco\/2025\/11\/14\/as-5-plantas-perfeitas-para-quem-trabalha-o-dia-todo-fora-e-nao-tem-tempo-para-cuidar\/#breadcrumb","itemListElement":[{"@type":"ListItem","position":1,"name":"In\u00edcio","item":"https:\/\/www.em.com.br\/emfoco\/"},{"@type":"ListItem","position":2,"name":"As 5 plantas perfeitas para quem trabalha o dia todo fora e n\u00e3o tem tempo para cuidar"}]},{"@type":"WebSite","@id":"https:\/\/www.em.com.br\/emfoco\/#website","url":"https:\/\/www.em.com.br\/emfoco\/","name":"Estado de Minas - Em foco","description":"Acompanhe as \u00faltimas not\u00edcias e fique bem informado sobre tudo o que acontece em Minas Gerais, Brasil e no mundo.","potentialAction":[{"@type":"SearchAction","target":{"@type":"EntryPoint","urlTemplate":"https:\/\/www.em.com.br\/emfoco\/?s={search_term_string}"},"query-input":{"@type":"PropertyValueSpecification","valueRequired":true,"valueName":"search_term_string"}}],"inLanguage":"pt-BR"},{"@type":"Person","@id":"https:\/\/www.em.com.br\/emfoco\/#\/schema\/person\/1c9ddeab18b98abeffef834667bcf08a","name":"Gabriel Martins","image":{"@type":"ImageObject","inLanguage":"pt-BR","@id":"https:\/\/www.em.com.br\/emfoco\/#\/schema\/person\/image\/","url":"https:\/\/secure.gravatar.com\/avatar\/f0f1e2efdfd88f1ad2cb08c5c2731e50?s=96&d=mm&r=g","contentUrl":"https:\/\/secure.gravatar.com\/avatar\/f0f1e2efdfd88f1ad2cb08c5c2731e50?s=96&d=mm&r=g","caption":"Gabriel Martins"},"sameAs":["https:\/\/www.em.com.br\/emfoco\/"],"url":"https:\/\/www.em.com.br\/emfoco\/author\/gabrielmartinsmyth\/"}]}},"_links":{"self":[{"href":"https:\/\/www.em.com.br\/emfoco\/wp-json\/wp\/v2\/posts\/126616","targetHints":{"allow":["GET"]}}],"collection":[{"href":"https:\/\/www.em.com.br\/emfoco\/wp-json\/wp\/v2\/posts"}],"about":[{"href":"https:\/\/www.em.com.br\/emfoco\/wp-json\/wp\/v2\/types\/post"}],"author":[{"embeddable":true,"href":"https:\/\/www.em.com.br\/emfoco\/wp-json\/wp\/v2\/users\/13"}],"replies":[{"embeddable":true,"href":"https:\/\/www.em.com.br\/emfoco\/wp-json\/wp\/v2\/comments?post=126616"}],"version-history":[{"count":1,"href":"https:\/\/www.em.com.br\/emfoco\/wp-json\/wp\/v2\/posts\/126616\/revisions"}],"predecessor-version":[{"id":126641,"href":"https:\/\/www.em.com.br\/emfoco\/wp-json\/wp\/v2\/posts\/126616\/revisions\/126641"}],"wp:featuredmedia":[{"embeddable":true,"href":"https:\/\/www.em.com.br\/emfoco\/wp-json\/wp\/v2\/media\/126638"}],"wp:attachment":[{"href":"https:\/\/www.em.com.br\/emfoco\/wp-json\/wp\/v2\/media?parent=126616"}],"wp:term":[{"taxonomy":"category","embeddable":true,"href":"https:\/\/www.em.com.br\/emfoco\/wp-json\/wp\/v2\/categories?post=126616"},{"taxonomy":"post_tag","embeddable":true,"href":"https:\/\/www.em.com.br\/emfoco\/wp-json\/wp\/v2\/tags?post=126616"}],"curies":[{"name":"wp","href":"https:\/\/api.w.org\/{rel}","templated":true}]}}