{"id":126553,"date":"2025-11-14T13:05:00","date_gmt":"2025-11-14T16:05:00","guid":{"rendered":"https:\/\/www.em.com.br\/emfoco\/?p=126553"},"modified":"2025-11-12T14:30:19","modified_gmt":"2025-11-12T17:30:19","slug":"esqueca-o-cafe-esses-3-tipos-de-chas-irao-aumentar-sua-energia-durante-o-dia-inteiro","status":"publish","type":"post","link":"https:\/\/www.em.com.br\/emfoco\/2025\/11\/14\/esqueca-o-cafe-esses-3-tipos-de-chas-irao-aumentar-sua-energia-durante-o-dia-inteiro\/","title":{"rendered":"Esque\u00e7a o caf\u00e9, esses 3 tipos de ch\u00e1s ir\u00e3o aumentar sua energia durante o dia inteiro"},"content":{"rendered":"\n<p>Alguns tipos de <strong>ch\u00e1<\/strong> podem ser grandes aliados para quem busca energia e foco sem recorrer ao caf\u00e9. Variedades como o ch\u00e1 verde e o ch\u00e1-preto s\u00e3o ricas em cafe\u00edna e antioxidantes, estimulando o c\u00e9rebro e ajudando a manter a concentra\u00e7\u00e3o durante o dia.<\/p>\n\n\n\n<h2 class=\"wp-block-heading\">Por que o ch\u00e1 pode ser uma boa fonte de energia natural?<\/h2>\n\n\n\n<p>Diferente do caf\u00e9, o <strong>ch\u00e1 energizante<\/strong> libera a cafe\u00edna de forma gradual no organismo, evitando picos e quedas bruscas de energia. Isso garante disposi\u00e7\u00e3o constante e foco prolongado, sem causar irritabilidade ou cansa\u00e7o mental ao longo do dia.<\/p>\n\n\n\n<p>Al\u00e9m da cafe\u00edna, muitos ch\u00e1s s\u00e3o ricos em polifen\u00f3is e amino\u00e1cidos que auxiliam no equil\u00edbrio do sistema nervoso. O resultado \u00e9 uma sensa\u00e7\u00e3o de alerta suave e est\u00e1vel, perfeita para manter a produtividade e o bem-estar mental sem exageros.<\/p>\n\n\n\n<figure class=\"wp-block-image size-large\"><img loading=\"lazy\" decoding=\"async\" width=\"1024\" height=\"576\" src=\"https:\/\/www.em.com.br\/emfoco\/wp-content\/uploads\/2025\/11\/Cha-mate_1762968578309-1024x576.jpg\" alt=\"Esque\u00e7a o caf\u00e9, esses 3 tipos de ch\u00e1s ir\u00e3o aumentar sua energia durante o dia inteiro \" class=\"wp-image-126574\" srcset=\"https:\/\/www.em.com.br\/emfoco\/wp-content\/uploads\/2025\/11\/Cha-mate_1762968578309-1024x576.jpg 1024w, https:\/\/www.em.com.br\/emfoco\/wp-content\/uploads\/2025\/11\/Cha-mate_1762968578309-300x169.jpg 300w, https:\/\/www.em.com.br\/emfoco\/wp-content\/uploads\/2025\/11\/Cha-mate_1762968578309-768x432.jpg 768w, https:\/\/www.em.com.br\/emfoco\/wp-content\/uploads\/2025\/11\/Cha-mate_1762968578309-750x422.jpg 750w, https:\/\/www.em.com.br\/emfoco\/wp-content\/uploads\/2025\/11\/Cha-mate_1762968578309-1140x641.jpg 1140w, https:\/\/www.em.com.br\/emfoco\/wp-content\/uploads\/2025\/11\/Cha-mate_1762968578309.jpg 1280w\" sizes=\"auto, (max-width: 1024px) 100vw, 1024px\" \/><figcaption class=\"wp-element-caption\">A cafe\u00edna natural dos ch\u00e1s estimula o c\u00e9rebro sem causar irrita\u00e7\u00e3o &#8211; Cr\u00e9ditos: depositphotos.com \/ Snowboy<\/figcaption><\/figure>\n\n\n\n<h2 class=\"wp-block-heading\">Quais s\u00e3o os melhores ch\u00e1s para aumentar a energia?<\/h2>\n\n\n\n<p>Alguns ch\u00e1s se destacam por seus compostos estimulantes e benef\u00edcios antioxidantes. Eles melhoram o foco, fortalecem o metabolismo e reduzem o cansa\u00e7o f\u00edsico e mental. Confira abaixo os principais tipos de ch\u00e1 que aumentam a energia de forma natural e equilibrada:<\/p>\n\n\n\n<ul class=\"wp-block-list\">\n<li><strong>Ch\u00e1-verde<\/strong>: cont\u00e9m teanina e cafe\u00edna, estimulando a mente e acelerando o metabolismo de forma controlada.<\/li>\n\n\n\n<li><strong>Ch\u00e1-preto<\/strong>: rico em cafe\u00edna e antioxidantes, melhora o foco e ajuda na circula\u00e7\u00e3o sangu\u00ednea.<\/li>\n\n\n\n<li><strong>Ch\u00e1-mate<\/strong>: fonte natural de energia e vitalidade, com a\u00e7\u00e3o termog\u00eanica e efeito revitalizante.<\/li>\n<\/ul>\n\n\n\n<p><em>Leia mais: <strong><a href=\"https:\/\/www.em.com.br\/emfoco\/2025\/10\/03\/produtividade-pessoal-o-metodo-definitivo-das-3-tarefas\/\" target=\"_blank\" rel=\"noreferrer noopener\">Produtividade pessoal o m\u00e9todo definitivo das 3 tarefas<\/a><\/strong><\/em><\/p>\n\n\n\n<h2 class=\"wp-block-heading\">Como esses ch\u00e1s agem no corpo e melhoram o desempenho?<\/h2>\n\n\n\n<p>O ch\u00e1-verde e o ch\u00e1-preto cont\u00eam compostos bioativos que aumentam a oxigena\u00e7\u00e3o cerebral e melhoram a capacidade cognitiva. Esses efeitos favorecem a <strong><a href=\"https:\/\/www.gov.br\/trabalho-e-emprego\/pt-br\/noticias-e-conteudo\/2025\/outubro\/saude-mental-no-trabalho-e-investimento-em-produtividade-defendem-especialistas\" target=\"_blank\" rel=\"noreferrer noopener\">produtividade mental<\/a><\/strong>, tornando-os ideais para quem precisa de energia est\u00e1vel durante o trabalho ou estudo.<\/p>\n\n\n\n<p>Al\u00e9m disso, a presen\u00e7a de antioxidantes combate os radicais livres, protegendo as c\u00e9lulas e melhorando o funcionamento geral do organismo. O consumo regular desses ch\u00e1s fortalece o corpo, estimula o metabolismo e ajuda a reduzir o cansa\u00e7o f\u00edsico.<\/p>\n\n\n\n<figure class=\"wp-block-image size-large\"><img loading=\"lazy\" decoding=\"async\" width=\"1024\" height=\"576\" src=\"https:\/\/www.em.com.br\/emfoco\/wp-content\/uploads\/2025\/11\/Cha-preto_1762968607554-1024x576.jpg\" alt=\"Esque\u00e7a o caf\u00e9, esses 3 tipos de ch\u00e1s ir\u00e3o aumentar sua energia durante o dia inteiro \" class=\"wp-image-126576\" srcset=\"https:\/\/www.em.com.br\/emfoco\/wp-content\/uploads\/2025\/11\/Cha-preto_1762968607554-1024x576.jpg 1024w, https:\/\/www.em.com.br\/emfoco\/wp-content\/uploads\/2025\/11\/Cha-preto_1762968607554-300x169.jpg 300w, https:\/\/www.em.com.br\/emfoco\/wp-content\/uploads\/2025\/11\/Cha-preto_1762968607554-768x432.jpg 768w, https:\/\/www.em.com.br\/emfoco\/wp-content\/uploads\/2025\/11\/Cha-preto_1762968607554-750x422.jpg 750w, https:\/\/www.em.com.br\/emfoco\/wp-content\/uploads\/2025\/11\/Cha-preto_1762968607554-1140x641.jpg 1140w, https:\/\/www.em.com.br\/emfoco\/wp-content\/uploads\/2025\/11\/Cha-preto_1762968607554.jpg 1280w\" sizes=\"auto, (max-width: 1024px) 100vw, 1024px\" \/><figcaption class=\"wp-element-caption\">O consumo regular fortalece o metabolismo e a concentra\u00e7\u00e3o di\u00e1ria &#8211; Cr\u00e9ditos: depositphotos.com \/ Dmitroza<\/figcaption><\/figure>\n\n\n\n<h2 class=\"wp-block-heading\">Como aproveitar melhor os efeitos energizantes do ch\u00e1?<\/h2>\n\n\n\n<p>Para obter todos os benef\u00edcios, o ideal \u00e9 preparar o ch\u00e1 corretamente e consumi-lo nos hor\u00e1rios mais adequados do dia. Algumas combina\u00e7\u00f5es e cuidados simples podem potencializar seus efeitos sem causar ins\u00f4nia ou agita\u00e7\u00e3o. Veja abaixo algumas dicas pr\u00e1ticas:<\/p>\n\n\n\n<ul class=\"wp-block-list\">\n<li>Consuma o ch\u00e1 pela manh\u00e3 ou no in\u00edcio da tarde para evitar interfer\u00eancias no sono<\/li>\n\n\n\n<li>N\u00e3o adicione a\u00e7\u00facar em excesso, pois reduz o efeito natural da energia<\/li>\n\n\n\n<li>Alterne entre ch\u00e1-verde e preto para equilibrar sabor e est\u00edmulo di\u00e1rio<\/li>\n<\/ul>\n","protected":false},"excerpt":{"rendered":"<p>Alguns tipos de ch\u00e1 podem ser grandes aliados para quem busca energia e foco sem recorrer ao caf\u00e9. Variedades como o ch\u00e1 verde e o ch\u00e1-preto s\u00e3o ricas em cafe\u00edna e antioxidantes, estimulando o c\u00e9rebro e ajudando a manter a concentra\u00e7\u00e3o durante o dia. Por que o ch\u00e1 pode ser uma boa fonte de energia [&hellip;]<\/p>\n","protected":false},"author":13,"featured_media":126572,"comment_status":"open","ping_status":"open","sticky":false,"template":"","format":"standard","meta":{"jnews-multi-image_gallery":[],"jnews_single_post":{"format":"standard"},"jnews_primary_category":[],"jnews_social_meta":[],"jnews_override_counter":[],"footnotes":""},"categories":[8819],"tags":[18757,4577,10141],"class_list":["post-126553","post","type-post","status-publish","format-standard","has-post-thumbnail","hentry","category-curiosidades","tag-cha-energetico","tag-chas","tag-disposicao"],"yoast_head":"<!-- This site is optimized with the Yoast SEO plugin v23.8 - https:\/\/yoast.com\/wordpress\/plugins\/seo\/ -->\n<title>Esque\u00e7a o caf\u00e9, esses 3 tipos de ch\u00e1s ir\u00e3o aumentar sua energia durante o dia inteiro - Estado de Minas - Em foco<\/title>\n<meta name=\"description\" content=\"Trocar o caf\u00e9 por ch\u00e1 pode ser o segredo para foco constante e energia sem irrita\u00e7\u00e3o. Veja os ch\u00e1s que est\u00e3o virando tend\u00eancia e por qu\u00ea.\" \/>\n<meta name=\"robots\" content=\"index, follow, max-snippet:-1, max-image-preview:large, max-video-preview:-1\" \/>\n<link rel=\"canonical\" href=\"https:\/\/www.em.com.br\/emfoco\/2025\/11\/14\/esqueca-o-cafe-esses-3-tipos-de-chas-irao-aumentar-sua-energia-durante-o-dia-inteiro\/\" \/>\n<meta property=\"og:locale\" content=\"pt_BR\" \/>\n<meta property=\"og:type\" content=\"article\" \/>\n<meta property=\"og:title\" content=\"Esque\u00e7a o caf\u00e9, esses 3 tipos de ch\u00e1s ir\u00e3o aumentar sua energia durante o dia inteiro - Estado de Minas - Em foco\" \/>\n<meta property=\"og:description\" content=\"Trocar o caf\u00e9 por ch\u00e1 pode ser o segredo para foco constante e energia sem irrita\u00e7\u00e3o. Veja os ch\u00e1s que est\u00e3o virando tend\u00eancia e por qu\u00ea.\" \/>\n<meta property=\"og:url\" content=\"https:\/\/www.em.com.br\/emfoco\/2025\/11\/14\/esqueca-o-cafe-esses-3-tipos-de-chas-irao-aumentar-sua-energia-durante-o-dia-inteiro\/\" \/>\n<meta property=\"og:site_name\" content=\"Estado de Minas - Em foco\" \/>\n<meta property=\"article:published_time\" content=\"2025-11-14T16:05:00+00:00\" \/>\n<meta property=\"article:modified_time\" content=\"2025-11-12T17:30:19+00:00\" \/>\n<meta property=\"og:image\" content=\"https:\/\/www.em.com.br\/emfoco\/wp-content\/uploads\/2025\/11\/Cha-produtivo_1762968541615.jpg\" \/>\n\t<meta property=\"og:image:width\" content=\"1280\" \/>\n\t<meta property=\"og:image:height\" content=\"720\" \/>\n\t<meta property=\"og:image:type\" content=\"image\/jpeg\" \/>\n<meta name=\"author\" content=\"Gabriel Martins\" \/>\n<meta name=\"twitter:card\" content=\"summary_large_image\" \/>\n<meta name=\"twitter:label1\" content=\"Escrito por\" \/>\n\t<meta name=\"twitter:data1\" content=\"Gabriel Martins\" \/>\n\t<meta name=\"twitter:label2\" content=\"Est. tempo de leitura\" \/>\n\t<meta name=\"twitter:data2\" content=\"3 minutos\" \/>\n<!-- \/ Yoast SEO plugin. -->","yoast_head_json":{"title":"Esque\u00e7a o caf\u00e9, esses 3 tipos de ch\u00e1s ir\u00e3o aumentar sua energia durante o dia inteiro - Estado de Minas - Em foco","description":"Trocar o caf\u00e9 por ch\u00e1 pode ser o segredo para foco constante e energia sem irrita\u00e7\u00e3o. Veja os ch\u00e1s que est\u00e3o virando tend\u00eancia e por qu\u00ea.","robots":{"index":"index","follow":"follow","max-snippet":"max-snippet:-1","max-image-preview":"max-image-preview:large","max-video-preview":"max-video-preview:-1"},"canonical":"https:\/\/www.em.com.br\/emfoco\/2025\/11\/14\/esqueca-o-cafe-esses-3-tipos-de-chas-irao-aumentar-sua-energia-durante-o-dia-inteiro\/","og_locale":"pt_BR","og_type":"article","og_title":"Esque\u00e7a o caf\u00e9, esses 3 tipos de ch\u00e1s ir\u00e3o aumentar sua energia durante o dia inteiro - Estado de Minas - Em foco","og_description":"Trocar o caf\u00e9 por ch\u00e1 pode ser o segredo para foco constante e energia sem irrita\u00e7\u00e3o. Veja os ch\u00e1s que est\u00e3o virando tend\u00eancia e por qu\u00ea.","og_url":"https:\/\/www.em.com.br\/emfoco\/2025\/11\/14\/esqueca-o-cafe-esses-3-tipos-de-chas-irao-aumentar-sua-energia-durante-o-dia-inteiro\/","og_site_name":"Estado de Minas - Em foco","article_published_time":"2025-11-14T16:05:00+00:00","article_modified_time":"2025-11-12T17:30:19+00:00","og_image":[{"width":1280,"height":720,"url":"https:\/\/www.em.com.br\/emfoco\/wp-content\/uploads\/2025\/11\/Cha-produtivo_1762968541615.jpg","type":"image\/jpeg"}],"author":"Gabriel Martins","twitter_card":"summary_large_image","twitter_misc":{"Escrito por":"Gabriel Martins","Est. tempo de leitura":"3 minutos"},"schema":{"@context":"https:\/\/schema.org","@graph":[{"@type":"WebPage","@id":"https:\/\/www.em.com.br\/emfoco\/2025\/11\/14\/esqueca-o-cafe-esses-3-tipos-de-chas-irao-aumentar-sua-energia-durante-o-dia-inteiro\/","url":"https:\/\/www.em.com.br\/emfoco\/2025\/11\/14\/esqueca-o-cafe-esses-3-tipos-de-chas-irao-aumentar-sua-energia-durante-o-dia-inteiro\/","name":"Esque\u00e7a o caf\u00e9, esses 3 tipos de ch\u00e1s ir\u00e3o aumentar sua energia durante o dia inteiro - Estado de Minas - Em foco","isPartOf":{"@id":"https:\/\/www.em.com.br\/emfoco\/#website"},"primaryImageOfPage":{"@id":"https:\/\/www.em.com.br\/emfoco\/2025\/11\/14\/esqueca-o-cafe-esses-3-tipos-de-chas-irao-aumentar-sua-energia-durante-o-dia-inteiro\/#primaryimage"},"image":{"@id":"https:\/\/www.em.com.br\/emfoco\/2025\/11\/14\/esqueca-o-cafe-esses-3-tipos-de-chas-irao-aumentar-sua-energia-durante-o-dia-inteiro\/#primaryimage"},"thumbnailUrl":"https:\/\/www.em.com.br\/emfoco\/wp-content\/uploads\/2025\/11\/Cha-produtivo_1762968541615.jpg","datePublished":"2025-11-14T16:05:00+00:00","dateModified":"2025-11-12T17:30:19+00:00","author":{"@id":"https:\/\/www.em.com.br\/emfoco\/#\/schema\/person\/1c9ddeab18b98abeffef834667bcf08a"},"description":"Trocar o caf\u00e9 por ch\u00e1 pode ser o segredo para foco constante e energia sem irrita\u00e7\u00e3o. Veja os ch\u00e1s que est\u00e3o virando tend\u00eancia e por qu\u00ea.","breadcrumb":{"@id":"https:\/\/www.em.com.br\/emfoco\/2025\/11\/14\/esqueca-o-cafe-esses-3-tipos-de-chas-irao-aumentar-sua-energia-durante-o-dia-inteiro\/#breadcrumb"},"inLanguage":"pt-BR","potentialAction":[{"@type":"ReadAction","target":["https:\/\/www.em.com.br\/emfoco\/2025\/11\/14\/esqueca-o-cafe-esses-3-tipos-de-chas-irao-aumentar-sua-energia-durante-o-dia-inteiro\/"]}]},{"@type":"ImageObject","inLanguage":"pt-BR","@id":"https:\/\/www.em.com.br\/emfoco\/2025\/11\/14\/esqueca-o-cafe-esses-3-tipos-de-chas-irao-aumentar-sua-energia-durante-o-dia-inteiro\/#primaryimage","url":"https:\/\/www.em.com.br\/emfoco\/wp-content\/uploads\/2025\/11\/Cha-produtivo_1762968541615.jpg","contentUrl":"https:\/\/www.em.com.br\/emfoco\/wp-content\/uploads\/2025\/11\/Cha-produtivo_1762968541615.jpg","width":1280,"height":720,"caption":"O ch\u00e1-verde e o ch\u00e1-preto fornecem energia est\u00e1vel e prolongada - Cr\u00e9ditos: depositphotos.com \/ HayDmitriy"},{"@type":"BreadcrumbList","@id":"https:\/\/www.em.com.br\/emfoco\/2025\/11\/14\/esqueca-o-cafe-esses-3-tipos-de-chas-irao-aumentar-sua-energia-durante-o-dia-inteiro\/#breadcrumb","itemListElement":[{"@type":"ListItem","position":1,"name":"In\u00edcio","item":"https:\/\/www.em.com.br\/emfoco\/"},{"@type":"ListItem","position":2,"name":"Esque\u00e7a o caf\u00e9, esses 3 tipos de ch\u00e1s ir\u00e3o aumentar sua energia durante o dia inteiro"}]},{"@type":"WebSite","@id":"https:\/\/www.em.com.br\/emfoco\/#website","url":"https:\/\/www.em.com.br\/emfoco\/","name":"Estado de Minas - Em foco","description":"Acompanhe as \u00faltimas not\u00edcias e fique bem informado sobre tudo o que acontece em Minas Gerais, Brasil e no mundo.","potentialAction":[{"@type":"SearchAction","target":{"@type":"EntryPoint","urlTemplate":"https:\/\/www.em.com.br\/emfoco\/?s={search_term_string}"},"query-input":{"@type":"PropertyValueSpecification","valueRequired":true,"valueName":"search_term_string"}}],"inLanguage":"pt-BR"},{"@type":"Person","@id":"https:\/\/www.em.com.br\/emfoco\/#\/schema\/person\/1c9ddeab18b98abeffef834667bcf08a","name":"Gabriel Martins","image":{"@type":"ImageObject","inLanguage":"pt-BR","@id":"https:\/\/www.em.com.br\/emfoco\/#\/schema\/person\/image\/","url":"https:\/\/secure.gravatar.com\/avatar\/f0f1e2efdfd88f1ad2cb08c5c2731e50?s=96&d=mm&r=g","contentUrl":"https:\/\/secure.gravatar.com\/avatar\/f0f1e2efdfd88f1ad2cb08c5c2731e50?s=96&d=mm&r=g","caption":"Gabriel Martins"},"sameAs":["https:\/\/www.em.com.br\/emfoco\/"],"url":"https:\/\/www.em.com.br\/emfoco\/author\/gabrielmartinsmyth\/"}]}},"_links":{"self":[{"href":"https:\/\/www.em.com.br\/emfoco\/wp-json\/wp\/v2\/posts\/126553","targetHints":{"allow":["GET"]}}],"collection":[{"href":"https:\/\/www.em.com.br\/emfoco\/wp-json\/wp\/v2\/posts"}],"about":[{"href":"https:\/\/www.em.com.br\/emfoco\/wp-json\/wp\/v2\/types\/post"}],"author":[{"embeddable":true,"href":"https:\/\/www.em.com.br\/emfoco\/wp-json\/wp\/v2\/users\/13"}],"replies":[{"embeddable":true,"href":"https:\/\/www.em.com.br\/emfoco\/wp-json\/wp\/v2\/comments?post=126553"}],"version-history":[{"count":1,"href":"https:\/\/www.em.com.br\/emfoco\/wp-json\/wp\/v2\/posts\/126553\/revisions"}],"predecessor-version":[{"id":126578,"href":"https:\/\/www.em.com.br\/emfoco\/wp-json\/wp\/v2\/posts\/126553\/revisions\/126578"}],"wp:featuredmedia":[{"embeddable":true,"href":"https:\/\/www.em.com.br\/emfoco\/wp-json\/wp\/v2\/media\/126572"}],"wp:attachment":[{"href":"https:\/\/www.em.com.br\/emfoco\/wp-json\/wp\/v2\/media?parent=126553"}],"wp:term":[{"taxonomy":"category","embeddable":true,"href":"https:\/\/www.em.com.br\/emfoco\/wp-json\/wp\/v2\/categories?post=126553"},{"taxonomy":"post_tag","embeddable":true,"href":"https:\/\/www.em.com.br\/emfoco\/wp-json\/wp\/v2\/tags?post=126553"}],"curies":[{"name":"wp","href":"https:\/\/api.w.org\/{rel}","templated":true}]}}