{"id":126548,"date":"2025-11-14T14:05:00","date_gmt":"2025-11-14T17:05:00","guid":{"rendered":"https:\/\/www.em.com.br\/emfoco\/?p=126548"},"modified":"2025-11-13T22:54:53","modified_gmt":"2025-11-14T01:54:53","slug":"os-chas-mais-eficazes-para-turbinar-foco-e-memoria-durante-o-trabalho","status":"publish","type":"post","link":"https:\/\/www.em.com.br\/emfoco\/2025\/11\/14\/os-chas-mais-eficazes-para-turbinar-foco-e-memoria-durante-o-trabalho\/","title":{"rendered":"Os ch\u00e1s mais eficazes para turbinar foco e mem\u00f3ria durante o trabalho"},"content":{"rendered":"\n<p>Manter a <strong>concentra\u00e7\u00e3o<\/strong> durante o trabalho \u00e9 um desafio comum. Alguns ch\u00e1s naturais, como o de <strong>ginseng<\/strong> e o de <strong>alecrim<\/strong>, s\u00e3o excelentes aliados para melhorar a mem\u00f3ria, reduzir o cansa\u00e7o mental e estimular o desempenho cognitivo di\u00e1rio.<\/p>\n\n\n\n<h2 class=\"wp-block-heading\">Por que certos ch\u00e1s melhoram o foco e a produtividade?<\/h2>\n\n\n\n<p>Alguns ch\u00e1s cont\u00eam compostos naturais que atuam diretamente no sistema nervoso central, estimulando a <strong>aten\u00e7\u00e3o<\/strong> e reduzindo a sensa\u00e7\u00e3o de fadiga. Al\u00e9m disso, eles ajudam a equilibrar os n\u00edveis de energia e a manter o c\u00e9rebro mais ativo e desperto durante o trabalho.<\/p>\n\n\n\n<p>Essas bebidas s\u00e3o alternativas saud\u00e1veis ao caf\u00e9, j\u00e1 que oferecem energia gradual e benef\u00edcios antioxidantes. Incorporar ch\u00e1s funcionais \u00e0 rotina pode ser uma estrat\u00e9gia eficaz para quem busca maior<a href=\"https:\/\/portal.pucrs.br\/noticias\/saude\/5-formas-de-melhorar-a-concentracao-e-o-foco\/\" target=\"_blank\" rel=\"noreferrer noopener\"> <strong>foco mental<\/strong><\/a> e desempenho constante ao longo do dia.<\/p>\n\n\n\n<figure class=\"wp-block-image size-large\"><img loading=\"lazy\" decoding=\"async\" width=\"1024\" height=\"576\" src=\"https:\/\/www.em.com.br\/emfoco\/wp-content\/uploads\/2025\/11\/Cha-de-ginseng_1762968703286-1024x576.jpg\" alt=\"Os ch\u00e1s mais eficazes para turbinar foco e mem\u00f3ria durante o trabalho\" class=\"wp-image-126580\" srcset=\"https:\/\/www.em.com.br\/emfoco\/wp-content\/uploads\/2025\/11\/Cha-de-ginseng_1762968703286-1024x576.jpg 1024w, https:\/\/www.em.com.br\/emfoco\/wp-content\/uploads\/2025\/11\/Cha-de-ginseng_1762968703286-300x169.jpg 300w, https:\/\/www.em.com.br\/emfoco\/wp-content\/uploads\/2025\/11\/Cha-de-ginseng_1762968703286-768x432.jpg 768w, https:\/\/www.em.com.br\/emfoco\/wp-content\/uploads\/2025\/11\/Cha-de-ginseng_1762968703286-750x422.jpg 750w, https:\/\/www.em.com.br\/emfoco\/wp-content\/uploads\/2025\/11\/Cha-de-ginseng_1762968703286-1140x641.jpg 1140w, https:\/\/www.em.com.br\/emfoco\/wp-content\/uploads\/2025\/11\/Cha-de-ginseng_1762968703286.jpg 1280w\" sizes=\"auto, (max-width: 1024px) 100vw, 1024px\" \/><figcaption class=\"wp-element-caption\">O ch\u00e1 de ginseng aumenta o foco e reduz o cansa\u00e7o mental &#8211; Cr\u00e9ditos: depositphotos.com \/ eva_2781<\/figcaption><\/figure>\n\n\n\n<h2 class=\"wp-block-heading\">Quais ch\u00e1s realmente ajudam na concentra\u00e7\u00e3o e na mem\u00f3ria?<\/h2>\n\n\n\n<p>Algumas infus\u00f5es se destacam por seus efeitos comprovados na cogni\u00e7\u00e3o e na vitalidade mental. Confira na lista abaixo quais ch\u00e1s s\u00e3o ideais para estimular o <strong>c\u00e9rebro<\/strong> e manter o foco durante as tarefas de trabalho.<\/p>\n\n\n\n<ul class=\"wp-block-list\">\n<li><strong>Ch\u00e1 de ginseng:<\/strong> aumenta a resist\u00eancia mental, reduz o cansa\u00e7o e melhora a concentra\u00e7\u00e3o.<\/li>\n\n\n\n<li><strong>Ch\u00e1 de alecrim:<\/strong> estimula a circula\u00e7\u00e3o cerebral e potencializa a mem\u00f3ria e a aten\u00e7\u00e3o.<\/li>\n\n\n\n<li><strong>Ch\u00e1-verde:<\/strong> cont\u00e9m cafe\u00edna natural e L-teanina, que equilibram energia e tranquilidade.<\/li>\n<\/ul>\n\n\n\n<p><em>Leia mais: <strong><a href=\"https:\/\/www.em.com.br\/emfoco\/2025\/09\/17\/separar-o-celular-da-rotina-noturna-ajuda-no-sono-e-na-produtividade\/\" target=\"_blank\" rel=\"noreferrer noopener\">Separar o celular da rotina noturna ajuda no sono e na produtividade<\/a><\/strong><\/em><\/p>\n\n\n\n<h2 class=\"wp-block-heading\">Como preparar o ch\u00e1 ideal para manter a mente ativa?<\/h2>\n\n\n\n<p>Para aproveitar ao m\u00e1ximo os benef\u00edcios do ch\u00e1, a prepara\u00e7\u00e3o deve ser cuidadosa. A temperatura da \u00e1gua n\u00e3o pode ser muito alta, pois isso destr\u00f3i os compostos bioativos respons\u00e1veis pelos efeitos de <strong>est\u00edmulo cognitivo<\/strong> e clareza mental.<\/p>\n\n\n\n<p>Seguir o modo de preparo correto \u00e9 essencial para obter todos os benef\u00edcios do <strong>ch\u00e1 de ginseng<\/strong>, do <strong>ch\u00e1 de alecrim<\/strong> e do <strong>ch\u00e1-verde<\/strong>. Veja o passo a passo detalhado para fazer cada um deles da forma ideal.<\/p>\n\n\n\n<ul class=\"wp-block-list\">\n<li><strong>Ch\u00e1-verde:<\/strong> aque\u00e7a a \u00e1gua at\u00e9 80 \u00b0C, adicione 1 colher de ch\u00e1 das folhas, deixe por 3 minutos e coe antes de beber.<\/li>\n\n\n\n<li><strong>Ch\u00e1 de ginseng:<\/strong> ferva 250 ml de \u00e1gua, adicione 1 colher de ch\u00e1 da raiz seca, tampe e deixe em infus\u00e3o por 10 minutos antes de coar.<\/li>\n\n\n\n<li><strong>Ch\u00e1 de alecrim:<\/strong> aque\u00e7a 250 ml de \u00e1gua at\u00e9 quase ferver, coloque 1 ramo fresco ou 1 colher de ch\u00e1 das folhas secas, tampe e espere 8 minutos.<\/li>\n<\/ul>\n\n\n\n<figure class=\"wp-block-image size-large\"><img loading=\"lazy\" decoding=\"async\" width=\"1024\" height=\"576\" src=\"https:\/\/www.em.com.br\/emfoco\/wp-content\/uploads\/2025\/11\/Cha-de-alecrim_1762968773930-1024x576.jpg\" alt=\"Os ch\u00e1s mais eficazes para turbinar foco e mem\u00f3ria durante o trabalho\" class=\"wp-image-126582\" srcset=\"https:\/\/www.em.com.br\/emfoco\/wp-content\/uploads\/2025\/11\/Cha-de-alecrim_1762968773930-1024x576.jpg 1024w, https:\/\/www.em.com.br\/emfoco\/wp-content\/uploads\/2025\/11\/Cha-de-alecrim_1762968773930-300x169.jpg 300w, https:\/\/www.em.com.br\/emfoco\/wp-content\/uploads\/2025\/11\/Cha-de-alecrim_1762968773930-768x432.jpg 768w, https:\/\/www.em.com.br\/emfoco\/wp-content\/uploads\/2025\/11\/Cha-de-alecrim_1762968773930-750x422.jpg 750w, https:\/\/www.em.com.br\/emfoco\/wp-content\/uploads\/2025\/11\/Cha-de-alecrim_1762968773930-1140x641.jpg 1140w, https:\/\/www.em.com.br\/emfoco\/wp-content\/uploads\/2025\/11\/Cha-de-alecrim_1762968773930.jpg 1280w\" sizes=\"auto, (max-width: 1024px) 100vw, 1024px\" \/><figcaption class=\"wp-element-caption\">O alecrim estimula a circula\u00e7\u00e3o cerebral e fortalece a mem\u00f3ria &#8211; Cr\u00e9ditos: depositphotos.com \/ oilslo<\/figcaption><\/figure>\n\n\n\n<h2 class=\"wp-block-heading\">Quais h\u00e1bitos potencializam os efeitos dos ch\u00e1s durante o trabalho?<\/h2>\n\n\n\n<p>Os ch\u00e1s atuam melhor quando combinados com boas pr\u00e1ticas di\u00e1rias que favorecem o desempenho mental. Veja na lista abaixo algumas a\u00e7\u00f5es simples que potencializam os efeitos do <strong>ch\u00e1 de ginseng<\/strong> e do <strong>ch\u00e1 de alecrim<\/strong> no ambiente de trabalho.<\/p>\n\n\n\n<ul class=\"wp-block-list\">\n<li>Fa\u00e7a pequenas pausas a cada hora para aliviar a tens\u00e3o mental.<\/li>\n\n\n\n<li>Evite o excesso de cafe\u00edna para n\u00e3o causar ansiedade ou ins\u00f4nia.<\/li>\n\n\n\n<li>Pratique respira\u00e7\u00e3o consciente antes de iniciar tarefas complexas.<\/li>\n<\/ul>\n\n\n\n<p><\/p>\n","protected":false},"excerpt":{"rendered":"<p>Manter a concentra\u00e7\u00e3o durante o trabalho \u00e9 um desafio comum. Alguns ch\u00e1s naturais, como o de ginseng e o de alecrim, s\u00e3o excelentes aliados para melhorar a mem\u00f3ria, reduzir o cansa\u00e7o mental e estimular o desempenho cognitivo di\u00e1rio. Por que certos ch\u00e1s melhoram o foco e a produtividade? Alguns ch\u00e1s cont\u00eam compostos naturais que atuam [&hellip;]<\/p>\n","protected":false},"author":13,"featured_media":126579,"comment_status":"open","ping_status":"open","sticky":false,"template":"","format":"standard","meta":{"jnews-multi-image_gallery":[],"jnews_single_post":{"format":"standard"},"jnews_primary_category":[],"jnews_social_meta":[],"jnews_override_counter":[],"footnotes":""},"categories":[8819],"tags":[18758,18757,12341],"class_list":["post-126548","post","type-post","status-publish","format-standard","has-post-thumbnail","hentry","category-curiosidades","tag-cha-de-foco","tag-cha-energetico","tag-clareza-mental"],"yoast_head":"<!-- This site is optimized with the Yoast SEO plugin v23.8 - https:\/\/yoast.com\/wordpress\/plugins\/seo\/ -->\n<title>Os ch\u00e1s mais eficazes para turbinar foco e mem\u00f3ria durante o trabalho - Estado de Minas - Em foco<\/title>\n<meta name=\"description\" content=\"Esses ch\u00e1s naturais est\u00e3o virando o segredo de quem precisa de foco e mem\u00f3ria no trabalho. Veja por que eles est\u00e3o substituindo o caf\u00e9.\" \/>\n<meta name=\"robots\" content=\"index, follow, max-snippet:-1, max-image-preview:large, max-video-preview:-1\" \/>\n<link rel=\"canonical\" href=\"https:\/\/www.em.com.br\/emfoco\/2025\/11\/14\/os-chas-mais-eficazes-para-turbinar-foco-e-memoria-durante-o-trabalho\/\" \/>\n<meta property=\"og:locale\" content=\"pt_BR\" \/>\n<meta property=\"og:type\" content=\"article\" \/>\n<meta property=\"og:title\" content=\"Os ch\u00e1s mais eficazes para turbinar foco e mem\u00f3ria durante o trabalho - Estado de Minas - Em foco\" \/>\n<meta property=\"og:description\" content=\"Esses ch\u00e1s naturais est\u00e3o virando o segredo de quem precisa de foco e mem\u00f3ria no trabalho. Veja por que eles est\u00e3o substituindo o caf\u00e9.\" \/>\n<meta property=\"og:url\" content=\"https:\/\/www.em.com.br\/emfoco\/2025\/11\/14\/os-chas-mais-eficazes-para-turbinar-foco-e-memoria-durante-o-trabalho\/\" \/>\n<meta property=\"og:site_name\" content=\"Estado de Minas - Em foco\" \/>\n<meta property=\"article:published_time\" content=\"2025-11-14T17:05:00+00:00\" \/>\n<meta property=\"article:modified_time\" content=\"2025-11-14T01:54:53+00:00\" \/>\n<meta property=\"og:image\" content=\"https:\/\/www.em.com.br\/emfoco\/wp-content\/uploads\/2025\/11\/Cha-produtividade_1762968669528.jpg\" \/>\n\t<meta property=\"og:image:width\" content=\"1280\" \/>\n\t<meta property=\"og:image:height\" content=\"720\" \/>\n\t<meta property=\"og:image:type\" content=\"image\/jpeg\" \/>\n<meta name=\"author\" content=\"Gabriel Martins\" \/>\n<meta name=\"twitter:card\" content=\"summary_large_image\" \/>\n<meta name=\"twitter:label1\" content=\"Escrito por\" \/>\n\t<meta name=\"twitter:data1\" content=\"Gabriel Martins\" \/>\n\t<meta name=\"twitter:label2\" content=\"Est. tempo de leitura\" \/>\n\t<meta name=\"twitter:data2\" content=\"4 minutos\" \/>\n<!-- \/ Yoast SEO plugin. -->","yoast_head_json":{"title":"Os ch\u00e1s mais eficazes para turbinar foco e mem\u00f3ria durante o trabalho - Estado de Minas - Em foco","description":"Esses ch\u00e1s naturais est\u00e3o virando o segredo de quem precisa de foco e mem\u00f3ria no trabalho. Veja por que eles est\u00e3o substituindo o caf\u00e9.","robots":{"index":"index","follow":"follow","max-snippet":"max-snippet:-1","max-image-preview":"max-image-preview:large","max-video-preview":"max-video-preview:-1"},"canonical":"https:\/\/www.em.com.br\/emfoco\/2025\/11\/14\/os-chas-mais-eficazes-para-turbinar-foco-e-memoria-durante-o-trabalho\/","og_locale":"pt_BR","og_type":"article","og_title":"Os ch\u00e1s mais eficazes para turbinar foco e mem\u00f3ria durante o trabalho - Estado de Minas - Em foco","og_description":"Esses ch\u00e1s naturais est\u00e3o virando o segredo de quem precisa de foco e mem\u00f3ria no trabalho. Veja por que eles est\u00e3o substituindo o caf\u00e9.","og_url":"https:\/\/www.em.com.br\/emfoco\/2025\/11\/14\/os-chas-mais-eficazes-para-turbinar-foco-e-memoria-durante-o-trabalho\/","og_site_name":"Estado de Minas - Em foco","article_published_time":"2025-11-14T17:05:00+00:00","article_modified_time":"2025-11-14T01:54:53+00:00","og_image":[{"width":1280,"height":720,"url":"https:\/\/www.em.com.br\/emfoco\/wp-content\/uploads\/2025\/11\/Cha-produtividade_1762968669528.jpg","type":"image\/jpeg"}],"author":"Gabriel Martins","twitter_card":"summary_large_image","twitter_misc":{"Escrito por":"Gabriel Martins","Est. tempo de leitura":"4 minutos"},"schema":{"@context":"https:\/\/schema.org","@graph":[{"@type":"WebPage","@id":"https:\/\/www.em.com.br\/emfoco\/2025\/11\/14\/os-chas-mais-eficazes-para-turbinar-foco-e-memoria-durante-o-trabalho\/","url":"https:\/\/www.em.com.br\/emfoco\/2025\/11\/14\/os-chas-mais-eficazes-para-turbinar-foco-e-memoria-durante-o-trabalho\/","name":"Os ch\u00e1s mais eficazes para turbinar foco e mem\u00f3ria durante o trabalho - Estado de Minas - Em foco","isPartOf":{"@id":"https:\/\/www.em.com.br\/emfoco\/#website"},"primaryImageOfPage":{"@id":"https:\/\/www.em.com.br\/emfoco\/2025\/11\/14\/os-chas-mais-eficazes-para-turbinar-foco-e-memoria-durante-o-trabalho\/#primaryimage"},"image":{"@id":"https:\/\/www.em.com.br\/emfoco\/2025\/11\/14\/os-chas-mais-eficazes-para-turbinar-foco-e-memoria-durante-o-trabalho\/#primaryimage"},"thumbnailUrl":"https:\/\/www.em.com.br\/emfoco\/wp-content\/uploads\/2025\/11\/Cha-produtividade_1762968669528.jpg","datePublished":"2025-11-14T17:05:00+00:00","dateModified":"2025-11-14T01:54:53+00:00","author":{"@id":"https:\/\/www.em.com.br\/emfoco\/#\/schema\/person\/1c9ddeab18b98abeffef834667bcf08a"},"description":"Esses ch\u00e1s naturais est\u00e3o virando o segredo de quem precisa de foco e mem\u00f3ria no trabalho. Veja por que eles est\u00e3o substituindo o caf\u00e9.","breadcrumb":{"@id":"https:\/\/www.em.com.br\/emfoco\/2025\/11\/14\/os-chas-mais-eficazes-para-turbinar-foco-e-memoria-durante-o-trabalho\/#breadcrumb"},"inLanguage":"pt-BR","potentialAction":[{"@type":"ReadAction","target":["https:\/\/www.em.com.br\/emfoco\/2025\/11\/14\/os-chas-mais-eficazes-para-turbinar-foco-e-memoria-durante-o-trabalho\/"]}]},{"@type":"ImageObject","inLanguage":"pt-BR","@id":"https:\/\/www.em.com.br\/emfoco\/2025\/11\/14\/os-chas-mais-eficazes-para-turbinar-foco-e-memoria-durante-o-trabalho\/#primaryimage","url":"https:\/\/www.em.com.br\/emfoco\/wp-content\/uploads\/2025\/11\/Cha-produtividade_1762968669528.jpg","contentUrl":"https:\/\/www.em.com.br\/emfoco\/wp-content\/uploads\/2025\/11\/Cha-produtividade_1762968669528.jpg","width":1280,"height":720,"caption":"Ch\u00e1s naturais melhoram o foco, a energia e a produtividade no trabalho - Cr\u00e9ditos: depositphotos.com \/ HayDmitriy"},{"@type":"BreadcrumbList","@id":"https:\/\/www.em.com.br\/emfoco\/2025\/11\/14\/os-chas-mais-eficazes-para-turbinar-foco-e-memoria-durante-o-trabalho\/#breadcrumb","itemListElement":[{"@type":"ListItem","position":1,"name":"In\u00edcio","item":"https:\/\/www.em.com.br\/emfoco\/"},{"@type":"ListItem","position":2,"name":"Os ch\u00e1s mais eficazes para turbinar foco e mem\u00f3ria durante o trabalho"}]},{"@type":"WebSite","@id":"https:\/\/www.em.com.br\/emfoco\/#website","url":"https:\/\/www.em.com.br\/emfoco\/","name":"Estado de Minas - Em foco","description":"Acompanhe as \u00faltimas not\u00edcias e fique bem informado sobre tudo o que acontece em Minas Gerais, Brasil e no mundo.","potentialAction":[{"@type":"SearchAction","target":{"@type":"EntryPoint","urlTemplate":"https:\/\/www.em.com.br\/emfoco\/?s={search_term_string}"},"query-input":{"@type":"PropertyValueSpecification","valueRequired":true,"valueName":"search_term_string"}}],"inLanguage":"pt-BR"},{"@type":"Person","@id":"https:\/\/www.em.com.br\/emfoco\/#\/schema\/person\/1c9ddeab18b98abeffef834667bcf08a","name":"Gabriel Martins","image":{"@type":"ImageObject","inLanguage":"pt-BR","@id":"https:\/\/www.em.com.br\/emfoco\/#\/schema\/person\/image\/","url":"https:\/\/secure.gravatar.com\/avatar\/f0f1e2efdfd88f1ad2cb08c5c2731e50?s=96&d=mm&r=g","contentUrl":"https:\/\/secure.gravatar.com\/avatar\/f0f1e2efdfd88f1ad2cb08c5c2731e50?s=96&d=mm&r=g","caption":"Gabriel Martins"},"sameAs":["https:\/\/www.em.com.br\/emfoco\/"],"url":"https:\/\/www.em.com.br\/emfoco\/author\/gabrielmartinsmyth\/"}]}},"_links":{"self":[{"href":"https:\/\/www.em.com.br\/emfoco\/wp-json\/wp\/v2\/posts\/126548","targetHints":{"allow":["GET"]}}],"collection":[{"href":"https:\/\/www.em.com.br\/emfoco\/wp-json\/wp\/v2\/posts"}],"about":[{"href":"https:\/\/www.em.com.br\/emfoco\/wp-json\/wp\/v2\/types\/post"}],"author":[{"embeddable":true,"href":"https:\/\/www.em.com.br\/emfoco\/wp-json\/wp\/v2\/users\/13"}],"replies":[{"embeddable":true,"href":"https:\/\/www.em.com.br\/emfoco\/wp-json\/wp\/v2\/comments?post=126548"}],"version-history":[{"count":1,"href":"https:\/\/www.em.com.br\/emfoco\/wp-json\/wp\/v2\/posts\/126548\/revisions"}],"predecessor-version":[{"id":126583,"href":"https:\/\/www.em.com.br\/emfoco\/wp-json\/wp\/v2\/posts\/126548\/revisions\/126583"}],"wp:featuredmedia":[{"embeddable":true,"href":"https:\/\/www.em.com.br\/emfoco\/wp-json\/wp\/v2\/media\/126579"}],"wp:attachment":[{"href":"https:\/\/www.em.com.br\/emfoco\/wp-json\/wp\/v2\/media?parent=126548"}],"wp:term":[{"taxonomy":"category","embeddable":true,"href":"https:\/\/www.em.com.br\/emfoco\/wp-json\/wp\/v2\/categories?post=126548"},{"taxonomy":"post_tag","embeddable":true,"href":"https:\/\/www.em.com.br\/emfoco\/wp-json\/wp\/v2\/tags?post=126548"}],"curies":[{"name":"wp","href":"https:\/\/api.w.org\/{rel}","templated":true}]}}