{"id":126514,"date":"2025-11-12T18:30:00","date_gmt":"2025-11-12T21:30:00","guid":{"rendered":"https:\/\/www.em.com.br\/emfoco\/?p=126514"},"modified":"2025-11-12T11:53:21","modified_gmt":"2025-11-12T14:53:21","slug":"todas-as-escolas-estarao-fechadas-dia-17-11-nao-havera-aulas-de-pre-escola-ensino-fundamental-e-medio","status":"publish","type":"post","link":"https:\/\/www.em.com.br\/emfoco\/2025\/11\/12\/todas-as-escolas-estarao-fechadas-dia-17-11-nao-havera-aulas-de-pre-escola-ensino-fundamental-e-medio\/","title":{"rendered":"Todas as escolas estar\u00e3o fechadas dia 17\/11; n\u00e3o haver\u00e1 aulas de pr\u00e9-escola, ensino fundamental\u00a0e\u00a0m\u00e9dio"},"content":{"rendered":"\n<p>No dia 17 de novembro de 2025, o\u00a0<strong>munic\u00edpio de B\u00e1lsamo<\/strong>, localizado no interior do\u00a0<strong>estado de S\u00e3o Paulo<\/strong>, comemora seu anivers\u00e1rio de funda\u00e7\u00e3o, estabelecido como feriado municipal segundo a\u00a0<strong><a href=\"http:\/\/www.leinasnuvens.com.br\/legislacao\/SP\/balsamo\/1967\/junho\/497.php\" target=\"_blank\" rel=\"noreferrer noopener\">Lei n\u00ba 497 de 1967<\/a><\/strong>. A celebra\u00e7\u00e3o altera a rotina local, principalmente nos setores de educa\u00e7\u00e3o, bancos e com\u00e9rcio, tornando-se um marco importante para seus moradores.<\/p>\n\n\n\n<h2 class=\"wp-block-heading\">Como o feriado municipal afeta as escolas em B\u00e1lsamo<\/h2>\n\n\n\n<p>As institui\u00e7\u00f5es de ensino de&nbsp;<strong>B\u00e1lsamo<\/strong>&nbsp;suspendem as atividades no dia 17 de novembro de 2025. O calend\u00e1rio escolar do munic\u00edpio j\u00e1 prev\u00ea essa pausa, permitindo o envolvimento de professores e estudantes nas comemora\u00e7\u00f5es c\u00edvicas.<\/p>\n\n\n\n<p>Esse recesso tamb\u00e9m possibilita momentos de lazer para a comunidade escolar, valorizando a tradi\u00e7\u00e3o local e fortalecendo a participa\u00e7\u00e3o social na data comemorativa.<\/p>\n\n\n\n<figure class=\"wp-block-image\"><img decoding=\"async\" src=\"https:\/\/www.em.com.br\/emfoco\/wp-content\/uploads\/2025\/09\/escola_1756819842004-1024x576.jpg\" alt=\"\"\/><figcaption class=\"wp-element-caption\">Sem aulas nas escolas &#8211; Cr\u00e9ditos: depositphotos.com \/ ArturVerkhovetskiy<\/figcaption><\/figure>\n\n\n\n<h2 class=\"wp-block-heading\">Bancos funcionar\u00e3o normalmente em B\u00e1lsamo durante o feriado<\/h2>\n\n\n\n<p>No feriado municipal de 17 de novembro, as ag\u00eancias banc\u00e1rias estar\u00e3o fechadas na cidade. Portanto, quem precisa realizar opera\u00e7\u00f5es financeiras deve se planejar e antecipar suas atividades para evitar transtornos.<\/p>\n\n\n\n<p>Os meios digitais permanecem dispon\u00edveis, mas movimenta\u00e7\u00f5es presenciais n\u00e3o poder\u00e3o ser feitas nesse dia.<\/p>\n\n\n\n<figure class=\"wp-block-image\"><img decoding=\"async\" src=\"https:\/\/www.em.com.br\/emfoco\/wp-content\/uploads\/2025\/07\/caixa-eletronico-fechado_1751986855021-1024x576.jpg\" alt=\"\"\/><figcaption class=\"wp-element-caption\">Caixa eletr\u00f4nico desligado &#8211; Cr\u00e9ditos: depositphotos.com \/ sir2701<\/figcaption><\/figure>\n\n\n\n<h2 class=\"wp-block-heading\">Funcionamento especial do com\u00e9rcio local no Dia do Munic\u00edpio<\/h2>\n\n\n\n<p>O com\u00e9rcio pode adotar hor\u00e1rios reduzidos ou especiais no feriado municipal em&nbsp;<strong>B\u00e1lsamo<\/strong>. Cada estabelecimento tem autonomia para decidir se ir\u00e1 abrir as portas, ajustando o expediente conforme a demanda das celebra\u00e7\u00f5es.<\/p>\n\n\n\n<p>Nesse contexto, \u00e9 importante que a popula\u00e7\u00e3o local esteja atenta aos comunicados dos lojistas, garantindo o acesso aos servi\u00e7os essenciais.<\/p>\n\n\n\n<ul class=\"wp-block-list\">\n<li>Hor\u00e1rios alternativos em lojas e mercados locais.<\/li>\n\n\n\n<li>Flexibilidade para atendimento ao p\u00fablico durante as festividades.<\/li>\n\n\n\n<li>Possibilidade de fechamento total de parte dos estabelecimentos.<\/li>\n<\/ul>\n\n\n\n<h2 class=\"wp-block-heading\">O impacto do Dia do Munic\u00edpio na rotina dos moradores de B\u00e1lsamo<\/h2>\n\n\n\n<p>O feriado traz mudan\u00e7as expressivas nos servi\u00e7os p\u00fablicos, na educa\u00e7\u00e3o, setor banc\u00e1rio e com\u00e9rcio. Busca promover a uni\u00e3o da comunidade em torno da hist\u00f3ria e das conquistas do munic\u00edpio.<\/p>\n\n\n\n<p>Mesmo com algumas limita\u00e7\u00f5es, o momento \u00e9 valorizado pelos cidad\u00e3os, que aproveitam o recesso para celebrar e fortalecer o sentimento de pertencimento \u00e0 cidade.<\/p>\n\n\n\n<p><\/p>\n","protected":false},"excerpt":{"rendered":"<p>No dia 17 de novembro de 2025, o\u00a0munic\u00edpio de B\u00e1lsamo, localizado no interior do\u00a0estado de S\u00e3o Paulo, comemora seu anivers\u00e1rio de funda\u00e7\u00e3o, estabelecido como feriado municipal segundo a\u00a0Lei n\u00ba 497 de 1967. A celebra\u00e7\u00e3o altera a rotina local, principalmente nos setores de educa\u00e7\u00e3o, bancos e com\u00e9rcio, tornando-se um marco importante para seus moradores. Como o [&hellip;]<\/p>\n","protected":false},"author":11,"featured_media":126515,"comment_status":"open","ping_status":"open","sticky":false,"template":"","format":"standard","meta":{"jnews-multi-image_gallery":[],"jnews_single_post":{"format":"standard"},"jnews_primary_category":[],"jnews_social_meta":[],"jnews_override_counter":[],"footnotes":""},"categories":[28,1],"tags":[16200,13078,464,3688,263,870],"class_list":["post-126514","post","type-post","status-publish","format-standard","has-post-thumbnail","hentry","category-economia","category-noticias","tag-aulas","tag-balsamo","tag-descanso","tag-escolas","tag-feriado","tag-feriado-municipal"],"yoast_head":"<!-- This site is optimized with the Yoast SEO plugin v23.8 - https:\/\/yoast.com\/wordpress\/plugins\/seo\/ -->\n<title>Todas as escolas estar\u00e3o fechadas dia 17\/11; n\u00e3o haver\u00e1 aulas de pr\u00e9-escola, ensino fundamental\u00a0e\u00a0m\u00e9dio - Estado de Minas - Em foco<\/title>\n<meta name=\"description\" content=\"Feriado do Dia do Munic\u00edpio altera rotina de B\u00e1lsamo-SP. Confira o que abre e fecha no dia 17 de novembro de 2025.\" \/>\n<meta name=\"robots\" content=\"index, follow, max-snippet:-1, max-image-preview:large, max-video-preview:-1\" \/>\n<link rel=\"canonical\" href=\"https:\/\/www.em.com.br\/emfoco\/2025\/11\/12\/todas-as-escolas-estarao-fechadas-dia-17-11-nao-havera-aulas-de-pre-escola-ensino-fundamental-e-medio\/\" \/>\n<meta property=\"og:locale\" content=\"pt_BR\" \/>\n<meta property=\"og:type\" content=\"article\" \/>\n<meta property=\"og:title\" content=\"Todas as escolas estar\u00e3o fechadas dia 17\/11; n\u00e3o haver\u00e1 aulas de pr\u00e9-escola, ensino fundamental\u00a0e\u00a0m\u00e9dio - Estado de Minas - Em foco\" \/>\n<meta property=\"og:description\" content=\"Feriado do Dia do Munic\u00edpio altera rotina de B\u00e1lsamo-SP. Confira o que abre e fecha no dia 17 de novembro de 2025.\" \/>\n<meta property=\"og:url\" content=\"https:\/\/www.em.com.br\/emfoco\/2025\/11\/12\/todas-as-escolas-estarao-fechadas-dia-17-11-nao-havera-aulas-de-pre-escola-ensino-fundamental-e-medio\/\" \/>\n<meta property=\"og:site_name\" content=\"Estado de Minas - Em foco\" \/>\n<meta property=\"article:published_time\" content=\"2025-11-12T21:30:00+00:00\" \/>\n<meta property=\"article:modified_time\" content=\"2025-11-12T14:53:21+00:00\" \/>\n<meta property=\"og:image\" content=\"https:\/\/www.em.com.br\/emfoco\/wp-content\/uploads\/2025\/11\/Gemini_Generated_Image_xktauqxktauqxkta-1.png\" \/>\n\t<meta property=\"og:image:width\" content=\"1280\" \/>\n\t<meta property=\"og:image:height\" content=\"720\" \/>\n\t<meta property=\"og:image:type\" content=\"image\/png\" \/>\n<meta name=\"author\" content=\"Andre\u0301 Rangel\u00a0\" \/>\n<meta name=\"twitter:card\" content=\"summary_large_image\" \/>\n<meta name=\"twitter:label1\" content=\"Escrito por\" \/>\n\t<meta name=\"twitter:data1\" content=\"Andre\u0301 Rangel\u00a0\" \/>\n\t<meta name=\"twitter:label2\" content=\"Est. tempo de leitura\" \/>\n\t<meta name=\"twitter:data2\" content=\"3 minutos\" \/>\n<!-- \/ Yoast SEO plugin. -->","yoast_head_json":{"title":"Todas as escolas estar\u00e3o fechadas dia 17\/11; n\u00e3o haver\u00e1 aulas de pr\u00e9-escola, ensino fundamental\u00a0e\u00a0m\u00e9dio - Estado de Minas - Em foco","description":"Feriado do Dia do Munic\u00edpio altera rotina de B\u00e1lsamo-SP. Confira o que abre e fecha no dia 17 de novembro de 2025.","robots":{"index":"index","follow":"follow","max-snippet":"max-snippet:-1","max-image-preview":"max-image-preview:large","max-video-preview":"max-video-preview:-1"},"canonical":"https:\/\/www.em.com.br\/emfoco\/2025\/11\/12\/todas-as-escolas-estarao-fechadas-dia-17-11-nao-havera-aulas-de-pre-escola-ensino-fundamental-e-medio\/","og_locale":"pt_BR","og_type":"article","og_title":"Todas as escolas estar\u00e3o fechadas dia 17\/11; n\u00e3o haver\u00e1 aulas de pr\u00e9-escola, ensino fundamental\u00a0e\u00a0m\u00e9dio - Estado de Minas - Em foco","og_description":"Feriado do Dia do Munic\u00edpio altera rotina de B\u00e1lsamo-SP. Confira o que abre e fecha no dia 17 de novembro de 2025.","og_url":"https:\/\/www.em.com.br\/emfoco\/2025\/11\/12\/todas-as-escolas-estarao-fechadas-dia-17-11-nao-havera-aulas-de-pre-escola-ensino-fundamental-e-medio\/","og_site_name":"Estado de Minas - Em foco","article_published_time":"2025-11-12T21:30:00+00:00","article_modified_time":"2025-11-12T14:53:21+00:00","og_image":[{"width":1280,"height":720,"url":"https:\/\/www.em.com.br\/emfoco\/wp-content\/uploads\/2025\/11\/Gemini_Generated_Image_xktauqxktauqxkta-1.png","type":"image\/png"}],"author":"Andre\u0301 Rangel\u00a0","twitter_card":"summary_large_image","twitter_misc":{"Escrito por":"Andre\u0301 Rangel\u00a0","Est. tempo de leitura":"3 minutos"},"schema":{"@context":"https:\/\/schema.org","@graph":[{"@type":"WebPage","@id":"https:\/\/www.em.com.br\/emfoco\/2025\/11\/12\/todas-as-escolas-estarao-fechadas-dia-17-11-nao-havera-aulas-de-pre-escola-ensino-fundamental-e-medio\/","url":"https:\/\/www.em.com.br\/emfoco\/2025\/11\/12\/todas-as-escolas-estarao-fechadas-dia-17-11-nao-havera-aulas-de-pre-escola-ensino-fundamental-e-medio\/","name":"Todas as escolas estar\u00e3o fechadas dia 17\/11; n\u00e3o haver\u00e1 aulas de pr\u00e9-escola, ensino fundamental\u00a0e\u00a0m\u00e9dio - Estado de Minas - Em foco","isPartOf":{"@id":"https:\/\/www.em.com.br\/emfoco\/#website"},"primaryImageOfPage":{"@id":"https:\/\/www.em.com.br\/emfoco\/2025\/11\/12\/todas-as-escolas-estarao-fechadas-dia-17-11-nao-havera-aulas-de-pre-escola-ensino-fundamental-e-medio\/#primaryimage"},"image":{"@id":"https:\/\/www.em.com.br\/emfoco\/2025\/11\/12\/todas-as-escolas-estarao-fechadas-dia-17-11-nao-havera-aulas-de-pre-escola-ensino-fundamental-e-medio\/#primaryimage"},"thumbnailUrl":"https:\/\/www.em.com.br\/emfoco\/wp-content\/uploads\/2025\/11\/Gemini_Generated_Image_xktauqxktauqxkta-1.png","datePublished":"2025-11-12T21:30:00+00:00","dateModified":"2025-11-12T14:53:21+00:00","author":{"@id":"https:\/\/www.em.com.br\/emfoco\/#\/schema\/person\/60eda09c1fedf0d6891f4cef4b60b8b8"},"description":"Feriado do Dia do Munic\u00edpio altera rotina de B\u00e1lsamo-SP. Confira o que abre e fecha no dia 17 de novembro de 2025.","breadcrumb":{"@id":"https:\/\/www.em.com.br\/emfoco\/2025\/11\/12\/todas-as-escolas-estarao-fechadas-dia-17-11-nao-havera-aulas-de-pre-escola-ensino-fundamental-e-medio\/#breadcrumb"},"inLanguage":"pt-BR","potentialAction":[{"@type":"ReadAction","target":["https:\/\/www.em.com.br\/emfoco\/2025\/11\/12\/todas-as-escolas-estarao-fechadas-dia-17-11-nao-havera-aulas-de-pre-escola-ensino-fundamental-e-medio\/"]}]},{"@type":"ImageObject","inLanguage":"pt-BR","@id":"https:\/\/www.em.com.br\/emfoco\/2025\/11\/12\/todas-as-escolas-estarao-fechadas-dia-17-11-nao-havera-aulas-de-pre-escola-ensino-fundamental-e-medio\/#primaryimage","url":"https:\/\/www.em.com.br\/emfoco\/wp-content\/uploads\/2025\/11\/Gemini_Generated_Image_xktauqxktauqxkta-1.png","contentUrl":"https:\/\/www.em.com.br\/emfoco\/wp-content\/uploads\/2025\/11\/Gemini_Generated_Image_xktauqxktauqxkta-1.png","width":1280,"height":720,"caption":"Feriado sem aulas nas escolas"},{"@type":"BreadcrumbList","@id":"https:\/\/www.em.com.br\/emfoco\/2025\/11\/12\/todas-as-escolas-estarao-fechadas-dia-17-11-nao-havera-aulas-de-pre-escola-ensino-fundamental-e-medio\/#breadcrumb","itemListElement":[{"@type":"ListItem","position":1,"name":"In\u00edcio","item":"https:\/\/www.em.com.br\/emfoco\/"},{"@type":"ListItem","position":2,"name":"Todas as escolas estar\u00e3o fechadas dia 17\/11; n\u00e3o haver\u00e1 aulas de pr\u00e9-escola, ensino fundamental\u00a0e\u00a0m\u00e9dio"}]},{"@type":"WebSite","@id":"https:\/\/www.em.com.br\/emfoco\/#website","url":"https:\/\/www.em.com.br\/emfoco\/","name":"Estado de Minas - Em foco","description":"Acompanhe as \u00faltimas not\u00edcias e fique bem informado sobre tudo o que acontece em Minas Gerais, Brasil e no mundo.","potentialAction":[{"@type":"SearchAction","target":{"@type":"EntryPoint","urlTemplate":"https:\/\/www.em.com.br\/emfoco\/?s={search_term_string}"},"query-input":{"@type":"PropertyValueSpecification","valueRequired":true,"valueName":"search_term_string"}}],"inLanguage":"pt-BR"},{"@type":"Person","@id":"https:\/\/www.em.com.br\/emfoco\/#\/schema\/person\/60eda09c1fedf0d6891f4cef4b60b8b8","name":"Andre\u0301 Rangel\u00a0","image":{"@type":"ImageObject","inLanguage":"pt-BR","@id":"https:\/\/www.em.com.br\/emfoco\/#\/schema\/person\/image\/","url":"https:\/\/secure.gravatar.com\/avatar\/6234dc814c77c8ef6d8bba622c787efc?s=96&d=mm&r=g","contentUrl":"https:\/\/secure.gravatar.com\/avatar\/6234dc814c77c8ef6d8bba622c787efc?s=96&d=mm&r=g","caption":"Andre\u0301 Rangel\u00a0"},"url":"https:\/\/www.em.com.br\/emfoco\/author\/luizmyth\/"}]}},"_links":{"self":[{"href":"https:\/\/www.em.com.br\/emfoco\/wp-json\/wp\/v2\/posts\/126514","targetHints":{"allow":["GET"]}}],"collection":[{"href":"https:\/\/www.em.com.br\/emfoco\/wp-json\/wp\/v2\/posts"}],"about":[{"href":"https:\/\/www.em.com.br\/emfoco\/wp-json\/wp\/v2\/types\/post"}],"author":[{"embeddable":true,"href":"https:\/\/www.em.com.br\/emfoco\/wp-json\/wp\/v2\/users\/11"}],"replies":[{"embeddable":true,"href":"https:\/\/www.em.com.br\/emfoco\/wp-json\/wp\/v2\/comments?post=126514"}],"version-history":[{"count":1,"href":"https:\/\/www.em.com.br\/emfoco\/wp-json\/wp\/v2\/posts\/126514\/revisions"}],"predecessor-version":[{"id":126516,"href":"https:\/\/www.em.com.br\/emfoco\/wp-json\/wp\/v2\/posts\/126514\/revisions\/126516"}],"wp:featuredmedia":[{"embeddable":true,"href":"https:\/\/www.em.com.br\/emfoco\/wp-json\/wp\/v2\/media\/126515"}],"wp:attachment":[{"href":"https:\/\/www.em.com.br\/emfoco\/wp-json\/wp\/v2\/media?parent=126514"}],"wp:term":[{"taxonomy":"category","embeddable":true,"href":"https:\/\/www.em.com.br\/emfoco\/wp-json\/wp\/v2\/categories?post=126514"},{"taxonomy":"post_tag","embeddable":true,"href":"https:\/\/www.em.com.br\/emfoco\/wp-json\/wp\/v2\/tags?post=126514"}],"curies":[{"name":"wp","href":"https:\/\/api.w.org\/{rel}","templated":true}]}}