{"id":126490,"date":"2025-11-13T20:55:00","date_gmt":"2025-11-13T23:55:00","guid":{"rendered":"https:\/\/www.em.com.br\/emfoco\/?p=126490"},"modified":"2025-11-12T18:12:43","modified_gmt":"2025-11-12T21:12:43","slug":"novembro-sera-especial-para-esses-4-signos-vao-se-sentir-mais-leves-emocionalmente","status":"publish","type":"post","link":"https:\/\/www.em.com.br\/emfoco\/2025\/11\/13\/novembro-sera-especial-para-esses-4-signos-vao-se-sentir-mais-leves-emocionalmente\/","title":{"rendered":"Novembro ser\u00e1 especial para esses 4 signos, v\u00e3o se sentir mais leves emocionalmente"},"content":{"rendered":"\n<p>No m\u00eas de novembro, a astrologia revela um cen\u00e1rio de maior tranquilidade emocional e leveza para determinados signos do zod\u00edaco, com destaque para experi\u00eancias positivas diante das influ\u00eancias planet\u00e1rias que favorecem o bem-estar.<\/p>\n\n\n\n<h2 class=\"wp-block-heading\">Quais as tend\u00eancias para C\u00e2ncer e G\u00eameos no campo emocional em novembro<\/h2>\n\n\n\n<p><strong>C\u00e2ncer<\/strong>&nbsp;inicia um ciclo promissor, experimentando al\u00edvio da carga emocional e sensa\u00e7\u00e3o de renova\u00e7\u00e3o. Os astros contribuem para que sentimentos fluam de forma mais leve e natural, sendo importante, contudo, dedicar aten\u00e7\u00e3o especial \u00e0 sa\u00fade.<\/p>\n\n\n\n<p><strong>G\u00eameos<\/strong>\u00a0\u00e9 beneficiado pelas energias de V\u00eanus e J\u00fapiter, encontrando mais<a href=\"https:\/\/www.bcb.gov.br\/estabilidadefinanceira\" target=\"_blank\" rel=\"noreferrer noopener\"> estabilidade financeira<\/a> e emocional. Mesmo com desafios vindos de Merc\u00fario retr\u00f3grado, a postura positiva ajuda a superar pequenas adversidades do cotidiano.<\/p>\n\n\n\n<h2 class=\"wp-block-heading\">Como a influ\u00eancia de V\u00eanus e J\u00fapiter impacta Touro e Peixes neste m\u00eas<\/h2>\n\n\n\n<p>Em novembro, a atua\u00e7\u00e3o de&nbsp;<strong>V\u00eanus<\/strong>&nbsp;e&nbsp;<strong>J\u00fapiter<\/strong>&nbsp;no mapa astral traz mudan\u00e7as not\u00e1veis para alguns signos. Para&nbsp;<strong>Touro<\/strong>, essa combina\u00e7\u00e3o representa maior equil\u00edbrio emocional, al\u00e9m de estimular a reestrutura\u00e7\u00e3o de perspectivas pessoais.<\/p>\n\n\n\n<figure class=\"wp-block-image\"><img decoding=\"async\" src=\"https:\/\/www.em.com.br\/emfoco\/wp-content\/uploads\/2025\/10\/Gemini_Generated_Image_x7cjlyx7cjlyx7cj-1-1024x576.png\" alt=\"\"\/><figcaption class=\"wp-element-caption\">A sorte est\u00e1 mudando e esses signos sentir\u00e3o isso mais forte que nunca<\/figcaption><\/figure>\n\n\n\n<p>Urano retr\u00f3grado ainda afeta&nbsp;<strong>Touro<\/strong>, mas de forma mais sutil, proporcionando liberta\u00e7\u00e3o de antigas inseguran\u00e7as. J\u00e1&nbsp;<strong>Peixes<\/strong>&nbsp;inicia um per\u00edodo de cura interior, revendo emo\u00e7\u00f5es do passado e fortalecendo a autoestima para novos come\u00e7os.<\/p>\n\n\n\n<h2 class=\"wp-block-heading\">Quais pr\u00e1ticas ajudam os signos a aproveitar melhor as energias de novembro<\/h2>\n\n\n\n<p>Novembro \u00e9 uma excelente oportunidade para cuidar do bem-estar e fortalecer a sa\u00fade emocional. Para tirar melhor proveito desse momento, \u00e9 indicado adotar pequenas mudan\u00e7as de h\u00e1bitos e reservar per\u00edodos de lazer e reflex\u00e3o. Veja dicas pr\u00e1ticas que facilitam esse processo:<\/p>\n\n\n\n<ul class=\"wp-block-list\">\n<li>Dedique-se a hobbies ou atividades relaxantes<\/li>\n\n\n\n<li>Transforme o ambiente em casa em um espa\u00e7o harmonioso<\/li>\n\n\n\n<li>Reflita sobre aprendizados e desapegue do passado<\/li>\n\n\n\n<li>D\u00ea valor aos relacionamentos e estimule o di\u00e1logo sincero<\/li>\n<\/ul>\n\n\n\n<h2 class=\"wp-block-heading\">Como cada signo pode potencializar os benef\u00edcios astrais de novembro<\/h2>\n\n\n\n<p><strong>C\u00e2ncer<\/strong>\u00a0pode apostar em atividades ligadas \u00e0 \u00e1gua, como visitas a praias e cachoeiras ou banhos energizantes em casa. Fortalecer la\u00e7os familiares e demonstrar carinho trar\u00e1 mais seguran\u00e7a emocional, e iniciar ou retomar um <a href=\"https:\/\/www.em.com.br\/emfoco\/2025\/09\/07\/o-hobby-mais-recomendado-para-quem-quer-manter-o-cerebro-ativo-depois-dos-50\/\" target=\"_blank\" rel=\"noreferrer noopener\">hobby <\/a>ser\u00e1 muito gratificante.<\/p>\n\n\n\n<p><strong>G\u00eameos<\/strong>&nbsp;encontra no per\u00edodo uma boa oportunidade para ampliar os c\u00edrculos de amizade. Participar de conversas estimulantes, cursos r\u00e1pidos, leituras ou pequenas viagens ajuda a renovar o \u00e2nimo e contribui para a express\u00e3o criativa.<\/p>\n\n\n\n<p><strong>Touro<\/strong>&nbsp;deve focar em rotinas que promovam conforto dom\u00e9stico e bem-estar f\u00edsico, como alimenta\u00e7\u00e3o equilibrada e pr\u00e1ticas de medita\u00e7\u00e3o. Organizar o lar com elementos naturais e compartilhar sentimentos com pessoas pr\u00f3ximas fortalece a rede de apoio.<\/p>\n\n\n\n<p><strong>Peixes<\/strong>&nbsp;se beneficia de pr\u00e1ticas autoconhecimento, como terapia e medita\u00e7\u00e3o guiada, al\u00e9m de atividades art\u00edsticas e espirituais. Reservar momentos para contempla\u00e7\u00e3o e aceita\u00e7\u00e3o das pr\u00f3prias conquistas contribui para a harmonia interior neste ciclo.<\/p>\n","protected":false},"excerpt":{"rendered":"<p>No m\u00eas de novembro, a astrologia revela um cen\u00e1rio de maior tranquilidade emocional e leveza para determinados signos do zod\u00edaco, com destaque para experi\u00eancias positivas diante das influ\u00eancias planet\u00e1rias que favorecem o bem-estar. Quais as tend\u00eancias para C\u00e2ncer e G\u00eameos no campo emocional em novembro C\u00e2ncer&nbsp;inicia um ciclo promissor, experimentando al\u00edvio da carga emocional e [&hellip;]<\/p>\n","protected":false},"author":11,"featured_media":96821,"comment_status":"open","ping_status":"open","sticky":false,"template":"","format":"standard","meta":{"jnews-multi-image_gallery":[],"jnews_single_post":{"format":"standard"},"jnews_primary_category":[],"jnews_social_meta":[],"jnews_override_counter":[],"footnotes":""},"categories":[1,25],"tags":[168,3378,2035],"class_list":["post-126490","post","type-post","status-publish","format-standard","has-post-thumbnail","hentry","category-noticias","category-signos","tag-signos","tag-signos-2025","tag-signos-do-zodiaco"],"yoast_head":"<!-- This site is optimized with the Yoast SEO plugin v23.8 - https:\/\/yoast.com\/wordpress\/plugins\/seo\/ -->\n<title>Novembro ser\u00e1 especial para esses 4 signos, v\u00e3o se sentir mais leves emocionalmente - Estado de Minas - Em foco<\/title>\n<meta name=\"description\" content=\"Novembro traz boas energias e estabilidade emocional. Astrologia aponta m\u00eas de renova\u00e7\u00e3o e bem-estar para quem busca equil\u00edbrio interior.\" \/>\n<meta name=\"robots\" content=\"index, follow, max-snippet:-1, max-image-preview:large, max-video-preview:-1\" \/>\n<link rel=\"canonical\" href=\"https:\/\/www.em.com.br\/emfoco\/2025\/11\/13\/novembro-sera-especial-para-esses-4-signos-vao-se-sentir-mais-leves-emocionalmente\/\" \/>\n<meta property=\"og:locale\" content=\"pt_BR\" \/>\n<meta property=\"og:type\" content=\"article\" \/>\n<meta property=\"og:title\" content=\"Novembro ser\u00e1 especial para esses 4 signos, v\u00e3o se sentir mais leves emocionalmente - Estado de Minas - Em foco\" \/>\n<meta property=\"og:description\" content=\"Novembro traz boas energias e estabilidade emocional. Astrologia aponta m\u00eas de renova\u00e7\u00e3o e bem-estar para quem busca equil\u00edbrio interior.\" \/>\n<meta property=\"og:url\" content=\"https:\/\/www.em.com.br\/emfoco\/2025\/11\/13\/novembro-sera-especial-para-esses-4-signos-vao-se-sentir-mais-leves-emocionalmente\/\" \/>\n<meta property=\"og:site_name\" content=\"Estado de Minas - Em foco\" \/>\n<meta property=\"article:published_time\" content=\"2025-11-13T23:55:00+00:00\" \/>\n<meta property=\"article:modified_time\" content=\"2025-11-12T21:12:43+00:00\" \/>\n<meta property=\"og:image\" content=\"https:\/\/www.em.com.br\/emfoco\/wp-content\/uploads\/2025\/08\/signo-e-a-lua_1756229571848.jpg\" \/>\n\t<meta property=\"og:image:width\" content=\"1280\" \/>\n\t<meta property=\"og:image:height\" content=\"720\" \/>\n\t<meta property=\"og:image:type\" content=\"image\/jpeg\" \/>\n<meta name=\"author\" content=\"Andre\u0301 Rangel\u00a0\" \/>\n<meta name=\"twitter:card\" content=\"summary_large_image\" \/>\n<meta name=\"twitter:label1\" content=\"Escrito por\" \/>\n\t<meta name=\"twitter:data1\" content=\"Andre\u0301 Rangel\u00a0\" \/>\n\t<meta name=\"twitter:label2\" content=\"Est. tempo de leitura\" \/>\n\t<meta name=\"twitter:data2\" content=\"3 minutos\" \/>\n<!-- \/ Yoast SEO plugin. -->","yoast_head_json":{"title":"Novembro ser\u00e1 especial para esses 4 signos, v\u00e3o se sentir mais leves emocionalmente - Estado de Minas - Em foco","description":"Novembro traz boas energias e estabilidade emocional. Astrologia aponta m\u00eas de renova\u00e7\u00e3o e bem-estar para quem busca equil\u00edbrio interior.","robots":{"index":"index","follow":"follow","max-snippet":"max-snippet:-1","max-image-preview":"max-image-preview:large","max-video-preview":"max-video-preview:-1"},"canonical":"https:\/\/www.em.com.br\/emfoco\/2025\/11\/13\/novembro-sera-especial-para-esses-4-signos-vao-se-sentir-mais-leves-emocionalmente\/","og_locale":"pt_BR","og_type":"article","og_title":"Novembro ser\u00e1 especial para esses 4 signos, v\u00e3o se sentir mais leves emocionalmente - Estado de Minas - Em foco","og_description":"Novembro traz boas energias e estabilidade emocional. Astrologia aponta m\u00eas de renova\u00e7\u00e3o e bem-estar para quem busca equil\u00edbrio interior.","og_url":"https:\/\/www.em.com.br\/emfoco\/2025\/11\/13\/novembro-sera-especial-para-esses-4-signos-vao-se-sentir-mais-leves-emocionalmente\/","og_site_name":"Estado de Minas - Em foco","article_published_time":"2025-11-13T23:55:00+00:00","article_modified_time":"2025-11-12T21:12:43+00:00","og_image":[{"width":1280,"height":720,"url":"https:\/\/www.em.com.br\/emfoco\/wp-content\/uploads\/2025\/08\/signo-e-a-lua_1756229571848.jpg","type":"image\/jpeg"}],"author":"Andre\u0301 Rangel\u00a0","twitter_card":"summary_large_image","twitter_misc":{"Escrito por":"Andre\u0301 Rangel\u00a0","Est. tempo de leitura":"3 minutos"},"schema":{"@context":"https:\/\/schema.org","@graph":[{"@type":"WebPage","@id":"https:\/\/www.em.com.br\/emfoco\/2025\/11\/13\/novembro-sera-especial-para-esses-4-signos-vao-se-sentir-mais-leves-emocionalmente\/","url":"https:\/\/www.em.com.br\/emfoco\/2025\/11\/13\/novembro-sera-especial-para-esses-4-signos-vao-se-sentir-mais-leves-emocionalmente\/","name":"Novembro ser\u00e1 especial para esses 4 signos, v\u00e3o se sentir mais leves emocionalmente - Estado de Minas - Em foco","isPartOf":{"@id":"https:\/\/www.em.com.br\/emfoco\/#website"},"primaryImageOfPage":{"@id":"https:\/\/www.em.com.br\/emfoco\/2025\/11\/13\/novembro-sera-especial-para-esses-4-signos-vao-se-sentir-mais-leves-emocionalmente\/#primaryimage"},"image":{"@id":"https:\/\/www.em.com.br\/emfoco\/2025\/11\/13\/novembro-sera-especial-para-esses-4-signos-vao-se-sentir-mais-leves-emocionalmente\/#primaryimage"},"thumbnailUrl":"https:\/\/www.em.com.br\/emfoco\/wp-content\/uploads\/2025\/08\/signo-e-a-lua_1756229571848.jpg","datePublished":"2025-11-13T23:55:00+00:00","dateModified":"2025-11-12T21:12:43+00:00","author":{"@id":"https:\/\/www.em.com.br\/emfoco\/#\/schema\/person\/60eda09c1fedf0d6891f4cef4b60b8b8"},"description":"Novembro traz boas energias e estabilidade emocional. Astrologia aponta m\u00eas de renova\u00e7\u00e3o e bem-estar para quem busca equil\u00edbrio interior.","breadcrumb":{"@id":"https:\/\/www.em.com.br\/emfoco\/2025\/11\/13\/novembro-sera-especial-para-esses-4-signos-vao-se-sentir-mais-leves-emocionalmente\/#breadcrumb"},"inLanguage":"pt-BR","potentialAction":[{"@type":"ReadAction","target":["https:\/\/www.em.com.br\/emfoco\/2025\/11\/13\/novembro-sera-especial-para-esses-4-signos-vao-se-sentir-mais-leves-emocionalmente\/"]}]},{"@type":"ImageObject","inLanguage":"pt-BR","@id":"https:\/\/www.em.com.br\/emfoco\/2025\/11\/13\/novembro-sera-especial-para-esses-4-signos-vao-se-sentir-mais-leves-emocionalmente\/#primaryimage","url":"https:\/\/www.em.com.br\/emfoco\/wp-content\/uploads\/2025\/08\/signo-e-a-lua_1756229571848.jpg","contentUrl":"https:\/\/www.em.com.br\/emfoco\/wp-content\/uploads\/2025\/08\/signo-e-a-lua_1756229571848.jpg","width":1280,"height":720,"caption":"Signos com mais sorte - Cr\u00e9ditos: depositphotos.com \/ rfphoto"},{"@type":"BreadcrumbList","@id":"https:\/\/www.em.com.br\/emfoco\/2025\/11\/13\/novembro-sera-especial-para-esses-4-signos-vao-se-sentir-mais-leves-emocionalmente\/#breadcrumb","itemListElement":[{"@type":"ListItem","position":1,"name":"In\u00edcio","item":"https:\/\/www.em.com.br\/emfoco\/"},{"@type":"ListItem","position":2,"name":"Novembro ser\u00e1 especial para esses 4 signos, v\u00e3o se sentir mais leves emocionalmente"}]},{"@type":"WebSite","@id":"https:\/\/www.em.com.br\/emfoco\/#website","url":"https:\/\/www.em.com.br\/emfoco\/","name":"Estado de Minas - Em foco","description":"Acompanhe as \u00faltimas not\u00edcias e fique bem informado sobre tudo o que acontece em Minas Gerais, Brasil e no mundo.","potentialAction":[{"@type":"SearchAction","target":{"@type":"EntryPoint","urlTemplate":"https:\/\/www.em.com.br\/emfoco\/?s={search_term_string}"},"query-input":{"@type":"PropertyValueSpecification","valueRequired":true,"valueName":"search_term_string"}}],"inLanguage":"pt-BR"},{"@type":"Person","@id":"https:\/\/www.em.com.br\/emfoco\/#\/schema\/person\/60eda09c1fedf0d6891f4cef4b60b8b8","name":"Andre\u0301 Rangel\u00a0","image":{"@type":"ImageObject","inLanguage":"pt-BR","@id":"https:\/\/www.em.com.br\/emfoco\/#\/schema\/person\/image\/","url":"https:\/\/secure.gravatar.com\/avatar\/6234dc814c77c8ef6d8bba622c787efc?s=96&d=mm&r=g","contentUrl":"https:\/\/secure.gravatar.com\/avatar\/6234dc814c77c8ef6d8bba622c787efc?s=96&d=mm&r=g","caption":"Andre\u0301 Rangel\u00a0"},"url":"https:\/\/www.em.com.br\/emfoco\/author\/luizmyth\/"}]}},"_links":{"self":[{"href":"https:\/\/www.em.com.br\/emfoco\/wp-json\/wp\/v2\/posts\/126490","targetHints":{"allow":["GET"]}}],"collection":[{"href":"https:\/\/www.em.com.br\/emfoco\/wp-json\/wp\/v2\/posts"}],"about":[{"href":"https:\/\/www.em.com.br\/emfoco\/wp-json\/wp\/v2\/types\/post"}],"author":[{"embeddable":true,"href":"https:\/\/www.em.com.br\/emfoco\/wp-json\/wp\/v2\/users\/11"}],"replies":[{"embeddable":true,"href":"https:\/\/www.em.com.br\/emfoco\/wp-json\/wp\/v2\/comments?post=126490"}],"version-history":[{"count":3,"href":"https:\/\/www.em.com.br\/emfoco\/wp-json\/wp\/v2\/posts\/126490\/revisions"}],"predecessor-version":[{"id":126769,"href":"https:\/\/www.em.com.br\/emfoco\/wp-json\/wp\/v2\/posts\/126490\/revisions\/126769"}],"wp:featuredmedia":[{"embeddable":true,"href":"https:\/\/www.em.com.br\/emfoco\/wp-json\/wp\/v2\/media\/96821"}],"wp:attachment":[{"href":"https:\/\/www.em.com.br\/emfoco\/wp-json\/wp\/v2\/media?parent=126490"}],"wp:term":[{"taxonomy":"category","embeddable":true,"href":"https:\/\/www.em.com.br\/emfoco\/wp-json\/wp\/v2\/categories?post=126490"},{"taxonomy":"post_tag","embeddable":true,"href":"https:\/\/www.em.com.br\/emfoco\/wp-json\/wp\/v2\/tags?post=126490"}],"curies":[{"name":"wp","href":"https:\/\/api.w.org\/{rel}","templated":true}]}}