{"id":126451,"date":"2025-11-13T11:15:00","date_gmt":"2025-11-13T14:15:00","guid":{"rendered":"https:\/\/www.em.com.br\/emfoco\/?p=126451"},"modified":"2025-11-12T16:46:23","modified_gmt":"2025-11-12T19:46:23","slug":"voce-ja-reparou-na-faixa-bem-na-borda-da-sua-toalha-saiba-para-que-serve-esse-pequeno-detalhe","status":"publish","type":"post","link":"https:\/\/www.em.com.br\/emfoco\/2025\/11\/13\/voce-ja-reparou-na-faixa-bem-na-borda-da-sua-toalha-saiba-para-que-serve-esse-pequeno-detalhe\/","title":{"rendered":"Voc\u00ea j\u00e1 reparou na faixa bem na borda da sua toalha?\u00a0Saiba para que serve esse pequeno detalhe"},"content":{"rendered":"\n<p>Os&nbsp;<strong>detalhes dos objetos cotidianos<\/strong>&nbsp;frequentemente passam despercebidos, mesmo quando desempenham fun\u00e7\u00f5es \u00fateis e interessantes. Tome-se como exemplo as&nbsp;<em>toalhas de banho<\/em>: embora possam parecer simples, o design das suas bordas, especialmente as faixas de tecido mais denso, tem prop\u00f3sitos pr\u00e1ticos que v\u00e3o al\u00e9m da est\u00e9tica.<\/p>\n\n\n\n<h2 class=\"wp-block-heading\">Qual o objetivo das faixas refor\u00e7adas nas toalhas?<\/h2>\n\n\n\n<p>Nas bordas de muitas <a href=\"https:\/\/www.em.com.br\/emfoco\/2025\/11\/08\/toalhas-de-algodao-estao-fora-de-moda-a-nova-tendencia-para-banheiros-esta-dominando-o-mundo\/\" target=\"_blank\" rel=\"noreferrer noopener\">toalhas<\/a>, \u00e9 comum encontrar uma faixa de tecido mais densa, geralmente interpretada apenas como enfeite. No entanto, essa faixa tem uma importante fun\u00e7\u00e3o pr\u00e1tica ao\u00a0<strong>melhorar a durabilidade e a resist\u00eancia<\/strong>\u00a0da toalha, protegendo suas laterais do desgaste precoce.<\/p>\n\n\n\n<p>Al\u00e9m disso, ela atua como um refor\u00e7o estrutural, mantendo a forma da toalha e prevenindo rasgos, o que contribui para prolongar a vida \u00fatil do produto.<\/p>\n\n\n\n<h2 class=\"wp-block-heading\">Como as faixas influenciam na qualidade e durabilidade das toalhas?<\/h2>\n\n\n\n<p>O design das faixas impacta diretamente na resist\u00eancia das toalhas. As bordas refor\u00e7adas suportam melhor as <a href=\"https:\/\/cemara.com.br\/5-tipos-de-tecidos-para-manter-longe-do-amaciante\/\" target=\"_blank\" rel=\"noreferrer noopener\">lavagens constantes<\/a>, tornando o produto mais dur\u00e1vel e vantajoso para quem busca qualidade.<\/p>\n\n\n\n<figure class=\"wp-block-image size-large\"><img loading=\"lazy\" decoding=\"async\" width=\"1024\" height=\"576\" src=\"https:\/\/www.em.com.br\/emfoco\/wp-content\/uploads\/2025\/11\/tolha-de-rosto_1762979523875-1024x576.jpg\" alt=\"\" class=\"wp-image-126695\" srcset=\"https:\/\/www.em.com.br\/emfoco\/wp-content\/uploads\/2025\/11\/tolha-de-rosto_1762979523875-1024x576.jpg 1024w, https:\/\/www.em.com.br\/emfoco\/wp-content\/uploads\/2025\/11\/tolha-de-rosto_1762979523875-300x169.jpg 300w, https:\/\/www.em.com.br\/emfoco\/wp-content\/uploads\/2025\/11\/tolha-de-rosto_1762979523875-768x432.jpg 768w, https:\/\/www.em.com.br\/emfoco\/wp-content\/uploads\/2025\/11\/tolha-de-rosto_1762979523875-750x422.jpg 750w, https:\/\/www.em.com.br\/emfoco\/wp-content\/uploads\/2025\/11\/tolha-de-rosto_1762979523875-1140x641.jpg 1140w, https:\/\/www.em.com.br\/emfoco\/wp-content\/uploads\/2025\/11\/tolha-de-rosto_1762979523875.jpg 1280w\" sizes=\"auto, (max-width: 1024px) 100vw, 1024px\" \/><figcaption class=\"wp-element-caption\">Detalhe escondido nas toalhas tem fun\u00e7\u00e3o que quase ningu\u00e9m imagina &#8211; Cr\u00e9ditos: depositphotos.com \/ vedmed85autor<\/figcaption><\/figure>\n\n\n\n<p>As fibras nessas faixas s\u00e3o geralmente mais grossas e possuem uma trama mais densa, proporcionando um suporte estrutural adicional, o que faz toda a diferen\u00e7a na rotina di\u00e1ria e durante a manuten\u00e7\u00e3o das toalhas.<\/p>\n\n\n\n<h2 class=\"wp-block-heading\">O que observar ao escolher uma toalha de banho de boa qualidade?<\/h2>\n\n\n\n<p>Antes de adquirir uma nova toalha, \u00e9 fundamental prestar aten\u00e7\u00e3o em pequenos detalhes que podem indicar sua durabilidade. As faixas de refor\u00e7o s\u00e3o um indicativo de produtos mais robustos e inovadores.<\/p>\n\n\n\n<p>Veja algumas dicas r\u00e1pidas para identificar boas op\u00e7\u00f5es:<\/p>\n\n\n\n<ul class=\"wp-block-list\">\n<li>Prefira toalhas com faixas bem costuradas e acabamento refor\u00e7ado<\/li>\n\n\n\n<li>Observe se o tecido \u00e9 macio, mas apresenta resist\u00eancia ao toque<\/li>\n\n\n\n<li>Verifique se as bordas se mant\u00eam firmes, mesmo ap\u00f3s manipula\u00e7\u00e3o<\/li>\n\n\n\n<li>Considere marcas reconhecidas, pois geralmente investem em materiais de melhor qualidade<\/li>\n<\/ul>\n\n\n\n<h2 class=\"wp-block-heading\">Por que valorizar os detalhes pode transformar sua experi\u00eancia com toalhas?<\/h2>\n\n\n\n<p>Muitas vezes, detalhes pouco percebidos fazem grande diferen\u00e7a no uso di\u00e1rio. A faixa de tecido agrega n\u00e3o s\u00f3 prote\u00e7\u00e3o contra desgastes como tamb\u00e9m um valor est\u00e9tico e pr\u00e1tico que torna a toalha mais sofisticada.<\/p>\n\n\n\n<p>Reconhecer o papel destes detalhes ajuda a valorizar itens simples do dia a dia e faz com que escolhas mais conscientes sejam tomadas no momento da compra.<\/p>\n\n\n\n<h2 class=\"wp-block-heading\">Como um olhar atento para as toalhas melhora sua escolha?<\/h2>\n\n\n\n<p>No universo dos artigos de banho, aten\u00e7\u00e3o aos detalhes, como o refor\u00e7o nas bordas, pode tornar uma toalha muito mais dur\u00e1vel e visualmente atraente.<\/p>\n\n\n\n<p>Com um olhar mais cr\u00edtico, voc\u00ea otimiza o investimento, aumenta sua satisfa\u00e7\u00e3o no uso di\u00e1rio e aproveita ao m\u00e1ximo o potencial desses itens t\u00e3o comuns, mas essenciais.<\/p>\n","protected":false},"excerpt":{"rendered":"<p>Os&nbsp;detalhes dos objetos cotidianos&nbsp;frequentemente passam despercebidos, mesmo quando desempenham fun\u00e7\u00f5es \u00fateis e interessantes. Tome-se como exemplo as&nbsp;toalhas de banho: embora possam parecer simples, o design das suas bordas, especialmente as faixas de tecido mais denso, tem prop\u00f3sitos pr\u00e1ticos que v\u00e3o al\u00e9m da est\u00e9tica. Qual o objetivo das faixas refor\u00e7adas nas toalhas? Nas bordas de muitas [&hellip;]<\/p>\n","protected":false},"author":11,"featured_media":126696,"comment_status":"open","ping_status":"open","sticky":false,"template":"","format":"standard","meta":{"jnews-multi-image_gallery":[],"jnews_single_post":{"format":"standard"},"jnews_primary_category":[],"jnews_social_meta":[],"jnews_override_counter":[],"footnotes":""},"categories":[8819,1],"tags":[5643,821,17277,12452],"class_list":["post-126451","post","type-post","status-publish","format-standard","has-post-thumbnail","hentry","category-curiosidades","category-noticias","tag-banho","tag-design","tag-tecido","tag-toalha"],"yoast_head":"<!-- This site is optimized with the Yoast SEO plugin v23.8 - https:\/\/yoast.com\/wordpress\/plugins\/seo\/ -->\n<title>Voc\u00ea j\u00e1 reparou na faixa bem na borda da sua toalha?\u00a0Saiba para que serve esse pequeno detalhe - Estado de Minas - Em foco<\/title>\n<meta name=\"description\" content=\"Descubra por que as faixas refor\u00e7adas tornam as toalhas mais resistentes e dur\u00e1veis. Detalhe \u00fatil e quase impercept\u00edvel.\" \/>\n<meta name=\"robots\" content=\"index, follow, max-snippet:-1, max-image-preview:large, max-video-preview:-1\" \/>\n<link rel=\"canonical\" href=\"https:\/\/www.em.com.br\/emfoco\/2025\/11\/13\/voce-ja-reparou-na-faixa-bem-na-borda-da-sua-toalha-saiba-para-que-serve-esse-pequeno-detalhe\/\" \/>\n<meta property=\"og:locale\" content=\"pt_BR\" \/>\n<meta property=\"og:type\" content=\"article\" \/>\n<meta property=\"og:title\" content=\"Voc\u00ea j\u00e1 reparou na faixa bem na borda da sua toalha?\u00a0Saiba para que serve esse pequeno detalhe - Estado de Minas - Em foco\" \/>\n<meta property=\"og:description\" content=\"Descubra por que as faixas refor\u00e7adas tornam as toalhas mais resistentes e dur\u00e1veis. Detalhe \u00fatil e quase impercept\u00edvel.\" \/>\n<meta property=\"og:url\" content=\"https:\/\/www.em.com.br\/emfoco\/2025\/11\/13\/voce-ja-reparou-na-faixa-bem-na-borda-da-sua-toalha-saiba-para-que-serve-esse-pequeno-detalhe\/\" \/>\n<meta property=\"og:site_name\" content=\"Estado de Minas - Em foco\" \/>\n<meta property=\"article:published_time\" content=\"2025-11-13T14:15:00+00:00\" \/>\n<meta property=\"article:modified_time\" content=\"2025-11-12T19:46:23+00:00\" \/>\n<meta property=\"og:image\" content=\"https:\/\/www.em.com.br\/emfoco\/wp-content\/uploads\/2025\/11\/Gemini_Generated_Image_cset2ecset2ecset-1.png\" \/>\n\t<meta property=\"og:image:width\" content=\"1280\" \/>\n\t<meta property=\"og:image:height\" content=\"720\" \/>\n\t<meta property=\"og:image:type\" content=\"image\/png\" \/>\n<meta name=\"author\" content=\"Andre\u0301 Rangel\u00a0\" \/>\n<meta name=\"twitter:card\" content=\"summary_large_image\" \/>\n<meta name=\"twitter:label1\" content=\"Escrito por\" \/>\n\t<meta name=\"twitter:data1\" content=\"Andre\u0301 Rangel\u00a0\" \/>\n\t<meta name=\"twitter:label2\" content=\"Est. tempo de leitura\" \/>\n\t<meta name=\"twitter:data2\" content=\"3 minutos\" \/>\n<!-- \/ Yoast SEO plugin. -->","yoast_head_json":{"title":"Voc\u00ea j\u00e1 reparou na faixa bem na borda da sua toalha?\u00a0Saiba para que serve esse pequeno detalhe - Estado de Minas - Em foco","description":"Descubra por que as faixas refor\u00e7adas tornam as toalhas mais resistentes e dur\u00e1veis. Detalhe \u00fatil e quase impercept\u00edvel.","robots":{"index":"index","follow":"follow","max-snippet":"max-snippet:-1","max-image-preview":"max-image-preview:large","max-video-preview":"max-video-preview:-1"},"canonical":"https:\/\/www.em.com.br\/emfoco\/2025\/11\/13\/voce-ja-reparou-na-faixa-bem-na-borda-da-sua-toalha-saiba-para-que-serve-esse-pequeno-detalhe\/","og_locale":"pt_BR","og_type":"article","og_title":"Voc\u00ea j\u00e1 reparou na faixa bem na borda da sua toalha?\u00a0Saiba para que serve esse pequeno detalhe - Estado de Minas - Em foco","og_description":"Descubra por que as faixas refor\u00e7adas tornam as toalhas mais resistentes e dur\u00e1veis. Detalhe \u00fatil e quase impercept\u00edvel.","og_url":"https:\/\/www.em.com.br\/emfoco\/2025\/11\/13\/voce-ja-reparou-na-faixa-bem-na-borda-da-sua-toalha-saiba-para-que-serve-esse-pequeno-detalhe\/","og_site_name":"Estado de Minas - Em foco","article_published_time":"2025-11-13T14:15:00+00:00","article_modified_time":"2025-11-12T19:46:23+00:00","og_image":[{"width":1280,"height":720,"url":"https:\/\/www.em.com.br\/emfoco\/wp-content\/uploads\/2025\/11\/Gemini_Generated_Image_cset2ecset2ecset-1.png","type":"image\/png"}],"author":"Andre\u0301 Rangel\u00a0","twitter_card":"summary_large_image","twitter_misc":{"Escrito por":"Andre\u0301 Rangel\u00a0","Est. tempo de leitura":"3 minutos"},"schema":{"@context":"https:\/\/schema.org","@graph":[{"@type":"WebPage","@id":"https:\/\/www.em.com.br\/emfoco\/2025\/11\/13\/voce-ja-reparou-na-faixa-bem-na-borda-da-sua-toalha-saiba-para-que-serve-esse-pequeno-detalhe\/","url":"https:\/\/www.em.com.br\/emfoco\/2025\/11\/13\/voce-ja-reparou-na-faixa-bem-na-borda-da-sua-toalha-saiba-para-que-serve-esse-pequeno-detalhe\/","name":"Voc\u00ea j\u00e1 reparou na faixa bem na borda da sua toalha?\u00a0Saiba para que serve esse pequeno detalhe - Estado de Minas - Em foco","isPartOf":{"@id":"https:\/\/www.em.com.br\/emfoco\/#website"},"primaryImageOfPage":{"@id":"https:\/\/www.em.com.br\/emfoco\/2025\/11\/13\/voce-ja-reparou-na-faixa-bem-na-borda-da-sua-toalha-saiba-para-que-serve-esse-pequeno-detalhe\/#primaryimage"},"image":{"@id":"https:\/\/www.em.com.br\/emfoco\/2025\/11\/13\/voce-ja-reparou-na-faixa-bem-na-borda-da-sua-toalha-saiba-para-que-serve-esse-pequeno-detalhe\/#primaryimage"},"thumbnailUrl":"https:\/\/www.em.com.br\/emfoco\/wp-content\/uploads\/2025\/11\/Gemini_Generated_Image_cset2ecset2ecset-1.png","datePublished":"2025-11-13T14:15:00+00:00","dateModified":"2025-11-12T19:46:23+00:00","author":{"@id":"https:\/\/www.em.com.br\/emfoco\/#\/schema\/person\/60eda09c1fedf0d6891f4cef4b60b8b8"},"description":"Descubra por que as faixas refor\u00e7adas tornam as toalhas mais resistentes e dur\u00e1veis. Detalhe \u00fatil e quase impercept\u00edvel.","breadcrumb":{"@id":"https:\/\/www.em.com.br\/emfoco\/2025\/11\/13\/voce-ja-reparou-na-faixa-bem-na-borda-da-sua-toalha-saiba-para-que-serve-esse-pequeno-detalhe\/#breadcrumb"},"inLanguage":"pt-BR","potentialAction":[{"@type":"ReadAction","target":["https:\/\/www.em.com.br\/emfoco\/2025\/11\/13\/voce-ja-reparou-na-faixa-bem-na-borda-da-sua-toalha-saiba-para-que-serve-esse-pequeno-detalhe\/"]}]},{"@type":"ImageObject","inLanguage":"pt-BR","@id":"https:\/\/www.em.com.br\/emfoco\/2025\/11\/13\/voce-ja-reparou-na-faixa-bem-na-borda-da-sua-toalha-saiba-para-que-serve-esse-pequeno-detalhe\/#primaryimage","url":"https:\/\/www.em.com.br\/emfoco\/wp-content\/uploads\/2025\/11\/Gemini_Generated_Image_cset2ecset2ecset-1.png","contentUrl":"https:\/\/www.em.com.br\/emfoco\/wp-content\/uploads\/2025\/11\/Gemini_Generated_Image_cset2ecset2ecset-1.png","width":1280,"height":720,"caption":"O truque de hotel para toalhas macias e cheirosas"},{"@type":"BreadcrumbList","@id":"https:\/\/www.em.com.br\/emfoco\/2025\/11\/13\/voce-ja-reparou-na-faixa-bem-na-borda-da-sua-toalha-saiba-para-que-serve-esse-pequeno-detalhe\/#breadcrumb","itemListElement":[{"@type":"ListItem","position":1,"name":"In\u00edcio","item":"https:\/\/www.em.com.br\/emfoco\/"},{"@type":"ListItem","position":2,"name":"Voc\u00ea j\u00e1 reparou na faixa bem na borda da sua toalha?\u00a0Saiba para que serve esse pequeno detalhe"}]},{"@type":"WebSite","@id":"https:\/\/www.em.com.br\/emfoco\/#website","url":"https:\/\/www.em.com.br\/emfoco\/","name":"Estado de Minas - Em foco","description":"Acompanhe as \u00faltimas not\u00edcias e fique bem informado sobre tudo o que acontece em Minas Gerais, Brasil e no mundo.","potentialAction":[{"@type":"SearchAction","target":{"@type":"EntryPoint","urlTemplate":"https:\/\/www.em.com.br\/emfoco\/?s={search_term_string}"},"query-input":{"@type":"PropertyValueSpecification","valueRequired":true,"valueName":"search_term_string"}}],"inLanguage":"pt-BR"},{"@type":"Person","@id":"https:\/\/www.em.com.br\/emfoco\/#\/schema\/person\/60eda09c1fedf0d6891f4cef4b60b8b8","name":"Andre\u0301 Rangel\u00a0","image":{"@type":"ImageObject","inLanguage":"pt-BR","@id":"https:\/\/www.em.com.br\/emfoco\/#\/schema\/person\/image\/","url":"https:\/\/secure.gravatar.com\/avatar\/6234dc814c77c8ef6d8bba622c787efc?s=96&d=mm&r=g","contentUrl":"https:\/\/secure.gravatar.com\/avatar\/6234dc814c77c8ef6d8bba622c787efc?s=96&d=mm&r=g","caption":"Andre\u0301 Rangel\u00a0"},"url":"https:\/\/www.em.com.br\/emfoco\/author\/luizmyth\/"}]}},"_links":{"self":[{"href":"https:\/\/www.em.com.br\/emfoco\/wp-json\/wp\/v2\/posts\/126451","targetHints":{"allow":["GET"]}}],"collection":[{"href":"https:\/\/www.em.com.br\/emfoco\/wp-json\/wp\/v2\/posts"}],"about":[{"href":"https:\/\/www.em.com.br\/emfoco\/wp-json\/wp\/v2\/types\/post"}],"author":[{"embeddable":true,"href":"https:\/\/www.em.com.br\/emfoco\/wp-json\/wp\/v2\/users\/11"}],"replies":[{"embeddable":true,"href":"https:\/\/www.em.com.br\/emfoco\/wp-json\/wp\/v2\/comments?post=126451"}],"version-history":[{"count":3,"href":"https:\/\/www.em.com.br\/emfoco\/wp-json\/wp\/v2\/posts\/126451\/revisions"}],"predecessor-version":[{"id":126698,"href":"https:\/\/www.em.com.br\/emfoco\/wp-json\/wp\/v2\/posts\/126451\/revisions\/126698"}],"wp:featuredmedia":[{"embeddable":true,"href":"https:\/\/www.em.com.br\/emfoco\/wp-json\/wp\/v2\/media\/126696"}],"wp:attachment":[{"href":"https:\/\/www.em.com.br\/emfoco\/wp-json\/wp\/v2\/media?parent=126451"}],"wp:term":[{"taxonomy":"category","embeddable":true,"href":"https:\/\/www.em.com.br\/emfoco\/wp-json\/wp\/v2\/categories?post=126451"},{"taxonomy":"post_tag","embeddable":true,"href":"https:\/\/www.em.com.br\/emfoco\/wp-json\/wp\/v2\/tags?post=126451"}],"curies":[{"name":"wp","href":"https:\/\/api.w.org\/{rel}","templated":true}]}}