{"id":126396,"date":"2025-11-12T11:00:00","date_gmt":"2025-11-12T14:00:00","guid":{"rendered":"https:\/\/www.em.com.br\/emfoco\/?p=126396"},"modified":"2025-11-12T10:24:24","modified_gmt":"2025-11-12T13:24:24","slug":"como-usar-a-babosa-no-rosto-para-estimular-colageno-de-forma-natural","status":"publish","type":"post","link":"https:\/\/www.em.com.br\/emfoco\/2025\/11\/12\/como-usar-a-babosa-no-rosto-para-estimular-colageno-de-forma-natural\/","title":{"rendered":"Como usar a babosa no rosto para estimular col\u00e1geno de forma natural"},"content":{"rendered":"\n<p>A <strong>babosa<\/strong>, reconhecida mundialmente por suas m\u00faltiplas propriedades ben\u00e9ficas, tornou-se uma aliada essencial nos cuidados com a pele do rosto. Utilizada desde a antiguidade, ela ganhou destaque por ser rica em <strong>vitaminas<\/strong>, <strong>minerais <\/strong>e <strong>amino\u00e1cidos<\/strong>, favorecendo a hidrata\u00e7\u00e3o, a regenera\u00e7\u00e3o, e proporcionando al\u00edvio r\u00e1pido para irrita\u00e7\u00f5es, al\u00e9m de acelerar processos de cicatriza\u00e7\u00e3o e revitaliza\u00e7\u00e3o da pele.<\/p>\n\n\n\n<h2 class=\"wp-block-heading\">Como a babosa beneficia a sa\u00fade da pele do rosto<\/h2>\n\n\n\n<p>A babosa contribui para uma hidrata\u00e7\u00e3o profunda e para a manuten\u00e7\u00e3o de uma pele macia e suave. Suas propriedades anti-inflamat\u00f3rias s\u00e3o eficazes na redu\u00e7\u00e3o de vermelhid\u00e3o, incha\u00e7o e desconfortos, resultando em uma pele visivelmente mais saud\u00e1vel.<\/p>\n\n\n\n<p>O est\u00edmulo \u00e0 produ\u00e7\u00e3o de <strong>col\u00e1geno <\/strong>\u00e9 outro diferencial, promovendo firmeza e elasticidade, al\u00e9m de combater sinais de envelhecimento precoce. Ela tamb\u00e9m oferece prote\u00e7\u00e3o antioxidante contra danos dos radicais livres.<\/p>\n\n\n\n<figure class=\"wp-block-image size-large\"><img loading=\"lazy\" decoding=\"async\" width=\"1024\" height=\"576\" src=\"https:\/\/www.em.com.br\/emfoco\/wp-content\/uploads\/2025\/11\/babosa-rosto_1762910689316-1024x576.jpg\" alt=\"\" class=\"wp-image-126397\" srcset=\"https:\/\/www.em.com.br\/emfoco\/wp-content\/uploads\/2025\/11\/babosa-rosto_1762910689316-1024x576.jpg 1024w, https:\/\/www.em.com.br\/emfoco\/wp-content\/uploads\/2025\/11\/babosa-rosto_1762910689316-300x169.jpg 300w, https:\/\/www.em.com.br\/emfoco\/wp-content\/uploads\/2025\/11\/babosa-rosto_1762910689316-768x432.jpg 768w, https:\/\/www.em.com.br\/emfoco\/wp-content\/uploads\/2025\/11\/babosa-rosto_1762910689316-750x422.jpg 750w, https:\/\/www.em.com.br\/emfoco\/wp-content\/uploads\/2025\/11\/babosa-rosto_1762910689316-1140x641.jpg 1140w, https:\/\/www.em.com.br\/emfoco\/wp-content\/uploads\/2025\/11\/babosa-rosto_1762910689316.jpg 1280w\" sizes=\"auto, (max-width: 1024px) 100vw, 1024px\" \/><figcaption class=\"wp-element-caption\">Tenha uma pela linda, sem manchas e hidratadas &#8211; Cr\u00e9ditos: depositphotos.com \/ Kzenon<\/figcaption><\/figure>\n\n\n\n<h2 class=\"wp-block-heading\">Como preparar um creme natural de babosa em casa<\/h2>\n\n\n\n<p>Fazer um creme caseiro de babosa potencializa seus benef\u00edcios no rosto. Ap\u00f3s misturar os ingredientes e adicionar o gel de babosa fresco, o creme resultante se torna uma alternativa natural e eficiente aos produtos industrializados.<\/p>\n\n\n\n<p>Confira um passo a passo simples para preparar seu creme de babosa:<\/p>\n\n\n\n<ul class=\"wp-block-list\">\n<li>Misture \u00f3leo de coco, \u00f3leo de jojoba e cera de abelha em fogo baixo at\u00e9 homogeneizar;<\/li>\n\n\n\n<li>Deixe a mistura esfriar antes de adicionar o gel extra\u00eddo de uma folha de\u00a0<strong>babosa<\/strong>;<\/li>\n\n\n\n<li>Bata bem para integrar todos os ingredientes;<\/li>\n\n\n\n<li>Adicione algumas gotas de \u00f3leo essencial de lavanda para aroma e efeito calmante;<\/li>\n\n\n\n<li>Armazene no recipiente de vidro e mantenha em local fresco.<\/li>\n<\/ul>\n\n\n\n<p>No v\u00eddeo abaixo, voc\u00ea poder\u00e1 ver outra receita para ter uma pele sem manchas, espinhas, rugas e oleosidade, usando babosa:<\/p>\n\n\n\n<figure class=\"wp-block-embed is-type-video is-provider-tiktok wp-block-embed-tiktok\"><div class=\"wp-block-embed__wrapper\">\n<blockquote class=\"tiktok-embed\" cite=\"https:\/\/www.tiktok.com\/@hevellenkarol\/video\/7372706782113778950\" data-video-id=\"7372706782113778950\" data-embed-from=\"oembed\" style=\"max-width:605px; min-width:325px;\"> <section> <a target=\"_blank\" title=\"@hevellenkarol\" href=\"https:\/\/www.tiktok.com\/@hevellenkarol?refer=embed\">@hevellenkarol<\/a> <p>Como ter uma pele sem manchas, espinhas, rugas e oleosidade \ud83d\udc96\u2728 <a title=\"cuidadoscomapele\" target=\"_blank\" href=\"https:\/\/www.tiktok.com\/tag\/cuidadoscomapele?refer=embed\">#cuidadoscomapele<\/a> <a title=\"aloevera\" target=\"_blank\" href=\"https:\/\/www.tiktok.com\/tag\/aloevera?refer=embed\">#aloevera<\/a> <a title=\"arroz\" target=\"_blank\" href=\"https:\/\/www.tiktok.com\/tag\/arroz?refer=embed\">#arroz<\/a> <a title=\"manchasnapele\" target=\"_blank\" href=\"https:\/\/www.tiktok.com\/tag\/manchasnapele?refer=embed\">#manchasnapele<\/a> <a title=\"dicasdebeleza\" target=\"_blank\" href=\"https:\/\/www.tiktok.com\/tag\/dicasdebeleza?refer=embed\">#dicasdebeleza<\/a> <a title=\"glowup\" target=\"_blank\" href=\"https:\/\/www.tiktok.com\/tag\/glowup?refer=embed\">#glowup<\/a> <a title=\"fyp\" target=\"_blank\" href=\"https:\/\/www.tiktok.com\/tag\/fyp?refer=embed\">#fyp<\/a> <\/p> <a target=\"_blank\" title=\"\u266c som original - Hevellen Karol\" href=\"https:\/\/www.tiktok.com\/music\/som-original-7174922096065858309?refer=embed\">\u266c som original &#8211; Hevellen Karol<\/a> <\/section> <\/blockquote> <script async src=\"https:\/\/www.tiktok.com\/embed.js\"><\/script>\n<\/div><\/figure>\n\n\n\n<h2 class=\"wp-block-heading\">O que potencializa os efeitos da babosa nos cuidados faciais<\/h2>\n\n\n\n<p>Para potencializar ainda mais os efeitos ben\u00e9ficos da babosa na rotina de cuidados faciais, \u00e9 importante adotar h\u00e1bitos que favore\u00e7am a sa\u00fade da pele como um todo. Ter uma rotina di\u00e1ria de limpeza facial suave evita o ac\u00famulo de impurezas e permite melhor absor\u00e7\u00e3o dos ativos presentes na babosa. Manter uma alimenta\u00e7\u00e3o equilibrada, rica em antioxidantes, al\u00e9m de garantir boa hidrata\u00e7\u00e3o, ajuda a nutrir e revitalizar a pele de dentro para fora. Outro aspecto relevante \u00e9 evitar a exposi\u00e7\u00e3o solar sem prote\u00e7\u00e3o adequada, j\u00e1 que os raios UV aceleram o envelhecimento cut\u00e2neo e podem prejudicar os resultados. Sempre utilize babosa em ambiente limpo, com utens\u00edlios higienizados, para preservar a efic\u00e1cia da mistura e evitar contamina\u00e7\u00f5es. Esses cuidados, aliados ao uso regular da babosa, contribuem para uma pele mais saud\u00e1vel, firme e luminosa ao longo do tempo.<\/p>\n\n\n\n<h2 class=\"wp-block-heading\">Quais cuidados s\u00e3o necess\u00e1rios ao aplicar babosa no rosto<\/h2>\n\n\n\n<p>Antes de usar babosa na pele do rosto, recomenda-se um teste de sensibilidade no antebra\u00e7o para evitar rea\u00e7\u00f5es al\u00e9rgicas. Assim \u00e9 poss\u00edvel identificar poss\u00edveis irrita\u00e7\u00f5es ou vermelhid\u00f5es indesejadas de maneira segura.<\/p>\n\n\n\n<p>Obs: <strong>Pessoas com pele sens\u00edvel devem estar atentas a sinais como coceira, vermelhid\u00e3o ou erup\u00e7\u00f5es<\/strong>. Ao menor sintoma, o uso deve ser interrompido imediatamente.<\/p>\n\n\n\n<p><\/p>\n","protected":false},"excerpt":{"rendered":"<p>A babosa, reconhecida mundialmente por suas m\u00faltiplas propriedades ben\u00e9ficas, tornou-se uma aliada essencial nos cuidados com a pele do rosto. Utilizada desde a antiguidade, ela ganhou destaque por ser rica em vitaminas, minerais e amino\u00e1cidos, favorecendo a hidrata\u00e7\u00e3o, a regenera\u00e7\u00e3o, e proporcionando al\u00edvio r\u00e1pido para irrita\u00e7\u00f5es, al\u00e9m de acelerar processos de cicatriza\u00e7\u00e3o e revitaliza\u00e7\u00e3o da [&hellip;]<\/p>\n","protected":false},"author":11,"featured_media":126398,"comment_status":"open","ping_status":"open","sticky":false,"template":"","format":"standard","meta":{"jnews-multi-image_gallery":[],"jnews_single_post":{"format":"standard"},"jnews_primary_category":[],"jnews_social_meta":[],"jnews_override_counter":[],"footnotes":""},"categories":[8819,1],"tags":[712,3833,16406,7179,4939,15223],"class_list":["post-126396","post","type-post","status-publish","format-standard","has-post-thumbnail","hentry","category-curiosidades","category-noticias","tag-autocuidado","tag-babosa","tag-beneficios-da-babosa","tag-colageno","tag-cuidados-com-a-pele","tag-skincare-caseiro"],"yoast_head":"<!-- This site is optimized with the Yoast SEO plugin v23.8 - https:\/\/yoast.com\/wordpress\/plugins\/seo\/ -->\n<title>Como usar a babosa no rosto para estimular col\u00e1geno de forma natural - Estado de Minas - Em foco<\/title>\n<meta name=\"description\" content=\"A babosa \u00e9 uma das plantas mais eficazes para renovar a pele do rosto. Rica em col\u00e1geno, ela hidrata e combate inflama\u00e7\u00f5es com suavidade.\" \/>\n<meta name=\"robots\" content=\"index, follow, max-snippet:-1, max-image-preview:large, max-video-preview:-1\" \/>\n<link rel=\"canonical\" href=\"https:\/\/www.em.com.br\/emfoco\/2025\/11\/12\/como-usar-a-babosa-no-rosto-para-estimular-colageno-de-forma-natural\/\" \/>\n<meta property=\"og:locale\" content=\"pt_BR\" \/>\n<meta property=\"og:type\" content=\"article\" \/>\n<meta property=\"og:title\" content=\"Como usar a babosa no rosto para estimular col\u00e1geno de forma natural - Estado de Minas - Em foco\" \/>\n<meta property=\"og:description\" content=\"A babosa \u00e9 uma das plantas mais eficazes para renovar a pele do rosto. Rica em col\u00e1geno, ela hidrata e combate inflama\u00e7\u00f5es com suavidade.\" \/>\n<meta property=\"og:url\" content=\"https:\/\/www.em.com.br\/emfoco\/2025\/11\/12\/como-usar-a-babosa-no-rosto-para-estimular-colageno-de-forma-natural\/\" \/>\n<meta property=\"og:site_name\" content=\"Estado de Minas - Em foco\" \/>\n<meta property=\"article:published_time\" content=\"2025-11-12T14:00:00+00:00\" \/>\n<meta property=\"article:modified_time\" content=\"2025-11-12T13:24:24+00:00\" \/>\n<meta property=\"og:image\" content=\"https:\/\/www.em.com.br\/emfoco\/wp-content\/uploads\/2025\/11\/babosa-rosto_1762910989633.jpg\" \/>\n\t<meta property=\"og:image:width\" content=\"1280\" \/>\n\t<meta property=\"og:image:height\" content=\"720\" \/>\n\t<meta property=\"og:image:type\" content=\"image\/jpeg\" \/>\n<meta name=\"author\" content=\"Andre\u0301 Rangel\u00a0\" \/>\n<meta name=\"twitter:card\" content=\"summary_large_image\" \/>\n<meta name=\"twitter:label1\" content=\"Escrito por\" \/>\n\t<meta name=\"twitter:data1\" content=\"Andre\u0301 Rangel\u00a0\" \/>\n\t<meta name=\"twitter:label2\" content=\"Est. tempo de leitura\" \/>\n\t<meta name=\"twitter:data2\" content=\"4 minutos\" \/>\n<!-- \/ Yoast SEO plugin. -->","yoast_head_json":{"title":"Como usar a babosa no rosto para estimular col\u00e1geno de forma natural - Estado de Minas - Em foco","description":"A babosa \u00e9 uma das plantas mais eficazes para renovar a pele do rosto. Rica em col\u00e1geno, ela hidrata e combate inflama\u00e7\u00f5es com suavidade.","robots":{"index":"index","follow":"follow","max-snippet":"max-snippet:-1","max-image-preview":"max-image-preview:large","max-video-preview":"max-video-preview:-1"},"canonical":"https:\/\/www.em.com.br\/emfoco\/2025\/11\/12\/como-usar-a-babosa-no-rosto-para-estimular-colageno-de-forma-natural\/","og_locale":"pt_BR","og_type":"article","og_title":"Como usar a babosa no rosto para estimular col\u00e1geno de forma natural - Estado de Minas - Em foco","og_description":"A babosa \u00e9 uma das plantas mais eficazes para renovar a pele do rosto. Rica em col\u00e1geno, ela hidrata e combate inflama\u00e7\u00f5es com suavidade.","og_url":"https:\/\/www.em.com.br\/emfoco\/2025\/11\/12\/como-usar-a-babosa-no-rosto-para-estimular-colageno-de-forma-natural\/","og_site_name":"Estado de Minas - Em foco","article_published_time":"2025-11-12T14:00:00+00:00","article_modified_time":"2025-11-12T13:24:24+00:00","og_image":[{"width":1280,"height":720,"url":"https:\/\/www.em.com.br\/emfoco\/wp-content\/uploads\/2025\/11\/babosa-rosto_1762910989633.jpg","type":"image\/jpeg"}],"author":"Andre\u0301 Rangel\u00a0","twitter_card":"summary_large_image","twitter_misc":{"Escrito por":"Andre\u0301 Rangel\u00a0","Est. tempo de leitura":"4 minutos"},"schema":{"@context":"https:\/\/schema.org","@graph":[{"@type":"WebPage","@id":"https:\/\/www.em.com.br\/emfoco\/2025\/11\/12\/como-usar-a-babosa-no-rosto-para-estimular-colageno-de-forma-natural\/","url":"https:\/\/www.em.com.br\/emfoco\/2025\/11\/12\/como-usar-a-babosa-no-rosto-para-estimular-colageno-de-forma-natural\/","name":"Como usar a babosa no rosto para estimular col\u00e1geno de forma natural - Estado de Minas - Em foco","isPartOf":{"@id":"https:\/\/www.em.com.br\/emfoco\/#website"},"primaryImageOfPage":{"@id":"https:\/\/www.em.com.br\/emfoco\/2025\/11\/12\/como-usar-a-babosa-no-rosto-para-estimular-colageno-de-forma-natural\/#primaryimage"},"image":{"@id":"https:\/\/www.em.com.br\/emfoco\/2025\/11\/12\/como-usar-a-babosa-no-rosto-para-estimular-colageno-de-forma-natural\/#primaryimage"},"thumbnailUrl":"https:\/\/www.em.com.br\/emfoco\/wp-content\/uploads\/2025\/11\/babosa-rosto_1762910989633.jpg","datePublished":"2025-11-12T14:00:00+00:00","dateModified":"2025-11-12T13:24:24+00:00","author":{"@id":"https:\/\/www.em.com.br\/emfoco\/#\/schema\/person\/60eda09c1fedf0d6891f4cef4b60b8b8"},"description":"A babosa \u00e9 uma das plantas mais eficazes para renovar a pele do rosto. Rica em col\u00e1geno, ela hidrata e combate inflama\u00e7\u00f5es com suavidade.","breadcrumb":{"@id":"https:\/\/www.em.com.br\/emfoco\/2025\/11\/12\/como-usar-a-babosa-no-rosto-para-estimular-colageno-de-forma-natural\/#breadcrumb"},"inLanguage":"pt-BR","potentialAction":[{"@type":"ReadAction","target":["https:\/\/www.em.com.br\/emfoco\/2025\/11\/12\/como-usar-a-babosa-no-rosto-para-estimular-colageno-de-forma-natural\/"]}]},{"@type":"ImageObject","inLanguage":"pt-BR","@id":"https:\/\/www.em.com.br\/emfoco\/2025\/11\/12\/como-usar-a-babosa-no-rosto-para-estimular-colageno-de-forma-natural\/#primaryimage","url":"https:\/\/www.em.com.br\/emfoco\/wp-content\/uploads\/2025\/11\/babosa-rosto_1762910989633.jpg","contentUrl":"https:\/\/www.em.com.br\/emfoco\/wp-content\/uploads\/2025\/11\/babosa-rosto_1762910989633.jpg","width":1280,"height":720,"caption":"A babosa deixa a pele incr\u00edvel - Cr\u00e9ditos: depositphotos.com \/ mylasa"},{"@type":"BreadcrumbList","@id":"https:\/\/www.em.com.br\/emfoco\/2025\/11\/12\/como-usar-a-babosa-no-rosto-para-estimular-colageno-de-forma-natural\/#breadcrumb","itemListElement":[{"@type":"ListItem","position":1,"name":"In\u00edcio","item":"https:\/\/www.em.com.br\/emfoco\/"},{"@type":"ListItem","position":2,"name":"Como usar a babosa no rosto para estimular col\u00e1geno de forma natural"}]},{"@type":"WebSite","@id":"https:\/\/www.em.com.br\/emfoco\/#website","url":"https:\/\/www.em.com.br\/emfoco\/","name":"Estado de Minas - Em foco","description":"Acompanhe as \u00faltimas not\u00edcias e fique bem informado sobre tudo o que acontece em Minas Gerais, Brasil e no mundo.","potentialAction":[{"@type":"SearchAction","target":{"@type":"EntryPoint","urlTemplate":"https:\/\/www.em.com.br\/emfoco\/?s={search_term_string}"},"query-input":{"@type":"PropertyValueSpecification","valueRequired":true,"valueName":"search_term_string"}}],"inLanguage":"pt-BR"},{"@type":"Person","@id":"https:\/\/www.em.com.br\/emfoco\/#\/schema\/person\/60eda09c1fedf0d6891f4cef4b60b8b8","name":"Andre\u0301 Rangel\u00a0","image":{"@type":"ImageObject","inLanguage":"pt-BR","@id":"https:\/\/www.em.com.br\/emfoco\/#\/schema\/person\/image\/","url":"https:\/\/secure.gravatar.com\/avatar\/6234dc814c77c8ef6d8bba622c787efc?s=96&d=mm&r=g","contentUrl":"https:\/\/secure.gravatar.com\/avatar\/6234dc814c77c8ef6d8bba622c787efc?s=96&d=mm&r=g","caption":"Andre\u0301 Rangel\u00a0"},"url":"https:\/\/www.em.com.br\/emfoco\/author\/luizmyth\/"}]}},"_links":{"self":[{"href":"https:\/\/www.em.com.br\/emfoco\/wp-json\/wp\/v2\/posts\/126396","targetHints":{"allow":["GET"]}}],"collection":[{"href":"https:\/\/www.em.com.br\/emfoco\/wp-json\/wp\/v2\/posts"}],"about":[{"href":"https:\/\/www.em.com.br\/emfoco\/wp-json\/wp\/v2\/types\/post"}],"author":[{"embeddable":true,"href":"https:\/\/www.em.com.br\/emfoco\/wp-json\/wp\/v2\/users\/11"}],"replies":[{"embeddable":true,"href":"https:\/\/www.em.com.br\/emfoco\/wp-json\/wp\/v2\/comments?post=126396"}],"version-history":[{"count":2,"href":"https:\/\/www.em.com.br\/emfoco\/wp-json\/wp\/v2\/posts\/126396\/revisions"}],"predecessor-version":[{"id":126400,"href":"https:\/\/www.em.com.br\/emfoco\/wp-json\/wp\/v2\/posts\/126396\/revisions\/126400"}],"wp:featuredmedia":[{"embeddable":true,"href":"https:\/\/www.em.com.br\/emfoco\/wp-json\/wp\/v2\/media\/126398"}],"wp:attachment":[{"href":"https:\/\/www.em.com.br\/emfoco\/wp-json\/wp\/v2\/media?parent=126396"}],"wp:term":[{"taxonomy":"category","embeddable":true,"href":"https:\/\/www.em.com.br\/emfoco\/wp-json\/wp\/v2\/categories?post=126396"},{"taxonomy":"post_tag","embeddable":true,"href":"https:\/\/www.em.com.br\/emfoco\/wp-json\/wp\/v2\/tags?post=126396"}],"curies":[{"name":"wp","href":"https:\/\/api.w.org\/{rel}","templated":true}]}}