{"id":126214,"date":"2025-11-12T16:25:00","date_gmt":"2025-11-12T19:25:00","guid":{"rendered":"https:\/\/www.em.com.br\/emfoco\/?p=126214"},"modified":"2025-11-11T18:06:18","modified_gmt":"2025-11-11T21:06:18","slug":"o-direito-pouco-conhecido-que-pode-reduzir-despesas-dos-idosos","status":"publish","type":"post","link":"https:\/\/www.em.com.br\/emfoco\/2025\/11\/12\/o-direito-pouco-conhecido-que-pode-reduzir-despesas-dos-idosos\/","title":{"rendered":"O direito pouco conhecido que pode reduzir despesas dos idosos"},"content":{"rendered":"\n<p>Os idosos, muitas vezes vivendo com rendimentos fixos e limitados, podem encontrar nos descontos ou isen\u00e7\u00f5es no <strong>Imposto Predial e Territorial Urbano<\/strong> (IPTU) um al\u00edvio significativo no or\u00e7amento dom\u00e9stico, permitindo maior seguran\u00e7a financeira sem comprometer alimenta\u00e7\u00e3o, sa\u00fade e lazer.<\/p>\n\n\n\n<h2 class=\"wp-block-heading\">Por que a isen\u00e7\u00e3o de IPTU \u00e9 t\u00e3o importante?<\/h2>\n\n\n<div class=\"wp-block-image\">\n<figure class=\"aligncenter size-large\"><img loading=\"lazy\" decoding=\"async\" width=\"1024\" height=\"576\" src=\"https:\/\/www.em.com.br\/emfoco\/wp-content\/uploads\/2025\/09\/avos_1756860325207-1024x576.jpg\" alt=\"\" class=\"wp-image-107382\" srcset=\"https:\/\/www.em.com.br\/emfoco\/wp-content\/uploads\/2025\/09\/avos_1756860325207-1024x576.jpg 1024w, https:\/\/www.em.com.br\/emfoco\/wp-content\/uploads\/2025\/09\/avos_1756860325207-300x169.jpg 300w, https:\/\/www.em.com.br\/emfoco\/wp-content\/uploads\/2025\/09\/avos_1756860325207-768x432.jpg 768w, https:\/\/www.em.com.br\/emfoco\/wp-content\/uploads\/2025\/09\/avos_1756860325207-750x422.jpg 750w, https:\/\/www.em.com.br\/emfoco\/wp-content\/uploads\/2025\/09\/avos_1756860325207-1140x641.jpg 1140w, https:\/\/www.em.com.br\/emfoco\/wp-content\/uploads\/2025\/09\/avos_1756860325207.jpg 1280w\" sizes=\"auto, (max-width: 1024px) 100vw, 1024px\" \/><figcaption class=\"wp-element-caption\">Isentos de IPTU aliviam despesas e garantem mais tranquilidade financeira aos idosos &#8211; Cr\u00e9ditos: depositphotos.com \/ IgorTishenko<\/figcaption><\/figure><\/div>\n\n\n<p>As leis que permitem isen\u00e7\u00f5es no <strong>IPTU <\/strong>para pessoas idosas oferecem n\u00e3o apenas um benef\u00edcio financeiro, mas tamb\u00e9m o reconhecimento da contribui\u00e7\u00e3o destes cidad\u00e3os \u00e0 sociedade. Com a idade, os gastos com sa\u00fade aumentam, tornando a redu\u00e7\u00e3o desse imposto ainda mais relevante.<\/p>\n\n\n\n<p>Diminuir a press\u00e3o financeira permite o direcionamento dos recursos para outras prioridades importantes. Isso pode incluir tanto investimentos em sa\u00fade quanto adapta\u00e7\u00f5es do lar que proporcionem maior conforto e seguran\u00e7a ao idoso. Al\u00e9m disso, muitas cidades t\u00eam buscado aprimorar esse benef\u00edcio para atender a popula\u00e7\u00e3o com mais rapidez e efici\u00eancia.<\/p>\n\n\n\n<h2 class=\"wp-block-heading\">Quais s\u00e3o os crit\u00e9rios para isen\u00e7\u00e3o?<\/h2>\n\n\n\n<p>Os crit\u00e9rios para isen\u00e7\u00e3o ou desconto no <strong>IPTU <\/strong>variam entre munic\u00edpios, mas h\u00e1 fatores que s\u00e3o geralmente levados em conta. Entender esses requisitos \u00e9 fundamental para solicitar corretamente o benef\u00edcio.<\/p>\n\n\n\n<p>Confira os requisitos que costumam ser exigidos pelas prefeituras:<\/p>\n\n\n\n<ul class=\"wp-block-list\">\n<li>Idade m\u00ednima, geralmente a partir de 60 anos;<\/li>\n\n\n\n<li>Comprova\u00e7\u00e3o de renda mensal abaixo de determinado valor;<\/li>\n\n\n\n<li>O im\u00f3vel deve ser utilizado como resid\u00eancia principal;<\/li>\n\n\n\n<li>N\u00e3o possuir outros im\u00f3veis em seu nome.<\/li>\n<\/ul>\n\n\n\n<p>Leia mais: <a href=\"https:\/\/www.em.com.br\/emfoco\/2025\/11\/04\/impostos-caem-e-o-custo-de-vida-pode-reduzir-no-brasil\/\" target=\"_blank\" rel=\"noreferrer noopener\">Impostos caem e o custo de vida pode reduzir no Brasil<\/a><\/p>\n\n\n\n<h2 class=\"wp-block-heading\">Como a isen\u00e7\u00e3o impacta a vida dos idosos?<\/h2>\n\n\n<div class=\"wp-block-image\">\n<figure class=\"aligncenter size-large\"><img loading=\"lazy\" decoding=\"async\" width=\"1024\" height=\"576\" src=\"https:\/\/www.em.com.br\/emfoco\/wp-content\/uploads\/2025\/06\/idoso-computador_1744372658031-1024x576.jpg\" alt=\"Aprenda a consultar e resgatar seu dinheiro esquecido no banco\" class=\"wp-image-54992\" srcset=\"https:\/\/www.em.com.br\/emfoco\/wp-content\/uploads\/2025\/06\/idoso-computador_1744372658031-1024x576.jpg 1024w, https:\/\/www.em.com.br\/emfoco\/wp-content\/uploads\/2025\/06\/idoso-computador_1744372658031-300x169.jpg 300w, https:\/\/www.em.com.br\/emfoco\/wp-content\/uploads\/2025\/06\/idoso-computador_1744372658031-768x432.jpg 768w, https:\/\/www.em.com.br\/emfoco\/wp-content\/uploads\/2025\/06\/idoso-computador_1744372658031-750x422.jpg 750w, https:\/\/www.em.com.br\/emfoco\/wp-content\/uploads\/2025\/06\/idoso-computador_1744372658031-1140x641.jpg 1140w, https:\/\/www.em.com.br\/emfoco\/wp-content\/uploads\/2025\/06\/idoso-computador_1744372658031.jpg 1280w\" sizes=\"auto, (max-width: 1024px) 100vw, 1024px\" \/><figcaption class=\"wp-element-caption\">Isentos de IPTU aliviam despesas e garantem mais tranquilidade financeira aos idosos &#8211; Cr\u00e9ditos: depositphotos.com \/ NatashaFedorova<\/figcaption><\/figure><\/div>\n\n\n<p>A <a href=\"http:\/\/receita.contagem.mg.gov.br\/duvidas\/?area=42&amp;duvida=260\" target=\"_blank\" rel=\"noreferrer noopener\">isen\u00e7\u00e3o ou desconto no <strong>IPTU<\/strong><\/a><strong> <\/strong>afeta diretamente a qualidade de vida do idoso, ao aliviar despesas e permitir investimentos em bem-estar. Adapta\u00e7\u00f5es residenciais, como instala\u00e7\u00e3o de barras de apoio, se tornam mais vi\u00e1veis quando o or\u00e7amento n\u00e3o est\u00e1 t\u00e3o apertado.<\/p>\n\n\n\n<p>Al\u00e9m disso, com dinheiro economizado, o idoso pode investir em equipamentos para facilitar o dia a dia, pequenas reformas e at\u00e9 mesmo em atividades de lazer, o que contribui para a sa\u00fade mental e emocional. Em alguns casos, pode at\u00e9 facilitar o acesso a profissionais especializados para cuidados pessoais.<\/p>\n\n\n\n<p>Leia mais: <a href=\"https:\/\/www.em.com.br\/emfoco\/2025\/11\/07\/familia-nao-paga-imposto-de-renda-com-salario-de-ate-cinco-mil-reais\/\" target=\"_blank\" rel=\"noreferrer noopener\">Fam\u00edlia n\u00e3o paga Imposto de Renda com sal\u00e1rio de at\u00e9 cinco mil reais<\/a><\/p>\n\n\n\n<h2 class=\"wp-block-heading\">Como facilitar o acesso \u00e0 isen\u00e7\u00e3o?<\/h2>\n\n\n\n<p>Para que mais idosos tenham acesso facilitado ao benef\u00edcio, \u00e9 fundamental ampliar a divulga\u00e7\u00e3o sobre os direitos relacionados ao <strong>IPTU<\/strong>. A simplifica\u00e7\u00e3o dos processos burocr\u00e1ticos tamb\u00e9m pode incentivar uma maior ades\u00e3o.<\/p>\n\n\n\n<p>Algumas a\u00e7\u00f5es podem ser adotadas por governos e sociedade para ampliar o conhecimento e o acesso ao benef\u00edcio:<\/p>\n\n\n\n<ul class=\"wp-block-list\">\n<li>Campanhas informativas em meios de comunica\u00e7\u00e3o e postos de atendimento;<\/li>\n\n\n\n<li>Apoio presencial ou online nos \u00f3rg\u00e3os municipais para orienta\u00e7\u00e3o sobre documentos e processos;<\/li>\n\n\n\n<li>Promo\u00e7\u00e3o de programas educativos em escolas e grupos comunit\u00e1rios sobre direitos dos idosos.<\/li>\n<\/ul>\n\n\n\n<p>Em resumo, as isen\u00e7\u00f5es e descontos no <strong>IPTU <\/strong>v\u00e3o al\u00e9m de uma redu\u00e7\u00e3o de despesas; s\u00e3o essenciais para garantir qualidade de vida e dignidade para quem contribuiu durante tantos anos. Tais benef\u00edcios representam reconhecimento e valoriza\u00e7\u00e3o da popula\u00e7\u00e3o idosa, promovendo bem-estar e seguran\u00e7a.<\/p>\n","protected":false},"excerpt":{"rendered":"<p>Os idosos, muitas vezes vivendo com rendimentos fixos e limitados, podem encontrar nos descontos ou isen\u00e7\u00f5es no Imposto Predial e Territorial Urbano (IPTU) um al\u00edvio significativo no or\u00e7amento dom\u00e9stico, permitindo maior seguran\u00e7a financeira sem comprometer alimenta\u00e7\u00e3o, sa\u00fade e lazer. Por que a isen\u00e7\u00e3o de IPTU \u00e9 t\u00e3o importante? As leis que permitem isen\u00e7\u00f5es no IPTU [&hellip;]<\/p>\n","protected":false},"author":20,"featured_media":54989,"comment_status":"open","ping_status":"open","sticky":false,"template":"","format":"standard","meta":{"jnews-multi-image_gallery":[],"jnews_single_post":{"format":"standard"},"jnews_primary_category":[],"jnews_social_meta":[],"jnews_override_counter":[],"footnotes":""},"categories":[28,1],"tags":[260,2876,2424],"class_list":["post-126214","post","type-post","status-publish","format-standard","has-post-thumbnail","hentry","category-economia","category-noticias","tag-idosos","tag-impostos","tag-iptu"],"yoast_head":"<!-- This site is optimized with the Yoast SEO plugin v23.8 - https:\/\/yoast.com\/wordpress\/plugins\/seo\/ -->\n<title>O direito pouco conhecido que pode reduzir despesas dos idosos - Estado de Minas - Em foco<\/title>\n<meta name=\"description\" content=\"Saiba quem \u00e9 isento do IPTU e como o desconto ajuda idosos, aliviando despesas, garantindo tranquilidade e melhorando sua qualidade de vida.\" \/>\n<meta name=\"robots\" content=\"index, follow, max-snippet:-1, max-image-preview:large, max-video-preview:-1\" \/>\n<link rel=\"canonical\" href=\"https:\/\/www.em.com.br\/emfoco\/2025\/11\/12\/o-direito-pouco-conhecido-que-pode-reduzir-despesas-dos-idosos\/\" \/>\n<meta property=\"og:locale\" content=\"pt_BR\" \/>\n<meta property=\"og:type\" content=\"article\" \/>\n<meta property=\"og:title\" content=\"O direito pouco conhecido que pode reduzir despesas dos idosos - Estado de Minas - Em foco\" \/>\n<meta property=\"og:description\" content=\"Saiba quem \u00e9 isento do IPTU e como o desconto ajuda idosos, aliviando despesas, garantindo tranquilidade e melhorando sua qualidade de vida.\" \/>\n<meta property=\"og:url\" content=\"https:\/\/www.em.com.br\/emfoco\/2025\/11\/12\/o-direito-pouco-conhecido-que-pode-reduzir-despesas-dos-idosos\/\" \/>\n<meta property=\"og:site_name\" content=\"Estado de Minas - Em foco\" \/>\n<meta property=\"article:published_time\" content=\"2025-11-12T19:25:00+00:00\" \/>\n<meta property=\"article:modified_time\" content=\"2025-11-11T21:06:18+00:00\" \/>\n<meta property=\"og:image\" content=\"https:\/\/www.em.com.br\/emfoco\/wp-content\/uploads\/2025\/06\/aposentado-dinheiro-reais_1743473149469.jpg\" \/>\n\t<meta property=\"og:image:width\" content=\"1280\" \/>\n\t<meta property=\"og:image:height\" content=\"720\" \/>\n\t<meta property=\"og:image:type\" content=\"image\/jpeg\" \/>\n<meta name=\"author\" content=\"Ingrid Diniz\" \/>\n<meta name=\"twitter:card\" content=\"summary_large_image\" \/>\n<meta name=\"twitter:label1\" content=\"Escrito por\" \/>\n\t<meta name=\"twitter:data1\" content=\"Ingrid Diniz\" \/>\n\t<meta name=\"twitter:label2\" content=\"Est. tempo de leitura\" \/>\n\t<meta name=\"twitter:data2\" content=\"4 minutos\" \/>\n<!-- \/ Yoast SEO plugin. -->","yoast_head_json":{"title":"O direito pouco conhecido que pode reduzir despesas dos idosos - Estado de Minas - Em foco","description":"Saiba quem \u00e9 isento do IPTU e como o desconto ajuda idosos, aliviando despesas, garantindo tranquilidade e melhorando sua qualidade de vida.","robots":{"index":"index","follow":"follow","max-snippet":"max-snippet:-1","max-image-preview":"max-image-preview:large","max-video-preview":"max-video-preview:-1"},"canonical":"https:\/\/www.em.com.br\/emfoco\/2025\/11\/12\/o-direito-pouco-conhecido-que-pode-reduzir-despesas-dos-idosos\/","og_locale":"pt_BR","og_type":"article","og_title":"O direito pouco conhecido que pode reduzir despesas dos idosos - Estado de Minas - Em foco","og_description":"Saiba quem \u00e9 isento do IPTU e como o desconto ajuda idosos, aliviando despesas, garantindo tranquilidade e melhorando sua qualidade de vida.","og_url":"https:\/\/www.em.com.br\/emfoco\/2025\/11\/12\/o-direito-pouco-conhecido-que-pode-reduzir-despesas-dos-idosos\/","og_site_name":"Estado de Minas - Em foco","article_published_time":"2025-11-12T19:25:00+00:00","article_modified_time":"2025-11-11T21:06:18+00:00","og_image":[{"width":1280,"height":720,"url":"https:\/\/www.em.com.br\/emfoco\/wp-content\/uploads\/2025\/06\/aposentado-dinheiro-reais_1743473149469.jpg","type":"image\/jpeg"}],"author":"Ingrid Diniz","twitter_card":"summary_large_image","twitter_misc":{"Escrito por":"Ingrid Diniz","Est. tempo de leitura":"4 minutos"},"schema":{"@context":"https:\/\/schema.org","@graph":[{"@type":"WebPage","@id":"https:\/\/www.em.com.br\/emfoco\/2025\/11\/12\/o-direito-pouco-conhecido-que-pode-reduzir-despesas-dos-idosos\/","url":"https:\/\/www.em.com.br\/emfoco\/2025\/11\/12\/o-direito-pouco-conhecido-que-pode-reduzir-despesas-dos-idosos\/","name":"O direito pouco conhecido que pode reduzir despesas dos idosos - Estado de Minas - Em foco","isPartOf":{"@id":"https:\/\/www.em.com.br\/emfoco\/#website"},"primaryImageOfPage":{"@id":"https:\/\/www.em.com.br\/emfoco\/2025\/11\/12\/o-direito-pouco-conhecido-que-pode-reduzir-despesas-dos-idosos\/#primaryimage"},"image":{"@id":"https:\/\/www.em.com.br\/emfoco\/2025\/11\/12\/o-direito-pouco-conhecido-que-pode-reduzir-despesas-dos-idosos\/#primaryimage"},"thumbnailUrl":"https:\/\/www.em.com.br\/emfoco\/wp-content\/uploads\/2025\/06\/aposentado-dinheiro-reais_1743473149469.jpg","datePublished":"2025-11-12T19:25:00+00:00","dateModified":"2025-11-11T21:06:18+00:00","author":{"@id":"https:\/\/www.em.com.br\/emfoco\/#\/schema\/person\/649e610b4eb8fff87ff394e54fe17b2b"},"description":"Saiba quem \u00e9 isento do IPTU e como o desconto ajuda idosos, aliviando despesas, garantindo tranquilidade e melhorando sua qualidade de vida.","breadcrumb":{"@id":"https:\/\/www.em.com.br\/emfoco\/2025\/11\/12\/o-direito-pouco-conhecido-que-pode-reduzir-despesas-dos-idosos\/#breadcrumb"},"inLanguage":"pt-BR","potentialAction":[{"@type":"ReadAction","target":["https:\/\/www.em.com.br\/emfoco\/2025\/11\/12\/o-direito-pouco-conhecido-que-pode-reduzir-despesas-dos-idosos\/"]}]},{"@type":"ImageObject","inLanguage":"pt-BR","@id":"https:\/\/www.em.com.br\/emfoco\/2025\/11\/12\/o-direito-pouco-conhecido-que-pode-reduzir-despesas-dos-idosos\/#primaryimage","url":"https:\/\/www.em.com.br\/emfoco\/wp-content\/uploads\/2025\/06\/aposentado-dinheiro-reais_1743473149469.jpg","contentUrl":"https:\/\/www.em.com.br\/emfoco\/wp-content\/uploads\/2025\/06\/aposentado-dinheiro-reais_1743473149469.jpg","width":1280,"height":720,"caption":"Mudan\u00e7as do MEI 2026 que alteram pre\u00e7os e emiss\u00e3o de notas - Cr\u00e9ditos: depositphotos.com \/ verganifotografia"},{"@type":"BreadcrumbList","@id":"https:\/\/www.em.com.br\/emfoco\/2025\/11\/12\/o-direito-pouco-conhecido-que-pode-reduzir-despesas-dos-idosos\/#breadcrumb","itemListElement":[{"@type":"ListItem","position":1,"name":"In\u00edcio","item":"https:\/\/www.em.com.br\/emfoco\/"},{"@type":"ListItem","position":2,"name":"O direito pouco conhecido que pode reduzir despesas dos idosos"}]},{"@type":"WebSite","@id":"https:\/\/www.em.com.br\/emfoco\/#website","url":"https:\/\/www.em.com.br\/emfoco\/","name":"Estado de Minas - Em foco","description":"Acompanhe as \u00faltimas not\u00edcias e fique bem informado sobre tudo o que acontece em Minas Gerais, Brasil e no mundo.","potentialAction":[{"@type":"SearchAction","target":{"@type":"EntryPoint","urlTemplate":"https:\/\/www.em.com.br\/emfoco\/?s={search_term_string}"},"query-input":{"@type":"PropertyValueSpecification","valueRequired":true,"valueName":"search_term_string"}}],"inLanguage":"pt-BR"},{"@type":"Person","@id":"https:\/\/www.em.com.br\/emfoco\/#\/schema\/person\/649e610b4eb8fff87ff394e54fe17b2b","name":"Ingrid Diniz","image":{"@type":"ImageObject","inLanguage":"pt-BR","@id":"https:\/\/www.em.com.br\/emfoco\/#\/schema\/person\/image\/","url":"https:\/\/secure.gravatar.com\/avatar\/a3baa1449ec5c39b4c42babc9d4f3951?s=96&d=mm&r=g","contentUrl":"https:\/\/secure.gravatar.com\/avatar\/a3baa1449ec5c39b4c42babc9d4f3951?s=96&d=mm&r=g","caption":"Ingrid Diniz"},"sameAs":["https:\/\/www.em.com.br\/"],"url":"https:\/\/www.em.com.br\/emfoco\/author\/ingridmyth\/"}]}},"_links":{"self":[{"href":"https:\/\/www.em.com.br\/emfoco\/wp-json\/wp\/v2\/posts\/126214","targetHints":{"allow":["GET"]}}],"collection":[{"href":"https:\/\/www.em.com.br\/emfoco\/wp-json\/wp\/v2\/posts"}],"about":[{"href":"https:\/\/www.em.com.br\/emfoco\/wp-json\/wp\/v2\/types\/post"}],"author":[{"embeddable":true,"href":"https:\/\/www.em.com.br\/emfoco\/wp-json\/wp\/v2\/users\/20"}],"replies":[{"embeddable":true,"href":"https:\/\/www.em.com.br\/emfoco\/wp-json\/wp\/v2\/comments?post=126214"}],"version-history":[{"count":2,"href":"https:\/\/www.em.com.br\/emfoco\/wp-json\/wp\/v2\/posts\/126214\/revisions"}],"predecessor-version":[{"id":126336,"href":"https:\/\/www.em.com.br\/emfoco\/wp-json\/wp\/v2\/posts\/126214\/revisions\/126336"}],"wp:featuredmedia":[{"embeddable":true,"href":"https:\/\/www.em.com.br\/emfoco\/wp-json\/wp\/v2\/media\/54989"}],"wp:attachment":[{"href":"https:\/\/www.em.com.br\/emfoco\/wp-json\/wp\/v2\/media?parent=126214"}],"wp:term":[{"taxonomy":"category","embeddable":true,"href":"https:\/\/www.em.com.br\/emfoco\/wp-json\/wp\/v2\/categories?post=126214"},{"taxonomy":"post_tag","embeddable":true,"href":"https:\/\/www.em.com.br\/emfoco\/wp-json\/wp\/v2\/tags?post=126214"}],"curies":[{"name":"wp","href":"https:\/\/api.w.org\/{rel}","templated":true}]}}