{"id":126033,"date":"2025-11-12T15:25:45","date_gmt":"2025-11-12T18:25:45","guid":{"rendered":"https:\/\/www.em.com.br\/emfoco\/?p=126033"},"modified":"2025-11-11T18:21:43","modified_gmt":"2025-11-11T21:21:43","slug":"a-planta-que-vira-um-oleo-potente-contra-hematomas-e-dores-pos-treino","status":"publish","type":"post","link":"https:\/\/www.em.com.br\/emfoco\/2025\/11\/12\/a-planta-que-vira-um-oleo-potente-contra-hematomas-e-dores-pos-treino\/","title":{"rendered":"A planta que vira um \u00f3leo potente contra hematomas e dores p\u00f3s-treino"},"content":{"rendered":"\n<p>O <strong>\u00f3leo <\/strong>de <strong>arnica <\/strong>\u00e9 reconhecido tradicionalmente por suas propriedades terap\u00eauticas, especialmente no al\u00edvio de <strong>dores musculares<\/strong> e articulares. Derivado da planta <strong>Arnica montana<\/strong>, esse \u00f3leo \u00e9 amplamente utilizado h\u00e1 s\u00e9culos para tratar inflama\u00e7\u00f5es, acelerar a recupera\u00e7\u00e3o muscular e promover uma sensa\u00e7\u00e3o de al\u00edvio natural e relaxamento.<\/p>\n\n\n\n<h2 class=\"wp-block-heading\">Quais benef\u00edcios o \u00f3leo de arnica pode oferecer para o corpo<\/h2>\n\n\n\n<p>O uso regular do \u00f3leo de <strong>arnica <\/strong>traz diversos benef\u00edcios, incluindo o al\u00edvio de dores musculares e redu\u00e7\u00e3o de <strong>hematomas<\/strong>. Al\u00e9m disso, ele pode ajudar na cicatriza\u00e7\u00e3o de feridas superficiais e atenuar sintomas relacionados \u00e0 artrite.<\/p>\n\n\n\n<p>O \u00f3leo tamb\u00e9m \u00e9 valorizado por suas propriedades antimicrobianas, o que auxilia na preven\u00e7\u00e3o de infec\u00e7\u00f5es em pequenas les\u00f5es. Destacamos a seguir alguns de seus principais benef\u00edcios:<\/p>\n\n\n\n<ul class=\"wp-block-list\">\n<li><strong>Reduz <\/strong>incha\u00e7o e dor muscular<\/li>\n\n\n\n<li><strong>Acelera <\/strong>a recupera\u00e7\u00e3o de les\u00f5es esportivas<\/li>\n\n\n\n<li><strong>Melhora <\/strong>a circula\u00e7\u00e3o sangu\u00ednea local<\/li>\n\n\n\n<li>Previne infec\u00e7\u00f5es em cortes leves<\/li>\n<\/ul>\n\n\n\n<p>Leia tamb\u00e9m:&nbsp;<a href=\"https:\/\/www.em.com.br\/emfoco\/2025\/06\/03\/o-melhor-oleo-para-quem-busca-hidratacao-leve-e-efeito-antioxidante\/\" target=\"_blank\" rel=\"noopener\">O melhor \u00f3leo para quem busca hidrata\u00e7\u00e3o leve e efeito antioxidante<\/a><\/p>\n\n\n<div class=\"wp-block-image\">\n<figure class=\"aligncenter size-large\"><img loading=\"lazy\" decoding=\"async\" width=\"1024\" height=\"576\" src=\"https:\/\/www.em.com.br\/emfoco\/wp-content\/uploads\/2025\/05\/arnica_1746015069145-1024x576.jpg\" alt=\"Essa planta f\u00e1cil de cultivar pode ser a solu\u00e7\u00e3o natural para dores e hematomas\" class=\"wp-image-42881\" srcset=\"https:\/\/www.em.com.br\/emfoco\/wp-content\/uploads\/2025\/05\/arnica_1746015069145-1024x576.jpg 1024w, https:\/\/www.em.com.br\/emfoco\/wp-content\/uploads\/2025\/05\/arnica_1746015069145-300x169.jpg 300w, https:\/\/www.em.com.br\/emfoco\/wp-content\/uploads\/2025\/05\/arnica_1746015069145-768x432.jpg 768w, https:\/\/www.em.com.br\/emfoco\/wp-content\/uploads\/2025\/05\/arnica_1746015069145-750x422.jpg 750w, https:\/\/www.em.com.br\/emfoco\/wp-content\/uploads\/2025\/05\/arnica_1746015069145-1140x641.jpg 1140w, https:\/\/www.em.com.br\/emfoco\/wp-content\/uploads\/2025\/05\/arnica_1746015069145.jpg 1280w\" sizes=\"auto, (max-width: 1024px) 100vw, 1024px\" \/><figcaption class=\"wp-element-caption\">&nbsp;Arnica \u00e9 uma planta medicinal da esp\u00e9cie Arnica montana&nbsp; &#8211; Cr\u00e9ditos: depositphotos.com \/ hiperdino67<\/figcaption><\/figure><\/div>\n\n\n<h2 class=\"wp-block-heading\">Como utilizar o \u00f3leo de arnica corretamente para relaxamento muscular<\/h2>\n\n\n\n<p>Para alcan\u00e7ar resultados eficazes, \u00e9 importante aplicar o \u00f3leo de <strong>arnica <\/strong>de maneira adequada, respeitando as orienta\u00e7\u00f5es de prepara\u00e7\u00e3o e massagem. O uso correto potencializa os benef\u00edcios <strong>relaxantes <\/strong>e terap\u00eauticos do produto.<\/p>\n\n\n\n<p>O processo envolve limpeza da pele, massagem suave e repouso, al\u00e9m de ser recomendada a repeti\u00e7\u00e3o da aplica\u00e7\u00e3o algumas vezes ao dia. Veja um passo a passo essencial para o uso seguro:<\/p>\n\n\n\n<ol class=\"wp-block-list\">\n<li><strong>Prepara\u00e7\u00e3o da pele:<\/strong> Antes de aplicar, garanta que a pele esteja limpa e seca para melhor absor\u00e7\u00e3o.<\/li>\n\n\n\n<li><strong>Aplica\u00e7\u00e3o:<\/strong> Use uma pequena quantidade e massageie a \u00e1rea afetada com movimentos circulares.<\/li>\n\n\n\n<li><strong>Massagem:<\/strong> Continue a massagem por pelo menos cinco minutos para facilitar a penetra\u00e7\u00e3o.<\/li>\n\n\n\n<li><strong>Repouso:<\/strong> Deixe a regi\u00e3o em repouso ap\u00f3s a aplica\u00e7\u00e3o e, se poss\u00edvel, cubra com um pano quente.<\/li>\n\n\n\n<li><strong>Frequ\u00eancia:<\/strong> Repita o procedimento duas a tr\u00eas vezes ao dia, conforme necessidade.<\/li>\n<\/ol>\n\n\n\n<h2 class=\"wp-block-heading\">O \u00f3leo de arnica pode ser utilizado por todas as pessoas<\/h2>\n\n\n\n<p>Apesar de ser considerado seguro para uso externo, o \u00f3leo de arnica requer certas precau\u00e7\u00f5es, especialmente em peles sens\u00edveis ou em pessoas al\u00e9rgicas. Recomenda-se sempre realizar um teste em pequena \u00e1rea antes de utilizar o produto frequentemente.<\/p>\n\n\n\n<p>Crian\u00e7as, gestantes e lactantes devem consultar um profissional de sa\u00fade antes do uso, e o <strong>\u00f3leo <\/strong>nunca deve ser aplicado em feridas abertas. Se houver <strong>irrita\u00e7\u00e3o<\/strong>, descontinue imediatamente e procure orienta\u00e7\u00e3o m\u00e9dica. Veja um v\u00eddeo do canal <a href=\"https:\/\/www.youtube.com\/@DrAntonioCascelli\" target=\"_blank\" rel=\"noreferrer noopener\">Dr. Antonio Cascelli<\/a> sobre benef\u00edcios da <strong>arnica<\/strong>:<\/p>\n\n\n\n<figure class=\"wp-block-embed is-type-video is-provider-youtube wp-block-embed-youtube wp-embed-aspect-16-9 wp-has-aspect-ratio\"><div class=\"wp-block-embed__wrapper\">\n<div class=\"jeg_video_container jeg_video_content\"><iframe loading=\"lazy\" title=\"Arnica: impacto surpreendente da natureza na m\u00e1 circula\u00e7\u00e3o e hist\u00f3ria da planta que curou gera\u00e7\u00f5es\" width=\"500\" height=\"281\" src=\"https:\/\/www.youtube.com\/embed\/oFCSTbz8TqY?feature=oembed\" frameborder=\"0\" allow=\"accelerometer; autoplay; clipboard-write; encrypted-media; gyroscope; picture-in-picture; web-share\" referrerpolicy=\"strict-origin-when-cross-origin\" allowfullscreen><\/iframe><\/div>\n<\/div><\/figure>\n\n\n\n<h2 class=\"wp-block-heading\">Por que o \u00f3leo de arnica \u00e9 um aliado no al\u00edvio muscular natural<\/h2>\n\n\n\n<p>O <strong>\u00f3leo <\/strong>de <strong>arnica <\/strong>se destaca como uma op\u00e7\u00e3o eficaz e natural para aliviar dores <strong>musculares<\/strong>, melhorar o bem-estar e favorecer a recupera\u00e7\u00e3o p\u00f3s-atividade f\u00edsica. Quando utilizado de maneira adequada, pode ser incorporado \u00e0 rotina para benef\u00edcios terap\u00eauticos amplos.<\/p>\n\n\n\n<p>Al\u00e9m dos cuidados recomendados, sua aplica\u00e7\u00e3o t\u00f3pica e regular contribui para um estilo de vida <strong>saud\u00e1vel <\/strong>e equilibrado, tornando-se uma escolha popular entre atletas e pessoas que buscam alternativas naturais para o desconforto muscular.<\/p>\n","protected":false},"excerpt":{"rendered":"<p>O \u00f3leo de arnica \u00e9 reconhecido tradicionalmente por suas propriedades terap\u00eauticas, especialmente no al\u00edvio de dores musculares e articulares. Derivado da planta Arnica montana, esse \u00f3leo \u00e9 amplamente utilizado h\u00e1 s\u00e9culos para tratar inflama\u00e7\u00f5es, acelerar a recupera\u00e7\u00e3o muscular e promover uma sensa\u00e7\u00e3o de al\u00edvio natural e relaxamento. Quais benef\u00edcios o \u00f3leo de arnica pode oferecer [&hellip;]<\/p>\n","protected":false},"author":9,"featured_media":126125,"comment_status":"open","ping_status":"open","sticky":false,"template":"","format":"standard","meta":{"jnews-multi-image_gallery":[],"jnews_single_post":{"format":"standard"},"jnews_primary_category":[],"jnews_social_meta":[],"jnews_override_counter":[],"footnotes":""},"categories":[8819,1,9053],"tags":[18715,16622,5612],"class_list":["post-126033","post","type-post","status-publish","format-standard","has-post-thumbnail","hentry","category-curiosidades","category-noticias","category-saude","tag-arnica","tag-dores-musculares","tag-oleo"],"yoast_head":"<!-- This site is optimized with the Yoast SEO plugin v23.8 - https:\/\/yoast.com\/wordpress\/plugins\/seo\/ -->\n<title>A planta que vira um \u00f3leo potente contra hematomas e dores p\u00f3s-treino - Estado de Minas - Em foco<\/title>\n<meta name=\"description\" content=\"Um \u00f3leo derivado de planta alivia dores musculares e inflama\u00e7\u00e3o. Saiba como a aplica\u00e7\u00e3o correta acelera a recupera\u00e7\u00e3o e reduz hematomas.\" \/>\n<meta name=\"robots\" content=\"index, follow, max-snippet:-1, max-image-preview:large, max-video-preview:-1\" \/>\n<link rel=\"canonical\" href=\"https:\/\/www.em.com.br\/emfoco\/2025\/11\/12\/a-planta-que-vira-um-oleo-potente-contra-hematomas-e-dores-pos-treino\/\" \/>\n<meta property=\"og:locale\" content=\"pt_BR\" \/>\n<meta property=\"og:type\" content=\"article\" \/>\n<meta property=\"og:title\" content=\"A planta que vira um \u00f3leo potente contra hematomas e dores p\u00f3s-treino - Estado de Minas - Em foco\" \/>\n<meta property=\"og:description\" content=\"Um \u00f3leo derivado de planta alivia dores musculares e inflama\u00e7\u00e3o. Saiba como a aplica\u00e7\u00e3o correta acelera a recupera\u00e7\u00e3o e reduz hematomas.\" \/>\n<meta property=\"og:url\" content=\"https:\/\/www.em.com.br\/emfoco\/2025\/11\/12\/a-planta-que-vira-um-oleo-potente-contra-hematomas-e-dores-pos-treino\/\" \/>\n<meta property=\"og:site_name\" content=\"Estado de Minas - Em foco\" \/>\n<meta property=\"article:published_time\" content=\"2025-11-12T18:25:45+00:00\" \/>\n<meta property=\"article:modified_time\" content=\"2025-11-11T21:21:43+00:00\" \/>\n<meta property=\"og:image\" content=\"https:\/\/www.em.com.br\/emfoco\/wp-content\/uploads\/2025\/11\/muscle-pain_1762880997582.jpg\" \/>\n\t<meta property=\"og:image:width\" content=\"1280\" \/>\n\t<meta property=\"og:image:height\" content=\"720\" \/>\n\t<meta property=\"og:image:type\" content=\"image\/jpeg\" \/>\n<meta name=\"author\" content=\"Daniely Cardoso\" \/>\n<meta name=\"twitter:card\" content=\"summary_large_image\" \/>\n<meta name=\"twitter:label1\" content=\"Escrito por\" \/>\n\t<meta name=\"twitter:data1\" content=\"Daniely Cardoso\" \/>\n\t<meta name=\"twitter:label2\" content=\"Est. tempo de leitura\" \/>\n\t<meta name=\"twitter:data2\" content=\"4 minutos\" \/>\n<!-- \/ Yoast SEO plugin. -->","yoast_head_json":{"title":"A planta que vira um \u00f3leo potente contra hematomas e dores p\u00f3s-treino - Estado de Minas - Em foco","description":"Um \u00f3leo derivado de planta alivia dores musculares e inflama\u00e7\u00e3o. Saiba como a aplica\u00e7\u00e3o correta acelera a recupera\u00e7\u00e3o e reduz hematomas.","robots":{"index":"index","follow":"follow","max-snippet":"max-snippet:-1","max-image-preview":"max-image-preview:large","max-video-preview":"max-video-preview:-1"},"canonical":"https:\/\/www.em.com.br\/emfoco\/2025\/11\/12\/a-planta-que-vira-um-oleo-potente-contra-hematomas-e-dores-pos-treino\/","og_locale":"pt_BR","og_type":"article","og_title":"A planta que vira um \u00f3leo potente contra hematomas e dores p\u00f3s-treino - Estado de Minas - Em foco","og_description":"Um \u00f3leo derivado de planta alivia dores musculares e inflama\u00e7\u00e3o. Saiba como a aplica\u00e7\u00e3o correta acelera a recupera\u00e7\u00e3o e reduz hematomas.","og_url":"https:\/\/www.em.com.br\/emfoco\/2025\/11\/12\/a-planta-que-vira-um-oleo-potente-contra-hematomas-e-dores-pos-treino\/","og_site_name":"Estado de Minas - Em foco","article_published_time":"2025-11-12T18:25:45+00:00","article_modified_time":"2025-11-11T21:21:43+00:00","og_image":[{"width":1280,"height":720,"url":"https:\/\/www.em.com.br\/emfoco\/wp-content\/uploads\/2025\/11\/muscle-pain_1762880997582.jpg","type":"image\/jpeg"}],"author":"Daniely Cardoso","twitter_card":"summary_large_image","twitter_misc":{"Escrito por":"Daniely Cardoso","Est. tempo de leitura":"4 minutos"},"schema":{"@context":"https:\/\/schema.org","@graph":[{"@type":"WebPage","@id":"https:\/\/www.em.com.br\/emfoco\/2025\/11\/12\/a-planta-que-vira-um-oleo-potente-contra-hematomas-e-dores-pos-treino\/","url":"https:\/\/www.em.com.br\/emfoco\/2025\/11\/12\/a-planta-que-vira-um-oleo-potente-contra-hematomas-e-dores-pos-treino\/","name":"A planta que vira um \u00f3leo potente contra hematomas e dores p\u00f3s-treino - Estado de Minas - Em foco","isPartOf":{"@id":"https:\/\/www.em.com.br\/emfoco\/#website"},"primaryImageOfPage":{"@id":"https:\/\/www.em.com.br\/emfoco\/2025\/11\/12\/a-planta-que-vira-um-oleo-potente-contra-hematomas-e-dores-pos-treino\/#primaryimage"},"image":{"@id":"https:\/\/www.em.com.br\/emfoco\/2025\/11\/12\/a-planta-que-vira-um-oleo-potente-contra-hematomas-e-dores-pos-treino\/#primaryimage"},"thumbnailUrl":"https:\/\/www.em.com.br\/emfoco\/wp-content\/uploads\/2025\/11\/muscle-pain_1762880997582.jpg","datePublished":"2025-11-12T18:25:45+00:00","dateModified":"2025-11-11T21:21:43+00:00","author":{"@id":"https:\/\/www.em.com.br\/emfoco\/#\/schema\/person\/0a8186d72f2c3a5c6276d90b41f271a0"},"description":"Um \u00f3leo derivado de planta alivia dores musculares e inflama\u00e7\u00e3o. Saiba como a aplica\u00e7\u00e3o correta acelera a recupera\u00e7\u00e3o e reduz hematomas.","breadcrumb":{"@id":"https:\/\/www.em.com.br\/emfoco\/2025\/11\/12\/a-planta-que-vira-um-oleo-potente-contra-hematomas-e-dores-pos-treino\/#breadcrumb"},"inLanguage":"pt-BR","potentialAction":[{"@type":"ReadAction","target":["https:\/\/www.em.com.br\/emfoco\/2025\/11\/12\/a-planta-que-vira-um-oleo-potente-contra-hematomas-e-dores-pos-treino\/"]}]},{"@type":"ImageObject","inLanguage":"pt-BR","@id":"https:\/\/www.em.com.br\/emfoco\/2025\/11\/12\/a-planta-que-vira-um-oleo-potente-contra-hematomas-e-dores-pos-treino\/#primaryimage","url":"https:\/\/www.em.com.br\/emfoco\/wp-content\/uploads\/2025\/11\/muscle-pain_1762880997582.jpg","contentUrl":"https:\/\/www.em.com.br\/emfoco\/wp-content\/uploads\/2025\/11\/muscle-pain_1762880997582.jpg","width":1280,"height":720,"caption":"Dores musculares podem ser aliviadas com este \u00f3leo - Cr\u00e9ditos: depositphotos.com \/ belchonock"},{"@type":"BreadcrumbList","@id":"https:\/\/www.em.com.br\/emfoco\/2025\/11\/12\/a-planta-que-vira-um-oleo-potente-contra-hematomas-e-dores-pos-treino\/#breadcrumb","itemListElement":[{"@type":"ListItem","position":1,"name":"In\u00edcio","item":"https:\/\/www.em.com.br\/emfoco\/"},{"@type":"ListItem","position":2,"name":"A planta que vira um \u00f3leo potente contra hematomas e dores p\u00f3s-treino"}]},{"@type":"WebSite","@id":"https:\/\/www.em.com.br\/emfoco\/#website","url":"https:\/\/www.em.com.br\/emfoco\/","name":"Estado de Minas - Em foco","description":"Acompanhe as \u00faltimas not\u00edcias e fique bem informado sobre tudo o que acontece em Minas Gerais, Brasil e no mundo.","potentialAction":[{"@type":"SearchAction","target":{"@type":"EntryPoint","urlTemplate":"https:\/\/www.em.com.br\/emfoco\/?s={search_term_string}"},"query-input":{"@type":"PropertyValueSpecification","valueRequired":true,"valueName":"search_term_string"}}],"inLanguage":"pt-BR"},{"@type":"Person","@id":"https:\/\/www.em.com.br\/emfoco\/#\/schema\/person\/0a8186d72f2c3a5c6276d90b41f271a0","name":"Daniely Cardoso","image":{"@type":"ImageObject","inLanguage":"pt-BR","@id":"https:\/\/www.em.com.br\/emfoco\/#\/schema\/person\/image\/","url":"https:\/\/secure.gravatar.com\/avatar\/4b80ddbd124d1f071b626d52d62e5dff?s=96&d=mm&r=g","contentUrl":"https:\/\/secure.gravatar.com\/avatar\/4b80ddbd124d1f071b626d52d62e5dff?s=96&d=mm&r=g","caption":"Daniely Cardoso"},"url":"https:\/\/www.em.com.br\/emfoco\/author\/danielymyth\/"}]}},"_links":{"self":[{"href":"https:\/\/www.em.com.br\/emfoco\/wp-json\/wp\/v2\/posts\/126033","targetHints":{"allow":["GET"]}}],"collection":[{"href":"https:\/\/www.em.com.br\/emfoco\/wp-json\/wp\/v2\/posts"}],"about":[{"href":"https:\/\/www.em.com.br\/emfoco\/wp-json\/wp\/v2\/types\/post"}],"author":[{"embeddable":true,"href":"https:\/\/www.em.com.br\/emfoco\/wp-json\/wp\/v2\/users\/9"}],"replies":[{"embeddable":true,"href":"https:\/\/www.em.com.br\/emfoco\/wp-json\/wp\/v2\/comments?post=126033"}],"version-history":[{"count":5,"href":"https:\/\/www.em.com.br\/emfoco\/wp-json\/wp\/v2\/posts\/126033\/revisions"}],"predecessor-version":[{"id":126343,"href":"https:\/\/www.em.com.br\/emfoco\/wp-json\/wp\/v2\/posts\/126033\/revisions\/126343"}],"wp:featuredmedia":[{"embeddable":true,"href":"https:\/\/www.em.com.br\/emfoco\/wp-json\/wp\/v2\/media\/126125"}],"wp:attachment":[{"href":"https:\/\/www.em.com.br\/emfoco\/wp-json\/wp\/v2\/media?parent=126033"}],"wp:term":[{"taxonomy":"category","embeddable":true,"href":"https:\/\/www.em.com.br\/emfoco\/wp-json\/wp\/v2\/categories?post=126033"},{"taxonomy":"post_tag","embeddable":true,"href":"https:\/\/www.em.com.br\/emfoco\/wp-json\/wp\/v2\/tags?post=126033"}],"curies":[{"name":"wp","href":"https:\/\/api.w.org\/{rel}","templated":true}]}}