{"id":125972,"date":"2025-11-12T13:45:00","date_gmt":"2025-11-12T16:45:00","guid":{"rendered":"https:\/\/www.em.com.br\/emfoco\/?p=125972"},"modified":"2025-11-11T15:20:45","modified_gmt":"2025-11-11T18:20:45","slug":"o-que-acontece-se-voce-tiver-acoes-em-uma-empresa-que-abre-falencia","status":"publish","type":"post","link":"https:\/\/www.em.com.br\/emfoco\/2025\/11\/12\/o-que-acontece-se-voce-tiver-acoes-em-uma-empresa-que-abre-falencia\/","title":{"rendered":"O que acontece se voc\u00ea tiver a\u00e7\u00f5es em uma empresa que abre fal\u00eancia"},"content":{"rendered":"\n<p>Investir em a\u00e7\u00f5es \u00e9 uma pr\u00e1tica comum para quem busca rentabilizar o capital, mas esse tipo de investimento envolve riscos, sendo a fal\u00eancia da empresa um dos mais s\u00e9rios. Quando isso ocorre, os acionistas podem perder grande parte ou todo o valor investido, pois as a\u00e7\u00f5es tornam-se praticamente sem valor, representando participa\u00e7\u00e3o em uma entidade extinta.<\/p>\n\n\n\n<h2 class=\"wp-block-heading\">O que acontece com os acionistas quando a empresa vai \u00e0 fal\u00eancia<\/h2>\n\n\n\n<p>Quando uma empresa entra em processo de fal\u00eancia, todo seu patrim\u00f4nio \u00e9 usado para <a href=\"https:\/\/desenrola.gov.br\/\" target=\"_blank\" rel=\"noreferrer noopener\">pagar as d\u00edvidas<\/a>. As a\u00e7\u00f5es que os investidores possuem perdem seu valor quase totalmente, resultando em preju\u00edzo financeiro significativo.<\/p>\n\n\n\n<p>Somente se sobrarem recursos ap\u00f3s o pagamento de credores priorit\u00e1rios, os acionistas podem recuperar algum valor, o que \u00e9 raro. Na maioria dos casos, nada resta aos investidores de a\u00e7\u00f5es depois da liquida\u00e7\u00e3o de d\u00edvidas.<\/p>\n\n\n\n<h2 class=\"wp-block-heading\">Existe possibilidade de aux\u00edlio jur\u00eddico para os acionistas em caso de fal\u00eancia<\/h2>\n\n\n\n<p>Apesar do impacto negativo da fal\u00eancia, existe a possibilidade de buscar ajuda legal. Se houver ind\u00edcios de fraude ou m\u00e1 gest\u00e3o dos administradores, os acionistas podem buscar ressarcimento por vias judiciais.<\/p>\n\n\n\n<ul class=\"wp-block-list\">\n<li>A\u00e7\u00f5es coletivas podem ser movidas contra respons\u00e1veis pela m\u00e1 administra\u00e7\u00e3o;<\/li>\n\n\n\n<li>Processos judiciais podem levar anos e n\u00e3o garantem recompensas financeiras;<\/li>\n\n\n\n<li>Mesmo com vit\u00f3ria judicial, ressarcimentos podem ser limitados ou inexistentes.<\/li>\n<\/ul>\n\n\n\n<figure class=\"wp-block-image size-large\"><img loading=\"lazy\" decoding=\"async\" width=\"1024\" height=\"576\" src=\"https:\/\/www.em.com.br\/emfoco\/wp-content\/uploads\/2025\/11\/falencia_1762885007149-1024x576.jpg\" alt=\"\" class=\"wp-image-126132\" srcset=\"https:\/\/www.em.com.br\/emfoco\/wp-content\/uploads\/2025\/11\/falencia_1762885007149-1024x576.jpg 1024w, https:\/\/www.em.com.br\/emfoco\/wp-content\/uploads\/2025\/11\/falencia_1762885007149-300x169.jpg 300w, https:\/\/www.em.com.br\/emfoco\/wp-content\/uploads\/2025\/11\/falencia_1762885007149-768x432.jpg 768w, https:\/\/www.em.com.br\/emfoco\/wp-content\/uploads\/2025\/11\/falencia_1762885007149-750x422.jpg 750w, https:\/\/www.em.com.br\/emfoco\/wp-content\/uploads\/2025\/11\/falencia_1762885007149-1140x641.jpg 1140w, https:\/\/www.em.com.br\/emfoco\/wp-content\/uploads\/2025\/11\/falencia_1762885007149.jpg 1280w\" sizes=\"auto, (max-width: 1024px) 100vw, 1024px\" \/><figcaption class=\"wp-element-caption\">O que acontece com o investidor quando a empresa vai \u00e0 fal\u00eancia &#8211; Cr\u00e9ditos: depositphotos.com \/ AntonMatyukha<\/figcaption><\/figure>\n\n\n\n<h2 class=\"wp-block-heading\">Qual \u00e9 a responsabilidade dos investidores sobre as d\u00edvidas das empresas<\/h2>\n\n\n\n<p>Os acionistas n\u00e3o respondem por d\u00edvidas das empresas investidas. Isso significa que, mesmo em casos de <a href=\"https:\/\/www.em.com.br\/emfoco\/2025\/11\/08\/marca-popular-de-cerveja-entra-com-pedido-de-falencia\/\" target=\"_blank\" rel=\"noreferrer noopener\">fal\u00eancia<\/a>, o preju\u00edzo limita-se ao valor j\u00e1 investido em a\u00e7\u00f5es, protegendo-os de responsabilidades financeiras adicionais.<\/p>\n\n\n\n<p>Essa prote\u00e7\u00e3o distingue os investidores de a\u00e7\u00f5es dos s\u00f3cios de empresas limitadas, que podem ser responsabilizados por passivos corporativos.<\/p>\n\n\n\n<h2 class=\"wp-block-heading\">Recupera\u00e7\u00e3o judicial significa fal\u00eancia iminente<\/h2>\n\n\n\n<p>A&nbsp;<strong>recupera\u00e7\u00e3o judicial<\/strong>&nbsp;\u00e9 um instrumento legal que permite \u00e0 empresa reorganizar as d\u00edvidas e continuar operando, n\u00e3o sendo considerada uma fal\u00eancia. Esse processo pode servir como um alerta de dificuldades, mas ainda oferece chance de reestrutura\u00e7\u00e3o.<\/p>\n\n\n\n<p>Caso o plano de recupera\u00e7\u00e3o seja bem-sucedido, a empresa pode evitar a liquida\u00e7\u00e3o e retomar o crescimento, beneficiando acionistas e credores.<\/p>\n\n\n\n<h2 class=\"wp-block-heading\">Como reduzir os riscos de fal\u00eancia de empresas na carteira de investimentos<\/h2>\n\n\n\n<p>A ado\u00e7\u00e3o de estrat\u00e9gias preventivas \u00e9 fundamental para minimizar perdas decorrentes de eventuais fal\u00eancias. Uma das pr\u00e1ticas \u00e9 diversificar o portf\u00f3lio, avaliando diferentes empresas e setores.<\/p>\n\n\n\n<p>Al\u00e9m disso, os investidores devem monitorar atentamente fatores que sinalizam dificuldades financeiras. Entre as principais pr\u00e1ticas recomendadas destacam-se:<\/p>\n\n\n\n<ul class=\"wp-block-list\">\n<li>Evitar concentrar investimentos em apenas uma empresa ou setor;<\/li>\n\n\n\n<li>Analisar relat\u00f3rios financeiros, como balan\u00e7os e fluxo de caixa;<\/li>\n\n\n\n<li>Prestar aten\u00e7\u00e3o a atrasos na divulga\u00e7\u00e3o de resultados e not\u00edcias do mercado;<\/li>\n\n\n\n<li>Revisar frequentemente a exposi\u00e7\u00e3o ao risco da carteira de a\u00e7\u00f5es.<\/li>\n<\/ul>\n\n\n\n<p>Em resumo, investir em a\u00e7\u00f5es envolve riscos que exigem an\u00e1lise e planejamento rigorosos. Compreender tais riscos, manter uma observa\u00e7\u00e3o constante do mercado e tomar decis\u00f5es fundamentadas permite ao investidor enfrentar incertezas, incluindo eventuais fal\u00eancias, de maneira mais segura.<\/p>\n","protected":false},"excerpt":{"rendered":"<p>Investir em a\u00e7\u00f5es \u00e9 uma pr\u00e1tica comum para quem busca rentabilizar o capital, mas esse tipo de investimento envolve riscos, sendo a fal\u00eancia da empresa um dos mais s\u00e9rios. Quando isso ocorre, os acionistas podem perder grande parte ou todo o valor investido, pois as a\u00e7\u00f5es tornam-se praticamente sem valor, representando participa\u00e7\u00e3o em uma entidade [&hellip;]<\/p>\n","protected":false},"author":11,"featured_media":126133,"comment_status":"open","ping_status":"open","sticky":false,"template":"","format":"standard","meta":{"jnews-multi-image_gallery":[],"jnews_single_post":{"format":"standard"},"jnews_primary_category":[],"jnews_social_meta":[],"jnews_override_counter":[],"footnotes":""},"categories":[28,1],"tags":[13802,5478,549],"class_list":["post-125972","post","type-post","status-publish","format-standard","has-post-thumbnail","hentry","category-economia","category-noticias","tag-bolsa","tag-falencia","tag-investimento"],"yoast_head":"<!-- This site is optimized with the Yoast SEO plugin v23.8 - https:\/\/yoast.com\/wordpress\/plugins\/seo\/ -->\n<title>O que acontece se voc\u00ea tiver a\u00e7\u00f5es em uma empresa que abre fal\u00eancia - Estado de Minas - Em foco<\/title>\n<meta name=\"description\" content=\"Quando uma empresa quebra, os investidores podem perder tudo. Entenda o que acontece com as a\u00e7\u00f5es e como reduzir riscos.\" \/>\n<meta name=\"robots\" content=\"index, follow, max-snippet:-1, max-image-preview:large, max-video-preview:-1\" \/>\n<link rel=\"canonical\" href=\"https:\/\/www.em.com.br\/emfoco\/2025\/11\/12\/o-que-acontece-se-voce-tiver-acoes-em-uma-empresa-que-abre-falencia\/\" \/>\n<meta property=\"og:locale\" content=\"pt_BR\" \/>\n<meta property=\"og:type\" content=\"article\" \/>\n<meta property=\"og:title\" content=\"O que acontece se voc\u00ea tiver a\u00e7\u00f5es em uma empresa que abre fal\u00eancia - Estado de Minas - Em foco\" \/>\n<meta property=\"og:description\" content=\"Quando uma empresa quebra, os investidores podem perder tudo. Entenda o que acontece com as a\u00e7\u00f5es e como reduzir riscos.\" \/>\n<meta property=\"og:url\" content=\"https:\/\/www.em.com.br\/emfoco\/2025\/11\/12\/o-que-acontece-se-voce-tiver-acoes-em-uma-empresa-que-abre-falencia\/\" \/>\n<meta property=\"og:site_name\" content=\"Estado de Minas - Em foco\" \/>\n<meta property=\"article:published_time\" content=\"2025-11-12T16:45:00+00:00\" \/>\n<meta property=\"article:modified_time\" content=\"2025-11-11T18:20:45+00:00\" \/>\n<meta property=\"og:image\" content=\"https:\/\/www.em.com.br\/emfoco\/wp-content\/uploads\/2025\/11\/falencia_1762885060512.jpg\" \/>\n\t<meta property=\"og:image:width\" content=\"1280\" \/>\n\t<meta property=\"og:image:height\" content=\"720\" \/>\n\t<meta property=\"og:image:type\" content=\"image\/jpeg\" \/>\n<meta name=\"author\" content=\"Andre\u0301 Rangel\u00a0\" \/>\n<meta name=\"twitter:card\" content=\"summary_large_image\" \/>\n<meta name=\"twitter:label1\" content=\"Escrito por\" \/>\n\t<meta name=\"twitter:data1\" content=\"Andre\u0301 Rangel\u00a0\" \/>\n\t<meta name=\"twitter:label2\" content=\"Est. tempo de leitura\" \/>\n\t<meta name=\"twitter:data2\" content=\"4 minutos\" \/>\n<!-- \/ Yoast SEO plugin. -->","yoast_head_json":{"title":"O que acontece se voc\u00ea tiver a\u00e7\u00f5es em uma empresa que abre fal\u00eancia - Estado de Minas - Em foco","description":"Quando uma empresa quebra, os investidores podem perder tudo. Entenda o que acontece com as a\u00e7\u00f5es e como reduzir riscos.","robots":{"index":"index","follow":"follow","max-snippet":"max-snippet:-1","max-image-preview":"max-image-preview:large","max-video-preview":"max-video-preview:-1"},"canonical":"https:\/\/www.em.com.br\/emfoco\/2025\/11\/12\/o-que-acontece-se-voce-tiver-acoes-em-uma-empresa-que-abre-falencia\/","og_locale":"pt_BR","og_type":"article","og_title":"O que acontece se voc\u00ea tiver a\u00e7\u00f5es em uma empresa que abre fal\u00eancia - Estado de Minas - Em foco","og_description":"Quando uma empresa quebra, os investidores podem perder tudo. Entenda o que acontece com as a\u00e7\u00f5es e como reduzir riscos.","og_url":"https:\/\/www.em.com.br\/emfoco\/2025\/11\/12\/o-que-acontece-se-voce-tiver-acoes-em-uma-empresa-que-abre-falencia\/","og_site_name":"Estado de Minas - Em foco","article_published_time":"2025-11-12T16:45:00+00:00","article_modified_time":"2025-11-11T18:20:45+00:00","og_image":[{"width":1280,"height":720,"url":"https:\/\/www.em.com.br\/emfoco\/wp-content\/uploads\/2025\/11\/falencia_1762885060512.jpg","type":"image\/jpeg"}],"author":"Andre\u0301 Rangel\u00a0","twitter_card":"summary_large_image","twitter_misc":{"Escrito por":"Andre\u0301 Rangel\u00a0","Est. tempo de leitura":"4 minutos"},"schema":{"@context":"https:\/\/schema.org","@graph":[{"@type":"WebPage","@id":"https:\/\/www.em.com.br\/emfoco\/2025\/11\/12\/o-que-acontece-se-voce-tiver-acoes-em-uma-empresa-que-abre-falencia\/","url":"https:\/\/www.em.com.br\/emfoco\/2025\/11\/12\/o-que-acontece-se-voce-tiver-acoes-em-uma-empresa-que-abre-falencia\/","name":"O que acontece se voc\u00ea tiver a\u00e7\u00f5es em uma empresa que abre fal\u00eancia - Estado de Minas - Em foco","isPartOf":{"@id":"https:\/\/www.em.com.br\/emfoco\/#website"},"primaryImageOfPage":{"@id":"https:\/\/www.em.com.br\/emfoco\/2025\/11\/12\/o-que-acontece-se-voce-tiver-acoes-em-uma-empresa-que-abre-falencia\/#primaryimage"},"image":{"@id":"https:\/\/www.em.com.br\/emfoco\/2025\/11\/12\/o-que-acontece-se-voce-tiver-acoes-em-uma-empresa-que-abre-falencia\/#primaryimage"},"thumbnailUrl":"https:\/\/www.em.com.br\/emfoco\/wp-content\/uploads\/2025\/11\/falencia_1762885060512.jpg","datePublished":"2025-11-12T16:45:00+00:00","dateModified":"2025-11-11T18:20:45+00:00","author":{"@id":"https:\/\/www.em.com.br\/emfoco\/#\/schema\/person\/60eda09c1fedf0d6891f4cef4b60b8b8"},"description":"Quando uma empresa quebra, os investidores podem perder tudo. Entenda o que acontece com as a\u00e7\u00f5es e como reduzir riscos.","breadcrumb":{"@id":"https:\/\/www.em.com.br\/emfoco\/2025\/11\/12\/o-que-acontece-se-voce-tiver-acoes-em-uma-empresa-que-abre-falencia\/#breadcrumb"},"inLanguage":"pt-BR","potentialAction":[{"@type":"ReadAction","target":["https:\/\/www.em.com.br\/emfoco\/2025\/11\/12\/o-que-acontece-se-voce-tiver-acoes-em-uma-empresa-que-abre-falencia\/"]}]},{"@type":"ImageObject","inLanguage":"pt-BR","@id":"https:\/\/www.em.com.br\/emfoco\/2025\/11\/12\/o-que-acontece-se-voce-tiver-acoes-em-uma-empresa-que-abre-falencia\/#primaryimage","url":"https:\/\/www.em.com.br\/emfoco\/wp-content\/uploads\/2025\/11\/falencia_1762885060512.jpg","contentUrl":"https:\/\/www.em.com.br\/emfoco\/wp-content\/uploads\/2025\/11\/falencia_1762885060512.jpg","width":1280,"height":720,"caption":"O erro que pode custar todo o dinheiro de quem investe em a\u00e7\u00f5es - Cr\u00e9ditos: depositphotos.com \/ Mactrunk"},{"@type":"BreadcrumbList","@id":"https:\/\/www.em.com.br\/emfoco\/2025\/11\/12\/o-que-acontece-se-voce-tiver-acoes-em-uma-empresa-que-abre-falencia\/#breadcrumb","itemListElement":[{"@type":"ListItem","position":1,"name":"In\u00edcio","item":"https:\/\/www.em.com.br\/emfoco\/"},{"@type":"ListItem","position":2,"name":"O que acontece se voc\u00ea tiver a\u00e7\u00f5es em uma empresa que abre fal\u00eancia"}]},{"@type":"WebSite","@id":"https:\/\/www.em.com.br\/emfoco\/#website","url":"https:\/\/www.em.com.br\/emfoco\/","name":"Estado de Minas - Em foco","description":"Acompanhe as \u00faltimas not\u00edcias e fique bem informado sobre tudo o que acontece em Minas Gerais, Brasil e no mundo.","potentialAction":[{"@type":"SearchAction","target":{"@type":"EntryPoint","urlTemplate":"https:\/\/www.em.com.br\/emfoco\/?s={search_term_string}"},"query-input":{"@type":"PropertyValueSpecification","valueRequired":true,"valueName":"search_term_string"}}],"inLanguage":"pt-BR"},{"@type":"Person","@id":"https:\/\/www.em.com.br\/emfoco\/#\/schema\/person\/60eda09c1fedf0d6891f4cef4b60b8b8","name":"Andre\u0301 Rangel\u00a0","image":{"@type":"ImageObject","inLanguage":"pt-BR","@id":"https:\/\/www.em.com.br\/emfoco\/#\/schema\/person\/image\/","url":"https:\/\/secure.gravatar.com\/avatar\/6234dc814c77c8ef6d8bba622c787efc?s=96&d=mm&r=g","contentUrl":"https:\/\/secure.gravatar.com\/avatar\/6234dc814c77c8ef6d8bba622c787efc?s=96&d=mm&r=g","caption":"Andre\u0301 Rangel\u00a0"},"url":"https:\/\/www.em.com.br\/emfoco\/author\/luizmyth\/"}]}},"_links":{"self":[{"href":"https:\/\/www.em.com.br\/emfoco\/wp-json\/wp\/v2\/posts\/125972","targetHints":{"allow":["GET"]}}],"collection":[{"href":"https:\/\/www.em.com.br\/emfoco\/wp-json\/wp\/v2\/posts"}],"about":[{"href":"https:\/\/www.em.com.br\/emfoco\/wp-json\/wp\/v2\/types\/post"}],"author":[{"embeddable":true,"href":"https:\/\/www.em.com.br\/emfoco\/wp-json\/wp\/v2\/users\/11"}],"replies":[{"embeddable":true,"href":"https:\/\/www.em.com.br\/emfoco\/wp-json\/wp\/v2\/comments?post=125972"}],"version-history":[{"count":2,"href":"https:\/\/www.em.com.br\/emfoco\/wp-json\/wp\/v2\/posts\/125972\/revisions"}],"predecessor-version":[{"id":126256,"href":"https:\/\/www.em.com.br\/emfoco\/wp-json\/wp\/v2\/posts\/125972\/revisions\/126256"}],"wp:featuredmedia":[{"embeddable":true,"href":"https:\/\/www.em.com.br\/emfoco\/wp-json\/wp\/v2\/media\/126133"}],"wp:attachment":[{"href":"https:\/\/www.em.com.br\/emfoco\/wp-json\/wp\/v2\/media?parent=125972"}],"wp:term":[{"taxonomy":"category","embeddable":true,"href":"https:\/\/www.em.com.br\/emfoco\/wp-json\/wp\/v2\/categories?post=125972"},{"taxonomy":"post_tag","embeddable":true,"href":"https:\/\/www.em.com.br\/emfoco\/wp-json\/wp\/v2\/tags?post=125972"}],"curies":[{"name":"wp","href":"https:\/\/api.w.org\/{rel}","templated":true}]}}