{"id":125953,"date":"2025-11-12T11:15:00","date_gmt":"2025-11-12T14:15:00","guid":{"rendered":"https:\/\/www.em.com.br\/emfoco\/?p=125953"},"modified":"2025-11-11T13:55:50","modified_gmt":"2025-11-11T16:55:50","slug":"adeus-a-estrela-de-natal-o-novo-enfeite-e-mais-elegante-e-moderno-para-colocar-na-sua-arvore-de-natal","status":"publish","type":"post","link":"https:\/\/www.em.com.br\/emfoco\/2025\/11\/12\/adeus-a-estrela-de-natal-o-novo-enfeite-e-mais-elegante-e-moderno-para-colocar-na-sua-arvore-de-natal\/","title":{"rendered":"Adeus \u00e0 estrela de natal, o novo enfeite \u00e9 mais elegante e moderno para colocar na sua \u00e1rvore de Natal\u00a0"},"content":{"rendered":"\n<p>O Natal \u00e9 uma celebra\u00e7\u00e3o repleta de simbolismo e tradi\u00e7\u00e3o, e poucos elementos representam isso de forma t\u00e3o visual quanto a decora\u00e7\u00e3o do pinheirinho natalino. A customiza\u00e7\u00e3o do pinheiro reflete o esp\u00edrito festivo e a personalidade de cada fam\u00edlia. Este ano, a tend\u00eancia dos la\u00e7os grandes e chamativos est\u00e1 ganhando espa\u00e7o, substituindo o tradicional topo em forma de estrela por um la\u00e7o elegante e contempor\u00e2neo, trazendo uma est\u00e9tica moderna e calorosa para a comemora\u00e7\u00e3o.<\/p>\n\n\n\n<h2 class=\"wp-block-heading\">Por que os la\u00e7os grandes e chamativos est\u00e3o em alta na decora\u00e7\u00e3o de Natal em 2025<\/h2>\n\n\n\n<p>Os la\u00e7os grandes e chamativos, vistosos e exuberantes, t\u00eam conquistado destaque ao substituir a cl\u00e1ssica estrela. Sua popularidade cresce entre aqueles que buscam uma <a href=\"https:\/\/www.em.com.br\/emfoco\/2025\/11\/08\/que-tal-reaproveitar-a-decoracao-de-natal-do-ano-passado-e-fazer-voce-mesmo-essa-ideia-fabulosa\/\" target=\"_blank\" rel=\"noreferrer noopener\">decora\u00e7\u00e3o <\/a>diferenciada e cheia de personalidade, atraindo olhares mesmo sem muitos outros adornos.<\/p>\n\n\n\n<p>As fam\u00edlias adotam esse toque escultural e moderno para deixar seu pinheirinho especial e distinto, mostrando criatividade e originalidade na escolha do topo da \u00e1rvore de Natal.<\/p>\n\n\n\n<figure class=\"wp-block-image\"><img decoding=\"async\" src=\"https:\/\/www.em.com.br\/emfoco\/wp-content\/uploads\/2025\/11\/Gemini_Generated_Image_45hkep45hkep45hk-1-1024x576.png\" alt=\"\"\/><figcaption class=\"wp-element-caption\">La\u00e7os grandes s\u00e3o a nova tend\u00eancia na decora\u00e7\u00e3o de Natal<\/figcaption><\/figure>\n\n\n\n<h2 class=\"wp-block-heading\">Veja quais s\u00e3o os motivos para escolher la\u00e7os grandes e chamativos na decora\u00e7\u00e3o natalina<\/h2>\n\n\n\n<p>Uma das maiores vantagens dos la\u00e7os grandes e chamativos \u00e9 sua versatilidade. Dispon\u00edveis em materiais como veludo, cetim ou <a href=\"https:\/\/organsa-event.com\/#:~:text=for%20luxury%20weddings,your%20story%2C%20values%20and%20vision.\" target=\"_blank\" rel=\"noreferrer noopener\">organza<\/a>, eles se adaptam facilmente a diferentes estilos de decora\u00e7\u00e3o, do tradicional ao contempor\u00e2neo. Menos \u00e9 mais nesse caso: um \u00fanico la\u00e7o grande j\u00e1 imprime personalidade sem sobrecarregar o visual.<\/p>\n\n\n\n<p>Confira abaixo alguns dos motivos para incluir la\u00e7os grandes e chamativos em sua decora\u00e7\u00e3o de Natal:<\/p>\n\n\n\n<ul class=\"wp-block-list\">\n<li>Op\u00e7\u00f5es variadas de cores e texturas que combinam com qualquer ambiente<\/li>\n\n\n\n<li>Simplicidade sofisticada, mesmo com poucos elementos<\/li>\n\n\n\n<li>Personaliza\u00e7\u00e3o de acordo com o gosto de cada fam\u00edlia<\/li>\n<\/ul>\n\n\n\n<h2 class=\"wp-block-heading\">Saiba quais s\u00e3o os benef\u00edcios est\u00e9ticos e simb\u00f3licos dos la\u00e7os grandes e chamativos no Natal<\/h2>\n\n\n\n<p>Ao optar por la\u00e7os grandes e chamativos, a simplicidade com sofistica\u00e7\u00e3o ganha espa\u00e7o na decora\u00e7\u00e3o. Muitos desses la\u00e7os s\u00e3o artesanais, tornando cada pe\u00e7a \u00fanica e especial, capaz de refletir hist\u00f3ria e estilo familiar.<\/p>\n\n\n\n<p>Esses adornos agregam eleg\u00e2ncia ao ambiente, funcionando como verdadeiras obras de arte que transmitem sentimento, autenticidade e criatividade para o fim de ano.<\/p>\n\n\n\n<h2 class=\"wp-block-heading\">Como inserir la\u00e7os grandes e chamativos no topo do pinheiro de maneira eficaz<\/h2>\n\n\n\n<p>Para quem deseja adotar a tend\u00eancia, alguns cuidados garantem o melhor resultado. O la\u00e7o deve ser proporcional ao pinheiro: grande, mas sem dominar todo o visual. Materiais como veludo e cetim s\u00e3o indicados por trazerem textura e requinte. Al\u00e9m disso, la\u00e7os feitos com tecidos met\u00e1licos ou com estampas diferenciadas tamb\u00e9m est\u00e3o ganhando destaque nas decora\u00e7\u00f5es contempor\u00e2neas.<\/p>\n\n\n\n<p>\u00c9 importante fixar o la\u00e7o corretamente, usando suportes ou clipes adequados, pois ele pode ser mais pesado do que a estrela tradicional. Al\u00e9m disso, o comprimento das fitas pode ser ajustado, criando um acabamento glamouroso que se destaca na decora\u00e7\u00e3o natalina. Vale lembrar que alguns la\u00e7os trazem enfeites extras, como pequenas pinhas, galhos e miniaturas festivas, tornando o topo da \u00e1rvore ainda mais personalizado e festivo.<\/p>\n\n\n\n<p><\/p>\n","protected":false},"excerpt":{"rendered":"<p>O Natal \u00e9 uma celebra\u00e7\u00e3o repleta de simbolismo e tradi\u00e7\u00e3o, e poucos elementos representam isso de forma t\u00e3o visual quanto a decora\u00e7\u00e3o do pinheirinho natalino. A customiza\u00e7\u00e3o do pinheiro reflete o esp\u00edrito festivo e a personalidade de cada fam\u00edlia. Este ano, a tend\u00eancia dos la\u00e7os grandes e chamativos est\u00e1 ganhando espa\u00e7o, substituindo o tradicional topo [&hellip;]<\/p>\n","protected":false},"author":11,"featured_media":126085,"comment_status":"open","ping_status":"open","sticky":false,"template":"","format":"standard","meta":{"jnews-multi-image_gallery":[],"jnews_single_post":{"format":"standard"},"jnews_primary_category":[],"jnews_social_meta":[],"jnews_override_counter":[],"footnotes":""},"categories":[8819,1],"tags":[10426,4687,18713,743,1920],"class_list":["post-125953","post","type-post","status-publish","format-standard","has-post-thumbnail","hentry","category-curiosidades","category-noticias","tag-arvore","tag-decoracao","tag-lacos","tag-natal","tag-tendencia"],"yoast_head":"<!-- This site is optimized with the Yoast SEO plugin v23.8 - https:\/\/yoast.com\/wordpress\/plugins\/seo\/ -->\n<title>Adeus \u00e0 estrela de natal, o novo enfeite \u00e9 mais elegante e moderno para colocar na sua \u00e1rvore de Natal\u00a0 - Estado de Minas - Em foco<\/title>\n<meta name=\"description\" content=\"La\u00e7os grandes e chamativos est\u00e3o dominando as decora\u00e7\u00f5es de Natal e substituindo a estrela tradicional.\" \/>\n<meta name=\"robots\" content=\"index, follow, max-snippet:-1, max-image-preview:large, max-video-preview:-1\" \/>\n<link rel=\"canonical\" href=\"https:\/\/www.em.com.br\/emfoco\/2025\/11\/12\/adeus-a-estrela-de-natal-o-novo-enfeite-e-mais-elegante-e-moderno-para-colocar-na-sua-arvore-de-natal\/\" \/>\n<meta property=\"og:locale\" content=\"pt_BR\" \/>\n<meta property=\"og:type\" content=\"article\" \/>\n<meta property=\"og:title\" content=\"Adeus \u00e0 estrela de natal, o novo enfeite \u00e9 mais elegante e moderno para colocar na sua \u00e1rvore de Natal\u00a0 - Estado de Minas - Em foco\" \/>\n<meta property=\"og:description\" content=\"La\u00e7os grandes e chamativos est\u00e3o dominando as decora\u00e7\u00f5es de Natal e substituindo a estrela tradicional.\" \/>\n<meta property=\"og:url\" content=\"https:\/\/www.em.com.br\/emfoco\/2025\/11\/12\/adeus-a-estrela-de-natal-o-novo-enfeite-e-mais-elegante-e-moderno-para-colocar-na-sua-arvore-de-natal\/\" \/>\n<meta property=\"og:site_name\" content=\"Estado de Minas - Em foco\" \/>\n<meta property=\"article:published_time\" content=\"2025-11-12T14:15:00+00:00\" \/>\n<meta property=\"article:modified_time\" content=\"2025-11-11T16:55:50+00:00\" \/>\n<meta property=\"og:image\" content=\"https:\/\/www.em.com.br\/emfoco\/wp-content\/uploads\/2025\/11\/Gemini_Generated_Image_uf10ziuf10ziuf10.png\" \/>\n\t<meta property=\"og:image:width\" content=\"1344\" \/>\n\t<meta property=\"og:image:height\" content=\"768\" \/>\n\t<meta property=\"og:image:type\" content=\"image\/png\" \/>\n<meta name=\"author\" content=\"Andre\u0301 Rangel\u00a0\" \/>\n<meta name=\"twitter:card\" content=\"summary_large_image\" \/>\n<meta name=\"twitter:label1\" content=\"Escrito por\" \/>\n\t<meta name=\"twitter:data1\" content=\"Andre\u0301 Rangel\u00a0\" \/>\n\t<meta name=\"twitter:label2\" content=\"Est. tempo de leitura\" \/>\n\t<meta name=\"twitter:data2\" content=\"4 minutos\" \/>\n<!-- \/ Yoast SEO plugin. -->","yoast_head_json":{"title":"Adeus \u00e0 estrela de natal, o novo enfeite \u00e9 mais elegante e moderno para colocar na sua \u00e1rvore de Natal\u00a0 - Estado de Minas - Em foco","description":"La\u00e7os grandes e chamativos est\u00e3o dominando as decora\u00e7\u00f5es de Natal e substituindo a estrela tradicional.","robots":{"index":"index","follow":"follow","max-snippet":"max-snippet:-1","max-image-preview":"max-image-preview:large","max-video-preview":"max-video-preview:-1"},"canonical":"https:\/\/www.em.com.br\/emfoco\/2025\/11\/12\/adeus-a-estrela-de-natal-o-novo-enfeite-e-mais-elegante-e-moderno-para-colocar-na-sua-arvore-de-natal\/","og_locale":"pt_BR","og_type":"article","og_title":"Adeus \u00e0 estrela de natal, o novo enfeite \u00e9 mais elegante e moderno para colocar na sua \u00e1rvore de Natal\u00a0 - Estado de Minas - Em foco","og_description":"La\u00e7os grandes e chamativos est\u00e3o dominando as decora\u00e7\u00f5es de Natal e substituindo a estrela tradicional.","og_url":"https:\/\/www.em.com.br\/emfoco\/2025\/11\/12\/adeus-a-estrela-de-natal-o-novo-enfeite-e-mais-elegante-e-moderno-para-colocar-na-sua-arvore-de-natal\/","og_site_name":"Estado de Minas - Em foco","article_published_time":"2025-11-12T14:15:00+00:00","article_modified_time":"2025-11-11T16:55:50+00:00","og_image":[{"width":1344,"height":768,"url":"https:\/\/www.em.com.br\/emfoco\/wp-content\/uploads\/2025\/11\/Gemini_Generated_Image_uf10ziuf10ziuf10.png","type":"image\/png"}],"author":"Andre\u0301 Rangel\u00a0","twitter_card":"summary_large_image","twitter_misc":{"Escrito por":"Andre\u0301 Rangel\u00a0","Est. tempo de leitura":"4 minutos"},"schema":{"@context":"https:\/\/schema.org","@graph":[{"@type":"WebPage","@id":"https:\/\/www.em.com.br\/emfoco\/2025\/11\/12\/adeus-a-estrela-de-natal-o-novo-enfeite-e-mais-elegante-e-moderno-para-colocar-na-sua-arvore-de-natal\/","url":"https:\/\/www.em.com.br\/emfoco\/2025\/11\/12\/adeus-a-estrela-de-natal-o-novo-enfeite-e-mais-elegante-e-moderno-para-colocar-na-sua-arvore-de-natal\/","name":"Adeus \u00e0 estrela de natal, o novo enfeite \u00e9 mais elegante e moderno para colocar na sua \u00e1rvore de Natal\u00a0 - Estado de Minas - Em foco","isPartOf":{"@id":"https:\/\/www.em.com.br\/emfoco\/#website"},"primaryImageOfPage":{"@id":"https:\/\/www.em.com.br\/emfoco\/2025\/11\/12\/adeus-a-estrela-de-natal-o-novo-enfeite-e-mais-elegante-e-moderno-para-colocar-na-sua-arvore-de-natal\/#primaryimage"},"image":{"@id":"https:\/\/www.em.com.br\/emfoco\/2025\/11\/12\/adeus-a-estrela-de-natal-o-novo-enfeite-e-mais-elegante-e-moderno-para-colocar-na-sua-arvore-de-natal\/#primaryimage"},"thumbnailUrl":"https:\/\/www.em.com.br\/emfoco\/wp-content\/uploads\/2025\/11\/Gemini_Generated_Image_uf10ziuf10ziuf10.png","datePublished":"2025-11-12T14:15:00+00:00","dateModified":"2025-11-11T16:55:50+00:00","author":{"@id":"https:\/\/www.em.com.br\/emfoco\/#\/schema\/person\/60eda09c1fedf0d6891f4cef4b60b8b8"},"description":"La\u00e7os grandes e chamativos est\u00e3o dominando as decora\u00e7\u00f5es de Natal e substituindo a estrela tradicional.","breadcrumb":{"@id":"https:\/\/www.em.com.br\/emfoco\/2025\/11\/12\/adeus-a-estrela-de-natal-o-novo-enfeite-e-mais-elegante-e-moderno-para-colocar-na-sua-arvore-de-natal\/#breadcrumb"},"inLanguage":"pt-BR","potentialAction":[{"@type":"ReadAction","target":["https:\/\/www.em.com.br\/emfoco\/2025\/11\/12\/adeus-a-estrela-de-natal-o-novo-enfeite-e-mais-elegante-e-moderno-para-colocar-na-sua-arvore-de-natal\/"]}]},{"@type":"ImageObject","inLanguage":"pt-BR","@id":"https:\/\/www.em.com.br\/emfoco\/2025\/11\/12\/adeus-a-estrela-de-natal-o-novo-enfeite-e-mais-elegante-e-moderno-para-colocar-na-sua-arvore-de-natal\/#primaryimage","url":"https:\/\/www.em.com.br\/emfoco\/wp-content\/uploads\/2025\/11\/Gemini_Generated_Image_uf10ziuf10ziuf10.png","contentUrl":"https:\/\/www.em.com.br\/emfoco\/wp-content\/uploads\/2025\/11\/Gemini_Generated_Image_uf10ziuf10ziuf10.png","width":1344,"height":768,"caption":"A nova tend\u00eancia na decora\u00e7\u00e3o de Natal - Cr\u00e9ditos: depositphotos.com \/ AllaSerebrina"},{"@type":"BreadcrumbList","@id":"https:\/\/www.em.com.br\/emfoco\/2025\/11\/12\/adeus-a-estrela-de-natal-o-novo-enfeite-e-mais-elegante-e-moderno-para-colocar-na-sua-arvore-de-natal\/#breadcrumb","itemListElement":[{"@type":"ListItem","position":1,"name":"In\u00edcio","item":"https:\/\/www.em.com.br\/emfoco\/"},{"@type":"ListItem","position":2,"name":"Adeus \u00e0 estrela de natal, o novo enfeite \u00e9 mais elegante e moderno para colocar na sua \u00e1rvore de Natal\u00a0"}]},{"@type":"WebSite","@id":"https:\/\/www.em.com.br\/emfoco\/#website","url":"https:\/\/www.em.com.br\/emfoco\/","name":"Estado de Minas - Em foco","description":"Acompanhe as \u00faltimas not\u00edcias e fique bem informado sobre tudo o que acontece em Minas Gerais, Brasil e no mundo.","potentialAction":[{"@type":"SearchAction","target":{"@type":"EntryPoint","urlTemplate":"https:\/\/www.em.com.br\/emfoco\/?s={search_term_string}"},"query-input":{"@type":"PropertyValueSpecification","valueRequired":true,"valueName":"search_term_string"}}],"inLanguage":"pt-BR"},{"@type":"Person","@id":"https:\/\/www.em.com.br\/emfoco\/#\/schema\/person\/60eda09c1fedf0d6891f4cef4b60b8b8","name":"Andre\u0301 Rangel\u00a0","image":{"@type":"ImageObject","inLanguage":"pt-BR","@id":"https:\/\/www.em.com.br\/emfoco\/#\/schema\/person\/image\/","url":"https:\/\/secure.gravatar.com\/avatar\/6234dc814c77c8ef6d8bba622c787efc?s=96&d=mm&r=g","contentUrl":"https:\/\/secure.gravatar.com\/avatar\/6234dc814c77c8ef6d8bba622c787efc?s=96&d=mm&r=g","caption":"Andre\u0301 Rangel\u00a0"},"url":"https:\/\/www.em.com.br\/emfoco\/author\/luizmyth\/"}]}},"_links":{"self":[{"href":"https:\/\/www.em.com.br\/emfoco\/wp-json\/wp\/v2\/posts\/125953","targetHints":{"allow":["GET"]}}],"collection":[{"href":"https:\/\/www.em.com.br\/emfoco\/wp-json\/wp\/v2\/posts"}],"about":[{"href":"https:\/\/www.em.com.br\/emfoco\/wp-json\/wp\/v2\/types\/post"}],"author":[{"embeddable":true,"href":"https:\/\/www.em.com.br\/emfoco\/wp-json\/wp\/v2\/users\/11"}],"replies":[{"embeddable":true,"href":"https:\/\/www.em.com.br\/emfoco\/wp-json\/wp\/v2\/comments?post=125953"}],"version-history":[{"count":4,"href":"https:\/\/www.em.com.br\/emfoco\/wp-json\/wp\/v2\/posts\/125953\/revisions"}],"predecessor-version":[{"id":126099,"href":"https:\/\/www.em.com.br\/emfoco\/wp-json\/wp\/v2\/posts\/125953\/revisions\/126099"}],"wp:featuredmedia":[{"embeddable":true,"href":"https:\/\/www.em.com.br\/emfoco\/wp-json\/wp\/v2\/media\/126085"}],"wp:attachment":[{"href":"https:\/\/www.em.com.br\/emfoco\/wp-json\/wp\/v2\/media?parent=125953"}],"wp:term":[{"taxonomy":"category","embeddable":true,"href":"https:\/\/www.em.com.br\/emfoco\/wp-json\/wp\/v2\/categories?post=125953"},{"taxonomy":"post_tag","embeddable":true,"href":"https:\/\/www.em.com.br\/emfoco\/wp-json\/wp\/v2\/tags?post=125953"}],"curies":[{"name":"wp","href":"https:\/\/api.w.org\/{rel}","templated":true}]}}