{"id":12591,"date":"2025-01-22T10:00:00","date_gmt":"2025-01-22T13:00:00","guid":{"rendered":"https:\/\/www.em.com.br\/emfoco\/?p=12591"},"modified":"2025-01-22T01:44:29","modified_gmt":"2025-01-22T04:44:29","slug":"suas-compras-no-cartao-serao-as-mesmas","status":"publish","type":"post","link":"https:\/\/www.em.com.br\/emfoco\/2025\/01\/22\/suas-compras-no-cartao-serao-as-mesmas\/","title":{"rendered":"Suas compras no cart\u00e3o ser\u00e3o as mesmas?"},"content":{"rendered":"\n<p>A <a href=\"https:\/\/www.gov.br\/receitafederal\/pt-br\" target=\"_blank\" rel=\"noreferrer noopener\">Receita Federal do Brasil <\/a>intensificou recentemente a fiscaliza\u00e7\u00e3o sobre transa\u00e7\u00f5es realizadas com <a href=\"https:\/\/www.em.com.br\/emfoco\/2025\/01\/06\/o-crescente-problema-da-clonagem-de-cartoes-no-brasil\/\" target=\"_blank\" rel=\"noreferrer noopener\">cart\u00f5es <\/a>de cr\u00e9dito. Essa movimenta\u00e7\u00e3o faz parte de um esfor\u00e7o para combater fraudes e a evas\u00e3o fiscal, em resposta a preocupa\u00e7\u00f5es crescentes sobre pr\u00e1ticas ilegais associadas a transa\u00e7\u00f5es financeiras. Uma das principais mudan\u00e7as \u00e9 a exig\u00eancia de que institui\u00e7\u00f5es financeiras reportem transa\u00e7\u00f5es realizadas por pessoas f\u00edsicas acima de R$ 5 mil e, no caso de empresas, acima de R$ 15 mil.<\/p>\n\n\n\n<p>Essas diretrizes visam aumentar a transpar\u00eancia e press\u00e3o sobre atividades il\u00edcitas. Titulares de cart\u00e3o de cr\u00e9dito devem exercer cuidado especial, inclusive ao emprestar seus cart\u00f5es a terceiros, j\u00e1 que podem ser legalmente respons\u00e1veis pelos gastos realizados nesse contexto. Essa pr\u00e1tica pode levar a complica\u00e7\u00f5es fiscais, especialmente se os valores envolvidos n\u00e3o tiverem correspond\u00eancia com a declara\u00e7\u00e3o de rendimentos.<\/p>\n\n\n<div class=\"wp-block-image\">\n<figure class=\"aligncenter size-large\"><img loading=\"lazy\" decoding=\"async\" width=\"1024\" height=\"576\" src=\"https:\/\/www.em.com.br\/emfoco\/wp-content\/uploads\/2024\/11\/Cartao-de-credito_1732949487751-1024x576.jpg\" alt=\"\" class=\"wp-image-2390\" srcset=\"https:\/\/www.em.com.br\/emfoco\/wp-content\/uploads\/2024\/11\/Cartao-de-credito_1732949487751-1024x576.jpg 1024w, https:\/\/www.em.com.br\/emfoco\/wp-content\/uploads\/2024\/11\/Cartao-de-credito_1732949487751-300x169.jpg 300w, https:\/\/www.em.com.br\/emfoco\/wp-content\/uploads\/2024\/11\/Cartao-de-credito_1732949487751-768x432.jpg 768w, https:\/\/www.em.com.br\/emfoco\/wp-content\/uploads\/2024\/11\/Cartao-de-credito_1732949487751-750x422.jpg 750w, https:\/\/www.em.com.br\/emfoco\/wp-content\/uploads\/2024\/11\/Cartao-de-credito_1732949487751-1140x641.jpg 1140w, https:\/\/www.em.com.br\/emfoco\/wp-content\/uploads\/2024\/11\/Cartao-de-credito_1732949487751.jpg 1280w\" sizes=\"auto, (max-width: 1024px) 100vw, 1024px\" \/><figcaption class=\"wp-element-caption\">Cart\u00f5es de Credito &#8211; Cr\u00e9ditos: depositphotos.com \/ bashta<\/figcaption><\/figure><\/div>\n\n\n<h2 class=\"wp-block-heading\">Como Funcionam as Novas Regras de Fiscaliza\u00e7\u00e3o?<\/h2>\n\n\n\n<p>O principal objetivo das novas regras \u00e9 fortalecer a fiscaliza\u00e7\u00e3o da Receita Federal, buscando minimizar a evas\u00e3o fiscal e coibir pr\u00e1ticas financeiras il\u00edcitas. As medidas est\u00e3o desenhadas para identificar poss\u00edveis infra\u00e7\u00f5es fiscais de forma mais eficaz, enquanto garantem que cidad\u00e3os utilizem seus cart\u00f5es de cr\u00e9dito legitimamente. Em um ambiente onde novos m\u00e9todos de pagamento e tecnologias financeiras est\u00e3o em constante evolu\u00e7\u00e3o, essa regulamenta\u00e7\u00e3o se destaca como essencial para um controle mais rigoroso das movimenta\u00e7\u00f5es financeiras no pa\u00eds.<\/p>\n\n\n\n<p>A implementa\u00e7\u00e3o dessas regras busca prevenir o uso de cart\u00f5es de cr\u00e9dito para ocultar receitas provenientes de atividades ilegais, promovendo assim um ambiente econ\u00f4mico mais justo e transparente. A Receita Federal visa, dessa forma, criar uma fiscaliza\u00e7\u00e3o mais eficiente e robusta sobre as transa\u00e7\u00f5es monet\u00e1rias realizadas em todo o pa\u00eds.<\/p>\n\n\n\n<h2 class=\"wp-block-heading\">Quais s\u00e3o as Ramifica\u00e7\u00f5es das Novas Regras para os Empreendedores?<\/h2>\n\n\n\n<p>As novas diretrizes de transa\u00e7\u00f5es com cart\u00e3o de cr\u00e9dito t\u00eam impacto significativo para pequenos empres\u00e1rios e neg\u00f3cios informais. Embora a Receita Federal afirme que as despesas isoladas n\u00e3o resultem em penaliza\u00e7\u00f5es autom\u00e1ticas, \u00e9 crucial que titulares de cart\u00f5es monitorem suas transa\u00e7\u00f5es de perto. Compras efetuadas com cart\u00f5es emprestados, por exemplo, s\u00e3o diretamente atribu\u00eddas ao propriet\u00e1rio do cart\u00e3o. Caso essas despesas superem a renda declarada, isso pode motivar investiga\u00e7\u00f5es e exig\u00eancias por justificativas fiscais adicionais.<\/p>\n\n\n\n<p>Portanto, empreendedores devem estar preparados para justificar qualquer varia\u00e7\u00e3o nas despesas, assegurando que suas pr\u00e1ticas e registros financeiros sejam transparentes e correspondam \u00e0s suas declara\u00e7\u00f5es fiscais. \u00c9 essencial uma boa gest\u00e3o das finan\u00e7as para evitar problemas futuros com as autoridades fiscais.<\/p>\n\n\n\n<h2 class=\"wp-block-heading\">Qual a Import\u00e2ncia de Acompanhar a Evolu\u00e7\u00e3o das Regras de Fiscaliza\u00e7\u00e3o?<\/h2>\n\n\n\n<p>Manter-se a par das mudan\u00e7as na regulamenta\u00e7\u00e3o fiscal \u00e9 essencial para qualquer titular de cart\u00e3o de cr\u00e9dito. As regras sobre como as transa\u00e7\u00f5es s\u00e3o monitoradas podem mudar para acompanhar novas formas de fraude e evas\u00e3o fiscal, tornando crucial o monitoramento constante dessas atualiza\u00e7\u00f5es legais. Acompanhar essas mudan\u00e7as n\u00e3o s\u00f3 ajuda a evitar complica\u00e7\u00f5es legais, mas tamb\u00e9m permite que indiv\u00edduos e empresas se adaptem rapidamente a novos requisitos fiscais.<\/p>\n\n\n\n<p>Em um cen\u00e1rio econ\u00f4mico em constante transforma\u00e7\u00e3o, estar informado e preparado \u00e9 vital para proteger interesses financeiros e garantir que todas as transa\u00e7\u00f5es sigam as normas estipuladas pela Receita Federal.<\/p>\n","protected":false},"excerpt":{"rendered":"<p>A Receita Federal do Brasil intensificou recentemente a fiscaliza\u00e7\u00e3o sobre transa\u00e7\u00f5es realizadas com cart\u00f5es de cr\u00e9dito. Essa movimenta\u00e7\u00e3o faz parte de um esfor\u00e7o para combater fraudes e a evas\u00e3o fiscal, em resposta a preocupa\u00e7\u00f5es crescentes sobre pr\u00e1ticas ilegais associadas a transa\u00e7\u00f5es financeiras. Uma das principais mudan\u00e7as \u00e9 a exig\u00eancia de que institui\u00e7\u00f5es financeiras reportem transa\u00e7\u00f5es [&hellip;]<\/p>\n","protected":false},"author":7,"featured_media":8183,"comment_status":"open","ping_status":"open","sticky":false,"template":"","format":"standard","meta":{"jnews-multi-image_gallery":[],"jnews_single_post":{"format":"standard"},"jnews_primary_category":[],"jnews_social_meta":[],"jnews_override_counter":[],"footnotes":""},"categories":[28],"tags":[682,2674,3227,2208,3634],"class_list":["post-12591","post","type-post","status-publish","format-standard","has-post-thumbnail","hentry","category-economia","tag-cartao-de-credito","tag-evasao-fiscal","tag-fiscalizacao","tag-receita-federal","tag-transparencia-financeira"],"yoast_head":"<!-- This site is optimized with the Yoast SEO plugin v23.8 - https:\/\/yoast.com\/wordpress\/plugins\/seo\/ -->\n<title>Suas compras no cart\u00e3o ser\u00e3o as mesmas? - Estado de Minas - Em foco<\/title>\n<meta name=\"description\" content=\"Entenda as novas regras de fiscaliza\u00e7\u00e3o da Receita Federal sobre cart\u00f5es de cr\u00e9dito, com foco no combate \u00e0 evas\u00e3o fiscal e \u00e0 sonega\u00e7\u00e3o de impostos.\" \/>\n<meta name=\"robots\" content=\"index, follow, max-snippet:-1, max-image-preview:large, max-video-preview:-1\" \/>\n<link rel=\"canonical\" href=\"https:\/\/www.em.com.br\/emfoco\/2025\/01\/22\/suas-compras-no-cartao-serao-as-mesmas\/\" \/>\n<meta property=\"og:locale\" content=\"pt_BR\" \/>\n<meta property=\"og:type\" content=\"article\" \/>\n<meta property=\"og:title\" content=\"Suas compras no cart\u00e3o ser\u00e3o as mesmas? - Estado de Minas - Em foco\" \/>\n<meta property=\"og:description\" content=\"Entenda as novas regras de fiscaliza\u00e7\u00e3o da Receita Federal sobre cart\u00f5es de cr\u00e9dito, com foco no combate \u00e0 evas\u00e3o fiscal e \u00e0 sonega\u00e7\u00e3o de impostos.\" \/>\n<meta property=\"og:url\" content=\"https:\/\/www.em.com.br\/emfoco\/2025\/01\/22\/suas-compras-no-cartao-serao-as-mesmas\/\" \/>\n<meta property=\"og:site_name\" content=\"Estado de Minas - Em foco\" \/>\n<meta property=\"article:published_time\" content=\"2025-01-22T13:00:00+00:00\" \/>\n<meta property=\"article:modified_time\" content=\"2025-01-22T04:44:29+00:00\" \/>\n<meta property=\"og:image\" content=\"https:\/\/www.em.com.br\/emfoco\/wp-content\/uploads\/2025\/01\/Credit-Card-payment_1735874727502.jpg\" \/>\n\t<meta property=\"og:image:width\" content=\"1280\" \/>\n\t<meta property=\"og:image:height\" content=\"720\" \/>\n\t<meta property=\"og:image:type\" content=\"image\/jpeg\" \/>\n<meta name=\"author\" content=\"Kelvin\" \/>\n<meta name=\"twitter:card\" content=\"summary_large_image\" \/>\n<meta name=\"twitter:label1\" content=\"Escrito por\" \/>\n\t<meta name=\"twitter:data1\" content=\"Kelvin\" \/>\n\t<meta name=\"twitter:label2\" content=\"Est. tempo de leitura\" \/>\n\t<meta name=\"twitter:data2\" content=\"4 minutos\" \/>\n<!-- \/ Yoast SEO plugin. -->","yoast_head_json":{"title":"Suas compras no cart\u00e3o ser\u00e3o as mesmas? - Estado de Minas - Em foco","description":"Entenda as novas regras de fiscaliza\u00e7\u00e3o da Receita Federal sobre cart\u00f5es de cr\u00e9dito, com foco no combate \u00e0 evas\u00e3o fiscal e \u00e0 sonega\u00e7\u00e3o de impostos.","robots":{"index":"index","follow":"follow","max-snippet":"max-snippet:-1","max-image-preview":"max-image-preview:large","max-video-preview":"max-video-preview:-1"},"canonical":"https:\/\/www.em.com.br\/emfoco\/2025\/01\/22\/suas-compras-no-cartao-serao-as-mesmas\/","og_locale":"pt_BR","og_type":"article","og_title":"Suas compras no cart\u00e3o ser\u00e3o as mesmas? - Estado de Minas - Em foco","og_description":"Entenda as novas regras de fiscaliza\u00e7\u00e3o da Receita Federal sobre cart\u00f5es de cr\u00e9dito, com foco no combate \u00e0 evas\u00e3o fiscal e \u00e0 sonega\u00e7\u00e3o de impostos.","og_url":"https:\/\/www.em.com.br\/emfoco\/2025\/01\/22\/suas-compras-no-cartao-serao-as-mesmas\/","og_site_name":"Estado de Minas - Em foco","article_published_time":"2025-01-22T13:00:00+00:00","article_modified_time":"2025-01-22T04:44:29+00:00","og_image":[{"width":1280,"height":720,"url":"https:\/\/www.em.com.br\/emfoco\/wp-content\/uploads\/2025\/01\/Credit-Card-payment_1735874727502.jpg","type":"image\/jpeg"}],"author":"Kelvin","twitter_card":"summary_large_image","twitter_misc":{"Escrito por":"Kelvin","Est. tempo de leitura":"4 minutos"},"schema":{"@context":"https:\/\/schema.org","@graph":[{"@type":"WebPage","@id":"https:\/\/www.em.com.br\/emfoco\/2025\/01\/22\/suas-compras-no-cartao-serao-as-mesmas\/","url":"https:\/\/www.em.com.br\/emfoco\/2025\/01\/22\/suas-compras-no-cartao-serao-as-mesmas\/","name":"Suas compras no cart\u00e3o ser\u00e3o as mesmas? - Estado de Minas - Em foco","isPartOf":{"@id":"https:\/\/www.em.com.br\/emfoco\/#website"},"primaryImageOfPage":{"@id":"https:\/\/www.em.com.br\/emfoco\/2025\/01\/22\/suas-compras-no-cartao-serao-as-mesmas\/#primaryimage"},"image":{"@id":"https:\/\/www.em.com.br\/emfoco\/2025\/01\/22\/suas-compras-no-cartao-serao-as-mesmas\/#primaryimage"},"thumbnailUrl":"https:\/\/www.em.com.br\/emfoco\/wp-content\/uploads\/2025\/01\/Credit-Card-payment_1735874727502.jpg","datePublished":"2025-01-22T13:00:00+00:00","dateModified":"2025-01-22T04:44:29+00:00","author":{"@id":"https:\/\/www.em.com.br\/emfoco\/#\/schema\/person\/fb0a7f48c6fbb94b83f413a80f61917d"},"description":"Entenda as novas regras de fiscaliza\u00e7\u00e3o da Receita Federal sobre cart\u00f5es de cr\u00e9dito, com foco no combate \u00e0 evas\u00e3o fiscal e \u00e0 sonega\u00e7\u00e3o de impostos.","breadcrumb":{"@id":"https:\/\/www.em.com.br\/emfoco\/2025\/01\/22\/suas-compras-no-cartao-serao-as-mesmas\/#breadcrumb"},"inLanguage":"pt-BR","potentialAction":[{"@type":"ReadAction","target":["https:\/\/www.em.com.br\/emfoco\/2025\/01\/22\/suas-compras-no-cartao-serao-as-mesmas\/"]}]},{"@type":"ImageObject","inLanguage":"pt-BR","@id":"https:\/\/www.em.com.br\/emfoco\/2025\/01\/22\/suas-compras-no-cartao-serao-as-mesmas\/#primaryimage","url":"https:\/\/www.em.com.br\/emfoco\/wp-content\/uploads\/2025\/01\/Credit-Card-payment_1735874727502.jpg","contentUrl":"https:\/\/www.em.com.br\/emfoco\/wp-content\/uploads\/2025\/01\/Credit-Card-payment_1735874727502.jpg","width":1280,"height":720,"caption":"Cart\u00e3o de Credito - Cr\u00e9ditos: depositphotos.com \/ SashaKhalabuzar"},{"@type":"BreadcrumbList","@id":"https:\/\/www.em.com.br\/emfoco\/2025\/01\/22\/suas-compras-no-cartao-serao-as-mesmas\/#breadcrumb","itemListElement":[{"@type":"ListItem","position":1,"name":"In\u00edcio","item":"https:\/\/www.em.com.br\/emfoco\/"},{"@type":"ListItem","position":2,"name":"Suas compras no cart\u00e3o ser\u00e3o as mesmas?"}]},{"@type":"WebSite","@id":"https:\/\/www.em.com.br\/emfoco\/#website","url":"https:\/\/www.em.com.br\/emfoco\/","name":"Estado de Minas - Em foco","description":"Acompanhe as \u00faltimas not\u00edcias e fique bem informado sobre tudo o que acontece em Minas Gerais, Brasil e no mundo.","potentialAction":[{"@type":"SearchAction","target":{"@type":"EntryPoint","urlTemplate":"https:\/\/www.em.com.br\/emfoco\/?s={search_term_string}"},"query-input":{"@type":"PropertyValueSpecification","valueRequired":true,"valueName":"search_term_string"}}],"inLanguage":"pt-BR"},{"@type":"Person","@id":"https:\/\/www.em.com.br\/emfoco\/#\/schema\/person\/fb0a7f48c6fbb94b83f413a80f61917d","name":"Kelvin","image":{"@type":"ImageObject","inLanguage":"pt-BR","@id":"https:\/\/www.em.com.br\/emfoco\/#\/schema\/person\/image\/","url":"https:\/\/secure.gravatar.com\/avatar\/e74f84337e6bf6c4c5e88fbdffa05270?s=96&d=mm&r=g","contentUrl":"https:\/\/secure.gravatar.com\/avatar\/e74f84337e6bf6c4c5e88fbdffa05270?s=96&d=mm&r=g","caption":"Kelvin"},"sameAs":["https:\/\/www.em.com.br\/emfoco"],"url":"https:\/\/www.em.com.br\/emfoco\/author\/kelvinmyth\/"}]}},"_links":{"self":[{"href":"https:\/\/www.em.com.br\/emfoco\/wp-json\/wp\/v2\/posts\/12591","targetHints":{"allow":["GET"]}}],"collection":[{"href":"https:\/\/www.em.com.br\/emfoco\/wp-json\/wp\/v2\/posts"}],"about":[{"href":"https:\/\/www.em.com.br\/emfoco\/wp-json\/wp\/v2\/types\/post"}],"author":[{"embeddable":true,"href":"https:\/\/www.em.com.br\/emfoco\/wp-json\/wp\/v2\/users\/7"}],"replies":[{"embeddable":true,"href":"https:\/\/www.em.com.br\/emfoco\/wp-json\/wp\/v2\/comments?post=12591"}],"version-history":[{"count":2,"href":"https:\/\/www.em.com.br\/emfoco\/wp-json\/wp\/v2\/posts\/12591\/revisions"}],"predecessor-version":[{"id":12595,"href":"https:\/\/www.em.com.br\/emfoco\/wp-json\/wp\/v2\/posts\/12591\/revisions\/12595"}],"wp:featuredmedia":[{"embeddable":true,"href":"https:\/\/www.em.com.br\/emfoco\/wp-json\/wp\/v2\/media\/8183"}],"wp:attachment":[{"href":"https:\/\/www.em.com.br\/emfoco\/wp-json\/wp\/v2\/media?parent=12591"}],"wp:term":[{"taxonomy":"category","embeddable":true,"href":"https:\/\/www.em.com.br\/emfoco\/wp-json\/wp\/v2\/categories?post=12591"},{"taxonomy":"post_tag","embeddable":true,"href":"https:\/\/www.em.com.br\/emfoco\/wp-json\/wp\/v2\/tags?post=12591"}],"curies":[{"name":"wp","href":"https:\/\/api.w.org\/{rel}","templated":true}]}}