{"id":125828,"date":"2025-11-12T20:25:00","date_gmt":"2025-11-12T23:25:00","guid":{"rendered":"https:\/\/www.em.com.br\/emfoco\/?p=125828"},"modified":"2025-11-10T19:30:25","modified_gmt":"2025-11-10T22:30:25","slug":"quantas-vezes-na-semana-se-deve-aplicar-mascara-capilar-para-manter-os-fios-saudaveis","status":"publish","type":"post","link":"https:\/\/www.em.com.br\/emfoco\/2025\/11\/12\/quantas-vezes-na-semana-se-deve-aplicar-mascara-capilar-para-manter-os-fios-saudaveis\/","title":{"rendered":"Quantas vezes na semana se deve aplicar m\u00e1scara capilar para manter os fios saud\u00e1veis"},"content":{"rendered":"\n<p>Muita gente se pergunta se aplicar <strong>m\u00e1scara capilar<\/strong> uma vez por semana \u00e9 suficiente para manter os fios saud\u00e1veis. A resposta depende do tipo de cabelo e das condi\u00e7\u00f5es do clima, mas, em geral, uma aplica\u00e7\u00e3o semanal \u00e9 o ideal para a maioria dos cabelos normais.<\/p>\n\n\n\n<h2 class=\"wp-block-heading\">\u00c9 verdade que basta aplicar m\u00e1scara capilar uma vez por semana?<\/h2>\n\n\n\n<p>Para a maioria dos fios, usar a <strong>m\u00e1scara hidratante<\/strong> semanalmente \u00e9 o suficiente. Essa frequ\u00eancia ajuda a repor a umidade e os nutrientes essenciais sem sobrecarregar o cabelo com excesso de produto, evitando o temido efeito de \u201cfios pesados\u201d.<\/p>\n\n\n\n<p>No entanto, fatores como polui\u00e7\u00e3o, exposi\u00e7\u00e3o solar e o uso de ferramentas t\u00e9rmicas podem aumentar a necessidade de hidrata\u00e7\u00e3o. Por isso, quem tem rotina intensa de secador ou chapinha pode se beneficiar de uma segunda aplica\u00e7\u00e3o na semana.<\/p>\n\n\n\n<figure class=\"wp-block-image size-large\"><img loading=\"lazy\" decoding=\"async\" width=\"1024\" height=\"576\" src=\"https:\/\/www.em.com.br\/emfoco\/wp-content\/uploads\/2025\/11\/Mascara-capilar_1762813764340-1024x576.jpg\" alt=\"Quantas vezes na semana se deve aplicar m\u00e1scara capilar para manter os fios saud\u00e1veis\" class=\"wp-image-125852\" srcset=\"https:\/\/www.em.com.br\/emfoco\/wp-content\/uploads\/2025\/11\/Mascara-capilar_1762813764340-1024x576.jpg 1024w, https:\/\/www.em.com.br\/emfoco\/wp-content\/uploads\/2025\/11\/Mascara-capilar_1762813764340-300x169.jpg 300w, https:\/\/www.em.com.br\/emfoco\/wp-content\/uploads\/2025\/11\/Mascara-capilar_1762813764340-768x432.jpg 768w, https:\/\/www.em.com.br\/emfoco\/wp-content\/uploads\/2025\/11\/Mascara-capilar_1762813764340-750x422.jpg 750w, https:\/\/www.em.com.br\/emfoco\/wp-content\/uploads\/2025\/11\/Mascara-capilar_1762813764340-1140x641.jpg 1140w, https:\/\/www.em.com.br\/emfoco\/wp-content\/uploads\/2025\/11\/Mascara-capilar_1762813764340.jpg 1280w\" sizes=\"auto, (max-width: 1024px) 100vw, 1024px\" \/><figcaption class=\"wp-element-caption\">M\u00e1scara semanal rep\u00f5e umidade essencial sem pesar comprimento capilar &#8211; Cr\u00e9ditos: depositphotos.com \/ IgorVetushko<\/figcaption><\/figure>\n\n\n\n<h2 class=\"wp-block-heading\">Como saber a frequ\u00eancia ideal para cada tipo de cabelo?<\/h2>\n\n\n\n<p>A quantidade certa de aplica\u00e7\u00e3o varia conforme o tipo de fio. Confira na lista abaixo a frequ\u00eancia mais adequada para cada caso e entenda como ajustar o uso da m\u00e1scara conforme as necessidades do seu cabelo.<\/p>\n\n\n\n<ul class=\"wp-block-list\">\n<li><strong>Cabelos normais:<\/strong> uma aplica\u00e7\u00e3o semanal \u00e9 suficiente para manter o brilho e a maciez.<\/li>\n\n\n\n<li><strong>Fios ressecados:<\/strong> duas vezes por semana ajudam a repor a \u00e1gua e os lip\u00eddios perdidos.<\/li>\n\n\n\n<li><strong>Cabelos oleosos:<\/strong> aplique a m\u00e1scara apenas nas pontas, a cada 10 dias, para evitar ac\u00famulo de oleosidade.<\/li>\n<\/ul>\n\n\n\n<p><em>Leia mais: <strong><a href=\"https:\/\/www.em.com.br\/emfoco\/2025\/11\/10\/como-eliminar-o-frizz-do-cabelo-com-apenas-1-ingrediente-e-sem-chapinha\/\" target=\"_blank\" rel=\"noreferrer noopener\">Como eliminar o frizz do cabelo com apenas 1 ingrediente e sem chapinha<\/a><\/strong><\/em><\/p>\n\n\n\n<h2 class=\"wp-block-heading\">O clima pode interferir na necessidade de hidrata\u00e7\u00e3o capilar?<\/h2>\n\n\n\n<p>Sim, o <strong>clima<\/strong> influencia diretamente na sa\u00fade dos fios. Em per\u00edodos mais secos e frios, os cabelos tendem a perder mais umidade, exigindo refor\u00e7o na hidrata\u00e7\u00e3o. J\u00e1 no calor, o suor e o sol aumentam a oleosidade, pedindo cuidados equilibrados.<\/p>\n\n\n\n<p>Durante o inverno, a combina\u00e7\u00e3o de vento e \u00e1gua quente resseca os fios rapidamente. No ver\u00e3o, a exposi\u00e7\u00e3o solar e o cloro da piscina exigem produtos com ativos protetores, como <strong><a href=\"https:\/\/www.palmolive.com.br\/dicas\/dicas-de-cabelo\/como-as-ceramidas-mantem-o-cabelo-mais-forte\" target=\"_blank\" rel=\"noreferrer noopener\">ceramidas <\/a><\/strong>e vitaminas, que ajudam a evitar a quebra e o frizz.<\/p>\n\n\n\n<figure class=\"wp-block-image size-large\"><img loading=\"lazy\" decoding=\"async\" width=\"1024\" height=\"576\" src=\"https:\/\/www.em.com.br\/emfoco\/wp-content\/uploads\/2025\/11\/Mascara-capilar_1762813809053-1024x576.jpg\" alt=\"Quantas vezes na semana se deve aplicar m\u00e1scara capilar para manter os fios saud\u00e1veis\" class=\"wp-image-125853\" srcset=\"https:\/\/www.em.com.br\/emfoco\/wp-content\/uploads\/2025\/11\/Mascara-capilar_1762813809053-1024x576.jpg 1024w, https:\/\/www.em.com.br\/emfoco\/wp-content\/uploads\/2025\/11\/Mascara-capilar_1762813809053-300x169.jpg 300w, https:\/\/www.em.com.br\/emfoco\/wp-content\/uploads\/2025\/11\/Mascara-capilar_1762813809053-768x432.jpg 768w, https:\/\/www.em.com.br\/emfoco\/wp-content\/uploads\/2025\/11\/Mascara-capilar_1762813809053-750x422.jpg 750w, https:\/\/www.em.com.br\/emfoco\/wp-content\/uploads\/2025\/11\/Mascara-capilar_1762813809053-1140x641.jpg 1140w, https:\/\/www.em.com.br\/emfoco\/wp-content\/uploads\/2025\/11\/Mascara-capilar_1762813809053.jpg 1280w\" sizes=\"auto, (max-width: 1024px) 100vw, 1024px\" \/><figcaption class=\"wp-element-caption\">Evitar raiz evita oleosidade e ac\u00famulo de res\u00edduos indesejado &#8211; Cr\u00e9ditos: depositphotos.com \/ darkhriss<\/figcaption><\/figure>\n\n\n\n<h2 class=\"wp-block-heading\">Como equilibrar o uso da m\u00e1scara para n\u00e3o pesar os fios?<\/h2>\n\n\n\n<p>Encontrar o equil\u00edbrio \u00e9 essencial para garantir <strong>cabelos saud\u00e1veis<\/strong> e leves. Usar a m\u00e1scara em excesso pode deixar o couro cabeludo oleoso e causar ac\u00famulo de res\u00edduos, comprometendo o brilho e o movimento natural dos fios.<\/p>\n\n\n\n<ul class=\"wp-block-list\">\n<li>Use a quantidade indicada pelo fabricante, evitando exageros.<\/li>\n\n\n\n<li>Evite aplicar o produto diretamente na raiz para n\u00e3o obstruir os poros.<\/li>\n\n\n\n<li>Alterne m\u00e1scaras hidratantes, nutritivas e reconstrutoras conforme o cronograma capilar.<\/li>\n<\/ul>\n","protected":false},"excerpt":{"rendered":"<p>Muita gente se pergunta se aplicar m\u00e1scara capilar uma vez por semana \u00e9 suficiente para manter os fios saud\u00e1veis. A resposta depende do tipo de cabelo e das condi\u00e7\u00f5es do clima, mas, em geral, uma aplica\u00e7\u00e3o semanal \u00e9 o ideal para a maioria dos cabelos normais. \u00c9 verdade que basta aplicar m\u00e1scara capilar uma vez [&hellip;]<\/p>\n","protected":false},"author":13,"featured_media":125851,"comment_status":"open","ping_status":"open","sticky":false,"template":"","format":"standard","meta":{"jnews-multi-image_gallery":[],"jnews_single_post":{"format":"standard"},"jnews_primary_category":[],"jnews_social_meta":[],"jnews_override_counter":[],"footnotes":""},"categories":[1],"tags":[],"class_list":["post-125828","post","type-post","status-publish","format-standard","has-post-thumbnail","hentry","category-noticias"],"yoast_head":"<!-- This site is optimized with the Yoast SEO plugin v23.8 - https:\/\/yoast.com\/wordpress\/plugins\/seo\/ -->\n<title>Quantas vezes na semana se deve aplicar m\u00e1scara capilar para manter os fios saud\u00e1veis - Estado de Minas - Em foco<\/title>\n<meta name=\"description\" content=\"Usar m\u00e1scara capilar uma vez por semana pode ser \u00f3timo ou um erro, dependendo do seu tipo de cabelo. Saiba como ajustar.\" \/>\n<meta name=\"robots\" content=\"index, follow, max-snippet:-1, max-image-preview:large, max-video-preview:-1\" \/>\n<link rel=\"canonical\" href=\"https:\/\/www.em.com.br\/emfoco\/2025\/11\/12\/quantas-vezes-na-semana-se-deve-aplicar-mascara-capilar-para-manter-os-fios-saudaveis\/\" \/>\n<meta property=\"og:locale\" content=\"pt_BR\" \/>\n<meta property=\"og:type\" content=\"article\" \/>\n<meta property=\"og:title\" content=\"Quantas vezes na semana se deve aplicar m\u00e1scara capilar para manter os fios saud\u00e1veis - Estado de Minas - Em foco\" \/>\n<meta property=\"og:description\" content=\"Usar m\u00e1scara capilar uma vez por semana pode ser \u00f3timo ou um erro, dependendo do seu tipo de cabelo. Saiba como ajustar.\" \/>\n<meta property=\"og:url\" content=\"https:\/\/www.em.com.br\/emfoco\/2025\/11\/12\/quantas-vezes-na-semana-se-deve-aplicar-mascara-capilar-para-manter-os-fios-saudaveis\/\" \/>\n<meta property=\"og:site_name\" content=\"Estado de Minas - Em foco\" \/>\n<meta property=\"article:published_time\" content=\"2025-11-12T23:25:00+00:00\" \/>\n<meta property=\"article:modified_time\" content=\"2025-11-10T22:30:25+00:00\" \/>\n<meta property=\"og:image\" content=\"https:\/\/www.em.com.br\/emfoco\/wp-content\/uploads\/2025\/11\/Mascara-capilar_1762813700997.jpg\" \/>\n\t<meta property=\"og:image:width\" content=\"1280\" \/>\n\t<meta property=\"og:image:height\" content=\"720\" \/>\n\t<meta property=\"og:image:type\" content=\"image\/jpeg\" \/>\n<meta name=\"author\" content=\"Gabriel Martins\" \/>\n<meta name=\"twitter:card\" content=\"summary_large_image\" \/>\n<meta name=\"twitter:label1\" content=\"Escrito por\" \/>\n\t<meta name=\"twitter:data1\" content=\"Gabriel Martins\" \/>\n\t<meta name=\"twitter:label2\" content=\"Est. tempo de leitura\" \/>\n\t<meta name=\"twitter:data2\" content=\"4 minutos\" \/>\n<!-- \/ Yoast SEO plugin. -->","yoast_head_json":{"title":"Quantas vezes na semana se deve aplicar m\u00e1scara capilar para manter os fios saud\u00e1veis - Estado de Minas - Em foco","description":"Usar m\u00e1scara capilar uma vez por semana pode ser \u00f3timo ou um erro, dependendo do seu tipo de cabelo. Saiba como ajustar.","robots":{"index":"index","follow":"follow","max-snippet":"max-snippet:-1","max-image-preview":"max-image-preview:large","max-video-preview":"max-video-preview:-1"},"canonical":"https:\/\/www.em.com.br\/emfoco\/2025\/11\/12\/quantas-vezes-na-semana-se-deve-aplicar-mascara-capilar-para-manter-os-fios-saudaveis\/","og_locale":"pt_BR","og_type":"article","og_title":"Quantas vezes na semana se deve aplicar m\u00e1scara capilar para manter os fios saud\u00e1veis - Estado de Minas - Em foco","og_description":"Usar m\u00e1scara capilar uma vez por semana pode ser \u00f3timo ou um erro, dependendo do seu tipo de cabelo. Saiba como ajustar.","og_url":"https:\/\/www.em.com.br\/emfoco\/2025\/11\/12\/quantas-vezes-na-semana-se-deve-aplicar-mascara-capilar-para-manter-os-fios-saudaveis\/","og_site_name":"Estado de Minas - Em foco","article_published_time":"2025-11-12T23:25:00+00:00","article_modified_time":"2025-11-10T22:30:25+00:00","og_image":[{"width":1280,"height":720,"url":"https:\/\/www.em.com.br\/emfoco\/wp-content\/uploads\/2025\/11\/Mascara-capilar_1762813700997.jpg","type":"image\/jpeg"}],"author":"Gabriel Martins","twitter_card":"summary_large_image","twitter_misc":{"Escrito por":"Gabriel Martins","Est. tempo de leitura":"4 minutos"},"schema":{"@context":"https:\/\/schema.org","@graph":[{"@type":"WebPage","@id":"https:\/\/www.em.com.br\/emfoco\/2025\/11\/12\/quantas-vezes-na-semana-se-deve-aplicar-mascara-capilar-para-manter-os-fios-saudaveis\/","url":"https:\/\/www.em.com.br\/emfoco\/2025\/11\/12\/quantas-vezes-na-semana-se-deve-aplicar-mascara-capilar-para-manter-os-fios-saudaveis\/","name":"Quantas vezes na semana se deve aplicar m\u00e1scara capilar para manter os fios saud\u00e1veis - Estado de Minas - Em foco","isPartOf":{"@id":"https:\/\/www.em.com.br\/emfoco\/#website"},"primaryImageOfPage":{"@id":"https:\/\/www.em.com.br\/emfoco\/2025\/11\/12\/quantas-vezes-na-semana-se-deve-aplicar-mascara-capilar-para-manter-os-fios-saudaveis\/#primaryimage"},"image":{"@id":"https:\/\/www.em.com.br\/emfoco\/2025\/11\/12\/quantas-vezes-na-semana-se-deve-aplicar-mascara-capilar-para-manter-os-fios-saudaveis\/#primaryimage"},"thumbnailUrl":"https:\/\/www.em.com.br\/emfoco\/wp-content\/uploads\/2025\/11\/Mascara-capilar_1762813700997.jpg","datePublished":"2025-11-12T23:25:00+00:00","dateModified":"2025-11-10T22:30:25+00:00","author":{"@id":"https:\/\/www.em.com.br\/emfoco\/#\/schema\/person\/1c9ddeab18b98abeffef834667bcf08a"},"description":"Usar m\u00e1scara capilar uma vez por semana pode ser \u00f3timo ou um erro, dependendo do seu tipo de cabelo. Saiba como ajustar.","breadcrumb":{"@id":"https:\/\/www.em.com.br\/emfoco\/2025\/11\/12\/quantas-vezes-na-semana-se-deve-aplicar-mascara-capilar-para-manter-os-fios-saudaveis\/#breadcrumb"},"inLanguage":"pt-BR","potentialAction":[{"@type":"ReadAction","target":["https:\/\/www.em.com.br\/emfoco\/2025\/11\/12\/quantas-vezes-na-semana-se-deve-aplicar-mascara-capilar-para-manter-os-fios-saudaveis\/"]}]},{"@type":"ImageObject","inLanguage":"pt-BR","@id":"https:\/\/www.em.com.br\/emfoco\/2025\/11\/12\/quantas-vezes-na-semana-se-deve-aplicar-mascara-capilar-para-manter-os-fios-saudaveis\/#primaryimage","url":"https:\/\/www.em.com.br\/emfoco\/wp-content\/uploads\/2025\/11\/Mascara-capilar_1762813700997.jpg","contentUrl":"https:\/\/www.em.com.br\/emfoco\/wp-content\/uploads\/2025\/11\/Mascara-capilar_1762813700997.jpg","width":1280,"height":720,"caption":"Aplica\u00e7\u00e3o semanal de m\u00e1scara capilar mant\u00e9m fios saud\u00e1veis e leves - Cr\u00e9ditos: depositphotos.com \/ VitalikRadko"},{"@type":"BreadcrumbList","@id":"https:\/\/www.em.com.br\/emfoco\/2025\/11\/12\/quantas-vezes-na-semana-se-deve-aplicar-mascara-capilar-para-manter-os-fios-saudaveis\/#breadcrumb","itemListElement":[{"@type":"ListItem","position":1,"name":"In\u00edcio","item":"https:\/\/www.em.com.br\/emfoco\/"},{"@type":"ListItem","position":2,"name":"Quantas vezes na semana se deve aplicar m\u00e1scara capilar para manter os fios saud\u00e1veis"}]},{"@type":"WebSite","@id":"https:\/\/www.em.com.br\/emfoco\/#website","url":"https:\/\/www.em.com.br\/emfoco\/","name":"Estado de Minas - Em foco","description":"Acompanhe as \u00faltimas not\u00edcias e fique bem informado sobre tudo o que acontece em Minas Gerais, Brasil e no mundo.","potentialAction":[{"@type":"SearchAction","target":{"@type":"EntryPoint","urlTemplate":"https:\/\/www.em.com.br\/emfoco\/?s={search_term_string}"},"query-input":{"@type":"PropertyValueSpecification","valueRequired":true,"valueName":"search_term_string"}}],"inLanguage":"pt-BR"},{"@type":"Person","@id":"https:\/\/www.em.com.br\/emfoco\/#\/schema\/person\/1c9ddeab18b98abeffef834667bcf08a","name":"Gabriel Martins","image":{"@type":"ImageObject","inLanguage":"pt-BR","@id":"https:\/\/www.em.com.br\/emfoco\/#\/schema\/person\/image\/","url":"https:\/\/secure.gravatar.com\/avatar\/f0f1e2efdfd88f1ad2cb08c5c2731e50?s=96&d=mm&r=g","contentUrl":"https:\/\/secure.gravatar.com\/avatar\/f0f1e2efdfd88f1ad2cb08c5c2731e50?s=96&d=mm&r=g","caption":"Gabriel Martins"},"sameAs":["https:\/\/www.em.com.br\/emfoco\/"],"url":"https:\/\/www.em.com.br\/emfoco\/author\/gabrielmartinsmyth\/"}]}},"_links":{"self":[{"href":"https:\/\/www.em.com.br\/emfoco\/wp-json\/wp\/v2\/posts\/125828","targetHints":{"allow":["GET"]}}],"collection":[{"href":"https:\/\/www.em.com.br\/emfoco\/wp-json\/wp\/v2\/posts"}],"about":[{"href":"https:\/\/www.em.com.br\/emfoco\/wp-json\/wp\/v2\/types\/post"}],"author":[{"embeddable":true,"href":"https:\/\/www.em.com.br\/emfoco\/wp-json\/wp\/v2\/users\/13"}],"replies":[{"embeddable":true,"href":"https:\/\/www.em.com.br\/emfoco\/wp-json\/wp\/v2\/comments?post=125828"}],"version-history":[{"count":1,"href":"https:\/\/www.em.com.br\/emfoco\/wp-json\/wp\/v2\/posts\/125828\/revisions"}],"predecessor-version":[{"id":125854,"href":"https:\/\/www.em.com.br\/emfoco\/wp-json\/wp\/v2\/posts\/125828\/revisions\/125854"}],"wp:featuredmedia":[{"embeddable":true,"href":"https:\/\/www.em.com.br\/emfoco\/wp-json\/wp\/v2\/media\/125851"}],"wp:attachment":[{"href":"https:\/\/www.em.com.br\/emfoco\/wp-json\/wp\/v2\/media?parent=125828"}],"wp:term":[{"taxonomy":"category","embeddable":true,"href":"https:\/\/www.em.com.br\/emfoco\/wp-json\/wp\/v2\/categories?post=125828"},{"taxonomy":"post_tag","embeddable":true,"href":"https:\/\/www.em.com.br\/emfoco\/wp-json\/wp\/v2\/tags?post=125828"}],"curies":[{"name":"wp","href":"https:\/\/api.w.org\/{rel}","templated":true}]}}