{"id":125823,"date":"2025-11-12T16:15:00","date_gmt":"2025-11-12T19:15:00","guid":{"rendered":"https:\/\/www.em.com.br\/emfoco\/?p=125823"},"modified":"2025-11-11T14:35:27","modified_gmt":"2025-11-11T17:35:27","slug":"flores-ideais-para-plantar-em-novembro-e-manter-vibrantes-durante-o-verao","status":"publish","type":"post","link":"https:\/\/www.em.com.br\/emfoco\/2025\/11\/12\/flores-ideais-para-plantar-em-novembro-e-manter-vibrantes-durante-o-verao\/","title":{"rendered":"Flores ideais para plantar em novembro e manter vibrantes durante o ver\u00e3o"},"content":{"rendered":"\n<p>As <strong>flores de ver\u00e3o<\/strong> s\u00e3o perfeitas para plantar em novembro, pois suportam bem as altas temperaturas e trazem cor intensa para \u00e1reas externas. Esse planejamento antecipado garante vasos vistosos e canteiros floridos j\u00e1 no in\u00edcio da esta\u00e7\u00e3o quente.<\/p>\n\n\n\n<h2 class=\"wp-block-heading\">Por que novembro \u00e9 o m\u00eas perfeito para plantar essas esp\u00e9cies?<\/h2>\n\n\n\n<p>Nesse per\u00edodo, o solo fica mais aquecido e a germina\u00e7\u00e3o de esp\u00e9cies resistentes ocorre com for\u00e7a. O clima tamb\u00e9m favorece o crescimento r\u00e1pido de variedades como <strong>girassol<\/strong>, que explode em flores grandes quando h\u00e1 sol direto e boa irriga\u00e7\u00e3o constante.<\/p>\n\n\n\n<p>Outro ponto importante \u00e9 que as plantas de calor exigem menos interven\u00e7\u00f5es e lidam melhor com per\u00edodos breves sem rega. Isso torna o cultivo pr\u00e1tico mesmo para iniciantes, especialmente quem valoriza florescimento farto e cores mais <strong>intensas<\/strong> no ver\u00e3o.<\/p>\n\n\n\n<figure class=\"wp-block-image size-large\"><img loading=\"lazy\" decoding=\"async\" width=\"1024\" height=\"576\" src=\"https:\/\/www.em.com.br\/emfoco\/wp-content\/uploads\/2025\/11\/Girassol_1762812386943-1024x576.jpg\" alt=\"Flores de ver\u00e3o para plantar em novembro e manter floridas no calor\" class=\"wp-image-125830\" srcset=\"https:\/\/www.em.com.br\/emfoco\/wp-content\/uploads\/2025\/11\/Girassol_1762812386943-1024x576.jpg 1024w, https:\/\/www.em.com.br\/emfoco\/wp-content\/uploads\/2025\/11\/Girassol_1762812386943-300x169.jpg 300w, https:\/\/www.em.com.br\/emfoco\/wp-content\/uploads\/2025\/11\/Girassol_1762812386943-768x432.jpg 768w, https:\/\/www.em.com.br\/emfoco\/wp-content\/uploads\/2025\/11\/Girassol_1762812386943-750x422.jpg 750w, https:\/\/www.em.com.br\/emfoco\/wp-content\/uploads\/2025\/11\/Girassol_1762812386943-1140x641.jpg 1140w, https:\/\/www.em.com.br\/emfoco\/wp-content\/uploads\/2025\/11\/Girassol_1762812386943.jpg 1280w\" sizes=\"auto, (max-width: 1024px) 100vw, 1024px\" \/><figcaption class=\"wp-element-caption\">Solo aquecido favorece germina\u00e7\u00e3o intensa e crescimento acelerado &#8211; Cr\u00e9ditos: depositphotos.com \/ AntonMatyukha<\/figcaption><\/figure>\n\n\n\n<h2 class=\"wp-block-heading\">Quais flores resistentes recomendadas para plantar nesta \u00e9poca?<\/h2>\n\n\n\n<p>Algumas variedades lidam muito melhor com sol forte e conseguem seguir firmes mesmo com varia\u00e7\u00f5es de temperatura ao longo do dia. Essas s\u00e3o \u00f3timas op\u00e7\u00f5es para \u00e1reas externas em \u00e9pocas mais quentes:<\/p>\n\n\n\n<ul class=\"wp-block-list\">\n<li><strong>Z\u00ednia<\/strong> com cores vibrantes e \u00f3tima adapta\u00e7\u00e3o ao sol escaldante<\/li>\n\n\n\n<li><strong>Pet\u00fania <\/strong>que floresce continuamente com manejo correto de podas leves<\/li>\n\n\n\n<li><strong>Girassol <\/strong>para quem quer impacto visual alto e rusticidade<\/li>\n<\/ul>\n\n\n\n<p><em>Leia mais: <a href=\"https:\/\/www.em.com.br\/emfoco\/2025\/11\/05\/em-poucos-dias-minhas-5-ervas-comecaram-a-crescer-sozinhas-e-hoje-nao-compro-mais-temperos\/\" target=\"_blank\" rel=\"noreferrer noopener\"><strong>Em poucos dias, minhas 5 ervas come\u00e7aram a crescer sozinhas e hoje n\u00e3o compro mais temperos<\/strong><\/a><\/em><\/p>\n\n\n\n<h2 class=\"wp-block-heading\">Essas esp\u00e9cies precisam de cuidados complexos para florescer?<\/h2>\n\n\n\n<p>N\u00e3o. A maioria exige apenas solo bem drenado e regas constantes no in\u00edcio do desenvolvimento. Depois, a pr\u00f3pria planta ajusta sua capacidade de reter \u00e1gua, e a aduba\u00e7\u00e3o leve mant\u00e9m o <strong><a href=\"https:\/\/vlsci.com\/blog\/essential-plant-nutrients\/\" target=\"_blank\" rel=\"noreferrer noopener\">equil\u00edbrio de nutrientes<\/a><\/strong>, preservando <strong>florescimento cont\u00ednuo<\/strong>.<\/p>\n\n\n\n<p>O ideal \u00e9 posicionar os vasos em locais com bastante luz solar direta, pois a luminosidade \u00e9 determinante para estimular brota\u00e7\u00f5es e bot\u00f5es. Esse cuidado simples evita alongamento excessivo do caule e garante plantas mais <strong>compactas<\/strong> e resistentes.<\/p>\n\n\n\n<figure class=\"wp-block-image size-large\"><img loading=\"lazy\" decoding=\"async\" width=\"1024\" height=\"576\" src=\"https:\/\/www.em.com.br\/emfoco\/wp-content\/uploads\/2025\/11\/Petunia-flor_1762812423797-1024x576.jpg\" alt=\"Flores de ver\u00e3o para plantar em novembro e manter floridas no calor\" class=\"wp-image-125831\" srcset=\"https:\/\/www.em.com.br\/emfoco\/wp-content\/uploads\/2025\/11\/Petunia-flor_1762812423797-1024x576.jpg 1024w, https:\/\/www.em.com.br\/emfoco\/wp-content\/uploads\/2025\/11\/Petunia-flor_1762812423797-300x169.jpg 300w, https:\/\/www.em.com.br\/emfoco\/wp-content\/uploads\/2025\/11\/Petunia-flor_1762812423797-768x432.jpg 768w, https:\/\/www.em.com.br\/emfoco\/wp-content\/uploads\/2025\/11\/Petunia-flor_1762812423797-750x422.jpg 750w, https:\/\/www.em.com.br\/emfoco\/wp-content\/uploads\/2025\/11\/Petunia-flor_1762812423797-1140x641.jpg 1140w, https:\/\/www.em.com.br\/emfoco\/wp-content\/uploads\/2025\/11\/Petunia-flor_1762812423797.jpg 1280w\" sizes=\"auto, (max-width: 1024px) 100vw, 1024px\" \/><figcaption class=\"wp-element-caption\">Z\u00ednias e pet\u00fanias suportam sol direto com rusticidade elevada &#8211; Cr\u00e9ditos: depositphotos.com \/ yuiyuize@gmail.com<\/figcaption><\/figure>\n\n\n\n<h2 class=\"wp-block-heading\">Como potencializar o florescimento durante o ver\u00e3o mais intenso?<\/h2>\n\n\n\n<p>Manter uma rotina leve de poda e aduba\u00e7\u00e3o faz diferen\u00e7a no resultado final, pois estimula novas brota\u00e7\u00f5es e prolonga a vida das flores abertas. A manuten\u00e7\u00e3o semanal \u00e9 simples e oferece retorno vis\u00edvel na densidade das flora\u00e7\u00f5es.<\/p>\n\n\n\n<ul class=\"wp-block-list\">\n<li>Adube com mat\u00e9ria org\u00e2nica de baixo cheiro a cada vinte dias<\/li>\n\n\n\n<li>Evite encharcar o solo e priorize drenagem eficiente<\/li>\n\n\n\n<li>Retire flores secas para estimular flora\u00e7\u00e3o cont\u00ednua<\/li>\n<\/ul>\n","protected":false},"excerpt":{"rendered":"<p>As flores de ver\u00e3o s\u00e3o perfeitas para plantar em novembro, pois suportam bem as altas temperaturas e trazem cor intensa para \u00e1reas externas. Esse planejamento antecipado garante vasos vistosos e canteiros floridos j\u00e1 no in\u00edcio da esta\u00e7\u00e3o quente. Por que novembro \u00e9 o m\u00eas perfeito para plantar essas esp\u00e9cies? Nesse per\u00edodo, o solo fica mais [&hellip;]<\/p>\n","protected":false},"author":13,"featured_media":125829,"comment_status":"open","ping_status":"open","sticky":false,"template":"","format":"standard","meta":{"jnews-multi-image_gallery":[],"jnews_single_post":{"format":"standard"},"jnews_primary_category":[],"jnews_social_meta":[],"jnews_override_counter":[],"footnotes":""},"categories":[8819],"tags":[3357,3358,18700],"class_list":["post-125823","post","type-post","status-publish","format-standard","has-post-thumbnail","hentry","category-curiosidades","tag-flores","tag-jardinagem","tag-plantas-de-verao"],"yoast_head":"<!-- This site is optimized with the Yoast SEO plugin v23.8 - https:\/\/yoast.com\/wordpress\/plugins\/seo\/ -->\n<title>Flores ideais para plantar em novembro e manter vibrantes durante o ver\u00e3o - Estado de Minas - Em foco<\/title>\n<meta name=\"description\" content=\"Essas flores suportam altas temperaturas, exigem poucos cuidados e deixam vasos e canteiros coloridos logo no in\u00edcio do ver\u00e3o.\" \/>\n<meta name=\"robots\" content=\"index, follow, max-snippet:-1, max-image-preview:large, max-video-preview:-1\" \/>\n<link rel=\"canonical\" href=\"https:\/\/www.em.com.br\/emfoco\/2025\/11\/12\/flores-ideais-para-plantar-em-novembro-e-manter-vibrantes-durante-o-verao\/\" \/>\n<meta property=\"og:locale\" content=\"pt_BR\" \/>\n<meta property=\"og:type\" content=\"article\" \/>\n<meta property=\"og:title\" content=\"Flores ideais para plantar em novembro e manter vibrantes durante o ver\u00e3o - Estado de Minas - Em foco\" \/>\n<meta property=\"og:description\" content=\"Essas flores suportam altas temperaturas, exigem poucos cuidados e deixam vasos e canteiros coloridos logo no in\u00edcio do ver\u00e3o.\" \/>\n<meta property=\"og:url\" content=\"https:\/\/www.em.com.br\/emfoco\/2025\/11\/12\/flores-ideais-para-plantar-em-novembro-e-manter-vibrantes-durante-o-verao\/\" \/>\n<meta property=\"og:site_name\" content=\"Estado de Minas - Em foco\" \/>\n<meta property=\"article:published_time\" content=\"2025-11-12T19:15:00+00:00\" \/>\n<meta property=\"article:modified_time\" content=\"2025-11-11T17:35:27+00:00\" \/>\n<meta property=\"og:image\" content=\"https:\/\/www.em.com.br\/emfoco\/wp-content\/uploads\/2025\/11\/Jardim-florido_1762812354049.jpg\" \/>\n\t<meta property=\"og:image:width\" content=\"1280\" \/>\n\t<meta property=\"og:image:height\" content=\"720\" \/>\n\t<meta property=\"og:image:type\" content=\"image\/jpeg\" \/>\n<meta name=\"author\" content=\"Gabriel Martins\" \/>\n<meta name=\"twitter:card\" content=\"summary_large_image\" \/>\n<meta name=\"twitter:label1\" content=\"Escrito por\" \/>\n\t<meta name=\"twitter:data1\" content=\"Gabriel Martins\" \/>\n\t<meta name=\"twitter:label2\" content=\"Est. tempo de leitura\" \/>\n\t<meta name=\"twitter:data2\" content=\"3 minutos\" \/>\n<!-- \/ Yoast SEO plugin. -->","yoast_head_json":{"title":"Flores ideais para plantar em novembro e manter vibrantes durante o ver\u00e3o - Estado de Minas - Em foco","description":"Essas flores suportam altas temperaturas, exigem poucos cuidados e deixam vasos e canteiros coloridos logo no in\u00edcio do ver\u00e3o.","robots":{"index":"index","follow":"follow","max-snippet":"max-snippet:-1","max-image-preview":"max-image-preview:large","max-video-preview":"max-video-preview:-1"},"canonical":"https:\/\/www.em.com.br\/emfoco\/2025\/11\/12\/flores-ideais-para-plantar-em-novembro-e-manter-vibrantes-durante-o-verao\/","og_locale":"pt_BR","og_type":"article","og_title":"Flores ideais para plantar em novembro e manter vibrantes durante o ver\u00e3o - Estado de Minas - Em foco","og_description":"Essas flores suportam altas temperaturas, exigem poucos cuidados e deixam vasos e canteiros coloridos logo no in\u00edcio do ver\u00e3o.","og_url":"https:\/\/www.em.com.br\/emfoco\/2025\/11\/12\/flores-ideais-para-plantar-em-novembro-e-manter-vibrantes-durante-o-verao\/","og_site_name":"Estado de Minas - Em foco","article_published_time":"2025-11-12T19:15:00+00:00","article_modified_time":"2025-11-11T17:35:27+00:00","og_image":[{"width":1280,"height":720,"url":"https:\/\/www.em.com.br\/emfoco\/wp-content\/uploads\/2025\/11\/Jardim-florido_1762812354049.jpg","type":"image\/jpeg"}],"author":"Gabriel Martins","twitter_card":"summary_large_image","twitter_misc":{"Escrito por":"Gabriel Martins","Est. tempo de leitura":"3 minutos"},"schema":{"@context":"https:\/\/schema.org","@graph":[{"@type":"WebPage","@id":"https:\/\/www.em.com.br\/emfoco\/2025\/11\/12\/flores-ideais-para-plantar-em-novembro-e-manter-vibrantes-durante-o-verao\/","url":"https:\/\/www.em.com.br\/emfoco\/2025\/11\/12\/flores-ideais-para-plantar-em-novembro-e-manter-vibrantes-durante-o-verao\/","name":"Flores ideais para plantar em novembro e manter vibrantes durante o ver\u00e3o - Estado de Minas - Em foco","isPartOf":{"@id":"https:\/\/www.em.com.br\/emfoco\/#website"},"primaryImageOfPage":{"@id":"https:\/\/www.em.com.br\/emfoco\/2025\/11\/12\/flores-ideais-para-plantar-em-novembro-e-manter-vibrantes-durante-o-verao\/#primaryimage"},"image":{"@id":"https:\/\/www.em.com.br\/emfoco\/2025\/11\/12\/flores-ideais-para-plantar-em-novembro-e-manter-vibrantes-durante-o-verao\/#primaryimage"},"thumbnailUrl":"https:\/\/www.em.com.br\/emfoco\/wp-content\/uploads\/2025\/11\/Jardim-florido_1762812354049.jpg","datePublished":"2025-11-12T19:15:00+00:00","dateModified":"2025-11-11T17:35:27+00:00","author":{"@id":"https:\/\/www.em.com.br\/emfoco\/#\/schema\/person\/1c9ddeab18b98abeffef834667bcf08a"},"description":"Essas flores suportam altas temperaturas, exigem poucos cuidados e deixam vasos e canteiros coloridos logo no in\u00edcio do ver\u00e3o.","breadcrumb":{"@id":"https:\/\/www.em.com.br\/emfoco\/2025\/11\/12\/flores-ideais-para-plantar-em-novembro-e-manter-vibrantes-durante-o-verao\/#breadcrumb"},"inLanguage":"pt-BR","potentialAction":[{"@type":"ReadAction","target":["https:\/\/www.em.com.br\/emfoco\/2025\/11\/12\/flores-ideais-para-plantar-em-novembro-e-manter-vibrantes-durante-o-verao\/"]}]},{"@type":"ImageObject","inLanguage":"pt-BR","@id":"https:\/\/www.em.com.br\/emfoco\/2025\/11\/12\/flores-ideais-para-plantar-em-novembro-e-manter-vibrantes-durante-o-verao\/#primaryimage","url":"https:\/\/www.em.com.br\/emfoco\/wp-content\/uploads\/2025\/11\/Jardim-florido_1762812354049.jpg","contentUrl":"https:\/\/www.em.com.br\/emfoco\/wp-content\/uploads\/2025\/11\/Jardim-florido_1762812354049.jpg","width":1280,"height":720,"caption":"Flores de ver\u00e3o plantadas em novembro entregam exuber\u00e2ncia colorida r\u00e1pida - Cr\u00e9ditos: depositphotos.com \/ dvoevnore"},{"@type":"BreadcrumbList","@id":"https:\/\/www.em.com.br\/emfoco\/2025\/11\/12\/flores-ideais-para-plantar-em-novembro-e-manter-vibrantes-durante-o-verao\/#breadcrumb","itemListElement":[{"@type":"ListItem","position":1,"name":"In\u00edcio","item":"https:\/\/www.em.com.br\/emfoco\/"},{"@type":"ListItem","position":2,"name":"Flores ideais para plantar em novembro e manter vibrantes durante o ver\u00e3o"}]},{"@type":"WebSite","@id":"https:\/\/www.em.com.br\/emfoco\/#website","url":"https:\/\/www.em.com.br\/emfoco\/","name":"Estado de Minas - Em foco","description":"Acompanhe as \u00faltimas not\u00edcias e fique bem informado sobre tudo o que acontece em Minas Gerais, Brasil e no mundo.","potentialAction":[{"@type":"SearchAction","target":{"@type":"EntryPoint","urlTemplate":"https:\/\/www.em.com.br\/emfoco\/?s={search_term_string}"},"query-input":{"@type":"PropertyValueSpecification","valueRequired":true,"valueName":"search_term_string"}}],"inLanguage":"pt-BR"},{"@type":"Person","@id":"https:\/\/www.em.com.br\/emfoco\/#\/schema\/person\/1c9ddeab18b98abeffef834667bcf08a","name":"Gabriel Martins","image":{"@type":"ImageObject","inLanguage":"pt-BR","@id":"https:\/\/www.em.com.br\/emfoco\/#\/schema\/person\/image\/","url":"https:\/\/secure.gravatar.com\/avatar\/f0f1e2efdfd88f1ad2cb08c5c2731e50?s=96&d=mm&r=g","contentUrl":"https:\/\/secure.gravatar.com\/avatar\/f0f1e2efdfd88f1ad2cb08c5c2731e50?s=96&d=mm&r=g","caption":"Gabriel Martins"},"sameAs":["https:\/\/www.em.com.br\/emfoco\/"],"url":"https:\/\/www.em.com.br\/emfoco\/author\/gabrielmartinsmyth\/"}]}},"_links":{"self":[{"href":"https:\/\/www.em.com.br\/emfoco\/wp-json\/wp\/v2\/posts\/125823","targetHints":{"allow":["GET"]}}],"collection":[{"href":"https:\/\/www.em.com.br\/emfoco\/wp-json\/wp\/v2\/posts"}],"about":[{"href":"https:\/\/www.em.com.br\/emfoco\/wp-json\/wp\/v2\/types\/post"}],"author":[{"embeddable":true,"href":"https:\/\/www.em.com.br\/emfoco\/wp-json\/wp\/v2\/users\/13"}],"replies":[{"embeddable":true,"href":"https:\/\/www.em.com.br\/emfoco\/wp-json\/wp\/v2\/comments?post=125823"}],"version-history":[{"count":2,"href":"https:\/\/www.em.com.br\/emfoco\/wp-json\/wp\/v2\/posts\/125823\/revisions"}],"predecessor-version":[{"id":126156,"href":"https:\/\/www.em.com.br\/emfoco\/wp-json\/wp\/v2\/posts\/125823\/revisions\/126156"}],"wp:featuredmedia":[{"embeddable":true,"href":"https:\/\/www.em.com.br\/emfoco\/wp-json\/wp\/v2\/media\/125829"}],"wp:attachment":[{"href":"https:\/\/www.em.com.br\/emfoco\/wp-json\/wp\/v2\/media?parent=125823"}],"wp:term":[{"taxonomy":"category","embeddable":true,"href":"https:\/\/www.em.com.br\/emfoco\/wp-json\/wp\/v2\/categories?post=125823"},{"taxonomy":"post_tag","embeddable":true,"href":"https:\/\/www.em.com.br\/emfoco\/wp-json\/wp\/v2\/tags?post=125823"}],"curies":[{"name":"wp","href":"https:\/\/api.w.org\/{rel}","templated":true}]}}