{"id":12570,"date":"2025-01-22T09:20:00","date_gmt":"2025-01-22T12:20:00","guid":{"rendered":"https:\/\/www.em.com.br\/emfoco\/?p=12570"},"modified":"2025-01-22T01:30:10","modified_gmt":"2025-01-22T04:30:10","slug":"sonha-em-dirigir-sem-gastar-nada-com-a-cnh","status":"publish","type":"post","link":"https:\/\/www.em.com.br\/emfoco\/2025\/01\/22\/sonha-em-dirigir-sem-gastar-nada-com-a-cnh\/","title":{"rendered":"Sonha em dirigir sem gastar nada com a CNH?"},"content":{"rendered":"\n<p>Para muitos, conseguir a primeira Carteira Nacional de Habilita\u00e7\u00e3o (<a href=\"https:\/\/www.gov.br\/pt-br\/servicos\/consultar-online-dados-de-sua-habilitacao-de-transito\" target=\"_blank\" rel=\"noreferrer noopener\">CNH<\/a>) pode ser um processo custoso. Entretanto, em 2025, <a href=\"https:\/\/www.em.com.br\/emfoco\/2025\/01\/11\/alo-motoristas-prepare-se-para-se-surpreender-com-a-nova-forma-de-pagar-o-ipva\/\" target=\"_blank\" rel=\"noreferrer noopener\">motoristas <\/a>do Esp\u00edrito Santo t\u00eam uma oportunidade de obter o documento sem custos atrav\u00e9s de um programa que oferece milhares de vagas gratuitas. Este incentivo visa facilitar o acesso \u00e0 habilita\u00e7\u00e3o de categorias A, B e outras, bem como facilitar mudan\u00e7as de categoria.<\/p>\n\n\n\n<p>A iniciativa \u00e9 particularmente atraente para aqueles que est\u00e3o planejando tirar a CNH nos pr\u00f3ximos anos. Saiba como participar e quais s\u00e3o os requisitos para fazer parte deste programa que pode beneficiar at\u00e9 7 mil motoristas.<\/p>\n\n\n<div class=\"wp-block-image\">\n<figure class=\"aligncenter size-large\"><img loading=\"lazy\" decoding=\"async\" width=\"1024\" height=\"576\" src=\"https:\/\/www.em.com.br\/emfoco\/wp-content\/uploads\/2024\/11\/CNH_1732946447629-1024x576.jpg\" alt=\"\" class=\"wp-image-2373\" srcset=\"https:\/\/www.em.com.br\/emfoco\/wp-content\/uploads\/2024\/11\/CNH_1732946447629-1024x576.jpg 1024w, https:\/\/www.em.com.br\/emfoco\/wp-content\/uploads\/2024\/11\/CNH_1732946447629-300x169.jpg 300w, https:\/\/www.em.com.br\/emfoco\/wp-content\/uploads\/2024\/11\/CNH_1732946447629-768x432.jpg 768w, https:\/\/www.em.com.br\/emfoco\/wp-content\/uploads\/2024\/11\/CNH_1732946447629-750x422.jpg 750w, https:\/\/www.em.com.br\/emfoco\/wp-content\/uploads\/2024\/11\/CNH_1732946447629-1140x641.jpg 1140w, https:\/\/www.em.com.br\/emfoco\/wp-content\/uploads\/2024\/11\/CNH_1732946447629.jpg 1280w\" sizes=\"auto, (max-width: 1024px) 100vw, 1024px\" \/><figcaption class=\"wp-element-caption\">CNH &#8211; Cr\u00e9ditos: depositphotos.com \/ rafapress<\/figcaption><\/figure><\/div>\n\n\n<h2 class=\"wp-block-heading\">O Que \u00e9 a CNH Social?<\/h2>\n\n\n\n<p>A CNH Social \u00e9 um programa organizado por alguns Departamentos Estaduais de Tr\u00e2nsito (Detrans) que visa fornecer a primeira habilita\u00e7\u00e3o ou a mudan\u00e7a de categoria sem custo algum para os candidatos. No Esp\u00edrito Santo, este projeto tem grande popularidade e sucesso.<\/p>\n\n\n\n<p>Tipicamente, o Detran-ES oferece duas rodadas de emiss\u00e3o gratuita de CNH ao ano. Embora o n\u00famero exato de vagas ainda n\u00e3o tenha sido oficialmente confirmado para 2025, a expectativa \u00e9 semelhante \u00e0 de anos anteriores, quando milhares de vagas foram abertas para pessoas que atendem aos crit\u00e9rios estabelecidos.<\/p>\n\n\n\n<h2 class=\"wp-block-heading\">Quem Pode Participar do Programa CNH Social?<\/h2>\n\n\n\n<p>A elegibilidade para participar da CNH Social no Esp\u00edrito Santo envolve alguns requisitos essenciais. Estes crit\u00e9rios ajudam a garantir que as vagas sejam direcionadas a quem mais precisa. As exig\u00eancias incluem:<\/p>\n\n\n\n<ul class=\"wp-block-list\">\n<li>Ter pelo menos 18 anos e ser penalmente imput\u00e1vel<\/li>\n\n\n\n<li>Saber ler e escrever, garantindo assim a compreens\u00e3o das leis de tr\u00e2nsito<\/li>\n\n\n\n<li>Possuir CPF e documento de identidade v\u00e1lido<\/li>\n\n\n\n<li>Residir no estado do Esp\u00edrito Santo, comprovando domic\u00edlio<\/li>\n\n\n\n<li>N\u00e3o estar judicialmente proibido de obter a CNH<\/li>\n\n\n\n<li>Estar inscrito no Cadastro \u00danico para Programas Sociais do Governo Federal<\/li>\n\n\n\n<li>Ter uma renda familiar de at\u00e9 dois sal\u00e1rios m\u00ednimos, atualmente R$ 2.836<\/li>\n\n\n\n<li>N\u00e3o possuir defici\u00eancia que impossibilite a obten\u00e7\u00e3o da CNH<\/li>\n<\/ul>\n\n\n\n<h2 class=\"wp-block-heading\">Como se Inscrever no Programa CNH Social?<\/h2>\n\n\n\n<p>O per\u00edodo para inscri\u00e7\u00e3o ainda n\u00e3o foi oficialmente divulgado, mas \u00e9 esperado que o Detran-ES disponibilize essa informa\u00e7\u00e3o em breve. Os interessados devem verificar regularmente o site oficial do Detran-ES para atualiza\u00e7\u00f5es e instru\u00e7\u00f5es precisas sobre como enviar inscri\u00e7\u00f5es quando o processo for aberto.<\/p>\n\n\n\n<p>Com organiza\u00e7\u00e3o e planejamento, esta \u00e9 uma oportunidade valiosa para obter a habilita\u00e7\u00e3o em 2025 sem custos, facilitando acesso \u00e0 mobilidade e potencialmente impactando positivamente a vida dos selecionados.<\/p>\n\n\n\n<h2 class=\"wp-block-heading\">Quais Categorias Est\u00e3o Dispon\u00edveis?<\/h2>\n\n\n\n<p>O programa CNH Social contempla as seguintes categorias de habilita\u00e7\u00e3o:<\/p>\n\n\n\n<ol class=\"wp-block-list\">\n<li><strong>Primeira Habilita\u00e7\u00e3o<\/strong> nas categorias A ou B<\/li>\n\n\n\n<li><strong>Adi\u00e7\u00e3o de Categoria<\/strong> A ou B<\/li>\n\n\n\n<li><strong>Mudan\u00e7a de Categoria<\/strong> para D ou E<\/li>\n<\/ol>\n\n\n\n<p>A disponibilidade de categorias permite que os participantes escolham a melhor op\u00e7\u00e3o de acordo com suas necessidades pessoais e profissionais.<\/p>\n","protected":false},"excerpt":{"rendered":"<p>Para muitos, conseguir a primeira Carteira Nacional de Habilita\u00e7\u00e3o (CNH) pode ser um processo custoso. Entretanto, em 2025, motoristas do Esp\u00edrito Santo t\u00eam uma oportunidade de obter o documento sem custos atrav\u00e9s de um programa que oferece milhares de vagas gratuitas. Este incentivo visa facilitar o acesso \u00e0 habilita\u00e7\u00e3o de categorias A, B e outras, [&hellip;]<\/p>\n","protected":false},"author":7,"featured_media":5676,"comment_status":"open","ping_status":"open","sticky":false,"template":"","format":"standard","meta":{"jnews-multi-image_gallery":[],"jnews_single_post":{"format":"standard"},"jnews_primary_category":[],"jnews_social_meta":[],"jnews_override_counter":[],"footnotes":""},"categories":[28],"tags":[830,1636,2170,3635,2384,3928],"class_list":["post-12570","post","type-post","status-publish","format-standard","has-post-thumbnail","hentry","category-economia","tag-cnh","tag-detran","tag-espirito-santo","tag-gratuita","tag-habilitacao","tag-programa-cnh-social"],"yoast_head":"<!-- This site is optimized with the Yoast SEO plugin v23.8 - https:\/\/yoast.com\/wordpress\/plugins\/seo\/ -->\n<title>Sonha em dirigir sem gastar nada com a CNH? - Estado de Minas - Em foco<\/title>\n<meta name=\"description\" content=\"Saiba como obter sua Carteira Nacional de Habilita\u00e7\u00e3o (CNH) gratuitamente.!\" \/>\n<meta name=\"robots\" content=\"index, follow, max-snippet:-1, max-image-preview:large, max-video-preview:-1\" \/>\n<link rel=\"canonical\" href=\"https:\/\/www.em.com.br\/emfoco\/2025\/01\/22\/sonha-em-dirigir-sem-gastar-nada-com-a-cnh\/\" \/>\n<meta property=\"og:locale\" content=\"pt_BR\" \/>\n<meta property=\"og:type\" content=\"article\" \/>\n<meta property=\"og:title\" content=\"Sonha em dirigir sem gastar nada com a CNH? - Estado de Minas - Em foco\" \/>\n<meta property=\"og:description\" content=\"Saiba como obter sua Carteira Nacional de Habilita\u00e7\u00e3o (CNH) gratuitamente.!\" \/>\n<meta property=\"og:url\" content=\"https:\/\/www.em.com.br\/emfoco\/2025\/01\/22\/sonha-em-dirigir-sem-gastar-nada-com-a-cnh\/\" \/>\n<meta property=\"og:site_name\" content=\"Estado de Minas - Em foco\" \/>\n<meta property=\"article:published_time\" content=\"2025-01-22T12:20:00+00:00\" \/>\n<meta property=\"article:modified_time\" content=\"2025-01-22T04:30:10+00:00\" \/>\n<meta property=\"og:image\" content=\"https:\/\/www.em.com.br\/emfoco\/wp-content\/uploads\/2024\/12\/CNH_1734573767548.png\" \/>\n\t<meta property=\"og:image:width\" content=\"1280\" \/>\n\t<meta property=\"og:image:height\" content=\"720\" \/>\n\t<meta property=\"og:image:type\" content=\"image\/png\" \/>\n<meta name=\"author\" content=\"Kelvin\" \/>\n<meta name=\"twitter:card\" content=\"summary_large_image\" \/>\n<meta name=\"twitter:label1\" content=\"Escrito por\" \/>\n\t<meta name=\"twitter:data1\" content=\"Kelvin\" \/>\n\t<meta name=\"twitter:label2\" content=\"Est. tempo de leitura\" \/>\n\t<meta name=\"twitter:data2\" content=\"3 minutos\" \/>\n<!-- \/ Yoast SEO plugin. -->","yoast_head_json":{"title":"Sonha em dirigir sem gastar nada com a CNH? - Estado de Minas - Em foco","description":"Saiba como obter sua Carteira Nacional de Habilita\u00e7\u00e3o (CNH) gratuitamente.!","robots":{"index":"index","follow":"follow","max-snippet":"max-snippet:-1","max-image-preview":"max-image-preview:large","max-video-preview":"max-video-preview:-1"},"canonical":"https:\/\/www.em.com.br\/emfoco\/2025\/01\/22\/sonha-em-dirigir-sem-gastar-nada-com-a-cnh\/","og_locale":"pt_BR","og_type":"article","og_title":"Sonha em dirigir sem gastar nada com a CNH? - Estado de Minas - Em foco","og_description":"Saiba como obter sua Carteira Nacional de Habilita\u00e7\u00e3o (CNH) gratuitamente.!","og_url":"https:\/\/www.em.com.br\/emfoco\/2025\/01\/22\/sonha-em-dirigir-sem-gastar-nada-com-a-cnh\/","og_site_name":"Estado de Minas - Em foco","article_published_time":"2025-01-22T12:20:00+00:00","article_modified_time":"2025-01-22T04:30:10+00:00","og_image":[{"width":1280,"height":720,"url":"https:\/\/www.em.com.br\/emfoco\/wp-content\/uploads\/2024\/12\/CNH_1734573767548.png","type":"image\/png"}],"author":"Kelvin","twitter_card":"summary_large_image","twitter_misc":{"Escrito por":"Kelvin","Est. tempo de leitura":"3 minutos"},"schema":{"@context":"https:\/\/schema.org","@graph":[{"@type":"WebPage","@id":"https:\/\/www.em.com.br\/emfoco\/2025\/01\/22\/sonha-em-dirigir-sem-gastar-nada-com-a-cnh\/","url":"https:\/\/www.em.com.br\/emfoco\/2025\/01\/22\/sonha-em-dirigir-sem-gastar-nada-com-a-cnh\/","name":"Sonha em dirigir sem gastar nada com a CNH? - Estado de Minas - Em foco","isPartOf":{"@id":"https:\/\/www.em.com.br\/emfoco\/#website"},"primaryImageOfPage":{"@id":"https:\/\/www.em.com.br\/emfoco\/2025\/01\/22\/sonha-em-dirigir-sem-gastar-nada-com-a-cnh\/#primaryimage"},"image":{"@id":"https:\/\/www.em.com.br\/emfoco\/2025\/01\/22\/sonha-em-dirigir-sem-gastar-nada-com-a-cnh\/#primaryimage"},"thumbnailUrl":"https:\/\/www.em.com.br\/emfoco\/wp-content\/uploads\/2024\/12\/CNH_1734573767548.png","datePublished":"2025-01-22T12:20:00+00:00","dateModified":"2025-01-22T04:30:10+00:00","author":{"@id":"https:\/\/www.em.com.br\/emfoco\/#\/schema\/person\/fb0a7f48c6fbb94b83f413a80f61917d"},"description":"Saiba como obter sua Carteira Nacional de Habilita\u00e7\u00e3o (CNH) gratuitamente.!","breadcrumb":{"@id":"https:\/\/www.em.com.br\/emfoco\/2025\/01\/22\/sonha-em-dirigir-sem-gastar-nada-com-a-cnh\/#breadcrumb"},"inLanguage":"pt-BR","potentialAction":[{"@type":"ReadAction","target":["https:\/\/www.em.com.br\/emfoco\/2025\/01\/22\/sonha-em-dirigir-sem-gastar-nada-com-a-cnh\/"]}]},{"@type":"ImageObject","inLanguage":"pt-BR","@id":"https:\/\/www.em.com.br\/emfoco\/2025\/01\/22\/sonha-em-dirigir-sem-gastar-nada-com-a-cnh\/#primaryimage","url":"https:\/\/www.em.com.br\/emfoco\/wp-content\/uploads\/2024\/12\/CNH_1734573767548.png","contentUrl":"https:\/\/www.em.com.br\/emfoco\/wp-content\/uploads\/2024\/12\/CNH_1734573767548.png","width":1280,"height":720,"caption":"CNH - Cr\u00e9ditos: depositphotos.com \/ rafapress"},{"@type":"BreadcrumbList","@id":"https:\/\/www.em.com.br\/emfoco\/2025\/01\/22\/sonha-em-dirigir-sem-gastar-nada-com-a-cnh\/#breadcrumb","itemListElement":[{"@type":"ListItem","position":1,"name":"In\u00edcio","item":"https:\/\/www.em.com.br\/emfoco\/"},{"@type":"ListItem","position":2,"name":"Sonha em dirigir sem gastar nada com a CNH?"}]},{"@type":"WebSite","@id":"https:\/\/www.em.com.br\/emfoco\/#website","url":"https:\/\/www.em.com.br\/emfoco\/","name":"Estado de Minas - Em foco","description":"Acompanhe as \u00faltimas not\u00edcias e fique bem informado sobre tudo o que acontece em Minas Gerais, Brasil e no mundo.","potentialAction":[{"@type":"SearchAction","target":{"@type":"EntryPoint","urlTemplate":"https:\/\/www.em.com.br\/emfoco\/?s={search_term_string}"},"query-input":{"@type":"PropertyValueSpecification","valueRequired":true,"valueName":"search_term_string"}}],"inLanguage":"pt-BR"},{"@type":"Person","@id":"https:\/\/www.em.com.br\/emfoco\/#\/schema\/person\/fb0a7f48c6fbb94b83f413a80f61917d","name":"Kelvin","image":{"@type":"ImageObject","inLanguage":"pt-BR","@id":"https:\/\/www.em.com.br\/emfoco\/#\/schema\/person\/image\/","url":"https:\/\/secure.gravatar.com\/avatar\/e74f84337e6bf6c4c5e88fbdffa05270?s=96&d=mm&r=g","contentUrl":"https:\/\/secure.gravatar.com\/avatar\/e74f84337e6bf6c4c5e88fbdffa05270?s=96&d=mm&r=g","caption":"Kelvin"},"sameAs":["https:\/\/www.em.com.br\/emfoco"],"url":"https:\/\/www.em.com.br\/emfoco\/author\/kelvinmyth\/"}]}},"_links":{"self":[{"href":"https:\/\/www.em.com.br\/emfoco\/wp-json\/wp\/v2\/posts\/12570","targetHints":{"allow":["GET"]}}],"collection":[{"href":"https:\/\/www.em.com.br\/emfoco\/wp-json\/wp\/v2\/posts"}],"about":[{"href":"https:\/\/www.em.com.br\/emfoco\/wp-json\/wp\/v2\/types\/post"}],"author":[{"embeddable":true,"href":"https:\/\/www.em.com.br\/emfoco\/wp-json\/wp\/v2\/users\/7"}],"replies":[{"embeddable":true,"href":"https:\/\/www.em.com.br\/emfoco\/wp-json\/wp\/v2\/comments?post=12570"}],"version-history":[{"count":2,"href":"https:\/\/www.em.com.br\/emfoco\/wp-json\/wp\/v2\/posts\/12570\/revisions"}],"predecessor-version":[{"id":12576,"href":"https:\/\/www.em.com.br\/emfoco\/wp-json\/wp\/v2\/posts\/12570\/revisions\/12576"}],"wp:featuredmedia":[{"embeddable":true,"href":"https:\/\/www.em.com.br\/emfoco\/wp-json\/wp\/v2\/media\/5676"}],"wp:attachment":[{"href":"https:\/\/www.em.com.br\/emfoco\/wp-json\/wp\/v2\/media?parent=12570"}],"wp:term":[{"taxonomy":"category","embeddable":true,"href":"https:\/\/www.em.com.br\/emfoco\/wp-json\/wp\/v2\/categories?post=12570"},{"taxonomy":"post_tag","embeddable":true,"href":"https:\/\/www.em.com.br\/emfoco\/wp-json\/wp\/v2\/tags?post=12570"}],"curies":[{"name":"wp","href":"https:\/\/api.w.org\/{rel}","templated":true}]}}