{"id":12566,"date":"2025-01-22T09:00:00","date_gmt":"2025-01-22T12:00:00","guid":{"rendered":"https:\/\/www.em.com.br\/emfoco\/?p=12566"},"modified":"2025-01-22T02:05:42","modified_gmt":"2025-01-22T05:05:42","slug":"whatsapp-inova-com-musica-nos-status-o-que-esta-por-vir","status":"publish","type":"post","link":"https:\/\/www.em.com.br\/emfoco\/2025\/01\/22\/whatsapp-inova-com-musica-nos-status-o-que-esta-por-vir\/","title":{"rendered":"WhatsApp inova com m\u00fasica nos status: O que est\u00e1 por vir?"},"content":{"rendered":"\n<p>O popular aplicativo de mensagens instant\u00e2neas, est\u00e1 testando uma nova funcionalidade que promete mudar a experi\u00eancia dos usu\u00e1rios: a inclus\u00e3o de m\u00fasicas nas publica\u00e7\u00f5es do Status. Esta novidade que j\u00e1 se encontra dispon\u00edvel em vers\u00e3o beta para alguns usu\u00e1rios de Android e iOS, faz parte de uma s\u00e9rie de atualiza\u00e7\u00f5es que visam incrementar a intera\u00e7\u00e3o social na plataforma.<\/p>\n\n\n\n<p>Essa nova ferramenta remete diretamente a funcionalidades j\u00e1 conhecidas de outras redes sociais, como o <a href=\"https:\/\/www.instagram.com\/\" target=\"_blank\" rel=\"noreferrer noopener\">Instagram<\/a>, permitindo que fotos ou v\u00eddeos possam ser acompanhados por uma trilha sonora diretamente no Status. Diferente das op\u00e7\u00f5es anteriores que apenas compartilhavam m\u00fasicas, a ferramenta possibilita criar postagens mais din\u00e2micas e cativantes.<\/p>\n\n\n\n<h2 class=\"wp-block-heading\">Como funciona a nova op\u00e7\u00e3o de m\u00fasica nos status?<\/h2>\n\n\n\n<p>A implementa\u00e7\u00e3o dessa funcionalidade no WhatsApp \u00e9 distinta da tradicional maneira de compartilhar m\u00fasicas. Antes, para adicionar uma can\u00e7\u00e3o ao Status, era necess\u00e1rio recorrer a aplicativos externos ou truques como grava\u00e7\u00f5es de tela. Por\u00e9m, a nova ferramenta simplifica esse processo, permitindo que os usu\u00e1rios escolham uma m\u00fasica para acompanhar suas fotos ou v\u00eddeos diretamente no aplicativo, sem a necessidade de solu\u00e7\u00f5es alternativas.<\/p>\n\n\n\n<p>Essa mudan\u00e7a ainda est\u00e1 restrita a algumas vers\u00f5es beta, como a 2.25.2.5 do <a href=\"https:\/\/www.em.com.br\/emfoco\/2025\/01\/14\/seu-smartphone-nunca-mais-sera-o-mesmo-com-o-android-15\/\" target=\"_blank\" rel=\"noreferrer noopener\">Android <\/a>e a 25.1.10.73 do iOS. O recurso ainda n\u00e3o possui uma data oficial de lan\u00e7amento, mas o fato de estar em teste indica que n\u00e3o deve demorar para ser liberado ao p\u00fablico em geral.<\/p>\n\n\n\n<h2 class=\"wp-block-heading\">Quais s\u00e3o os impactos desta implementa\u00e7\u00e3o?<\/h2>\n\n\n\n<p>A inclus\u00e3o de m\u00fasicas nos Status do WhatsApp marca um passo significativo na transforma\u00e7\u00e3o do aplicativo em uma plataforma ainda mais social. Ao permitir a adi\u00e7\u00e3o de trilhas sonoras em status, o WhatsApp incentiva uma maior expressividade pessoal e oferece um meio mais rico de compartilhar momentos do dia a dia.<\/p>\n\n\n\n<p>Com essa atualiza\u00e7\u00e3o, a Meta, empresa respons\u00e1vel pelo WhatsApp, continua a expandir o aplicativo al\u00e9m das funcionalidades de mensagens, buscando incorporar elementos que promovam o engajamento dos usu\u00e1rios. Este movimento acompanha a tend\u00eancia de converg\u00eancia das plataformas de comunica\u00e7\u00e3o com as redes sociais, proporcionando uma experi\u00eancia mais completa dentro de um \u00fanico aplicativo.<\/p>\n\n\n\n<h2 class=\"wp-block-heading\">Quando podemos esperar o lan\u00e7amento oficial?<\/h2>\n\n\n\n<p>Ainda n\u00e3o h\u00e1 uma data espec\u00edfica para o lan\u00e7amento oficial do recurso, mas o progresso nas vers\u00f5es beta sugere que sua chegada ao aplicativo oficial deve ocorrer em breve. O desenvolvimento dessa funcionalidade est\u00e1 ligado ao acordo da Meta com a Universal Music Group, que ampliou o uso de m\u00fasicas no aplicativo, indicando um investimento da empresa em recursos musicais.<\/p>\n\n\n\n<p>O mercado aguarda ansiosamente pela novidade, que promete aumentar a interatividade entre os usu\u00e1rios do WhatsApp, permitindo que mensagens e lembran\u00e7as ganhem vida com a trilha sonora perfeita.<\/p>\n\n\n\n<h2 class=\"wp-block-heading\">O Futuro do WhatsApp: Mais do que um simples mensageiro<\/h2>\n\n\n\n<p>O WhatsApp continua a evoluir de um aplicativo de mensagens simples para uma plataforma multifuncional. A adi\u00e7\u00e3o de m\u00fasicas ao Status \u00e9 apenas uma das muitas novidades que refletem essa mudan\u00e7a de foco. A Meta busca integrar no WhatsApp mais ferramentas que incentivem a comunica\u00e7\u00e3o pessoal e profissional.<\/p>\n\n\n<div class=\"wp-block-image\">\n<figure class=\"aligncenter size-large\"><img loading=\"lazy\" decoding=\"async\" width=\"1024\" height=\"576\" src=\"https:\/\/www.em.com.br\/emfoco\/wp-content\/uploads\/2025\/01\/musica-_1737521529670-1024x576.jpg\" alt=\"\" class=\"wp-image-12607\" srcset=\"https:\/\/www.em.com.br\/emfoco\/wp-content\/uploads\/2025\/01\/musica-_1737521529670-1024x576.jpg 1024w, https:\/\/www.em.com.br\/emfoco\/wp-content\/uploads\/2025\/01\/musica-_1737521529670-300x169.jpg 300w, https:\/\/www.em.com.br\/emfoco\/wp-content\/uploads\/2025\/01\/musica-_1737521529670-768x432.jpg 768w, https:\/\/www.em.com.br\/emfoco\/wp-content\/uploads\/2025\/01\/musica-_1737521529670-750x422.jpg 750w, https:\/\/www.em.com.br\/emfoco\/wp-content\/uploads\/2025\/01\/musica-_1737521529670-1140x641.jpg 1140w, https:\/\/www.em.com.br\/emfoco\/wp-content\/uploads\/2025\/01\/musica-_1737521529670.jpg 1280w\" sizes=\"auto, (max-width: 1024px) 100vw, 1024px\" \/><figcaption class=\"wp-element-caption\">Imagem ilustrativa de homem ouvindo m\u00fasica &#8211; Cr\u00e9ditos: depositphotos.com \/ ArturVerkhovetskiy<\/figcaption><\/figure><\/div>\n\n\n<p>Em resumo, a integra\u00e7\u00e3o de m\u00fasica nos Status do WhatsApp n\u00e3o s\u00f3 representa uma moderniza\u00e7\u00e3o da ferramenta, mas tamb\u00e9m um passo em dire\u00e7\u00e3o a posicionar o aplicativo como uma plataforma vers\u00e1til e socialmente integrada. Essa evolu\u00e7\u00e3o n\u00e3o apenas atende \u00e0s necessidades de uma base de usu\u00e1rios moderna, mas tamb\u00e9m refor\u00e7a a posi\u00e7\u00e3o do WhatsApp como um pilar nas comunica\u00e7\u00f5es digitais atuais.<\/p>\n","protected":false},"excerpt":{"rendered":"<p>O popular aplicativo de mensagens instant\u00e2neas, est\u00e1 testando uma nova funcionalidade que promete mudar a experi\u00eancia dos usu\u00e1rios: a inclus\u00e3o de m\u00fasicas nas publica\u00e7\u00f5es do Status. Esta novidade que j\u00e1 se encontra dispon\u00edvel em vers\u00e3o beta para alguns usu\u00e1rios de Android e iOS, faz parte de uma s\u00e9rie de atualiza\u00e7\u00f5es que visam incrementar a intera\u00e7\u00e3o [&hellip;]<\/p>\n","protected":false},"author":9,"featured_media":12558,"comment_status":"open","ping_status":"open","sticky":false,"template":"","format":"standard","meta":{"jnews-multi-image_gallery":[],"jnews_single_post":{"format":"standard"},"jnews_primary_category":[],"jnews_social_meta":[],"jnews_override_counter":[],"footnotes":""},"categories":[1],"tags":[185,2814],"class_list":["post-12566","post","type-post","status-publish","format-standard","has-post-thumbnail","hentry","category-noticias","tag-musica","tag-whatsapp"],"yoast_head":"<!-- This site is optimized with the Yoast SEO plugin v23.8 - https:\/\/yoast.com\/wordpress\/plugins\/seo\/ -->\n<title>WhatsApp inova com m\u00fasica nos status: O que est\u00e1 por vir?<\/title>\n<meta name=\"description\" content=\"O WhatsApp est\u00e1 testando uma nova funcionalidade que promete mudar a forma como interagimos no Status. Descubra o que vem por a\u00ed\" \/>\n<meta name=\"robots\" content=\"index, follow, max-snippet:-1, max-image-preview:large, max-video-preview:-1\" \/>\n<link rel=\"canonical\" href=\"https:\/\/www.em.com.br\/emfoco\/2025\/01\/22\/whatsapp-inova-com-musica-nos-status-o-que-esta-por-vir\/\" \/>\n<meta property=\"og:locale\" content=\"pt_BR\" \/>\n<meta property=\"og:type\" content=\"article\" \/>\n<meta property=\"og:title\" content=\"WhatsApp inova com m\u00fasica nos status: O que est\u00e1 por vir?\" \/>\n<meta property=\"og:description\" content=\"O WhatsApp est\u00e1 testando uma nova funcionalidade que promete mudar a forma como interagimos no Status. Descubra o que vem por a\u00ed\" \/>\n<meta property=\"og:url\" content=\"https:\/\/www.em.com.br\/emfoco\/2025\/01\/22\/whatsapp-inova-com-musica-nos-status-o-que-esta-por-vir\/\" \/>\n<meta property=\"og:site_name\" content=\"Estado de Minas - Em foco\" \/>\n<meta property=\"article:published_time\" content=\"2025-01-22T12:00:00+00:00\" \/>\n<meta property=\"article:modified_time\" content=\"2025-01-22T05:05:42+00:00\" \/>\n<meta property=\"og:image\" content=\"https:\/\/www.em.com.br\/emfoco\/wp-content\/uploads\/2025\/01\/WhatsApp-Instagram-e-Facebook_1737519375459.jpg\" \/>\n\t<meta property=\"og:image:width\" content=\"1280\" \/>\n\t<meta property=\"og:image:height\" content=\"720\" \/>\n\t<meta property=\"og:image:type\" content=\"image\/jpeg\" \/>\n<meta name=\"author\" content=\"Daniely Cardoso\" \/>\n<meta name=\"twitter:card\" content=\"summary_large_image\" \/>\n<meta name=\"twitter:label1\" content=\"Escrito por\" \/>\n\t<meta name=\"twitter:data1\" content=\"Daniely Cardoso\" \/>\n\t<meta name=\"twitter:label2\" content=\"Est. tempo de leitura\" \/>\n\t<meta name=\"twitter:data2\" content=\"4 minutos\" \/>\n<!-- \/ Yoast SEO plugin. -->","yoast_head_json":{"title":"WhatsApp inova com m\u00fasica nos status: O que est\u00e1 por vir?","description":"O WhatsApp est\u00e1 testando uma nova funcionalidade que promete mudar a forma como interagimos no Status. Descubra o que vem por a\u00ed","robots":{"index":"index","follow":"follow","max-snippet":"max-snippet:-1","max-image-preview":"max-image-preview:large","max-video-preview":"max-video-preview:-1"},"canonical":"https:\/\/www.em.com.br\/emfoco\/2025\/01\/22\/whatsapp-inova-com-musica-nos-status-o-que-esta-por-vir\/","og_locale":"pt_BR","og_type":"article","og_title":"WhatsApp inova com m\u00fasica nos status: O que est\u00e1 por vir?","og_description":"O WhatsApp est\u00e1 testando uma nova funcionalidade que promete mudar a forma como interagimos no Status. Descubra o que vem por a\u00ed","og_url":"https:\/\/www.em.com.br\/emfoco\/2025\/01\/22\/whatsapp-inova-com-musica-nos-status-o-que-esta-por-vir\/","og_site_name":"Estado de Minas - Em foco","article_published_time":"2025-01-22T12:00:00+00:00","article_modified_time":"2025-01-22T05:05:42+00:00","og_image":[{"width":1280,"height":720,"url":"https:\/\/www.em.com.br\/emfoco\/wp-content\/uploads\/2025\/01\/WhatsApp-Instagram-e-Facebook_1737519375459.jpg","type":"image\/jpeg"}],"author":"Daniely Cardoso","twitter_card":"summary_large_image","twitter_misc":{"Escrito por":"Daniely Cardoso","Est. tempo de leitura":"4 minutos"},"schema":{"@context":"https:\/\/schema.org","@graph":[{"@type":"WebPage","@id":"https:\/\/www.em.com.br\/emfoco\/2025\/01\/22\/whatsapp-inova-com-musica-nos-status-o-que-esta-por-vir\/","url":"https:\/\/www.em.com.br\/emfoco\/2025\/01\/22\/whatsapp-inova-com-musica-nos-status-o-que-esta-por-vir\/","name":"WhatsApp inova com m\u00fasica nos status: O que est\u00e1 por vir?","isPartOf":{"@id":"https:\/\/www.em.com.br\/emfoco\/#website"},"primaryImageOfPage":{"@id":"https:\/\/www.em.com.br\/emfoco\/2025\/01\/22\/whatsapp-inova-com-musica-nos-status-o-que-esta-por-vir\/#primaryimage"},"image":{"@id":"https:\/\/www.em.com.br\/emfoco\/2025\/01\/22\/whatsapp-inova-com-musica-nos-status-o-que-esta-por-vir\/#primaryimage"},"thumbnailUrl":"https:\/\/www.em.com.br\/emfoco\/wp-content\/uploads\/2025\/01\/WhatsApp-Instagram-e-Facebook_1737519375459.jpg","datePublished":"2025-01-22T12:00:00+00:00","dateModified":"2025-01-22T05:05:42+00:00","author":{"@id":"https:\/\/www.em.com.br\/emfoco\/#\/schema\/person\/0a8186d72f2c3a5c6276d90b41f271a0"},"description":"O WhatsApp est\u00e1 testando uma nova funcionalidade que promete mudar a forma como interagimos no Status. Descubra o que vem por a\u00ed","breadcrumb":{"@id":"https:\/\/www.em.com.br\/emfoco\/2025\/01\/22\/whatsapp-inova-com-musica-nos-status-o-que-esta-por-vir\/#breadcrumb"},"inLanguage":"pt-BR","potentialAction":[{"@type":"ReadAction","target":["https:\/\/www.em.com.br\/emfoco\/2025\/01\/22\/whatsapp-inova-com-musica-nos-status-o-que-esta-por-vir\/"]}]},{"@type":"ImageObject","inLanguage":"pt-BR","@id":"https:\/\/www.em.com.br\/emfoco\/2025\/01\/22\/whatsapp-inova-com-musica-nos-status-o-que-esta-por-vir\/#primaryimage","url":"https:\/\/www.em.com.br\/emfoco\/wp-content\/uploads\/2025\/01\/WhatsApp-Instagram-e-Facebook_1737519375459.jpg","contentUrl":"https:\/\/www.em.com.br\/emfoco\/wp-content\/uploads\/2025\/01\/WhatsApp-Instagram-e-Facebook_1737519375459.jpg","width":1280,"height":720,"caption":"Imagem ilustrativa do aplicativo do WhatsApp - Cr\u00e9ditos: depositphotos.com \/ FellowNeko"},{"@type":"BreadcrumbList","@id":"https:\/\/www.em.com.br\/emfoco\/2025\/01\/22\/whatsapp-inova-com-musica-nos-status-o-que-esta-por-vir\/#breadcrumb","itemListElement":[{"@type":"ListItem","position":1,"name":"In\u00edcio","item":"https:\/\/www.em.com.br\/emfoco\/"},{"@type":"ListItem","position":2,"name":"WhatsApp inova com m\u00fasica nos status: O que est\u00e1 por vir?"}]},{"@type":"WebSite","@id":"https:\/\/www.em.com.br\/emfoco\/#website","url":"https:\/\/www.em.com.br\/emfoco\/","name":"Estado de Minas - Em foco","description":"Acompanhe as \u00faltimas not\u00edcias e fique bem informado sobre tudo o que acontece em Minas Gerais, Brasil e no mundo.","potentialAction":[{"@type":"SearchAction","target":{"@type":"EntryPoint","urlTemplate":"https:\/\/www.em.com.br\/emfoco\/?s={search_term_string}"},"query-input":{"@type":"PropertyValueSpecification","valueRequired":true,"valueName":"search_term_string"}}],"inLanguage":"pt-BR"},{"@type":"Person","@id":"https:\/\/www.em.com.br\/emfoco\/#\/schema\/person\/0a8186d72f2c3a5c6276d90b41f271a0","name":"Daniely Cardoso","image":{"@type":"ImageObject","inLanguage":"pt-BR","@id":"https:\/\/www.em.com.br\/emfoco\/#\/schema\/person\/image\/","url":"https:\/\/secure.gravatar.com\/avatar\/4b80ddbd124d1f071b626d52d62e5dff?s=96&d=mm&r=g","contentUrl":"https:\/\/secure.gravatar.com\/avatar\/4b80ddbd124d1f071b626d52d62e5dff?s=96&d=mm&r=g","caption":"Daniely Cardoso"},"url":"https:\/\/www.em.com.br\/emfoco\/author\/danielymyth\/"}]}},"_links":{"self":[{"href":"https:\/\/www.em.com.br\/emfoco\/wp-json\/wp\/v2\/posts\/12566","targetHints":{"allow":["GET"]}}],"collection":[{"href":"https:\/\/www.em.com.br\/emfoco\/wp-json\/wp\/v2\/posts"}],"about":[{"href":"https:\/\/www.em.com.br\/emfoco\/wp-json\/wp\/v2\/types\/post"}],"author":[{"embeddable":true,"href":"https:\/\/www.em.com.br\/emfoco\/wp-json\/wp\/v2\/users\/9"}],"replies":[{"embeddable":true,"href":"https:\/\/www.em.com.br\/emfoco\/wp-json\/wp\/v2\/comments?post=12566"}],"version-history":[{"count":7,"href":"https:\/\/www.em.com.br\/emfoco\/wp-json\/wp\/v2\/posts\/12566\/revisions"}],"predecessor-version":[{"id":12623,"href":"https:\/\/www.em.com.br\/emfoco\/wp-json\/wp\/v2\/posts\/12566\/revisions\/12623"}],"wp:featuredmedia":[{"embeddable":true,"href":"https:\/\/www.em.com.br\/emfoco\/wp-json\/wp\/v2\/media\/12558"}],"wp:attachment":[{"href":"https:\/\/www.em.com.br\/emfoco\/wp-json\/wp\/v2\/media?parent=12566"}],"wp:term":[{"taxonomy":"category","embeddable":true,"href":"https:\/\/www.em.com.br\/emfoco\/wp-json\/wp\/v2\/categories?post=12566"},{"taxonomy":"post_tag","embeddable":true,"href":"https:\/\/www.em.com.br\/emfoco\/wp-json\/wp\/v2\/tags?post=12566"}],"curies":[{"name":"wp","href":"https:\/\/api.w.org\/{rel}","templated":true}]}}