{"id":125568,"date":"2025-11-11T21:35:00","date_gmt":"2025-11-12T00:35:00","guid":{"rendered":"https:\/\/www.em.com.br\/emfoco\/?p=125568"},"modified":"2025-11-10T17:07:32","modified_gmt":"2025-11-10T20:07:32","slug":"facil-de-preparar-e-sem-quimicos-essa-mistura-ajuda-bloquear-a-queda-de-cabelo-regula-a-oleosidade-e-previne-os-cabelos-brancos","status":"publish","type":"post","link":"https:\/\/www.em.com.br\/emfoco\/2025\/11\/11\/facil-de-preparar-e-sem-quimicos-essa-mistura-ajuda-bloquear-a-queda-de-cabelo-regula-a-oleosidade-e-previne-os-cabelos-brancos\/","title":{"rendered":"F\u00e1cil de preparar e sem qu\u00edmicos, essa mistura ajuda bloquear a queda de cabelo, regula a oleosidade e previne os cabelos brancos"},"content":{"rendered":"\n<p>Cuidar do cabelo de forma natural tem se tornado tend\u00eancia entre aqueles que querem evitar produtos qu\u00edmicos e buscam op\u00e7\u00f5es caseiras, e uma alternativa popular \u00e9 a&nbsp;<strong>\u00e1gua de alecrim<\/strong>, conhecida pelos seus efeitos positivos para a sa\u00fade capilar.<\/p>\n\n\n\n<h2 class=\"wp-block-heading\">Como a \u00e1gua de alecrim pode beneficiar o seu cabelo<\/h2>\n\n\n\n<p>O alecrim \u00e9 uma erva famosa por suas caracter\u00edsticas estimulantes e antioxidantes. Quando utilizado em forma de \u00e1gua e aplicado diretamente no couro cabeludo, ajuda a fortalecer as ra\u00edzes, reduzir a queda e estimular o crescimento natural dos fios.<\/p>\n\n\n\n<figure class=\"wp-block-embed is-type-video is-provider-youtube wp-block-embed-youtube wp-embed-aspect-16-9 wp-has-aspect-ratio\"><div class=\"wp-block-embed__wrapper\">\n<div class=\"jeg_video_container jeg_video_content\"><iframe loading=\"lazy\" title=\"\u00c1GUA DE ALECRIM PARA O CRESCIMENTO DO CABELO | Receita caseira de \u00e1gua de alecrim e como us\u00e1-la\" width=\"500\" height=\"281\" src=\"https:\/\/www.youtube.com\/embed\/JtrX5cvfKgg?feature=oembed\" frameborder=\"0\" allow=\"accelerometer; autoplay; clipboard-write; encrypted-media; gyroscope; picture-in-picture; web-share\" referrerpolicy=\"strict-origin-when-cross-origin\" allowfullscreen><\/iframe><\/div>\n<\/div><\/figure>\n\n\n\n<p>Al\u00e9m desses benef\u00edcios, a\u00a0<strong>\u00e1gua de <\/strong><a href=\"https:\/\/www.em.com.br\/emfoco\/2025\/10\/15\/o-poder-escondido-no-aroma-do-alecrim-que-pode-transformar-seu-corpo\/\" target=\"_blank\" rel=\"noreferrer noopener\"><strong>alecrim<\/strong>\u00a0<\/a>pode atuar na preven\u00e7\u00e3o de cabelos brancos precoce e na regula\u00e7\u00e3o da oleosidade, promovendo cabelos saud\u00e1veis e equilibrados.<\/p>\n\n\n\n<ul class=\"wp-block-list\">\n<li>Fortalece o cabelo desde a raiz.<\/li>\n\n\n\n<li>Ajuda a reduzir a queda dos fios ao longo do ano.<\/li>\n\n\n\n<li>Contribui para retardar o aparecimento precoce de cabelos brancos.<\/li>\n\n\n\n<li>Auxilia no controle do excesso de oleosidade, proporcionando um couro cabeludo mais limpo.<\/li>\n<\/ul>\n\n\n\n<h2 class=\"wp-block-heading\">Por que os compostos do alecrim s\u00e3o ben\u00e9ficos para os fios<\/h2>\n\n\n\n<p>A efic\u00e1cia da&nbsp;<strong>\u00e1gua de alecrim<\/strong>&nbsp;est\u00e1 relacionada aos compostos ativos presentes na planta, como o \u00e1cido rosmar\u00ednico e os \u00f3leos essenciais naturais. Esses componentes desempenham um papel importante na estimula\u00e7\u00e3o da circula\u00e7\u00e3o sangu\u00ednea local.<\/p>\n\n\n\n<p>Esse est\u00edmulo facilita a nutri\u00e7\u00e3o dos <a href=\"https:\/\/my.clevelandclinic.org\/health\/body\/23435-hair-follicle\" target=\"_blank\" rel=\"noreferrer noopener\">fol\u00edculos capilares<\/a>, tornando os fios mais fortes, brilhantes e resistentes aos agressores externos.<\/p>\n\n\n\n<h2 class=\"wp-block-heading\">Como preparar a \u00e1gua de alecrim de forma simples em casa<\/h2>\n\n\n\n<p>A prepara\u00e7\u00e3o da&nbsp;<strong>\u00e1gua de alecrim<\/strong>&nbsp;pode ser feita apenas com ramos da erva e \u00e1gua, em poucos passos simples. Assim, \u00e9 poss\u00edvel garantir um produto natural e livre de agentes qu\u00edmicos.<\/p>\n\n\n\n<figure class=\"wp-block-image\"><img decoding=\"async\" src=\"https:\/\/www.em.com.br\/emfoco\/wp-content\/uploads\/2025\/06\/alecrim_1749995378783-1024x576.jpg\" alt=\"\"\/><figcaption class=\"wp-element-caption\">Alecrim &#8211; Cr\u00e9ditos: depositphotos.com \/ simply<\/figcaption><\/figure>\n\n\n\n<p>Veja, abaixo, um guia claro para montar a sua pr\u00f3pria solu\u00e7\u00e3o em casa de maneira pr\u00e1tica e eficiente:<\/p>\n\n\n\n<ol class=\"wp-block-list\">\n<li>Lave 2 a 3 ramos de alecrim fresco para retirar impurezas.<\/li>\n\n\n\n<li>Coloque-os em uma panela e adicione \u00e1gua at\u00e9 a metade.<\/li>\n\n\n\n<li>Divida os ramos ao meio para liberar melhor seus ativos.<\/li>\n\n\n\n<li>Ferva por 10 minutos.<\/li>\n\n\n\n<li>Desligue o fogo e aguarde repousar cerca de 1 hora.<\/li>\n\n\n\n<li>Coe e transfira para um frasco com spray.<\/li>\n<\/ol>\n\n\n\n<h2 class=\"wp-block-heading\">Como incorporar a \u00e1gua de alecrim na sua rotina capilar<\/h2>\n\n\n\n<p>Para alcan\u00e7ar resultados vis\u00edveis, recomenda-se aplicar a&nbsp;<strong>\u00e1gua de alecrim<\/strong>&nbsp;pelo menos tr\u00eas vezes por semana, diretamente no couro cabeludo. A massagem durante a aplica\u00e7\u00e3o potencializa seus efeitos positivos.<\/p>\n\n\n\n<p>Com o uso regular, \u00e9 poss\u00edvel notar crescimento mais acelerado, menor queda, mais brilho e um couro cabeludo refrescante e limpo. Essa solu\u00e7\u00e3o se mostra econ\u00f4mica, natural e de f\u00e1cil preparo para quem deseja cuidar dos fios de forma saud\u00e1vel.<\/p>\n\n\n\n<p><\/p>\n","protected":false},"excerpt":{"rendered":"<p>Cuidar do cabelo de forma natural tem se tornado tend\u00eancia entre aqueles que querem evitar produtos qu\u00edmicos e buscam op\u00e7\u00f5es caseiras, e uma alternativa popular \u00e9 a&nbsp;\u00e1gua de alecrim, conhecida pelos seus efeitos positivos para a sa\u00fade capilar. Como a \u00e1gua de alecrim pode beneficiar o seu cabelo O alecrim \u00e9 uma erva famosa por [&hellip;]<\/p>\n","protected":false},"author":11,"featured_media":78853,"comment_status":"open","ping_status":"open","sticky":false,"template":"","format":"standard","meta":{"jnews-multi-image_gallery":[],"jnews_single_post":{"format":"standard"},"jnews_primary_category":[],"jnews_social_meta":[],"jnews_override_counter":[],"footnotes":""},"categories":[8819,1],"tags":[3840,4905,405,4786],"class_list":["post-125568","post","type-post","status-publish","format-standard","has-post-thumbnail","hentry","category-curiosidades","category-noticias","tag-alecrim","tag-cabelo","tag-crescimento","tag-receita-caseira"],"yoast_head":"<!-- This site is optimized with the Yoast SEO plugin v23.8 - https:\/\/yoast.com\/wordpress\/plugins\/seo\/ -->\n<title>F\u00e1cil de preparar e sem qu\u00edmicos, essa mistura ajuda bloquear a queda de cabelo, regula a oleosidade e previne os cabelos brancos - Estado de Minas - Em foco<\/title>\n<meta name=\"description\" content=\"Receita natural com alecrim conquista quem busca cabelos fortes e saud\u00e1veis sem produtos qu\u00edmicos. Descubra como preparar!\" \/>\n<meta name=\"robots\" content=\"index, follow, max-snippet:-1, max-image-preview:large, max-video-preview:-1\" \/>\n<link rel=\"canonical\" href=\"https:\/\/www.em.com.br\/emfoco\/2025\/11\/11\/facil-de-preparar-e-sem-quimicos-essa-mistura-ajuda-bloquear-a-queda-de-cabelo-regula-a-oleosidade-e-previne-os-cabelos-brancos\/\" \/>\n<meta property=\"og:locale\" content=\"pt_BR\" \/>\n<meta property=\"og:type\" content=\"article\" \/>\n<meta property=\"og:title\" content=\"F\u00e1cil de preparar e sem qu\u00edmicos, essa mistura ajuda bloquear a queda de cabelo, regula a oleosidade e previne os cabelos brancos - Estado de Minas - Em foco\" \/>\n<meta property=\"og:description\" content=\"Receita natural com alecrim conquista quem busca cabelos fortes e saud\u00e1veis sem produtos qu\u00edmicos. Descubra como preparar!\" \/>\n<meta property=\"og:url\" content=\"https:\/\/www.em.com.br\/emfoco\/2025\/11\/11\/facil-de-preparar-e-sem-quimicos-essa-mistura-ajuda-bloquear-a-queda-de-cabelo-regula-a-oleosidade-e-previne-os-cabelos-brancos\/\" \/>\n<meta property=\"og:site_name\" content=\"Estado de Minas - Em foco\" \/>\n<meta property=\"article:published_time\" content=\"2025-11-12T00:35:00+00:00\" \/>\n<meta property=\"article:modified_time\" content=\"2025-11-10T20:07:32+00:00\" \/>\n<meta property=\"og:image\" content=\"https:\/\/www.em.com.br\/emfoco\/wp-content\/uploads\/2025\/07\/alisando-cabelo_1753027045899.jpg\" \/>\n\t<meta property=\"og:image:width\" content=\"1280\" \/>\n\t<meta property=\"og:image:height\" content=\"720\" \/>\n\t<meta property=\"og:image:type\" content=\"image\/jpeg\" \/>\n<meta name=\"author\" content=\"Andre\u0301 Rangel\u00a0\" \/>\n<meta name=\"twitter:card\" content=\"summary_large_image\" \/>\n<meta name=\"twitter:label1\" content=\"Escrito por\" \/>\n\t<meta name=\"twitter:data1\" content=\"Andre\u0301 Rangel\u00a0\" \/>\n\t<meta name=\"twitter:label2\" content=\"Est. tempo de leitura\" \/>\n\t<meta name=\"twitter:data2\" content=\"3 minutos\" \/>\n<!-- \/ Yoast SEO plugin. -->","yoast_head_json":{"title":"F\u00e1cil de preparar e sem qu\u00edmicos, essa mistura ajuda bloquear a queda de cabelo, regula a oleosidade e previne os cabelos brancos - Estado de Minas - Em foco","description":"Receita natural com alecrim conquista quem busca cabelos fortes e saud\u00e1veis sem produtos qu\u00edmicos. Descubra como preparar!","robots":{"index":"index","follow":"follow","max-snippet":"max-snippet:-1","max-image-preview":"max-image-preview:large","max-video-preview":"max-video-preview:-1"},"canonical":"https:\/\/www.em.com.br\/emfoco\/2025\/11\/11\/facil-de-preparar-e-sem-quimicos-essa-mistura-ajuda-bloquear-a-queda-de-cabelo-regula-a-oleosidade-e-previne-os-cabelos-brancos\/","og_locale":"pt_BR","og_type":"article","og_title":"F\u00e1cil de preparar e sem qu\u00edmicos, essa mistura ajuda bloquear a queda de cabelo, regula a oleosidade e previne os cabelos brancos - Estado de Minas - Em foco","og_description":"Receita natural com alecrim conquista quem busca cabelos fortes e saud\u00e1veis sem produtos qu\u00edmicos. Descubra como preparar!","og_url":"https:\/\/www.em.com.br\/emfoco\/2025\/11\/11\/facil-de-preparar-e-sem-quimicos-essa-mistura-ajuda-bloquear-a-queda-de-cabelo-regula-a-oleosidade-e-previne-os-cabelos-brancos\/","og_site_name":"Estado de Minas - Em foco","article_published_time":"2025-11-12T00:35:00+00:00","article_modified_time":"2025-11-10T20:07:32+00:00","og_image":[{"width":1280,"height":720,"url":"https:\/\/www.em.com.br\/emfoco\/wp-content\/uploads\/2025\/07\/alisando-cabelo_1753027045899.jpg","type":"image\/jpeg"}],"author":"Andre\u0301 Rangel\u00a0","twitter_card":"summary_large_image","twitter_misc":{"Escrito por":"Andre\u0301 Rangel\u00a0","Est. tempo de leitura":"3 minutos"},"schema":{"@context":"https:\/\/schema.org","@graph":[{"@type":"WebPage","@id":"https:\/\/www.em.com.br\/emfoco\/2025\/11\/11\/facil-de-preparar-e-sem-quimicos-essa-mistura-ajuda-bloquear-a-queda-de-cabelo-regula-a-oleosidade-e-previne-os-cabelos-brancos\/","url":"https:\/\/www.em.com.br\/emfoco\/2025\/11\/11\/facil-de-preparar-e-sem-quimicos-essa-mistura-ajuda-bloquear-a-queda-de-cabelo-regula-a-oleosidade-e-previne-os-cabelos-brancos\/","name":"F\u00e1cil de preparar e sem qu\u00edmicos, essa mistura ajuda bloquear a queda de cabelo, regula a oleosidade e previne os cabelos brancos - Estado de Minas - Em foco","isPartOf":{"@id":"https:\/\/www.em.com.br\/emfoco\/#website"},"primaryImageOfPage":{"@id":"https:\/\/www.em.com.br\/emfoco\/2025\/11\/11\/facil-de-preparar-e-sem-quimicos-essa-mistura-ajuda-bloquear-a-queda-de-cabelo-regula-a-oleosidade-e-previne-os-cabelos-brancos\/#primaryimage"},"image":{"@id":"https:\/\/www.em.com.br\/emfoco\/2025\/11\/11\/facil-de-preparar-e-sem-quimicos-essa-mistura-ajuda-bloquear-a-queda-de-cabelo-regula-a-oleosidade-e-previne-os-cabelos-brancos\/#primaryimage"},"thumbnailUrl":"https:\/\/www.em.com.br\/emfoco\/wp-content\/uploads\/2025\/07\/alisando-cabelo_1753027045899.jpg","datePublished":"2025-11-12T00:35:00+00:00","dateModified":"2025-11-10T20:07:32+00:00","author":{"@id":"https:\/\/www.em.com.br\/emfoco\/#\/schema\/person\/60eda09c1fedf0d6891f4cef4b60b8b8"},"description":"Receita natural com alecrim conquista quem busca cabelos fortes e saud\u00e1veis sem produtos qu\u00edmicos. Descubra como preparar!","breadcrumb":{"@id":"https:\/\/www.em.com.br\/emfoco\/2025\/11\/11\/facil-de-preparar-e-sem-quimicos-essa-mistura-ajuda-bloquear-a-queda-de-cabelo-regula-a-oleosidade-e-previne-os-cabelos-brancos\/#breadcrumb"},"inLanguage":"pt-BR","potentialAction":[{"@type":"ReadAction","target":["https:\/\/www.em.com.br\/emfoco\/2025\/11\/11\/facil-de-preparar-e-sem-quimicos-essa-mistura-ajuda-bloquear-a-queda-de-cabelo-regula-a-oleosidade-e-previne-os-cabelos-brancos\/"]}]},{"@type":"ImageObject","inLanguage":"pt-BR","@id":"https:\/\/www.em.com.br\/emfoco\/2025\/11\/11\/facil-de-preparar-e-sem-quimicos-essa-mistura-ajuda-bloquear-a-queda-de-cabelo-regula-a-oleosidade-e-previne-os-cabelos-brancos\/#primaryimage","url":"https:\/\/www.em.com.br\/emfoco\/wp-content\/uploads\/2025\/07\/alisando-cabelo_1753027045899.jpg","contentUrl":"https:\/\/www.em.com.br\/emfoco\/wp-content\/uploads\/2025\/07\/alisando-cabelo_1753027045899.jpg","width":1280,"height":720,"caption":"Cuidado capilar \u00e9 o segredo para cabelo forte e brilhante - Cr\u00e9ditos: depositphotos.com \/ serezniy"},{"@type":"BreadcrumbList","@id":"https:\/\/www.em.com.br\/emfoco\/2025\/11\/11\/facil-de-preparar-e-sem-quimicos-essa-mistura-ajuda-bloquear-a-queda-de-cabelo-regula-a-oleosidade-e-previne-os-cabelos-brancos\/#breadcrumb","itemListElement":[{"@type":"ListItem","position":1,"name":"In\u00edcio","item":"https:\/\/www.em.com.br\/emfoco\/"},{"@type":"ListItem","position":2,"name":"F\u00e1cil de preparar e sem qu\u00edmicos, essa mistura ajuda bloquear a queda de cabelo, regula a oleosidade e previne os cabelos brancos"}]},{"@type":"WebSite","@id":"https:\/\/www.em.com.br\/emfoco\/#website","url":"https:\/\/www.em.com.br\/emfoco\/","name":"Estado de Minas - Em foco","description":"Acompanhe as \u00faltimas not\u00edcias e fique bem informado sobre tudo o que acontece em Minas Gerais, Brasil e no mundo.","potentialAction":[{"@type":"SearchAction","target":{"@type":"EntryPoint","urlTemplate":"https:\/\/www.em.com.br\/emfoco\/?s={search_term_string}"},"query-input":{"@type":"PropertyValueSpecification","valueRequired":true,"valueName":"search_term_string"}}],"inLanguage":"pt-BR"},{"@type":"Person","@id":"https:\/\/www.em.com.br\/emfoco\/#\/schema\/person\/60eda09c1fedf0d6891f4cef4b60b8b8","name":"Andre\u0301 Rangel\u00a0","image":{"@type":"ImageObject","inLanguage":"pt-BR","@id":"https:\/\/www.em.com.br\/emfoco\/#\/schema\/person\/image\/","url":"https:\/\/secure.gravatar.com\/avatar\/6234dc814c77c8ef6d8bba622c787efc?s=96&d=mm&r=g","contentUrl":"https:\/\/secure.gravatar.com\/avatar\/6234dc814c77c8ef6d8bba622c787efc?s=96&d=mm&r=g","caption":"Andre\u0301 Rangel\u00a0"},"url":"https:\/\/www.em.com.br\/emfoco\/author\/luizmyth\/"}]}},"_links":{"self":[{"href":"https:\/\/www.em.com.br\/emfoco\/wp-json\/wp\/v2\/posts\/125568","targetHints":{"allow":["GET"]}}],"collection":[{"href":"https:\/\/www.em.com.br\/emfoco\/wp-json\/wp\/v2\/posts"}],"about":[{"href":"https:\/\/www.em.com.br\/emfoco\/wp-json\/wp\/v2\/types\/post"}],"author":[{"embeddable":true,"href":"https:\/\/www.em.com.br\/emfoco\/wp-json\/wp\/v2\/users\/11"}],"replies":[{"embeddable":true,"href":"https:\/\/www.em.com.br\/emfoco\/wp-json\/wp\/v2\/comments?post=125568"}],"version-history":[{"count":4,"href":"https:\/\/www.em.com.br\/emfoco\/wp-json\/wp\/v2\/posts\/125568\/revisions"}],"predecessor-version":[{"id":125783,"href":"https:\/\/www.em.com.br\/emfoco\/wp-json\/wp\/v2\/posts\/125568\/revisions\/125783"}],"wp:featuredmedia":[{"embeddable":true,"href":"https:\/\/www.em.com.br\/emfoco\/wp-json\/wp\/v2\/media\/78853"}],"wp:attachment":[{"href":"https:\/\/www.em.com.br\/emfoco\/wp-json\/wp\/v2\/media?parent=125568"}],"wp:term":[{"taxonomy":"category","embeddable":true,"href":"https:\/\/www.em.com.br\/emfoco\/wp-json\/wp\/v2\/categories?post=125568"},{"taxonomy":"post_tag","embeddable":true,"href":"https:\/\/www.em.com.br\/emfoco\/wp-json\/wp\/v2\/tags?post=125568"}],"curies":[{"name":"wp","href":"https:\/\/api.w.org\/{rel}","templated":true}]}}