{"id":125220,"date":"2025-11-09T19:05:00","date_gmt":"2025-11-09T22:05:00","guid":{"rendered":"https:\/\/www.em.com.br\/emfoco\/?p=125220"},"modified":"2025-11-08T11:50:29","modified_gmt":"2025-11-08T14:50:29","slug":"o-selo-procel-revela-o-segredo-para-a-compra-do-eletrodomestico-ideal","status":"publish","type":"post","link":"https:\/\/www.em.com.br\/emfoco\/2025\/11\/09\/o-selo-procel-revela-o-segredo-para-a-compra-do-eletrodomestico-ideal\/","title":{"rendered":"O Selo Procel revela o segredo para a compra do eletrodom\u00e9stico ideal"},"content":{"rendered":"\n<p>Nos \u00faltimos anos, a preocupa\u00e7\u00e3o com o consumo de energia el\u00e9trica aumentou, motivando consumidores a buscarem <strong>eletrodom\u00e9sticos econ\u00f4micos<\/strong> tanto pelo impacto no or\u00e7amento quanto pela necessidade de adotar h\u00e1bitos mais sustent\u00e1veis.<\/p>\n\n\n\n<h2 class=\"wp-block-heading\">Como escolher eletrodom\u00e9sticos econ\u00f4micos?<\/h2>\n\n\n<div class=\"wp-block-image\">\n<figure class=\"aligncenter size-large\"><img loading=\"lazy\" decoding=\"async\" width=\"1024\" height=\"576\" src=\"https:\/\/www.em.com.br\/emfoco\/wp-content\/uploads\/2025\/11\/eletronicos-cozinha_1761377405451-1024x576.jpg\" alt=\"\" class=\"wp-image-125203\" srcset=\"https:\/\/www.em.com.br\/emfoco\/wp-content\/uploads\/2025\/11\/eletronicos-cozinha_1761377405451-1024x576.jpg 1024w, https:\/\/www.em.com.br\/emfoco\/wp-content\/uploads\/2025\/11\/eletronicos-cozinha_1761377405451-300x169.jpg 300w, https:\/\/www.em.com.br\/emfoco\/wp-content\/uploads\/2025\/11\/eletronicos-cozinha_1761377405451-768x432.jpg 768w, https:\/\/www.em.com.br\/emfoco\/wp-content\/uploads\/2025\/11\/eletronicos-cozinha_1761377405451-750x422.jpg 750w, https:\/\/www.em.com.br\/emfoco\/wp-content\/uploads\/2025\/11\/eletronicos-cozinha_1761377405451-1140x641.jpg 1140w, https:\/\/www.em.com.br\/emfoco\/wp-content\/uploads\/2025\/11\/eletronicos-cozinha_1761377405451.jpg 1280w\" sizes=\"auto, (max-width: 1024px) 100vw, 1024px\" \/><figcaption class=\"wp-element-caption\">Selo Procel indica efici\u00eancia energ\u00e9tica para escolher eletrodom\u00e9sticos mais econ\u00f4micos &#8211; Cr\u00e9ditos: depositphotos.com \/ serezniy<\/figcaption><\/figure><\/div>\n\n\n<p>O <strong>selo Procel<\/strong> \u00e9 uma eficiente ferramenta para nortear a decis\u00e3o de compra, pois classifica a efici\u00eancia energ\u00e9tica dos eletrodom\u00e9sticos de A a G. Modelos com selo A s\u00e3o os mais eficientes, ajudando a reduzir substancialmente os gastos com energia.<\/p>\n\n\n\n<p>Adquirir aparelhos com este selo garante que o produto passou por rigorosos testes de consumo energ\u00e9tico. O <strong>Procel<\/strong>, emitido pelo <strong>Programa Nacional de Conserva\u00e7\u00e3o de Energia El\u00e9trica<\/strong>, tamb\u00e9m incentiva fabricantes a adotarem tecnologias mais avan\u00e7adas e sustent\u00e1veis para garantir maior efici\u00eancia.<\/p>\n\n\n\n<h2 class=\"wp-block-heading\">Quais fatores analisar ao escolher?<\/h2>\n\n\n\n<p>Al\u00e9m do <a href=\"https:\/\/www.gov.br\/mme\/pt-br\/assuntos\/secretarias\/sntep\/procel\" target=\"_blank\" rel=\"noreferrer noopener\">selo <strong>Procel<\/strong><\/a>, um quesito fundamental \u00e9 observar o <strong>consumo anual<\/strong> de energia, normalmente expresso em kWh\/ano, que pode variar bastante entre os modelos. Escolher produtos com menor consumo anual resulta em economia e menor impacto ambiental.<\/p>\n\n\n\n<p>Para auxiliar nessa decis\u00e3o, confira abaixo os principais aspectos que devem ser avaliados na hora da escolha dos eletrodom\u00e9sticos:<\/p>\n\n\n\n<ul class=\"wp-block-list\">\n<li><strong>Custo-benef\u00edcio:<\/strong> avalie o pre\u00e7o inicial em rela\u00e7\u00e3o \u00e0 economia de energia ao longo do tempo.<\/li>\n\n\n\n<li><strong>Durabilidade e garantia:<\/strong> eletrodom\u00e9sticos mais dur\u00e1veis e com boas garantias trazem melhor retorno.<\/li>\n\n\n\n<li><strong>Op\u00e7\u00f5es de manuten\u00e7\u00e3o:<\/strong> verifique se h\u00e1 assist\u00eancia t\u00e9cnica autorizada f\u00e1cil de encontrar em sua regi\u00e3o.<\/li>\n<\/ul>\n\n\n\n<h2 class=\"wp-block-heading\">Como comparar custo-benef\u00edcio de marcas?<\/h2>\n\n\n<div class=\"wp-block-image\">\n<figure class=\"aligncenter size-large\"><img loading=\"lazy\" decoding=\"async\" width=\"1024\" height=\"576\" src=\"https:\/\/www.em.com.br\/emfoco\/wp-content\/uploads\/2025\/11\/mosaico_1761328772871-1024x576.jpg\" alt=\"Como acumular descontos na conta de luz, \u00e1gua e g\u00e1s e economizar at\u00e9 R$ 200 por m\u00eas\" class=\"wp-image-124834\" srcset=\"https:\/\/www.em.com.br\/emfoco\/wp-content\/uploads\/2025\/11\/mosaico_1761328772871-1024x576.jpg 1024w, https:\/\/www.em.com.br\/emfoco\/wp-content\/uploads\/2025\/11\/mosaico_1761328772871-300x169.jpg 300w, https:\/\/www.em.com.br\/emfoco\/wp-content\/uploads\/2025\/11\/mosaico_1761328772871-768x432.jpg 768w, https:\/\/www.em.com.br\/emfoco\/wp-content\/uploads\/2025\/11\/mosaico_1761328772871-750x422.jpg 750w, https:\/\/www.em.com.br\/emfoco\/wp-content\/uploads\/2025\/11\/mosaico_1761328772871-1140x641.jpg 1140w, https:\/\/www.em.com.br\/emfoco\/wp-content\/uploads\/2025\/11\/mosaico_1761328772871.jpg 1280w\" sizes=\"auto, (max-width: 1024px) 100vw, 1024px\" \/><figcaption class=\"wp-element-caption\">Selo Procel indica efici\u00eancia energ\u00e9tica para escolher eletrodom\u00e9sticos mais econ\u00f4micos &#8211; Cr\u00e9ditos: depositphotos.com \/ leungchopan \/ Cr\u00e9ditos: depositphotos.com \/ IgorVetushko<\/figcaption><\/figure><\/div>\n\n\n<p>Para tomar uma decis\u00e3o mais precisa, \u00e9 indicado analisar o pre\u00e7o inicial do produto junto do consumo energ\u00e9tico anual. Assim, \u00e9 poss\u00edvel estimar o tempo necess\u00e1rio para que a economia na conta de energia compense o investimento feito.<\/p>\n\n\n\n<p>Tamb\u00e9m \u00e9 essencial considerar a reputa\u00e7\u00e3o da marca e opini\u00f5es de outros consumidores. Veja passos importantes que podem lhe ajudar na compara\u00e7\u00e3o:<\/p>\n\n\n\n<ol class=\"wp-block-list\">\n<li>Compare o valor de compra com o consumo energ\u00e9tico anual previsto.<\/li>\n\n\n\n<li>Confira especifica\u00e7\u00f5es para garantir desempenho equivalente entre marcas.<\/li>\n\n\n\n<li>Pese a reputa\u00e7\u00e3o da empresa e avalia\u00e7\u00f5es de clientes.<\/li>\n<\/ol>\n\n\n\n<p>Leia mais: <a href=\"https:\/\/www.em.com.br\/emfoco\/2025\/11\/07\/garanta-desconto-de-65-na-conta-de-luz-com-esse-programa-do-governo\/\" target=\"_blank\" rel=\"noreferrer noopener\">Garanta desconto de 65% na conta de luz com esse programa do governo<\/a><\/p>\n\n\n\n<h2 class=\"wp-block-heading\">Por que usar planilha para comparar?<\/h2>\n\n\n\n<p>Criar uma planilha de compara\u00e7\u00e3o detalhada pode ser um recurso valioso para a decis\u00e3o de compra, ajudando a visualizar vantagens e desvantagens de cada op\u00e7\u00e3o.<\/p>\n\n\n\n<p>Inclua informa\u00e7\u00f5es como selo <strong>Procel<\/strong>, consumo anual de energia, marcas e custo-benef\u00edcio para comparar de forma clara e objetiva, permitindo uma escolha ajustada \u00e0s necessidades pessoais e ambientais. Se poss\u00edvel, utilize ferramentas digitais ou apps para esse controle, otimizando seu processo de sele\u00e7\u00e3o.<\/p>\n\n\n\n<p>Em resumo, optar por eletrodom\u00e9sticos econ\u00f4micos requer uma an\u00e1lise cuidadosa de efici\u00eancia energ\u00e9tica, consumo anual, custo-benef\u00edcio e diferenciais de cada marca. Esse processo promove economia significativa e contribui para a redu\u00e7\u00e3o da pegada ecol\u00f3gica a longo prazo.<\/p>\n","protected":false},"excerpt":{"rendered":"<p>Nos \u00faltimos anos, a preocupa\u00e7\u00e3o com o consumo de energia el\u00e9trica aumentou, motivando consumidores a buscarem eletrodom\u00e9sticos econ\u00f4micos tanto pelo impacto no or\u00e7amento quanto pela necessidade de adotar h\u00e1bitos mais sustent\u00e1veis. Como escolher eletrodom\u00e9sticos econ\u00f4micos? O selo Procel \u00e9 uma eficiente ferramenta para nortear a decis\u00e3o de compra, pois classifica a efici\u00eancia energ\u00e9tica dos eletrodom\u00e9sticos [&hellip;]<\/p>\n","protected":false},"author":20,"featured_media":125232,"comment_status":"open","ping_status":"open","sticky":false,"template":"","format":"standard","meta":{"jnews-multi-image_gallery":[],"jnews_single_post":{"format":"standard"},"jnews_primary_category":[],"jnews_social_meta":[],"jnews_override_counter":[],"footnotes":""},"categories":[28,1],"tags":[160,6071,18664],"class_list":["post-125220","post","type-post","status-publish","format-standard","has-post-thumbnail","hentry","category-economia","category-noticias","tag-economia","tag-eletrodomestico","tag-selo-procel"],"yoast_head":"<!-- This site is optimized with the Yoast SEO plugin v23.8 - https:\/\/yoast.com\/wordpress\/plugins\/seo\/ -->\n<title>O Selo Procel revela o segredo para a compra do eletrodom\u00e9stico ideal - Estado de Minas - Em foco<\/title>\n<meta name=\"description\" content=\"O Selo Procel orienta na escolha do eletrodom\u00e9stico ideal, garantindo efici\u00eancia energ\u00e9tica, economia e mais qualidade no uso di\u00e1rio.\" \/>\n<meta name=\"robots\" content=\"index, follow, max-snippet:-1, max-image-preview:large, max-video-preview:-1\" \/>\n<link rel=\"canonical\" href=\"https:\/\/www.em.com.br\/emfoco\/2025\/11\/09\/o-selo-procel-revela-o-segredo-para-a-compra-do-eletrodomestico-ideal\/\" \/>\n<meta property=\"og:locale\" content=\"pt_BR\" \/>\n<meta property=\"og:type\" content=\"article\" \/>\n<meta property=\"og:title\" content=\"O Selo Procel revela o segredo para a compra do eletrodom\u00e9stico ideal - Estado de Minas - Em foco\" \/>\n<meta property=\"og:description\" content=\"O Selo Procel orienta na escolha do eletrodom\u00e9stico ideal, garantindo efici\u00eancia energ\u00e9tica, economia e mais qualidade no uso di\u00e1rio.\" \/>\n<meta property=\"og:url\" content=\"https:\/\/www.em.com.br\/emfoco\/2025\/11\/09\/o-selo-procel-revela-o-segredo-para-a-compra-do-eletrodomestico-ideal\/\" \/>\n<meta property=\"og:site_name\" content=\"Estado de Minas - Em foco\" \/>\n<meta property=\"article:published_time\" content=\"2025-11-09T22:05:00+00:00\" \/>\n<meta property=\"article:modified_time\" content=\"2025-11-08T14:50:29+00:00\" \/>\n<meta property=\"og:image\" content=\"https:\/\/www.em.com.br\/emfoco\/wp-content\/uploads\/2025\/11\/eletrodomesticos_1761384781319.jpg\" \/>\n\t<meta property=\"og:image:width\" content=\"1280\" \/>\n\t<meta property=\"og:image:height\" content=\"720\" \/>\n\t<meta property=\"og:image:type\" content=\"image\/jpeg\" \/>\n<meta name=\"author\" content=\"Ingrid Diniz\" \/>\n<meta name=\"twitter:card\" content=\"summary_large_image\" \/>\n<meta name=\"twitter:label1\" content=\"Escrito por\" \/>\n\t<meta name=\"twitter:data1\" content=\"Ingrid Diniz\" \/>\n\t<meta name=\"twitter:label2\" content=\"Est. tempo de leitura\" \/>\n\t<meta name=\"twitter:data2\" content=\"4 minutos\" \/>\n<!-- \/ Yoast SEO plugin. -->","yoast_head_json":{"title":"O Selo Procel revela o segredo para a compra do eletrodom\u00e9stico ideal - Estado de Minas - Em foco","description":"O Selo Procel orienta na escolha do eletrodom\u00e9stico ideal, garantindo efici\u00eancia energ\u00e9tica, economia e mais qualidade no uso di\u00e1rio.","robots":{"index":"index","follow":"follow","max-snippet":"max-snippet:-1","max-image-preview":"max-image-preview:large","max-video-preview":"max-video-preview:-1"},"canonical":"https:\/\/www.em.com.br\/emfoco\/2025\/11\/09\/o-selo-procel-revela-o-segredo-para-a-compra-do-eletrodomestico-ideal\/","og_locale":"pt_BR","og_type":"article","og_title":"O Selo Procel revela o segredo para a compra do eletrodom\u00e9stico ideal - Estado de Minas - Em foco","og_description":"O Selo Procel orienta na escolha do eletrodom\u00e9stico ideal, garantindo efici\u00eancia energ\u00e9tica, economia e mais qualidade no uso di\u00e1rio.","og_url":"https:\/\/www.em.com.br\/emfoco\/2025\/11\/09\/o-selo-procel-revela-o-segredo-para-a-compra-do-eletrodomestico-ideal\/","og_site_name":"Estado de Minas - Em foco","article_published_time":"2025-11-09T22:05:00+00:00","article_modified_time":"2025-11-08T14:50:29+00:00","og_image":[{"width":1280,"height":720,"url":"https:\/\/www.em.com.br\/emfoco\/wp-content\/uploads\/2025\/11\/eletrodomesticos_1761384781319.jpg","type":"image\/jpeg"}],"author":"Ingrid Diniz","twitter_card":"summary_large_image","twitter_misc":{"Escrito por":"Ingrid Diniz","Est. tempo de leitura":"4 minutos"},"schema":{"@context":"https:\/\/schema.org","@graph":[{"@type":"WebPage","@id":"https:\/\/www.em.com.br\/emfoco\/2025\/11\/09\/o-selo-procel-revela-o-segredo-para-a-compra-do-eletrodomestico-ideal\/","url":"https:\/\/www.em.com.br\/emfoco\/2025\/11\/09\/o-selo-procel-revela-o-segredo-para-a-compra-do-eletrodomestico-ideal\/","name":"O Selo Procel revela o segredo para a compra do eletrodom\u00e9stico ideal - Estado de Minas - Em foco","isPartOf":{"@id":"https:\/\/www.em.com.br\/emfoco\/#website"},"primaryImageOfPage":{"@id":"https:\/\/www.em.com.br\/emfoco\/2025\/11\/09\/o-selo-procel-revela-o-segredo-para-a-compra-do-eletrodomestico-ideal\/#primaryimage"},"image":{"@id":"https:\/\/www.em.com.br\/emfoco\/2025\/11\/09\/o-selo-procel-revela-o-segredo-para-a-compra-do-eletrodomestico-ideal\/#primaryimage"},"thumbnailUrl":"https:\/\/www.em.com.br\/emfoco\/wp-content\/uploads\/2025\/11\/eletrodomesticos_1761384781319.jpg","datePublished":"2025-11-09T22:05:00+00:00","dateModified":"2025-11-08T14:50:29+00:00","author":{"@id":"https:\/\/www.em.com.br\/emfoco\/#\/schema\/person\/649e610b4eb8fff87ff394e54fe17b2b"},"description":"O Selo Procel orienta na escolha do eletrodom\u00e9stico ideal, garantindo efici\u00eancia energ\u00e9tica, economia e mais qualidade no uso di\u00e1rio.","breadcrumb":{"@id":"https:\/\/www.em.com.br\/emfoco\/2025\/11\/09\/o-selo-procel-revela-o-segredo-para-a-compra-do-eletrodomestico-ideal\/#breadcrumb"},"inLanguage":"pt-BR","potentialAction":[{"@type":"ReadAction","target":["https:\/\/www.em.com.br\/emfoco\/2025\/11\/09\/o-selo-procel-revela-o-segredo-para-a-compra-do-eletrodomestico-ideal\/"]}]},{"@type":"ImageObject","inLanguage":"pt-BR","@id":"https:\/\/www.em.com.br\/emfoco\/2025\/11\/09\/o-selo-procel-revela-o-segredo-para-a-compra-do-eletrodomestico-ideal\/#primaryimage","url":"https:\/\/www.em.com.br\/emfoco\/wp-content\/uploads\/2025\/11\/eletrodomesticos_1761384781319.jpg","contentUrl":"https:\/\/www.em.com.br\/emfoco\/wp-content\/uploads\/2025\/11\/eletrodomesticos_1761384781319.jpg","width":1280,"height":720,"caption":"Como reconhecer aparelhos que gastam menos energia - Cr\u00e9ditos: depositphotos.com \/ AndrewLozovyi"},{"@type":"BreadcrumbList","@id":"https:\/\/www.em.com.br\/emfoco\/2025\/11\/09\/o-selo-procel-revela-o-segredo-para-a-compra-do-eletrodomestico-ideal\/#breadcrumb","itemListElement":[{"@type":"ListItem","position":1,"name":"In\u00edcio","item":"https:\/\/www.em.com.br\/emfoco\/"},{"@type":"ListItem","position":2,"name":"O Selo Procel revela o segredo para a compra do eletrodom\u00e9stico ideal"}]},{"@type":"WebSite","@id":"https:\/\/www.em.com.br\/emfoco\/#website","url":"https:\/\/www.em.com.br\/emfoco\/","name":"Estado de Minas - Em foco","description":"Acompanhe as \u00faltimas not\u00edcias e fique bem informado sobre tudo o que acontece em Minas Gerais, Brasil e no mundo.","potentialAction":[{"@type":"SearchAction","target":{"@type":"EntryPoint","urlTemplate":"https:\/\/www.em.com.br\/emfoco\/?s={search_term_string}"},"query-input":{"@type":"PropertyValueSpecification","valueRequired":true,"valueName":"search_term_string"}}],"inLanguage":"pt-BR"},{"@type":"Person","@id":"https:\/\/www.em.com.br\/emfoco\/#\/schema\/person\/649e610b4eb8fff87ff394e54fe17b2b","name":"Ingrid Diniz","image":{"@type":"ImageObject","inLanguage":"pt-BR","@id":"https:\/\/www.em.com.br\/emfoco\/#\/schema\/person\/image\/","url":"https:\/\/secure.gravatar.com\/avatar\/a3baa1449ec5c39b4c42babc9d4f3951?s=96&d=mm&r=g","contentUrl":"https:\/\/secure.gravatar.com\/avatar\/a3baa1449ec5c39b4c42babc9d4f3951?s=96&d=mm&r=g","caption":"Ingrid Diniz"},"sameAs":["https:\/\/www.em.com.br\/"],"url":"https:\/\/www.em.com.br\/emfoco\/author\/ingridmyth\/"}]}},"_links":{"self":[{"href":"https:\/\/www.em.com.br\/emfoco\/wp-json\/wp\/v2\/posts\/125220","targetHints":{"allow":["GET"]}}],"collection":[{"href":"https:\/\/www.em.com.br\/emfoco\/wp-json\/wp\/v2\/posts"}],"about":[{"href":"https:\/\/www.em.com.br\/emfoco\/wp-json\/wp\/v2\/types\/post"}],"author":[{"embeddable":true,"href":"https:\/\/www.em.com.br\/emfoco\/wp-json\/wp\/v2\/users\/20"}],"replies":[{"embeddable":true,"href":"https:\/\/www.em.com.br\/emfoco\/wp-json\/wp\/v2\/comments?post=125220"}],"version-history":[{"count":1,"href":"https:\/\/www.em.com.br\/emfoco\/wp-json\/wp\/v2\/posts\/125220\/revisions"}],"predecessor-version":[{"id":125233,"href":"https:\/\/www.em.com.br\/emfoco\/wp-json\/wp\/v2\/posts\/125220\/revisions\/125233"}],"wp:featuredmedia":[{"embeddable":true,"href":"https:\/\/www.em.com.br\/emfoco\/wp-json\/wp\/v2\/media\/125232"}],"wp:attachment":[{"href":"https:\/\/www.em.com.br\/emfoco\/wp-json\/wp\/v2\/media?parent=125220"}],"wp:term":[{"taxonomy":"category","embeddable":true,"href":"https:\/\/www.em.com.br\/emfoco\/wp-json\/wp\/v2\/categories?post=125220"},{"taxonomy":"post_tag","embeddable":true,"href":"https:\/\/www.em.com.br\/emfoco\/wp-json\/wp\/v2\/tags?post=125220"}],"curies":[{"name":"wp","href":"https:\/\/api.w.org\/{rel}","templated":true}]}}