{"id":125160,"date":"2025-11-10T10:05:00","date_gmt":"2025-11-10T13:05:00","guid":{"rendered":"https:\/\/www.em.com.br\/emfoco\/?p=125160"},"modified":"2025-11-08T00:34:32","modified_gmt":"2025-11-08T03:34:32","slug":"grande-rede-farmaceutica-encerra-todas-as-lojas-e-alerta-sobre-colapso-no-acesso-a-remedios","status":"publish","type":"post","link":"https:\/\/www.em.com.br\/emfoco\/2025\/11\/10\/grande-rede-farmaceutica-encerra-todas-as-lojas-e-alerta-sobre-colapso-no-acesso-a-remedios\/","title":{"rendered":"Grande rede farmac\u00eautica encerra todas as lojas e alerta sobre colapso no acesso a rem\u00e9dios"},"content":{"rendered":"\n<p>A rede americana <strong>Rite Aid<\/strong> encerrou todas as suas lojas em 2025 ap\u00f3s anos de queda de faturamento, fal\u00eancias sucessivas e acordos milion\u00e1rios envolvendo acusa\u00e7\u00f5es relacionadas \u00e0 distribui\u00e7\u00e3o de opioides. Agora especialistas alertam para o agravamento dos desertos farmac\u00eauticos nos EUA.<\/p>\n\n\n\n<h2 class=\"wp-block-heading\">Como uma gigante nacional chegou ao fim definitivo?<\/h2>\n\n\n\n<p>A empresa fundada em 1962 chegou a operar quase 5.000 lojas e foi considerada uma das maiores cadeias do pa\u00eds. Por\u00e9m, sua estrutura financeira colapsou com o tempo. Em 2023 e 2025 a rede entrou duas vezes com pedido de <strong>fal\u00eancia<\/strong>, alegando dificuldade de reestrutura\u00e7\u00e3o.<\/p>\n\n\n\n<p>A Rite Aid tamb\u00e9m enfrentou a\u00e7\u00f5es judiciais e investiga\u00e7\u00f5es federais sobre vendas de opioides. Em 2022, a empresa pagou US$ 30 milh\u00f5es em acordos, segundo o CBS News. Em 2024, concordou com um novo acordo ap\u00f3s den\u00fancia do <strong>Departamento de Justi\u00e7a<\/strong> sobre dispensa\u00e7\u00e3o ilegal de <strong>fentanil<\/strong> e <strong><a href=\"https:\/\/consultaremedios.com.br\/oxicodona\/bula?srsltid=AfmBOop3ivNX76DsL5CfPGnAsW-t0-wB-83VM5xSZ4AjrB99ET5e02BY\" target=\"_blank\" rel=\"noreferrer noopener\">oxicodona<\/a><\/strong>.<\/p>\n\n\n\n<figure class=\"wp-block-image size-large\"><img loading=\"lazy\" decoding=\"async\" width=\"1024\" height=\"576\" src=\"https:\/\/www.em.com.br\/emfoco\/wp-content\/uploads\/2025\/11\/Rite-aid_1762572722869-1024x576.jpg\" alt=\"Grande rede farmac\u00eautica encerra todas as lojas e alerta sobre colapso no acesso a rem\u00e9dios\" class=\"wp-image-125173\" srcset=\"https:\/\/www.em.com.br\/emfoco\/wp-content\/uploads\/2025\/11\/Rite-aid_1762572722869-1024x576.jpg 1024w, https:\/\/www.em.com.br\/emfoco\/wp-content\/uploads\/2025\/11\/Rite-aid_1762572722869-300x169.jpg 300w, https:\/\/www.em.com.br\/emfoco\/wp-content\/uploads\/2025\/11\/Rite-aid_1762572722869-768x432.jpg 768w, https:\/\/www.em.com.br\/emfoco\/wp-content\/uploads\/2025\/11\/Rite-aid_1762572722869-750x422.jpg 750w, https:\/\/www.em.com.br\/emfoco\/wp-content\/uploads\/2025\/11\/Rite-aid_1762572722869-1140x641.jpg 1140w, https:\/\/www.em.com.br\/emfoco\/wp-content\/uploads\/2025\/11\/Rite-aid_1762572722869.jpg 1280w\" sizes=\"auto, (max-width: 1024px) 100vw, 1024px\" \/><figcaption class=\"wp-element-caption\">Esc\u00e2ndalos de opioides destru\u00edram credibilidade e afastaram investidores &#8211; Cr\u00e9ditos: depositphotos.com \/ wolterke<\/figcaption><\/figure>\n\n\n\n<h2 class=\"wp-block-heading\">Quais fatores aceleraram o fechamento de todas as unidades?<\/h2>\n\n\n\n<p>O colapso da <strong>Rite Aid<\/strong> n\u00e3o foi impulsionado por um fator \u00fanico, mas pela soma de elementos estruturais, financeiros e regulat\u00f3rios. Confira na lista abaixo os pontos que mais contribu\u00edram para inviabilizar a sobreviv\u00eancia da empresa no mercado americano.<\/p>\n\n\n\n<ul class=\"wp-block-list\">\n<li>Enorme endividamento e custo crescente de manter lojas f\u00edsicas<\/li>\n\n\n\n<li>Perda de confian\u00e7a do mercado ap\u00f3s den\u00fancias envolvendo opioides<\/li>\n\n\n\n<li>Queda de vendas ap\u00f3s mudan\u00e7a de comportamento de consumo<\/li>\n<\/ul>\n\n\n\n<p><em>Leia mais: <strong><a href=\"https:\/\/www.em.com.br\/emfoco\/2025\/11\/07\/em-meio-a-crise-uma-vinicola-busca-aprovacao-dos-acionistas-para-entrar-com-pedido-de-falencia\/\" target=\"_blank\" rel=\"noreferrer noopener\">Em meio \u00e0 crise, uma vin\u00edcola busca aprova\u00e7\u00e3o dos acionistas para entrar com pedido de fal\u00eancia<\/a><\/strong><\/em><\/p>\n\n\n\n<h2 class=\"wp-block-heading\">Qual o impacto disso na popula\u00e7\u00e3o e em outras redes farmac\u00eauticas?<\/h2>\n\n\n\n<p>A <strong>CVS <\/strong>j\u00e1 fechou mais de 1.000 lojas desde 2021 em uma estrat\u00e9gia de longo prazo e a <strong>Walgreens <\/strong>fechou 500 unidades no \u00faltimo ano. Essa combina\u00e7\u00e3o, somada ao fim da Rite Aid, agrava a forma\u00e7\u00e3o de <strong>desertos farmac\u00eauticos<\/strong> em diversas cidades do pa\u00eds.<\/p>\n\n\n\n<p>Esses desertos s\u00e3o \u00e1reas com acesso dif\u00edcil a rem\u00e9dios e servi\u00e7os de farm\u00e1cia, o que pode reduzir ades\u00e3o a tratamentos, piorar doen\u00e7as cr\u00f4nicas e ampliar desigualdade de cuidado. Especialistas alertam para consequ\u00eancias mais graves em comunidades com menor <strong>poder aquisitivo<\/strong>.<\/p>\n\n\n\n<figure class=\"wp-block-image size-large\"><img loading=\"lazy\" decoding=\"async\" width=\"1024\" height=\"576\" src=\"https:\/\/www.em.com.br\/emfoco\/wp-content\/uploads\/2025\/11\/Rite-aid_1762572861511-1024x576.jpg\" alt=\"Grande rede farmac\u00eautica encerra todas as lojas e alerta sobre colapso no acesso a rem\u00e9dios\" class=\"wp-image-125175\" srcset=\"https:\/\/www.em.com.br\/emfoco\/wp-content\/uploads\/2025\/11\/Rite-aid_1762572861511-1024x576.jpg 1024w, https:\/\/www.em.com.br\/emfoco\/wp-content\/uploads\/2025\/11\/Rite-aid_1762572861511-300x169.jpg 300w, https:\/\/www.em.com.br\/emfoco\/wp-content\/uploads\/2025\/11\/Rite-aid_1762572861511-768x432.jpg 768w, https:\/\/www.em.com.br\/emfoco\/wp-content\/uploads\/2025\/11\/Rite-aid_1762572861511-750x422.jpg 750w, https:\/\/www.em.com.br\/emfoco\/wp-content\/uploads\/2025\/11\/Rite-aid_1762572861511-1140x641.jpg 1140w, https:\/\/www.em.com.br\/emfoco\/wp-content\/uploads\/2025\/11\/Rite-aid_1762572861511.jpg 1280w\" sizes=\"auto, (max-width: 1024px) 100vw, 1024px\" \/><figcaption class=\"wp-element-caption\">Fechamento de grandes redes reduz acesso imediato a medicamentos &#8211; Cr\u00e9ditos: depositphotos.com \/ jetcityimage2<\/figcaption><\/figure>\n\n\n\n<h2 class=\"wp-block-heading\">Que solu\u00e7\u00f5es est\u00e3o sendo discutidas para reduzir o impacto social?<\/h2>\n\n\n\n<p>Pensando no acesso \u00e0 medica\u00e7\u00e3o, especialistas no setor de sa\u00fade prop\u00f5em medidas para diminuir essa fragilidade. Abaixo, tr\u00eas caminhos citados em think tanks e f\u00f3runs de sa\u00fade p\u00fablica que podem reduzir danos provocados pelo fechamento massivo de lojas.<\/p>\n\n\n\n<ul class=\"wp-block-list\">\n<li>Expans\u00e3o da telefarm\u00e1cia com entrega local e estoque inteligente<\/li>\n\n\n\n<li>Conv\u00eanios regionais entre redes, hospitais e pequenas drogarias<\/li>\n\n\n\n<li>Incentivos fiscais para novas farm\u00e1cias em <strong>\u00e1reas vulner\u00e1veis<\/strong><\/li>\n<\/ul>\n","protected":false},"excerpt":{"rendered":"<p>A rede americana Rite Aid encerrou todas as suas lojas em 2025 ap\u00f3s anos de queda de faturamento, fal\u00eancias sucessivas e acordos milion\u00e1rios envolvendo acusa\u00e7\u00f5es relacionadas \u00e0 distribui\u00e7\u00e3o de opioides. Agora especialistas alertam para o agravamento dos desertos farmac\u00eauticos nos EUA. Como uma gigante nacional chegou ao fim definitivo? A empresa fundada em 1962 chegou [&hellip;]<\/p>\n","protected":false},"author":13,"featured_media":125174,"comment_status":"open","ping_status":"open","sticky":false,"template":"","format":"standard","meta":{"jnews-multi-image_gallery":[],"jnews_single_post":{"format":"standard"},"jnews_primary_category":[],"jnews_social_meta":[],"jnews_override_counter":[],"footnotes":""},"categories":[8819],"tags":[5478,9932,5477],"class_list":["post-125160","post","type-post","status-publish","format-standard","has-post-thumbnail","hentry","category-curiosidades","tag-falencia","tag-farmacia","tag-rite-aid"],"yoast_head":"<!-- This site is optimized with the Yoast SEO plugin v23.8 - https:\/\/yoast.com\/wordpress\/plugins\/seo\/ -->\n<title>Grande rede farmac\u00eautica encerra todas as lojas e alerta sobre colapso no acesso a rem\u00e9dios - Estado de Minas - Em foco<\/title>\n<meta name=\"description\" content=\"Do dia pra noite, farm\u00e1cias sumiram e comunidades ficaram sem acesso a rem\u00e9dios. O caso levanta um alerta nacional silencioso.\" \/>\n<meta name=\"robots\" content=\"index, follow, max-snippet:-1, max-image-preview:large, max-video-preview:-1\" \/>\n<link rel=\"canonical\" href=\"https:\/\/www.em.com.br\/emfoco\/2025\/11\/10\/grande-rede-farmaceutica-encerra-todas-as-lojas-e-alerta-sobre-colapso-no-acesso-a-remedios\/\" \/>\n<meta property=\"og:locale\" content=\"pt_BR\" \/>\n<meta property=\"og:type\" content=\"article\" \/>\n<meta property=\"og:title\" content=\"Grande rede farmac\u00eautica encerra todas as lojas e alerta sobre colapso no acesso a rem\u00e9dios - Estado de Minas - Em foco\" \/>\n<meta property=\"og:description\" content=\"Do dia pra noite, farm\u00e1cias sumiram e comunidades ficaram sem acesso a rem\u00e9dios. O caso levanta um alerta nacional silencioso.\" \/>\n<meta property=\"og:url\" content=\"https:\/\/www.em.com.br\/emfoco\/2025\/11\/10\/grande-rede-farmaceutica-encerra-todas-as-lojas-e-alerta-sobre-colapso-no-acesso-a-remedios\/\" \/>\n<meta property=\"og:site_name\" content=\"Estado de Minas - Em foco\" \/>\n<meta property=\"article:published_time\" content=\"2025-11-10T13:05:00+00:00\" \/>\n<meta property=\"article:modified_time\" content=\"2025-11-08T03:34:32+00:00\" \/>\n<meta property=\"og:image\" content=\"https:\/\/www.em.com.br\/emfoco\/wp-content\/uploads\/2025\/11\/ad-38.jpg\" \/>\n\t<meta property=\"og:image:width\" content=\"1280\" \/>\n\t<meta property=\"og:image:height\" content=\"720\" \/>\n\t<meta property=\"og:image:type\" content=\"image\/jpeg\" \/>\n<meta name=\"author\" content=\"Gabriel Martins\" \/>\n<meta name=\"twitter:card\" content=\"summary_large_image\" \/>\n<meta name=\"twitter:label1\" content=\"Escrito por\" \/>\n\t<meta name=\"twitter:data1\" content=\"Gabriel Martins\" \/>\n\t<meta name=\"twitter:label2\" content=\"Est. tempo de leitura\" \/>\n\t<meta name=\"twitter:data2\" content=\"3 minutos\" \/>\n<!-- \/ Yoast SEO plugin. -->","yoast_head_json":{"title":"Grande rede farmac\u00eautica encerra todas as lojas e alerta sobre colapso no acesso a rem\u00e9dios - Estado de Minas - Em foco","description":"Do dia pra noite, farm\u00e1cias sumiram e comunidades ficaram sem acesso a rem\u00e9dios. O caso levanta um alerta nacional silencioso.","robots":{"index":"index","follow":"follow","max-snippet":"max-snippet:-1","max-image-preview":"max-image-preview:large","max-video-preview":"max-video-preview:-1"},"canonical":"https:\/\/www.em.com.br\/emfoco\/2025\/11\/10\/grande-rede-farmaceutica-encerra-todas-as-lojas-e-alerta-sobre-colapso-no-acesso-a-remedios\/","og_locale":"pt_BR","og_type":"article","og_title":"Grande rede farmac\u00eautica encerra todas as lojas e alerta sobre colapso no acesso a rem\u00e9dios - Estado de Minas - Em foco","og_description":"Do dia pra noite, farm\u00e1cias sumiram e comunidades ficaram sem acesso a rem\u00e9dios. O caso levanta um alerta nacional silencioso.","og_url":"https:\/\/www.em.com.br\/emfoco\/2025\/11\/10\/grande-rede-farmaceutica-encerra-todas-as-lojas-e-alerta-sobre-colapso-no-acesso-a-remedios\/","og_site_name":"Estado de Minas - Em foco","article_published_time":"2025-11-10T13:05:00+00:00","article_modified_time":"2025-11-08T03:34:32+00:00","og_image":[{"width":1280,"height":720,"url":"https:\/\/www.em.com.br\/emfoco\/wp-content\/uploads\/2025\/11\/ad-38.jpg","type":"image\/jpeg"}],"author":"Gabriel Martins","twitter_card":"summary_large_image","twitter_misc":{"Escrito por":"Gabriel Martins","Est. tempo de leitura":"3 minutos"},"schema":{"@context":"https:\/\/schema.org","@graph":[{"@type":"WebPage","@id":"https:\/\/www.em.com.br\/emfoco\/2025\/11\/10\/grande-rede-farmaceutica-encerra-todas-as-lojas-e-alerta-sobre-colapso-no-acesso-a-remedios\/","url":"https:\/\/www.em.com.br\/emfoco\/2025\/11\/10\/grande-rede-farmaceutica-encerra-todas-as-lojas-e-alerta-sobre-colapso-no-acesso-a-remedios\/","name":"Grande rede farmac\u00eautica encerra todas as lojas e alerta sobre colapso no acesso a rem\u00e9dios - Estado de Minas - Em foco","isPartOf":{"@id":"https:\/\/www.em.com.br\/emfoco\/#website"},"primaryImageOfPage":{"@id":"https:\/\/www.em.com.br\/emfoco\/2025\/11\/10\/grande-rede-farmaceutica-encerra-todas-as-lojas-e-alerta-sobre-colapso-no-acesso-a-remedios\/#primaryimage"},"image":{"@id":"https:\/\/www.em.com.br\/emfoco\/2025\/11\/10\/grande-rede-farmaceutica-encerra-todas-as-lojas-e-alerta-sobre-colapso-no-acesso-a-remedios\/#primaryimage"},"thumbnailUrl":"https:\/\/www.em.com.br\/emfoco\/wp-content\/uploads\/2025\/11\/ad-38.jpg","datePublished":"2025-11-10T13:05:00+00:00","dateModified":"2025-11-08T03:34:32+00:00","author":{"@id":"https:\/\/www.em.com.br\/emfoco\/#\/schema\/person\/1c9ddeab18b98abeffef834667bcf08a"},"description":"Do dia pra noite, farm\u00e1cias sumiram e comunidades ficaram sem acesso a rem\u00e9dios. O caso levanta um alerta nacional silencioso.","breadcrumb":{"@id":"https:\/\/www.em.com.br\/emfoco\/2025\/11\/10\/grande-rede-farmaceutica-encerra-todas-as-lojas-e-alerta-sobre-colapso-no-acesso-a-remedios\/#breadcrumb"},"inLanguage":"pt-BR","potentialAction":[{"@type":"ReadAction","target":["https:\/\/www.em.com.br\/emfoco\/2025\/11\/10\/grande-rede-farmaceutica-encerra-todas-as-lojas-e-alerta-sobre-colapso-no-acesso-a-remedios\/"]}]},{"@type":"ImageObject","inLanguage":"pt-BR","@id":"https:\/\/www.em.com.br\/emfoco\/2025\/11\/10\/grande-rede-farmaceutica-encerra-todas-as-lojas-e-alerta-sobre-colapso-no-acesso-a-remedios\/#primaryimage","url":"https:\/\/www.em.com.br\/emfoco\/wp-content\/uploads\/2025\/11\/ad-38.jpg","contentUrl":"https:\/\/www.em.com.br\/emfoco\/wp-content\/uploads\/2025\/11\/ad-38.jpg","width":1280,"height":720,"caption":"Fechamento da Rite Aid aprofunda desertos farmac\u00eauticos e agrava desigualdade - Cr\u00e9ditos: Reprodu\u00e7\u00e3o \/ Lovart"},{"@type":"BreadcrumbList","@id":"https:\/\/www.em.com.br\/emfoco\/2025\/11\/10\/grande-rede-farmaceutica-encerra-todas-as-lojas-e-alerta-sobre-colapso-no-acesso-a-remedios\/#breadcrumb","itemListElement":[{"@type":"ListItem","position":1,"name":"In\u00edcio","item":"https:\/\/www.em.com.br\/emfoco\/"},{"@type":"ListItem","position":2,"name":"Grande rede farmac\u00eautica encerra todas as lojas e alerta sobre colapso no acesso a rem\u00e9dios"}]},{"@type":"WebSite","@id":"https:\/\/www.em.com.br\/emfoco\/#website","url":"https:\/\/www.em.com.br\/emfoco\/","name":"Estado de Minas - Em foco","description":"Acompanhe as \u00faltimas not\u00edcias e fique bem informado sobre tudo o que acontece em Minas Gerais, Brasil e no mundo.","potentialAction":[{"@type":"SearchAction","target":{"@type":"EntryPoint","urlTemplate":"https:\/\/www.em.com.br\/emfoco\/?s={search_term_string}"},"query-input":{"@type":"PropertyValueSpecification","valueRequired":true,"valueName":"search_term_string"}}],"inLanguage":"pt-BR"},{"@type":"Person","@id":"https:\/\/www.em.com.br\/emfoco\/#\/schema\/person\/1c9ddeab18b98abeffef834667bcf08a","name":"Gabriel Martins","image":{"@type":"ImageObject","inLanguage":"pt-BR","@id":"https:\/\/www.em.com.br\/emfoco\/#\/schema\/person\/image\/","url":"https:\/\/secure.gravatar.com\/avatar\/f0f1e2efdfd88f1ad2cb08c5c2731e50?s=96&d=mm&r=g","contentUrl":"https:\/\/secure.gravatar.com\/avatar\/f0f1e2efdfd88f1ad2cb08c5c2731e50?s=96&d=mm&r=g","caption":"Gabriel Martins"},"sameAs":["https:\/\/www.em.com.br\/emfoco\/"],"url":"https:\/\/www.em.com.br\/emfoco\/author\/gabrielmartinsmyth\/"}]}},"_links":{"self":[{"href":"https:\/\/www.em.com.br\/emfoco\/wp-json\/wp\/v2\/posts\/125160","targetHints":{"allow":["GET"]}}],"collection":[{"href":"https:\/\/www.em.com.br\/emfoco\/wp-json\/wp\/v2\/posts"}],"about":[{"href":"https:\/\/www.em.com.br\/emfoco\/wp-json\/wp\/v2\/types\/post"}],"author":[{"embeddable":true,"href":"https:\/\/www.em.com.br\/emfoco\/wp-json\/wp\/v2\/users\/13"}],"replies":[{"embeddable":true,"href":"https:\/\/www.em.com.br\/emfoco\/wp-json\/wp\/v2\/comments?post=125160"}],"version-history":[{"count":2,"href":"https:\/\/www.em.com.br\/emfoco\/wp-json\/wp\/v2\/posts\/125160\/revisions"}],"predecessor-version":[{"id":125378,"href":"https:\/\/www.em.com.br\/emfoco\/wp-json\/wp\/v2\/posts\/125160\/revisions\/125378"}],"wp:featuredmedia":[{"embeddable":true,"href":"https:\/\/www.em.com.br\/emfoco\/wp-json\/wp\/v2\/media\/125174"}],"wp:attachment":[{"href":"https:\/\/www.em.com.br\/emfoco\/wp-json\/wp\/v2\/media?parent=125160"}],"wp:term":[{"taxonomy":"category","embeddable":true,"href":"https:\/\/www.em.com.br\/emfoco\/wp-json\/wp\/v2\/categories?post=125160"},{"taxonomy":"post_tag","embeddable":true,"href":"https:\/\/www.em.com.br\/emfoco\/wp-json\/wp\/v2\/tags?post=125160"}],"curies":[{"name":"wp","href":"https:\/\/api.w.org\/{rel}","templated":true}]}}