{"id":125156,"date":"2025-11-09T19:15:12","date_gmt":"2025-11-09T22:15:12","guid":{"rendered":"https:\/\/www.em.com.br\/emfoco\/?p=125156"},"modified":"2025-11-08T23:57:01","modified_gmt":"2025-11-09T02:57:01","slug":"como-escolher-o-corte-perfeito-para-deixar-o-cabelo-com-mais-volume","status":"publish","type":"post","link":"https:\/\/www.em.com.br\/emfoco\/2025\/11\/09\/como-escolher-o-corte-perfeito-para-deixar-o-cabelo-com-mais-volume\/","title":{"rendered":"Como escolher o corte perfeito para deixar o cabelo com mais volume"},"content":{"rendered":"\n<p>A busca pelo <strong>corte de cabelo ideal<\/strong> para quem possui <strong>menos volume capilar<\/strong> \u00e9 um desafio enfrentado por muitos, especialmente quando o objetivo \u00e9 conquistar um visual <strong>moderno<\/strong> e cheio de vida. Encontrar estilos que maximizem a apar\u00eancia de <strong>fios mais cheios<\/strong> \u00e9 fundamental para alcan\u00e7ar <strong>autoconfian\u00e7a<\/strong> e <strong>beleza individual<\/strong>, considerando prefer\u00eancias pessoais, <strong>formato do rosto<\/strong> e <strong>cuidados di\u00e1rios<\/strong>.<\/p>\n\n\n\n<h2 class=\"wp-block-heading\">Como os cortes de cabelo podem realmente criar mais volume?<\/h2>\n\n\n\n<p>Os <strong>cortes de cabelo<\/strong> certos s\u00e3o fundamentais para criar a ilus\u00e3o de <strong>fios mais densos<\/strong>. Estilos em <strong>camadas<\/strong>, por exemplo, adicionam <strong>movimento<\/strong> e <strong>profundidade<\/strong>, coletando mais <strong>textura visual<\/strong> ao look e evitando o aspecto pesado nas pontas.<\/p>\n\n\n\n<p>Para quem prefere pr\u00e1ticas mais curtas, o <strong>corte pixie<\/strong> oferece leveza e pode ser estilizado para maior <strong>textura<\/strong>. <strong>Franjas laterais<\/strong> tamb\u00e9m s\u00e3o excelente alternativa, principalmente quando combinadas com cortes acima dos ombros, sugerindo <strong>volume imediato<\/strong> aos fios.<\/p>\n\n\n<div class=\"wp-block-image\">\n<figure class=\"aligncenter size-large\"><img loading=\"lazy\" decoding=\"async\" width=\"1024\" height=\"576\" src=\"https:\/\/www.em.com.br\/emfoco\/wp-content\/uploads\/2025\/11\/Design-sem-nome-65-1024x576.png\" alt=\"\" class=\"wp-image-125261\" srcset=\"https:\/\/www.em.com.br\/emfoco\/wp-content\/uploads\/2025\/11\/Design-sem-nome-65-1024x576.png 1024w, https:\/\/www.em.com.br\/emfoco\/wp-content\/uploads\/2025\/11\/Design-sem-nome-65-300x169.png 300w, https:\/\/www.em.com.br\/emfoco\/wp-content\/uploads\/2025\/11\/Design-sem-nome-65-768x432.png 768w, https:\/\/www.em.com.br\/emfoco\/wp-content\/uploads\/2025\/11\/Design-sem-nome-65-750x422.png 750w, https:\/\/www.em.com.br\/emfoco\/wp-content\/uploads\/2025\/11\/Design-sem-nome-65-1140x641.png 1140w, https:\/\/www.em.com.br\/emfoco\/wp-content\/uploads\/2025\/11\/Design-sem-nome-65.png 1280w\" sizes=\"auto, (max-width: 1024px) 100vw, 1024px\" \/><figcaption class=\"wp-element-caption\">Al\u00e9m do corte, adotar produtos de finaliza\u00e7\u00e3o espec\u00edficos pode potencializar o efeito encorpado<\/figcaption><\/figure><\/div>\n\n\n<p>Leia tamb\u00e9m:&nbsp;<a href=\"https:\/\/www.em.com.br\/emfoco\/2025\/11\/08\/a-mascara-de-hidratacao-caseira-mais-eficaz-para-deixar-a-pele-macia-e-radiante\/\" target=\"_blank\" rel=\"noopener\">A m\u00e1scara de hidrata\u00e7\u00e3o caseira mais eficaz para deixar a pele macia e radiante<\/a><\/p>\n\n\n\n<h2 class=\"wp-block-heading\">Cuidados e produtos que aumentam o volume capilar<\/h2>\n\n\n\n<p>Al\u00e9m do corte, adotar <strong>produtos de finaliza\u00e7\u00e3o<\/strong> espec\u00edficos pode potencializar o efeito encorpado. Utilizar <strong>texturizadores<\/strong> e <strong>mousses<\/strong> adequados s\u00e3o pr\u00e1ticas que facilitam o <strong>visual mais volumoso<\/strong> dia ap\u00f3s dia.<\/p>\n\n\n\n<p>Entre as melhores formas de valorizar o <strong>volume capilar<\/strong>, est\u00e3o truques simples no dia a dia, como:<\/p>\n\n\n\n<ul class=\"wp-block-list\">\n<li>Usar <strong>shampoos leves<\/strong> para evitar peso excessivo nos fios;<\/li>\n\n\n\n<li>Evitar <strong>condicionadores muito densos<\/strong> e enxaguar bem o cabelo;<\/li>\n\n\n\n<li>Secar os fios de cabe\u00e7a para baixo para levantar a <strong>raiz<\/strong>;<\/li>\n\n\n\n<li>Aplicar <strong>spray de volume<\/strong> diretamente na <strong>raiz<\/strong>;<\/li>\n\n\n\n<li>Evitar <strong>chapinhas<\/strong> e <strong>modeladores em excesso<\/strong> para preservar o <strong>movimento natural<\/strong> dos fios.<\/li>\n<\/ul>\n\n\n\n<blockquote class=\"tiktok-embed\" cite=\"https:\/\/www.tiktok.com\/@agulhoisabella\/video\/7343719066340707589\" data-video-id=\"7343719066340707589\" style=\"max-width: 605px;min-width: 325px;\" > <section> <a target=\"_blank\" title=\"@agulhoisabella\" href=\"https:\/\/www.tiktok.com\/@agulhoisabella?refer=embed\">@agulhoisabella<\/a> vc curte volume??\u00bf \u2728\ud83d\ude14 pq eu amooooo dms produtos &#8211; creme de pentear @lola from rio  &#8211; mousse cachos Neez  Fiz fitagem xadrez e amassei pra finalizar!! <a title=\"cabelocacheado\" target=\"_blank\" href=\"https:\/\/www.tiktok.com\/tag\/cabelocacheado?refer=embed\">#cabelocacheado<\/a> <a title=\"cabelosaudavel\" target=\"_blank\" href=\"https:\/\/www.tiktok.com\/tag\/cabelosaudavel?refer=embed\">#cabelosaudavel<\/a> <a target=\"_blank\" title=\"\u266c som original - agulh\u00f3\" href=\"https:\/\/www.tiktok.com\/music\/som-original-7343719254461860614?refer=embed\">\u266c som original &#8211; agulh\u00f3<\/a> <\/section> <\/blockquote> <script async src=\"https:\/\/www.tiktok.com\/embed.js\"><\/script>\n\n\n\n<h2 class=\"wp-block-heading\">Quais cortes combinam melhor com cada formato de rosto?<\/h2>\n\n\n\n<p>O <strong>formato do rosto<\/strong> deve ser considerado ao escolher cortes para cabelo com pouco volume. Para <strong>rostos redondos<\/strong>, <a href=\"https:\/\/br.pinterest.com\/search\/pins\/?q=long%20bob&amp;rs=typed\" target=\"_blank\" rel=\"noopener\">long bobs<\/a> com pontas afiladas podem alongar a silhueta, enquanto <strong>rostos ovais<\/strong> t\u00eam liberdade para variados comprimentos e estilos.<\/p>\n\n\n\n<p><strong>Rostos quadrados<\/strong> podem ser suavizados com <strong>camadas delicadas<\/strong> ou <strong>franjas desconectadas<\/strong>. Em todos os casos, \u00e9 importante personalizar o corte pensando na harmonia entre <strong>volume<\/strong> e <strong>formato facial<\/strong>, para um visual equilibrado e valorizado.<\/p>\n\n\n\n<p>Escolher o <strong>corte ideal para cabelos com pouco volume<\/strong> n\u00e3o precisa ser complicado. Ao unir t\u00e9cnicas de corte apropriadas, cuidados espec\u00edficos e aten\u00e7\u00e3o ao <strong>formato do rosto<\/strong>, \u00e9 poss\u00edvel conquistar um visual leve, moderno e encorpado, destacando a <strong>beleza \u00fanica<\/strong> de cada pessoa. Para potencializar ainda mais o volume, recomenda-se tamb\u00e9m evitar o excesso de produtos \u00e0 base de \u00f3leo, optar por acess\u00f3rios como presilhas ou tiaras para levantar a raiz, e realizar massagens regulares no couro cabeludo para estimular o crescimento saud\u00e1vel dos fios.<\/p>\n","protected":false},"excerpt":{"rendered":"<p>A busca pelo corte de cabelo ideal para quem possui menos volume capilar \u00e9 um desafio enfrentado por muitos, especialmente quando o objetivo \u00e9 conquistar um visual moderno e cheio de vida. Encontrar estilos que maximizem a apar\u00eancia de fios mais cheios \u00e9 fundamental para alcan\u00e7ar autoconfian\u00e7a e beleza individual, considerando prefer\u00eancias pessoais, formato do [&hellip;]<\/p>\n","protected":false},"author":9,"featured_media":125259,"comment_status":"open","ping_status":"open","sticky":false,"template":"","format":"standard","meta":{"jnews-multi-image_gallery":[],"jnews_single_post":{"format":"standard"},"jnews_primary_category":[],"jnews_social_meta":[],"jnews_override_counter":[],"footnotes":""},"categories":[8819,1],"tags":[5143,18654,18653],"class_list":["post-125156","post","type-post","status-publish","format-standard","has-post-thumbnail","hentry","category-curiosidades","category-noticias","tag-cabelos","tag-pouco-cabelo","tag-pouco-volume"],"yoast_head":"<!-- This site is optimized with the Yoast SEO plugin v23.8 - https:\/\/yoast.com\/wordpress\/plugins\/seo\/ -->\n<title>Como escolher o corte perfeito para deixar o cabelo com mais volume<\/title>\n<meta name=\"description\" content=\"Conhe\u00e7a os cortes que d\u00e3o volume e movimento aos cabelos finos, real\u00e7ando leveza, textura e um visual moderno cheio de vitalidade.\" \/>\n<meta name=\"robots\" content=\"index, follow, max-snippet:-1, max-image-preview:large, max-video-preview:-1\" \/>\n<link rel=\"canonical\" href=\"https:\/\/www.em.com.br\/emfoco\/2025\/11\/09\/como-escolher-o-corte-perfeito-para-deixar-o-cabelo-com-mais-volume\/\" \/>\n<meta property=\"og:locale\" content=\"pt_BR\" \/>\n<meta property=\"og:type\" content=\"article\" \/>\n<meta property=\"og:title\" content=\"Como escolher o corte perfeito para deixar o cabelo com mais volume\" \/>\n<meta property=\"og:description\" content=\"Conhe\u00e7a os cortes que d\u00e3o volume e movimento aos cabelos finos, real\u00e7ando leveza, textura e um visual moderno cheio de vitalidade.\" \/>\n<meta property=\"og:url\" content=\"https:\/\/www.em.com.br\/emfoco\/2025\/11\/09\/como-escolher-o-corte-perfeito-para-deixar-o-cabelo-com-mais-volume\/\" \/>\n<meta property=\"og:site_name\" content=\"Estado de Minas - Em foco\" \/>\n<meta property=\"article:published_time\" content=\"2025-11-09T22:15:12+00:00\" \/>\n<meta property=\"article:modified_time\" content=\"2025-11-09T02:57:01+00:00\" \/>\n<meta property=\"og:image\" content=\"https:\/\/www.em.com.br\/emfoco\/wp-content\/uploads\/2025\/11\/Gemini_Generated_Image_tun8y2tun8y2tun8-1.png\" \/>\n\t<meta property=\"og:image:width\" content=\"1280\" \/>\n\t<meta property=\"og:image:height\" content=\"720\" \/>\n\t<meta property=\"og:image:type\" content=\"image\/png\" \/>\n<meta name=\"author\" content=\"Daniely Cardoso\" \/>\n<meta name=\"twitter:card\" content=\"summary_large_image\" \/>\n<meta name=\"twitter:label1\" content=\"Escrito por\" \/>\n\t<meta name=\"twitter:data1\" content=\"Daniely Cardoso\" \/>\n\t<meta name=\"twitter:label2\" content=\"Est. tempo de leitura\" \/>\n\t<meta name=\"twitter:data2\" content=\"3 minutos\" \/>\n<!-- \/ Yoast SEO plugin. -->","yoast_head_json":{"title":"Como escolher o corte perfeito para deixar o cabelo com mais volume","description":"Conhe\u00e7a os cortes que d\u00e3o volume e movimento aos cabelos finos, real\u00e7ando leveza, textura e um visual moderno cheio de vitalidade.","robots":{"index":"index","follow":"follow","max-snippet":"max-snippet:-1","max-image-preview":"max-image-preview:large","max-video-preview":"max-video-preview:-1"},"canonical":"https:\/\/www.em.com.br\/emfoco\/2025\/11\/09\/como-escolher-o-corte-perfeito-para-deixar-o-cabelo-com-mais-volume\/","og_locale":"pt_BR","og_type":"article","og_title":"Como escolher o corte perfeito para deixar o cabelo com mais volume","og_description":"Conhe\u00e7a os cortes que d\u00e3o volume e movimento aos cabelos finos, real\u00e7ando leveza, textura e um visual moderno cheio de vitalidade.","og_url":"https:\/\/www.em.com.br\/emfoco\/2025\/11\/09\/como-escolher-o-corte-perfeito-para-deixar-o-cabelo-com-mais-volume\/","og_site_name":"Estado de Minas - Em foco","article_published_time":"2025-11-09T22:15:12+00:00","article_modified_time":"2025-11-09T02:57:01+00:00","og_image":[{"width":1280,"height":720,"url":"https:\/\/www.em.com.br\/emfoco\/wp-content\/uploads\/2025\/11\/Gemini_Generated_Image_tun8y2tun8y2tun8-1.png","type":"image\/png"}],"author":"Daniely Cardoso","twitter_card":"summary_large_image","twitter_misc":{"Escrito por":"Daniely Cardoso","Est. tempo de leitura":"3 minutos"},"schema":{"@context":"https:\/\/schema.org","@graph":[{"@type":"WebPage","@id":"https:\/\/www.em.com.br\/emfoco\/2025\/11\/09\/como-escolher-o-corte-perfeito-para-deixar-o-cabelo-com-mais-volume\/","url":"https:\/\/www.em.com.br\/emfoco\/2025\/11\/09\/como-escolher-o-corte-perfeito-para-deixar-o-cabelo-com-mais-volume\/","name":"Como escolher o corte perfeito para deixar o cabelo com mais volume","isPartOf":{"@id":"https:\/\/www.em.com.br\/emfoco\/#website"},"primaryImageOfPage":{"@id":"https:\/\/www.em.com.br\/emfoco\/2025\/11\/09\/como-escolher-o-corte-perfeito-para-deixar-o-cabelo-com-mais-volume\/#primaryimage"},"image":{"@id":"https:\/\/www.em.com.br\/emfoco\/2025\/11\/09\/como-escolher-o-corte-perfeito-para-deixar-o-cabelo-com-mais-volume\/#primaryimage"},"thumbnailUrl":"https:\/\/www.em.com.br\/emfoco\/wp-content\/uploads\/2025\/11\/Gemini_Generated_Image_tun8y2tun8y2tun8-1.png","datePublished":"2025-11-09T22:15:12+00:00","dateModified":"2025-11-09T02:57:01+00:00","author":{"@id":"https:\/\/www.em.com.br\/emfoco\/#\/schema\/person\/0a8186d72f2c3a5c6276d90b41f271a0"},"description":"Conhe\u00e7a os cortes que d\u00e3o volume e movimento aos cabelos finos, real\u00e7ando leveza, textura e um visual moderno cheio de vitalidade.","breadcrumb":{"@id":"https:\/\/www.em.com.br\/emfoco\/2025\/11\/09\/como-escolher-o-corte-perfeito-para-deixar-o-cabelo-com-mais-volume\/#breadcrumb"},"inLanguage":"pt-BR","potentialAction":[{"@type":"ReadAction","target":["https:\/\/www.em.com.br\/emfoco\/2025\/11\/09\/como-escolher-o-corte-perfeito-para-deixar-o-cabelo-com-mais-volume\/"]}]},{"@type":"ImageObject","inLanguage":"pt-BR","@id":"https:\/\/www.em.com.br\/emfoco\/2025\/11\/09\/como-escolher-o-corte-perfeito-para-deixar-o-cabelo-com-mais-volume\/#primaryimage","url":"https:\/\/www.em.com.br\/emfoco\/wp-content\/uploads\/2025\/11\/Gemini_Generated_Image_tun8y2tun8y2tun8-1.png","contentUrl":"https:\/\/www.em.com.br\/emfoco\/wp-content\/uploads\/2025\/11\/Gemini_Generated_Image_tun8y2tun8y2tun8-1.png","width":1280,"height":720,"caption":"Os cortes de cabelo certos s\u00e3o fundamentais para criar a ilus\u00e3o de fios mais densos"},{"@type":"BreadcrumbList","@id":"https:\/\/www.em.com.br\/emfoco\/2025\/11\/09\/como-escolher-o-corte-perfeito-para-deixar-o-cabelo-com-mais-volume\/#breadcrumb","itemListElement":[{"@type":"ListItem","position":1,"name":"In\u00edcio","item":"https:\/\/www.em.com.br\/emfoco\/"},{"@type":"ListItem","position":2,"name":"Como escolher o corte perfeito para deixar o cabelo com mais volume"}]},{"@type":"WebSite","@id":"https:\/\/www.em.com.br\/emfoco\/#website","url":"https:\/\/www.em.com.br\/emfoco\/","name":"Estado de Minas - Em foco","description":"Acompanhe as \u00faltimas not\u00edcias e fique bem informado sobre tudo o que acontece em Minas Gerais, Brasil e no mundo.","potentialAction":[{"@type":"SearchAction","target":{"@type":"EntryPoint","urlTemplate":"https:\/\/www.em.com.br\/emfoco\/?s={search_term_string}"},"query-input":{"@type":"PropertyValueSpecification","valueRequired":true,"valueName":"search_term_string"}}],"inLanguage":"pt-BR"},{"@type":"Person","@id":"https:\/\/www.em.com.br\/emfoco\/#\/schema\/person\/0a8186d72f2c3a5c6276d90b41f271a0","name":"Daniely Cardoso","image":{"@type":"ImageObject","inLanguage":"pt-BR","@id":"https:\/\/www.em.com.br\/emfoco\/#\/schema\/person\/image\/","url":"https:\/\/secure.gravatar.com\/avatar\/4b80ddbd124d1f071b626d52d62e5dff?s=96&d=mm&r=g","contentUrl":"https:\/\/secure.gravatar.com\/avatar\/4b80ddbd124d1f071b626d52d62e5dff?s=96&d=mm&r=g","caption":"Daniely Cardoso"},"url":"https:\/\/www.em.com.br\/emfoco\/author\/danielymyth\/"}]}},"_links":{"self":[{"href":"https:\/\/www.em.com.br\/emfoco\/wp-json\/wp\/v2\/posts\/125156","targetHints":{"allow":["GET"]}}],"collection":[{"href":"https:\/\/www.em.com.br\/emfoco\/wp-json\/wp\/v2\/posts"}],"about":[{"href":"https:\/\/www.em.com.br\/emfoco\/wp-json\/wp\/v2\/types\/post"}],"author":[{"embeddable":true,"href":"https:\/\/www.em.com.br\/emfoco\/wp-json\/wp\/v2\/users\/9"}],"replies":[{"embeddable":true,"href":"https:\/\/www.em.com.br\/emfoco\/wp-json\/wp\/v2\/comments?post=125156"}],"version-history":[{"count":4,"href":"https:\/\/www.em.com.br\/emfoco\/wp-json\/wp\/v2\/posts\/125156\/revisions"}],"predecessor-version":[{"id":125393,"href":"https:\/\/www.em.com.br\/emfoco\/wp-json\/wp\/v2\/posts\/125156\/revisions\/125393"}],"wp:featuredmedia":[{"embeddable":true,"href":"https:\/\/www.em.com.br\/emfoco\/wp-json\/wp\/v2\/media\/125259"}],"wp:attachment":[{"href":"https:\/\/www.em.com.br\/emfoco\/wp-json\/wp\/v2\/media?parent=125156"}],"wp:term":[{"taxonomy":"category","embeddable":true,"href":"https:\/\/www.em.com.br\/emfoco\/wp-json\/wp\/v2\/categories?post=125156"},{"taxonomy":"post_tag","embeddable":true,"href":"https:\/\/www.em.com.br\/emfoco\/wp-json\/wp\/v2\/tags?post=125156"}],"curies":[{"name":"wp","href":"https:\/\/api.w.org\/{rel}","templated":true}]}}