{"id":12496,"date":"2025-01-22T11:00:00","date_gmt":"2025-01-22T14:00:00","guid":{"rendered":"https:\/\/www.em.com.br\/emfoco\/?p=12496"},"modified":"2025-01-22T00:23:47","modified_gmt":"2025-01-22T03:23:47","slug":"microsoft-introduz-novo-indicador-de-bateria-no-windows-11","status":"publish","type":"post","link":"https:\/\/www.em.com.br\/emfoco\/2025\/01\/22\/microsoft-introduz-novo-indicador-de-bateria-no-windows-11\/","title":{"rendered":"Microsoft introduz novo indicador de bateria no Windows 11"},"content":{"rendered":"\n<p>A Microsoft traz uma atualiza\u00e7\u00e3o significativa para o Windows 11 com a introdu\u00e7\u00e3o de um novo indicador de bateria, mais acess\u00edvel. O recurso permitir\u00e1 aos usu\u00e1rios visualizar a porcentagem de carga diretamente na barra de tarefas, sem precisar passar o mouse sobre o \u00edcone, como acontece atualmente.<\/p>\n\n\n\n<p>O recurso aparece na compila\u00e7\u00e3o 26120.2992 do Windows 11 para membros do programa Windows Insider, conforme revelado pelo perfil <a href=\"https:\/\/x.com\/phantomofearth\/status\/1880368411261513892\" target=\"_blank\" rel=\"noreferrer noopener\">@PhantomOfEarth<\/a>. A funcionalidade ainda est\u00e1 em fase de testes e n\u00e3o tem uma data definida para o lan\u00e7amento oficial.<\/p>\n\n\n\n<h2 class=\"wp-block-heading\">Como Funciona o Novo Indicador de Bateria?<\/h2>\n\n\n\n<p>A barra de tarefas do <a href=\"https:\/\/www.microsoft.com\/pt-br\/windows\/get-windows-11?r=1\" target=\"_blank\" rel=\"noreferrer noopener\">Windows 11<\/a> agora exibir\u00e1 permanentemente a porcentagem da bateria, facilitando o acesso \u00e0 informa\u00e7\u00e3o sem que o usu\u00e1rio precise realizar a\u00e7\u00f5es adicionais. As configura\u00e7\u00f5es de energia incluir\u00e3o uma op\u00e7\u00e3o para ativar ou desativar essa exibi\u00e7\u00e3o.<\/p>\n\n\n\n<p>A Microsoft pretende reduzir as chances de o usu\u00e1rio n\u00e3o perceber quando a bateria est\u00e1 baixa, o que torna a experi\u00eancia mais pr\u00e1tica, principalmente para quem usa notebooks. Apesar da mudan\u00e7a, a fun\u00e7\u00e3o de passar o mouse sobre o \u00edcone continuar\u00e1 \u00fatil, fornecendo informa\u00e7\u00f5es como o tempo restante de bateria e o status de economia de energia.<\/p>\n\n\n\n<h2 class=\"wp-block-heading\">O Novo Indicador de Bateria do Windows 11 J\u00e1 Est\u00e1 Dispon\u00edvel?<\/h2>\n\n\n\n<p>Atualmente, a funcionalidade est\u00e1 em desenvolvimento e dispon\u00edvel apenas para membros do programa Windows Insider. Para ativ\u00e1-la, os usu\u00e1rios precisam utilizar o utilit\u00e1rio Vivetool. A Microsoft ainda n\u00e3o anunciou uma data para o lan\u00e7amento global, mas espera-se que a atualiza\u00e7\u00e3o seja liberada em breve.<\/p>\n\n\n\n<p>Apesar de estar em fase de testes, muitos usu\u00e1rios j\u00e1 demonstram interesse, acreditando que essa mudan\u00e7a pequena pode impactar significativamente a experi\u00eancia di\u00e1ria.<\/p>\n\n\n<div class=\"wp-block-image\">\n<figure class=\"aligncenter size-large\"><img loading=\"lazy\" decoding=\"async\" width=\"1024\" height=\"576\" src=\"https:\/\/www.em.com.br\/emfoco\/wp-content\/uploads\/2025\/01\/microsoft_1737515576898-1024x576.jpg\" alt=\"\" class=\"wp-image-12524\" srcset=\"https:\/\/www.em.com.br\/emfoco\/wp-content\/uploads\/2025\/01\/microsoft_1737515576898-1024x576.jpg 1024w, https:\/\/www.em.com.br\/emfoco\/wp-content\/uploads\/2025\/01\/microsoft_1737515576898-300x169.jpg 300w, https:\/\/www.em.com.br\/emfoco\/wp-content\/uploads\/2025\/01\/microsoft_1737515576898-768x432.jpg 768w, https:\/\/www.em.com.br\/emfoco\/wp-content\/uploads\/2025\/01\/microsoft_1737515576898-750x422.jpg 750w, https:\/\/www.em.com.br\/emfoco\/wp-content\/uploads\/2025\/01\/microsoft_1737515576898-1140x641.jpg 1140w, https:\/\/www.em.com.br\/emfoco\/wp-content\/uploads\/2025\/01\/microsoft_1737515576898.jpg 1280w\" sizes=\"auto, (max-width: 1024px) 100vw, 1024px\" \/><figcaption class=\"wp-element-caption\">Imagem ilustrativa de homem mexendo no computador &#8211; Cr\u00e9ditos: depositphotos.com \/ grinvalds<\/figcaption><\/figure><\/div>\n\n\n<h2 class=\"wp-block-heading\">Quais S\u00e3o os Benef\u00edcios Dessa Atualiza\u00e7\u00e3o?<\/h2>\n\n\n\n<ul class=\"wp-block-list\">\n<li><strong>Acesso Facilitado:<\/strong> A porcentagem de bateria ficar\u00e1 sempre vis\u00edvel, eliminando a necessidade de a\u00e7\u00f5es extras.<\/li>\n\n\n\n<li><strong>Informa\u00e7\u00f5es Detalhadas:<\/strong> O mouse sobre o \u00edcone ainda fornecer\u00e1 detalhes, como o tempo restante de uso.<\/li>\n\n\n\n<li><strong>Efici\u00eancia Energ\u00e9tica:<\/strong> Usu\u00e1rios poder\u00e3o gerenciar melhor a energia, evitando desligamentos inesperados.<\/li>\n<\/ul>\n\n\n\n<p>Essa atualiza\u00e7\u00e3o reflete o compromisso da Microsoft em melhorar a experi\u00eancia do Windows 11, atendendo \u00e0s solicita\u00e7\u00f5es frequentes dos usu\u00e1rios.<\/p>\n","protected":false},"excerpt":{"rendered":"<p>A Microsoft traz uma atualiza\u00e7\u00e3o significativa para o Windows 11 com a introdu\u00e7\u00e3o de um novo indicador de bateria, mais acess\u00edvel. O recurso permitir\u00e1 aos usu\u00e1rios visualizar a porcentagem de carga diretamente na barra de tarefas, sem precisar passar o mouse sobre o \u00edcone, como acontece atualmente. O recurso aparece na compila\u00e7\u00e3o 26120.2992 do Windows [&hellip;]<\/p>\n","protected":false},"author":9,"featured_media":12523,"comment_status":"open","ping_status":"open","sticky":false,"template":"","format":"standard","meta":{"jnews-multi-image_gallery":[],"jnews_single_post":{"format":"standard"},"jnews_primary_category":[],"jnews_social_meta":[],"jnews_override_counter":[],"footnotes":""},"categories":[1],"tags":[],"class_list":["post-12496","post","type-post","status-publish","format-standard","has-post-thumbnail","hentry","category-noticias"],"yoast_head":"<!-- This site is optimized with the Yoast SEO plugin v23.8 - https:\/\/yoast.com\/wordpress\/plugins\/seo\/ -->\n<title>Microsoft introduz novo indicador de bateria no Windows 11<\/title>\n<meta name=\"description\" content=\"O Windows 11 traz uma atualiza\u00e7\u00e3o que pode facilitar o uso di\u00e1rio do seu dispositivo. Conhe\u00e7a a nova funcionalidade que est\u00e1 chegando.\" \/>\n<meta name=\"robots\" content=\"index, follow, max-snippet:-1, max-image-preview:large, max-video-preview:-1\" \/>\n<link rel=\"canonical\" href=\"https:\/\/www.em.com.br\/emfoco\/2025\/01\/22\/microsoft-introduz-novo-indicador-de-bateria-no-windows-11\/\" \/>\n<meta property=\"og:locale\" content=\"pt_BR\" \/>\n<meta property=\"og:type\" content=\"article\" \/>\n<meta property=\"og:title\" content=\"Microsoft introduz novo indicador de bateria no Windows 11\" \/>\n<meta property=\"og:description\" content=\"O Windows 11 traz uma atualiza\u00e7\u00e3o que pode facilitar o uso di\u00e1rio do seu dispositivo. Conhe\u00e7a a nova funcionalidade que est\u00e1 chegando.\" \/>\n<meta property=\"og:url\" content=\"https:\/\/www.em.com.br\/emfoco\/2025\/01\/22\/microsoft-introduz-novo-indicador-de-bateria-no-windows-11\/\" \/>\n<meta property=\"og:site_name\" content=\"Estado de Minas - Em foco\" \/>\n<meta property=\"article:published_time\" content=\"2025-01-22T14:00:00+00:00\" \/>\n<meta property=\"article:modified_time\" content=\"2025-01-22T03:23:47+00:00\" \/>\n<meta property=\"og:image\" content=\"https:\/\/www.em.com.br\/emfoco\/wp-content\/uploads\/2025\/01\/microsoft_1737515180202.jpg\" \/>\n\t<meta property=\"og:image:width\" content=\"1280\" \/>\n\t<meta property=\"og:image:height\" content=\"720\" \/>\n\t<meta property=\"og:image:type\" content=\"image\/jpeg\" \/>\n<meta name=\"author\" content=\"Daniely Cardoso\" \/>\n<meta name=\"twitter:card\" content=\"summary_large_image\" \/>\n<meta name=\"twitter:label1\" content=\"Escrito por\" \/>\n\t<meta name=\"twitter:data1\" content=\"Daniely Cardoso\" \/>\n\t<meta name=\"twitter:label2\" content=\"Est. tempo de leitura\" \/>\n\t<meta name=\"twitter:data2\" content=\"3 minutos\" \/>\n<!-- \/ Yoast SEO plugin. -->","yoast_head_json":{"title":"Microsoft introduz novo indicador de bateria no Windows 11","description":"O Windows 11 traz uma atualiza\u00e7\u00e3o que pode facilitar o uso di\u00e1rio do seu dispositivo. Conhe\u00e7a a nova funcionalidade que est\u00e1 chegando.","robots":{"index":"index","follow":"follow","max-snippet":"max-snippet:-1","max-image-preview":"max-image-preview:large","max-video-preview":"max-video-preview:-1"},"canonical":"https:\/\/www.em.com.br\/emfoco\/2025\/01\/22\/microsoft-introduz-novo-indicador-de-bateria-no-windows-11\/","og_locale":"pt_BR","og_type":"article","og_title":"Microsoft introduz novo indicador de bateria no Windows 11","og_description":"O Windows 11 traz uma atualiza\u00e7\u00e3o que pode facilitar o uso di\u00e1rio do seu dispositivo. Conhe\u00e7a a nova funcionalidade que est\u00e1 chegando.","og_url":"https:\/\/www.em.com.br\/emfoco\/2025\/01\/22\/microsoft-introduz-novo-indicador-de-bateria-no-windows-11\/","og_site_name":"Estado de Minas - Em foco","article_published_time":"2025-01-22T14:00:00+00:00","article_modified_time":"2025-01-22T03:23:47+00:00","og_image":[{"width":1280,"height":720,"url":"https:\/\/www.em.com.br\/emfoco\/wp-content\/uploads\/2025\/01\/microsoft_1737515180202.jpg","type":"image\/jpeg"}],"author":"Daniely Cardoso","twitter_card":"summary_large_image","twitter_misc":{"Escrito por":"Daniely Cardoso","Est. tempo de leitura":"3 minutos"},"schema":{"@context":"https:\/\/schema.org","@graph":[{"@type":"WebPage","@id":"https:\/\/www.em.com.br\/emfoco\/2025\/01\/22\/microsoft-introduz-novo-indicador-de-bateria-no-windows-11\/","url":"https:\/\/www.em.com.br\/emfoco\/2025\/01\/22\/microsoft-introduz-novo-indicador-de-bateria-no-windows-11\/","name":"Microsoft introduz novo indicador de bateria no Windows 11","isPartOf":{"@id":"https:\/\/www.em.com.br\/emfoco\/#website"},"primaryImageOfPage":{"@id":"https:\/\/www.em.com.br\/emfoco\/2025\/01\/22\/microsoft-introduz-novo-indicador-de-bateria-no-windows-11\/#primaryimage"},"image":{"@id":"https:\/\/www.em.com.br\/emfoco\/2025\/01\/22\/microsoft-introduz-novo-indicador-de-bateria-no-windows-11\/#primaryimage"},"thumbnailUrl":"https:\/\/www.em.com.br\/emfoco\/wp-content\/uploads\/2025\/01\/microsoft_1737515180202.jpg","datePublished":"2025-01-22T14:00:00+00:00","dateModified":"2025-01-22T03:23:47+00:00","author":{"@id":"https:\/\/www.em.com.br\/emfoco\/#\/schema\/person\/0a8186d72f2c3a5c6276d90b41f271a0"},"description":"O Windows 11 traz uma atualiza\u00e7\u00e3o que pode facilitar o uso di\u00e1rio do seu dispositivo. Conhe\u00e7a a nova funcionalidade que est\u00e1 chegando.","breadcrumb":{"@id":"https:\/\/www.em.com.br\/emfoco\/2025\/01\/22\/microsoft-introduz-novo-indicador-de-bateria-no-windows-11\/#breadcrumb"},"inLanguage":"pt-BR","potentialAction":[{"@type":"ReadAction","target":["https:\/\/www.em.com.br\/emfoco\/2025\/01\/22\/microsoft-introduz-novo-indicador-de-bateria-no-windows-11\/"]}]},{"@type":"ImageObject","inLanguage":"pt-BR","@id":"https:\/\/www.em.com.br\/emfoco\/2025\/01\/22\/microsoft-introduz-novo-indicador-de-bateria-no-windows-11\/#primaryimage","url":"https:\/\/www.em.com.br\/emfoco\/wp-content\/uploads\/2025\/01\/microsoft_1737515180202.jpg","contentUrl":"https:\/\/www.em.com.br\/emfoco\/wp-content\/uploads\/2025\/01\/microsoft_1737515180202.jpg","width":1280,"height":720,"caption":"Imagem ilustrativa do pr\u00e9dio da Microsoft - Cr\u00e9ditos: depositphotos.com \/ 1000Words"},{"@type":"BreadcrumbList","@id":"https:\/\/www.em.com.br\/emfoco\/2025\/01\/22\/microsoft-introduz-novo-indicador-de-bateria-no-windows-11\/#breadcrumb","itemListElement":[{"@type":"ListItem","position":1,"name":"In\u00edcio","item":"https:\/\/www.em.com.br\/emfoco\/"},{"@type":"ListItem","position":2,"name":"Microsoft introduz novo indicador de bateria no Windows 11"}]},{"@type":"WebSite","@id":"https:\/\/www.em.com.br\/emfoco\/#website","url":"https:\/\/www.em.com.br\/emfoco\/","name":"Estado de Minas - Em foco","description":"Acompanhe as \u00faltimas not\u00edcias e fique bem informado sobre tudo o que acontece em Minas Gerais, Brasil e no mundo.","potentialAction":[{"@type":"SearchAction","target":{"@type":"EntryPoint","urlTemplate":"https:\/\/www.em.com.br\/emfoco\/?s={search_term_string}"},"query-input":{"@type":"PropertyValueSpecification","valueRequired":true,"valueName":"search_term_string"}}],"inLanguage":"pt-BR"},{"@type":"Person","@id":"https:\/\/www.em.com.br\/emfoco\/#\/schema\/person\/0a8186d72f2c3a5c6276d90b41f271a0","name":"Daniely Cardoso","image":{"@type":"ImageObject","inLanguage":"pt-BR","@id":"https:\/\/www.em.com.br\/emfoco\/#\/schema\/person\/image\/","url":"https:\/\/secure.gravatar.com\/avatar\/4b80ddbd124d1f071b626d52d62e5dff?s=96&d=mm&r=g","contentUrl":"https:\/\/secure.gravatar.com\/avatar\/4b80ddbd124d1f071b626d52d62e5dff?s=96&d=mm&r=g","caption":"Daniely Cardoso"},"url":"https:\/\/www.em.com.br\/emfoco\/author\/danielymyth\/"}]}},"_links":{"self":[{"href":"https:\/\/www.em.com.br\/emfoco\/wp-json\/wp\/v2\/posts\/12496","targetHints":{"allow":["GET"]}}],"collection":[{"href":"https:\/\/www.em.com.br\/emfoco\/wp-json\/wp\/v2\/posts"}],"about":[{"href":"https:\/\/www.em.com.br\/emfoco\/wp-json\/wp\/v2\/types\/post"}],"author":[{"embeddable":true,"href":"https:\/\/www.em.com.br\/emfoco\/wp-json\/wp\/v2\/users\/9"}],"replies":[{"embeddable":true,"href":"https:\/\/www.em.com.br\/emfoco\/wp-json\/wp\/v2\/comments?post=12496"}],"version-history":[{"count":1,"href":"https:\/\/www.em.com.br\/emfoco\/wp-json\/wp\/v2\/posts\/12496\/revisions"}],"predecessor-version":[{"id":12525,"href":"https:\/\/www.em.com.br\/emfoco\/wp-json\/wp\/v2\/posts\/12496\/revisions\/12525"}],"wp:featuredmedia":[{"embeddable":true,"href":"https:\/\/www.em.com.br\/emfoco\/wp-json\/wp\/v2\/media\/12523"}],"wp:attachment":[{"href":"https:\/\/www.em.com.br\/emfoco\/wp-json\/wp\/v2\/media?parent=12496"}],"wp:term":[{"taxonomy":"category","embeddable":true,"href":"https:\/\/www.em.com.br\/emfoco\/wp-json\/wp\/v2\/categories?post=12496"},{"taxonomy":"post_tag","embeddable":true,"href":"https:\/\/www.em.com.br\/emfoco\/wp-json\/wp\/v2\/tags?post=12496"}],"curies":[{"name":"wp","href":"https:\/\/api.w.org\/{rel}","templated":true}]}}