{"id":12495,"date":"2025-01-22T22:40:00","date_gmt":"2025-01-23T01:40:00","guid":{"rendered":"https:\/\/www.em.com.br\/emfoco\/?p=12495"},"modified":"2025-01-22T00:03:36","modified_gmt":"2025-01-22T03:03:36","slug":"nucel-a-nova-operadora-de-celular-do-nubank","status":"publish","type":"post","link":"https:\/\/www.em.com.br\/emfoco\/2025\/01\/22\/nucel-a-nova-operadora-de-celular-do-nubank\/","title":{"rendered":"NuCel: A nova operadora de celular do Nubank"},"content":{"rendered":"\n<p>A partir de agora, os clientes do <a href=\"https:\/\/www.em.com.br\/emfoco\/2025\/01\/17\/quem-e-o-genio-por-tras-do-nubank\/\" target=\"_blank\" rel=\"noreferrer noopener\">Nubank <\/a>poder\u00e3o contar com mais uma novidade: a operadora de celular NuCel. Lan\u00e7ada ap\u00f3s uma fase de testes iniciais, a operadora come\u00e7a a ser disponibilizada para a base de clientes da fintech, prometendo um servi\u00e7o eficiente com cobertura abrangente. Este servi\u00e7o de telefonia m\u00f3vel funciona atrav\u00e9s do modelo Mobile Virtual Network Operator (MVNO) e utiliza a infraestrutura da operadora Claro.<\/p>\n\n\n\n<p>Focando em alcan\u00e7ar um maior p\u00fablico, a NuCel oferece cobertura em 93% do territ\u00f3rio nacional. Isso inclui a oferta de tecnologia 5G, permitindo aos clientes usufruir de uma internet m\u00f3vel de alta performance. Os planos de assinatura come\u00e7am a partir de R$ 45, sendo acess\u00edveis a uma ampla gama de usu\u00e1rios.<\/p>\n\n\n\n<h2 class=\"wp-block-heading\">Quais s\u00e3o os benef\u00edcios da NuCel?<\/h2>\n\n\n\n<p>Os planos disponibilizados pela NuCel incluem uma s\u00e9rie de vantagens pensadas para atender \u00e0s principais necessidades dos usu\u00e1rios. Todos os pacotes oferecem liga\u00e7\u00f5es ilimitadas para n\u00fameros locais e interurbanos, abrangendo tanto operadoras m\u00f3veis quanto fixas. Al\u00e9m disso, SMS e uso do WhatsApp tamb\u00e9m s\u00e3o ilimitados, e o acesso ao aplicativo Nubank ocorre sem consumir do pacote de dados.<\/p>\n\n\n\n<p>Um dos destaques da NuCel \u00e9 o rendimento de at\u00e9 120% do CDI para valores at\u00e9 R$ 10 mil depositados em uma caixinha exclusiva. Este benef\u00edcio coloca a operadora em uma posi\u00e7\u00e3o diferenciada no mercado, especialmente para os clientes NuBank+ e Ultravioleta, que recebem ainda pacotes de dados adicionais caso sua franquia inicial se esgote antes da renova\u00e7\u00e3o do plano mensal.<\/p>\n\n\n\n<h2 class=\"wp-block-heading\">Como contratar um plano NuCel?<\/h2>\n\n\n\n<p>No momento, est\u00e3o dispon\u00edveis tr\u00eas op\u00e7\u00f5es de planos com diferentes pacotes de dados, permitindo ao usu\u00e1rio escolher de acordo com suas necessidades. Os valores variam conforme os dados contratados: 15 GB por R$ 45, 20 GB por R$ 55, e 35 GB por R$ 75 mensais. \u00c9 importante ressaltar que n\u00e3o h\u00e1 exig\u00eancia de fidelidade na contrata\u00e7\u00e3o destes planos.<\/p>\n\n\n<div class=\"wp-block-image\">\n<figure class=\"aligncenter size-large\"><img loading=\"lazy\" decoding=\"async\" width=\"1024\" height=\"576\" src=\"https:\/\/www.em.com.br\/emfoco\/wp-content\/uploads\/2025\/01\/nubank_1737514824985-1024x576.jpg\" alt=\"\" class=\"wp-image-12519\" srcset=\"https:\/\/www.em.com.br\/emfoco\/wp-content\/uploads\/2025\/01\/nubank_1737514824985-1024x576.jpg 1024w, https:\/\/www.em.com.br\/emfoco\/wp-content\/uploads\/2025\/01\/nubank_1737514824985-300x169.jpg 300w, https:\/\/www.em.com.br\/emfoco\/wp-content\/uploads\/2025\/01\/nubank_1737514824985-768x432.jpg 768w, https:\/\/www.em.com.br\/emfoco\/wp-content\/uploads\/2025\/01\/nubank_1737514824985-750x422.jpg 750w, https:\/\/www.em.com.br\/emfoco\/wp-content\/uploads\/2025\/01\/nubank_1737514824985-1140x641.jpg 1140w, https:\/\/www.em.com.br\/emfoco\/wp-content\/uploads\/2025\/01\/nubank_1737514824985.jpg 1280w\" sizes=\"auto, (max-width: 1024px) 100vw, 1024px\" \/><figcaption class=\"wp-element-caption\">Imagem ilustrativa do aplicativo do Nubank &#8211; Cr\u00e9ditos: depositphotos.com \/ rafapress<\/figcaption><\/figure><\/div>\n\n\n<p>Para contratar um plano da <a href=\"https:\/\/international.nubank.com.br\/pt-br\/consumidores\/nucel-comeca-a-ser-disponibilizado-para-clientes-no-brasil\/\" target=\"_blank\" rel=\"noreferrer noopener\">NuCel<\/a>, \u00e9 necess\u00e1rio ser cliente Nubank. A contrata\u00e7\u00e3o pode ser feita diretamente no aplicativo do banco digital, utilizando o cart\u00e3o de cr\u00e9dito Nubank para pagamento. Os interessados precisaram se inscrever previamente em uma lista de espera para obter acesso priorit\u00e1rio ao servi\u00e7o.<\/p>\n\n\n\n<h2 class=\"wp-block-heading\">Quem pode utilizar a NuCel?<\/h2>\n\n\n\n<p>Inicialmente, a NuCel est\u00e1 sendo liberada gradualmente para os clientes Nubank que manifestaram interesse por meio da inscri\u00e7\u00e3o na lista de espera e que possuem dispositivos compat\u00edveis com eSIM. Segundo o Nubank, a ideia \u00e9 ampliar a disponibilidade para toda a base de clientes ao longo do tempo.<\/p>\n\n\n\n<p>O lan\u00e7amento da NuCel marca mais um passo do Nubank na diversifica\u00e7\u00e3o e amplia\u00e7\u00e3o dos servi\u00e7os oferecidos aos seus clientes, consolidando sua presen\u00e7a no mercado brasileiro de forma inovadora e pr\u00e1tica.<\/p>\n","protected":false},"excerpt":{"rendered":"<p>A partir de agora, os clientes do Nubank poder\u00e3o contar com mais uma novidade: a operadora de celular NuCel. Lan\u00e7ada ap\u00f3s uma fase de testes iniciais, a operadora come\u00e7a a ser disponibilizada para a base de clientes da fintech, prometendo um servi\u00e7o eficiente com cobertura abrangente. Este servi\u00e7o de telefonia m\u00f3vel funciona atrav\u00e9s do modelo [&hellip;]<\/p>\n","protected":false},"author":9,"featured_media":12517,"comment_status":"open","ping_status":"open","sticky":false,"template":"","format":"standard","meta":{"jnews-multi-image_gallery":[],"jnews_single_post":{"format":"standard"},"jnews_primary_category":[],"jnews_social_meta":[],"jnews_override_counter":[],"footnotes":""},"categories":[1],"tags":[791],"class_list":["post-12495","post","type-post","status-publish","format-standard","has-post-thumbnail","hentry","category-noticias","tag-nubank"],"yoast_head":"<!-- This site is optimized with the Yoast SEO plugin v23.8 - https:\/\/yoast.com\/wordpress\/plugins\/seo\/ -->\n<title>NuCel: A nova operadora de celular do Nubank<\/title>\n<meta name=\"description\" content=\"A NuCel chegou para revolucionar a telefonia! Conhe\u00e7a a nova aposta do Nubank e o que ela pode oferecer de diferente.\" \/>\n<meta name=\"robots\" content=\"index, follow, max-snippet:-1, max-image-preview:large, max-video-preview:-1\" \/>\n<link rel=\"canonical\" href=\"https:\/\/www.em.com.br\/emfoco\/2025\/01\/22\/nucel-a-nova-operadora-de-celular-do-nubank\/\" \/>\n<meta property=\"og:locale\" content=\"pt_BR\" \/>\n<meta property=\"og:type\" content=\"article\" \/>\n<meta property=\"og:title\" content=\"NuCel: A nova operadora de celular do Nubank\" \/>\n<meta property=\"og:description\" content=\"A NuCel chegou para revolucionar a telefonia! Conhe\u00e7a a nova aposta do Nubank e o que ela pode oferecer de diferente.\" \/>\n<meta property=\"og:url\" content=\"https:\/\/www.em.com.br\/emfoco\/2025\/01\/22\/nucel-a-nova-operadora-de-celular-do-nubank\/\" \/>\n<meta property=\"og:site_name\" content=\"Estado de Minas - Em foco\" \/>\n<meta property=\"article:published_time\" content=\"2025-01-23T01:40:00+00:00\" \/>\n<meta property=\"article:modified_time\" content=\"2025-01-22T03:03:36+00:00\" \/>\n<meta property=\"og:image\" content=\"https:\/\/www.em.com.br\/emfoco\/wp-content\/uploads\/2025\/01\/nubank_1737514472301.jpg\" \/>\n\t<meta property=\"og:image:width\" content=\"1280\" \/>\n\t<meta property=\"og:image:height\" content=\"720\" \/>\n\t<meta property=\"og:image:type\" content=\"image\/jpeg\" \/>\n<meta name=\"author\" content=\"Daniely Cardoso\" \/>\n<meta name=\"twitter:card\" content=\"summary_large_image\" \/>\n<meta name=\"twitter:label1\" content=\"Escrito por\" \/>\n\t<meta name=\"twitter:data1\" content=\"Daniely Cardoso\" \/>\n\t<meta name=\"twitter:label2\" content=\"Est. tempo de leitura\" \/>\n\t<meta name=\"twitter:data2\" content=\"3 minutos\" \/>\n<!-- \/ Yoast SEO plugin. -->","yoast_head_json":{"title":"NuCel: A nova operadora de celular do Nubank","description":"A NuCel chegou para revolucionar a telefonia! Conhe\u00e7a a nova aposta do Nubank e o que ela pode oferecer de diferente.","robots":{"index":"index","follow":"follow","max-snippet":"max-snippet:-1","max-image-preview":"max-image-preview:large","max-video-preview":"max-video-preview:-1"},"canonical":"https:\/\/www.em.com.br\/emfoco\/2025\/01\/22\/nucel-a-nova-operadora-de-celular-do-nubank\/","og_locale":"pt_BR","og_type":"article","og_title":"NuCel: A nova operadora de celular do Nubank","og_description":"A NuCel chegou para revolucionar a telefonia! Conhe\u00e7a a nova aposta do Nubank e o que ela pode oferecer de diferente.","og_url":"https:\/\/www.em.com.br\/emfoco\/2025\/01\/22\/nucel-a-nova-operadora-de-celular-do-nubank\/","og_site_name":"Estado de Minas - Em foco","article_published_time":"2025-01-23T01:40:00+00:00","article_modified_time":"2025-01-22T03:03:36+00:00","og_image":[{"width":1280,"height":720,"url":"https:\/\/www.em.com.br\/emfoco\/wp-content\/uploads\/2025\/01\/nubank_1737514472301.jpg","type":"image\/jpeg"}],"author":"Daniely Cardoso","twitter_card":"summary_large_image","twitter_misc":{"Escrito por":"Daniely Cardoso","Est. tempo de leitura":"3 minutos"},"schema":{"@context":"https:\/\/schema.org","@graph":[{"@type":"WebPage","@id":"https:\/\/www.em.com.br\/emfoco\/2025\/01\/22\/nucel-a-nova-operadora-de-celular-do-nubank\/","url":"https:\/\/www.em.com.br\/emfoco\/2025\/01\/22\/nucel-a-nova-operadora-de-celular-do-nubank\/","name":"NuCel: A nova operadora de celular do Nubank","isPartOf":{"@id":"https:\/\/www.em.com.br\/emfoco\/#website"},"primaryImageOfPage":{"@id":"https:\/\/www.em.com.br\/emfoco\/2025\/01\/22\/nucel-a-nova-operadora-de-celular-do-nubank\/#primaryimage"},"image":{"@id":"https:\/\/www.em.com.br\/emfoco\/2025\/01\/22\/nucel-a-nova-operadora-de-celular-do-nubank\/#primaryimage"},"thumbnailUrl":"https:\/\/www.em.com.br\/emfoco\/wp-content\/uploads\/2025\/01\/nubank_1737514472301.jpg","datePublished":"2025-01-23T01:40:00+00:00","dateModified":"2025-01-22T03:03:36+00:00","author":{"@id":"https:\/\/www.em.com.br\/emfoco\/#\/schema\/person\/0a8186d72f2c3a5c6276d90b41f271a0"},"description":"A NuCel chegou para revolucionar a telefonia! Conhe\u00e7a a nova aposta do Nubank e o que ela pode oferecer de diferente.","breadcrumb":{"@id":"https:\/\/www.em.com.br\/emfoco\/2025\/01\/22\/nucel-a-nova-operadora-de-celular-do-nubank\/#breadcrumb"},"inLanguage":"pt-BR","potentialAction":[{"@type":"ReadAction","target":["https:\/\/www.em.com.br\/emfoco\/2025\/01\/22\/nucel-a-nova-operadora-de-celular-do-nubank\/"]}]},{"@type":"ImageObject","inLanguage":"pt-BR","@id":"https:\/\/www.em.com.br\/emfoco\/2025\/01\/22\/nucel-a-nova-operadora-de-celular-do-nubank\/#primaryimage","url":"https:\/\/www.em.com.br\/emfoco\/wp-content\/uploads\/2025\/01\/nubank_1737514472301.jpg","contentUrl":"https:\/\/www.em.com.br\/emfoco\/wp-content\/uploads\/2025\/01\/nubank_1737514472301.jpg","width":1280,"height":720,"caption":"Imagem ilustrativa do banco Nubank - Cr\u00e9ditos: depositphotos.com \/ julioricco"},{"@type":"BreadcrumbList","@id":"https:\/\/www.em.com.br\/emfoco\/2025\/01\/22\/nucel-a-nova-operadora-de-celular-do-nubank\/#breadcrumb","itemListElement":[{"@type":"ListItem","position":1,"name":"In\u00edcio","item":"https:\/\/www.em.com.br\/emfoco\/"},{"@type":"ListItem","position":2,"name":"NuCel: A nova operadora de celular do Nubank"}]},{"@type":"WebSite","@id":"https:\/\/www.em.com.br\/emfoco\/#website","url":"https:\/\/www.em.com.br\/emfoco\/","name":"Estado de Minas - Em foco","description":"Acompanhe as \u00faltimas not\u00edcias e fique bem informado sobre tudo o que acontece em Minas Gerais, Brasil e no mundo.","potentialAction":[{"@type":"SearchAction","target":{"@type":"EntryPoint","urlTemplate":"https:\/\/www.em.com.br\/emfoco\/?s={search_term_string}"},"query-input":{"@type":"PropertyValueSpecification","valueRequired":true,"valueName":"search_term_string"}}],"inLanguage":"pt-BR"},{"@type":"Person","@id":"https:\/\/www.em.com.br\/emfoco\/#\/schema\/person\/0a8186d72f2c3a5c6276d90b41f271a0","name":"Daniely Cardoso","image":{"@type":"ImageObject","inLanguage":"pt-BR","@id":"https:\/\/www.em.com.br\/emfoco\/#\/schema\/person\/image\/","url":"https:\/\/secure.gravatar.com\/avatar\/4b80ddbd124d1f071b626d52d62e5dff?s=96&d=mm&r=g","contentUrl":"https:\/\/secure.gravatar.com\/avatar\/4b80ddbd124d1f071b626d52d62e5dff?s=96&d=mm&r=g","caption":"Daniely Cardoso"},"url":"https:\/\/www.em.com.br\/emfoco\/author\/danielymyth\/"}]}},"_links":{"self":[{"href":"https:\/\/www.em.com.br\/emfoco\/wp-json\/wp\/v2\/posts\/12495","targetHints":{"allow":["GET"]}}],"collection":[{"href":"https:\/\/www.em.com.br\/emfoco\/wp-json\/wp\/v2\/posts"}],"about":[{"href":"https:\/\/www.em.com.br\/emfoco\/wp-json\/wp\/v2\/types\/post"}],"author":[{"embeddable":true,"href":"https:\/\/www.em.com.br\/emfoco\/wp-json\/wp\/v2\/users\/9"}],"replies":[{"embeddable":true,"href":"https:\/\/www.em.com.br\/emfoco\/wp-json\/wp\/v2\/comments?post=12495"}],"version-history":[{"count":1,"href":"https:\/\/www.em.com.br\/emfoco\/wp-json\/wp\/v2\/posts\/12495\/revisions"}],"predecessor-version":[{"id":12520,"href":"https:\/\/www.em.com.br\/emfoco\/wp-json\/wp\/v2\/posts\/12495\/revisions\/12520"}],"wp:featuredmedia":[{"embeddable":true,"href":"https:\/\/www.em.com.br\/emfoco\/wp-json\/wp\/v2\/media\/12517"}],"wp:attachment":[{"href":"https:\/\/www.em.com.br\/emfoco\/wp-json\/wp\/v2\/media?parent=12495"}],"wp:term":[{"taxonomy":"category","embeddable":true,"href":"https:\/\/www.em.com.br\/emfoco\/wp-json\/wp\/v2\/categories?post=12495"},{"taxonomy":"post_tag","embeddable":true,"href":"https:\/\/www.em.com.br\/emfoco\/wp-json\/wp\/v2\/tags?post=12495"}],"curies":[{"name":"wp","href":"https:\/\/api.w.org\/{rel}","templated":true}]}}