{"id":124941,"date":"2025-11-10T12:45:00","date_gmt":"2025-11-10T15:45:00","guid":{"rendered":"https:\/\/www.em.com.br\/emfoco\/?p=124941"},"modified":"2025-11-07T18:08:04","modified_gmt":"2025-11-07T21:08:04","slug":"seu-cerebro-pode-estar-envelhecendo-mais-rapido-por-falta-disso-na-sua-rotina","status":"publish","type":"post","link":"https:\/\/www.em.com.br\/emfoco\/2025\/11\/10\/seu-cerebro-pode-estar-envelhecendo-mais-rapido-por-falta-disso-na-sua-rotina\/","title":{"rendered":"Seu c\u00e9rebro pode estar envelhecendo mais r\u00e1pido por falta disso na sua rotina"},"content":{"rendered":"\n<p>Pesquisas da <strong>Cleveland Clinic<\/strong> revelam que o <strong>exerc\u00edcio f\u00edsico<\/strong> \u00e9 a forma mais eficaz de proteger o c\u00e9rebro do envelhecimento, prevenindo <strong>doen\u00e7as neurodegenerativas<\/strong> e preservando a mem\u00f3ria e o racioc\u00ednio por mais tempo.<\/p>\n\n\n\n<h2 class=\"wp-block-heading\">Como o exerc\u00edcio protege o c\u00e9rebro contra o envelhecimento?<\/h2>\n\n\n\n<p>De acordo com o neuropsiquiatra <strong>Dylan Wint<\/strong>, da <strong><a href=\"https:\/\/my.clevelandclinic.org\/\" target=\"_blank\" rel=\"noreferrer noopener\">Cleveland Clinic<\/a><\/strong>, pessoas fisicamente ativas t\u00eam at\u00e9 31% menos risco de desenvolver <strong>dem\u00eancia<\/strong>. O movimento regular estimula o fluxo sangu\u00edneo cerebral e reduz inflama\u00e7\u00f5es que comprometem a cogni\u00e7\u00e3o.<\/p>\n\n\n\n<p>Estudos mostram que a pr\u00e1tica frequente fortalece \u00e1reas do c\u00e9rebro ligadas \u00e0 <strong>mem\u00f3ria<\/strong> e \u00e0 aprendizagem. O exerc\u00edcio tamb\u00e9m aumenta a produ\u00e7\u00e3o de dopamina e serotonina, neurotransmissores que elevam o humor e melhoram o desempenho mental di\u00e1rio.<\/p>\n\n\n\n<figure class=\"wp-block-image size-large\"><img loading=\"lazy\" decoding=\"async\" width=\"1024\" height=\"576\" src=\"https:\/\/www.em.com.br\/emfoco\/wp-content\/uploads\/2025\/11\/Cerebro_1762549613854-1024x576.jpg\" alt=\"Seu c\u00e9rebro pode estar envelhecendo mais r\u00e1pido por falta disso na sua rotina\" class=\"wp-image-124991\" srcset=\"https:\/\/www.em.com.br\/emfoco\/wp-content\/uploads\/2025\/11\/Cerebro_1762549613854-1024x576.jpg 1024w, https:\/\/www.em.com.br\/emfoco\/wp-content\/uploads\/2025\/11\/Cerebro_1762549613854-300x169.jpg 300w, https:\/\/www.em.com.br\/emfoco\/wp-content\/uploads\/2025\/11\/Cerebro_1762549613854-768x432.jpg 768w, https:\/\/www.em.com.br\/emfoco\/wp-content\/uploads\/2025\/11\/Cerebro_1762549613854-750x422.jpg 750w, https:\/\/www.em.com.br\/emfoco\/wp-content\/uploads\/2025\/11\/Cerebro_1762549613854-1140x641.jpg 1140w, https:\/\/www.em.com.br\/emfoco\/wp-content\/uploads\/2025\/11\/Cerebro_1762549613854.jpg 1280w\" sizes=\"auto, (max-width: 1024px) 100vw, 1024px\" \/><figcaption class=\"wp-element-caption\">Movimento di\u00e1rio aumenta fluxo sangu\u00edneo e reduz inflama\u00e7\u00f5es cerebrais silenciosas &#8211; Cr\u00e9ditos: depositphotos.com \/ IgorVetushko<\/figcaption><\/figure>\n\n\n\n<h2 class=\"wp-block-heading\">Quais atividades f\u00edsicas mais beneficiam o c\u00e9rebro?<\/h2>\n\n\n\n<p>Segundo a Cleveland Clinic, diferentes tipos de <strong>atividade f\u00edsica<\/strong> influenciam positivamente a fun\u00e7\u00e3o cerebral. Confira na lista abaixo os exerc\u00edcios com maior impacto comprovado na <strong>neuroplasticidade<\/strong> e na sa\u00fade mental.<\/p>\n\n\n\n<ul class=\"wp-block-list\">\n<li><strong>Exerc\u00edcios aer\u00f3bicos<\/strong>: aumentam o volume do hipocampo, melhorando mem\u00f3ria e aprendizado.<\/li>\n\n\n\n<li><strong>Caminhada e corrida<\/strong>: reduzem o risco de <strong>decl\u00ednio cognitivo<\/strong> e melhoram o humor.<\/li>\n\n\n\n<li><strong>Ioga e treino de for\u00e7a<\/strong>: regulam o estresse e estimulam a libera\u00e7\u00e3o de endorfinas.<\/li>\n<\/ul>\n\n\n\n<p><em>Leia mais: <strong><a href=\"https:\/\/www.em.com.br\/emfoco\/2025\/11\/01\/os-melhores-exercicios-para-trabalhar-o-abdomen-para-o-verao-de-2026\/\" target=\"_blank\" rel=\"noreferrer noopener\">Os melhores exerc\u00edcios para trabalhar o abd\u00f4men para o ver\u00e3o de 2026<\/a><\/strong><\/em><\/p>\n\n\n\n<h2 class=\"wp-block-heading\">De que forma o exerc\u00edcio influencia o humor e o sono?<\/h2>\n\n\n\n<p>A <strong>atividade f\u00edsica regular<\/strong> \u00e9 reconhecida pela Associa\u00e7\u00e3o Americana de Psiquiatria como parte do tratamento da depress\u00e3o e da ansiedade. Al\u00e9m de promover bem-estar, o contato com a luz solar e a socializa\u00e7\u00e3o durante o treino ampliam os efeitos positivos no c\u00e9rebro.<\/p>\n\n\n\n<p>O <strong>sono reparador<\/strong> tamb\u00e9m se beneficia da pr\u00e1tica de exerc\u00edcios, j\u00e1 que o esfor\u00e7o f\u00edsico regula a temperatura corporal e estimula a produ\u00e7\u00e3o de melatonina. Dormir melhor fortalece as conex\u00f5es neurais e favorece o aprendizado.<\/p>\n\n\n\n<figure class=\"wp-block-image size-large\"><img loading=\"lazy\" decoding=\"async\" width=\"1024\" height=\"576\" src=\"https:\/\/www.em.com.br\/emfoco\/wp-content\/uploads\/2025\/11\/treadmill-_1762549675936-1024x576.jpg\" alt=\"Seu c\u00e9rebro pode estar envelhecendo mais r\u00e1pido por falta disso na sua rotina\" class=\"wp-image-124993\" srcset=\"https:\/\/www.em.com.br\/emfoco\/wp-content\/uploads\/2025\/11\/treadmill-_1762549675936-1024x576.jpg 1024w, https:\/\/www.em.com.br\/emfoco\/wp-content\/uploads\/2025\/11\/treadmill-_1762549675936-300x169.jpg 300w, https:\/\/www.em.com.br\/emfoco\/wp-content\/uploads\/2025\/11\/treadmill-_1762549675936-768x432.jpg 768w, https:\/\/www.em.com.br\/emfoco\/wp-content\/uploads\/2025\/11\/treadmill-_1762549675936-750x422.jpg 750w, https:\/\/www.em.com.br\/emfoco\/wp-content\/uploads\/2025\/11\/treadmill-_1762549675936-1140x641.jpg 1140w, https:\/\/www.em.com.br\/emfoco\/wp-content\/uploads\/2025\/11\/treadmill-_1762549675936.jpg 1280w\" sizes=\"auto, (max-width: 1024px) 100vw, 1024px\" \/><figcaption class=\"wp-element-caption\">Atividades aer\u00f3bicas aumentam hipocampo e fortalecem mem\u00f3ria de longo prazo &#8211; Cr\u00e9ditos: depositphotos.com \/ VitalikRadko<\/figcaption><\/figure>\n\n\n\n<h2 class=\"wp-block-heading\">Quais s\u00e3o as recomenda\u00e7\u00f5es dos especialistas?<\/h2>\n\n\n\n<p>Os m\u00e9dicos da <strong>Cleveland Clinic<\/strong> indicam ao menos 150 minutos de exerc\u00edcios por semana para manter o c\u00e9rebro saud\u00e1vel. Confira na lista abaixo os pilares complementares para potencializar os benef\u00edcios da <strong>atividade f\u00edsica<\/strong> na mente.<\/p>\n\n\n\n<ul class=\"wp-block-list\">\n<li><strong>Dieta equilibrada<\/strong>: rica em antioxidantes e gorduras boas, protege os neur\u00f4nios.<\/li>\n\n\n\n<li><strong>Socializa\u00e7\u00e3o constante<\/strong>: previne o isolamento e estimula o racioc\u00ednio.<\/li>\n\n\n\n<li><strong>Controle m\u00e9dico<\/strong>: tratar vis\u00e3o e audi\u00e7\u00e3o evita sobrecarga cognitiva.<\/li>\n<\/ul>\n\n\n\n<p>Os especialistas refor\u00e7am que nunca \u00e9 tarde para come\u00e7ar. Mesmo pequenas mudan\u00e7as na rotina, como caminhar diariamente, j\u00e1 oferecem efeitos protetores para o c\u00e9rebro e melhoram a <strong>qualidade de vida<\/strong> ao longo dos anos.<\/p>\n","protected":false},"excerpt":{"rendered":"<p>Pesquisas da Cleveland Clinic revelam que o exerc\u00edcio f\u00edsico \u00e9 a forma mais eficaz de proteger o c\u00e9rebro do envelhecimento, prevenindo doen\u00e7as neurodegenerativas e preservando a mem\u00f3ria e o racioc\u00ednio por mais tempo. Como o exerc\u00edcio protege o c\u00e9rebro contra o envelhecimento? De acordo com o neuropsiquiatra Dylan Wint, da Cleveland Clinic, pessoas fisicamente ativas [&hellip;]<\/p>\n","protected":false},"author":13,"featured_media":124989,"comment_status":"open","ping_status":"open","sticky":false,"template":"","format":"standard","meta":{"jnews-multi-image_gallery":[],"jnews_single_post":{"format":"standard"},"jnews_primary_category":[],"jnews_social_meta":[],"jnews_override_counter":[],"footnotes":""},"categories":[9053],"tags":[5521,1286,627,4874],"class_list":["post-124941","post","type-post","status-publish","format-standard","has-post-thumbnail","hentry","category-saude","tag-caminhada","tag-corrida","tag-envelhecimento","tag-exercicios-fisicos"],"yoast_head":"<!-- This site is optimized with the Yoast SEO plugin v23.8 - https:\/\/yoast.com\/wordpress\/plugins\/seo\/ -->\n<title>Seu c\u00e9rebro pode estar envelhecendo mais r\u00e1pido por falta disso na sua rotina - Estado de Minas - Em foco<\/title>\n<meta name=\"description\" content=\"Caminhar, correr ou praticar ioga pode manter seu c\u00e9rebro jovem e ativo. Veja como o exerc\u00edcio combate o decl\u00ednio cognitivo.\" \/>\n<meta name=\"robots\" content=\"index, follow, max-snippet:-1, max-image-preview:large, max-video-preview:-1\" \/>\n<link rel=\"canonical\" href=\"https:\/\/www.em.com.br\/emfoco\/2025\/11\/10\/seu-cerebro-pode-estar-envelhecendo-mais-rapido-por-falta-disso-na-sua-rotina\/\" \/>\n<meta property=\"og:locale\" content=\"pt_BR\" \/>\n<meta property=\"og:type\" content=\"article\" \/>\n<meta property=\"og:title\" content=\"Seu c\u00e9rebro pode estar envelhecendo mais r\u00e1pido por falta disso na sua rotina - Estado de Minas - Em foco\" \/>\n<meta property=\"og:description\" content=\"Caminhar, correr ou praticar ioga pode manter seu c\u00e9rebro jovem e ativo. Veja como o exerc\u00edcio combate o decl\u00ednio cognitivo.\" \/>\n<meta property=\"og:url\" content=\"https:\/\/www.em.com.br\/emfoco\/2025\/11\/10\/seu-cerebro-pode-estar-envelhecendo-mais-rapido-por-falta-disso-na-sua-rotina\/\" \/>\n<meta property=\"og:site_name\" content=\"Estado de Minas - Em foco\" \/>\n<meta property=\"article:published_time\" content=\"2025-11-10T15:45:00+00:00\" \/>\n<meta property=\"article:modified_time\" content=\"2025-11-07T21:08:04+00:00\" \/>\n<meta property=\"og:image\" content=\"https:\/\/www.em.com.br\/emfoco\/wp-content\/uploads\/2025\/11\/mosaico_1762549565858.jpg\" \/>\n\t<meta property=\"og:image:width\" content=\"1280\" \/>\n\t<meta property=\"og:image:height\" content=\"720\" \/>\n\t<meta property=\"og:image:type\" content=\"image\/jpeg\" \/>\n<meta name=\"author\" content=\"Gabriel Martins\" \/>\n<meta name=\"twitter:card\" content=\"summary_large_image\" \/>\n<meta name=\"twitter:label1\" content=\"Escrito por\" \/>\n\t<meta name=\"twitter:data1\" content=\"Gabriel Martins\" \/>\n\t<meta name=\"twitter:label2\" content=\"Est. tempo de leitura\" \/>\n\t<meta name=\"twitter:data2\" content=\"3 minutos\" \/>\n<!-- \/ Yoast SEO plugin. -->","yoast_head_json":{"title":"Seu c\u00e9rebro pode estar envelhecendo mais r\u00e1pido por falta disso na sua rotina - Estado de Minas - Em foco","description":"Caminhar, correr ou praticar ioga pode manter seu c\u00e9rebro jovem e ativo. Veja como o exerc\u00edcio combate o decl\u00ednio cognitivo.","robots":{"index":"index","follow":"follow","max-snippet":"max-snippet:-1","max-image-preview":"max-image-preview:large","max-video-preview":"max-video-preview:-1"},"canonical":"https:\/\/www.em.com.br\/emfoco\/2025\/11\/10\/seu-cerebro-pode-estar-envelhecendo-mais-rapido-por-falta-disso-na-sua-rotina\/","og_locale":"pt_BR","og_type":"article","og_title":"Seu c\u00e9rebro pode estar envelhecendo mais r\u00e1pido por falta disso na sua rotina - Estado de Minas - Em foco","og_description":"Caminhar, correr ou praticar ioga pode manter seu c\u00e9rebro jovem e ativo. Veja como o exerc\u00edcio combate o decl\u00ednio cognitivo.","og_url":"https:\/\/www.em.com.br\/emfoco\/2025\/11\/10\/seu-cerebro-pode-estar-envelhecendo-mais-rapido-por-falta-disso-na-sua-rotina\/","og_site_name":"Estado de Minas - Em foco","article_published_time":"2025-11-10T15:45:00+00:00","article_modified_time":"2025-11-07T21:08:04+00:00","og_image":[{"width":1280,"height":720,"url":"https:\/\/www.em.com.br\/emfoco\/wp-content\/uploads\/2025\/11\/mosaico_1762549565858.jpg","type":"image\/jpeg"}],"author":"Gabriel Martins","twitter_card":"summary_large_image","twitter_misc":{"Escrito por":"Gabriel Martins","Est. tempo de leitura":"3 minutos"},"schema":{"@context":"https:\/\/schema.org","@graph":[{"@type":"WebPage","@id":"https:\/\/www.em.com.br\/emfoco\/2025\/11\/10\/seu-cerebro-pode-estar-envelhecendo-mais-rapido-por-falta-disso-na-sua-rotina\/","url":"https:\/\/www.em.com.br\/emfoco\/2025\/11\/10\/seu-cerebro-pode-estar-envelhecendo-mais-rapido-por-falta-disso-na-sua-rotina\/","name":"Seu c\u00e9rebro pode estar envelhecendo mais r\u00e1pido por falta disso na sua rotina - Estado de Minas - Em foco","isPartOf":{"@id":"https:\/\/www.em.com.br\/emfoco\/#website"},"primaryImageOfPage":{"@id":"https:\/\/www.em.com.br\/emfoco\/2025\/11\/10\/seu-cerebro-pode-estar-envelhecendo-mais-rapido-por-falta-disso-na-sua-rotina\/#primaryimage"},"image":{"@id":"https:\/\/www.em.com.br\/emfoco\/2025\/11\/10\/seu-cerebro-pode-estar-envelhecendo-mais-rapido-por-falta-disso-na-sua-rotina\/#primaryimage"},"thumbnailUrl":"https:\/\/www.em.com.br\/emfoco\/wp-content\/uploads\/2025\/11\/mosaico_1762549565858.jpg","datePublished":"2025-11-10T15:45:00+00:00","dateModified":"2025-11-07T21:08:04+00:00","author":{"@id":"https:\/\/www.em.com.br\/emfoco\/#\/schema\/person\/1c9ddeab18b98abeffef834667bcf08a"},"description":"Caminhar, correr ou praticar ioga pode manter seu c\u00e9rebro jovem e ativo. Veja como o exerc\u00edcio combate o decl\u00ednio cognitivo.","breadcrumb":{"@id":"https:\/\/www.em.com.br\/emfoco\/2025\/11\/10\/seu-cerebro-pode-estar-envelhecendo-mais-rapido-por-falta-disso-na-sua-rotina\/#breadcrumb"},"inLanguage":"pt-BR","potentialAction":[{"@type":"ReadAction","target":["https:\/\/www.em.com.br\/emfoco\/2025\/11\/10\/seu-cerebro-pode-estar-envelhecendo-mais-rapido-por-falta-disso-na-sua-rotina\/"]}]},{"@type":"ImageObject","inLanguage":"pt-BR","@id":"https:\/\/www.em.com.br\/emfoco\/2025\/11\/10\/seu-cerebro-pode-estar-envelhecendo-mais-rapido-por-falta-disso-na-sua-rotina\/#primaryimage","url":"https:\/\/www.em.com.br\/emfoco\/wp-content\/uploads\/2025\/11\/mosaico_1762549565858.jpg","contentUrl":"https:\/\/www.em.com.br\/emfoco\/wp-content\/uploads\/2025\/11\/mosaico_1762549565858.jpg","width":1280,"height":720,"caption":"Exerc\u00edcio regular protege o c\u00e9rebro e reduz risco de dem\u00eancia - Cr\u00e9ditos: depositphotos.com \/ ArturVerkhovetskiy \/ Cr\u00e9ditos: depositphotos.com \/ KostyaKlimenko"},{"@type":"BreadcrumbList","@id":"https:\/\/www.em.com.br\/emfoco\/2025\/11\/10\/seu-cerebro-pode-estar-envelhecendo-mais-rapido-por-falta-disso-na-sua-rotina\/#breadcrumb","itemListElement":[{"@type":"ListItem","position":1,"name":"In\u00edcio","item":"https:\/\/www.em.com.br\/emfoco\/"},{"@type":"ListItem","position":2,"name":"Seu c\u00e9rebro pode estar envelhecendo mais r\u00e1pido por falta disso na sua rotina"}]},{"@type":"WebSite","@id":"https:\/\/www.em.com.br\/emfoco\/#website","url":"https:\/\/www.em.com.br\/emfoco\/","name":"Estado de Minas - Em foco","description":"Acompanhe as \u00faltimas not\u00edcias e fique bem informado sobre tudo o que acontece em Minas Gerais, Brasil e no mundo.","potentialAction":[{"@type":"SearchAction","target":{"@type":"EntryPoint","urlTemplate":"https:\/\/www.em.com.br\/emfoco\/?s={search_term_string}"},"query-input":{"@type":"PropertyValueSpecification","valueRequired":true,"valueName":"search_term_string"}}],"inLanguage":"pt-BR"},{"@type":"Person","@id":"https:\/\/www.em.com.br\/emfoco\/#\/schema\/person\/1c9ddeab18b98abeffef834667bcf08a","name":"Gabriel Martins","image":{"@type":"ImageObject","inLanguage":"pt-BR","@id":"https:\/\/www.em.com.br\/emfoco\/#\/schema\/person\/image\/","url":"https:\/\/secure.gravatar.com\/avatar\/f0f1e2efdfd88f1ad2cb08c5c2731e50?s=96&d=mm&r=g","contentUrl":"https:\/\/secure.gravatar.com\/avatar\/f0f1e2efdfd88f1ad2cb08c5c2731e50?s=96&d=mm&r=g","caption":"Gabriel Martins"},"sameAs":["https:\/\/www.em.com.br\/emfoco\/"],"url":"https:\/\/www.em.com.br\/emfoco\/author\/gabrielmartinsmyth\/"}]}},"_links":{"self":[{"href":"https:\/\/www.em.com.br\/emfoco\/wp-json\/wp\/v2\/posts\/124941","targetHints":{"allow":["GET"]}}],"collection":[{"href":"https:\/\/www.em.com.br\/emfoco\/wp-json\/wp\/v2\/posts"}],"about":[{"href":"https:\/\/www.em.com.br\/emfoco\/wp-json\/wp\/v2\/types\/post"}],"author":[{"embeddable":true,"href":"https:\/\/www.em.com.br\/emfoco\/wp-json\/wp\/v2\/users\/13"}],"replies":[{"embeddable":true,"href":"https:\/\/www.em.com.br\/emfoco\/wp-json\/wp\/v2\/comments?post=124941"}],"version-history":[{"count":1,"href":"https:\/\/www.em.com.br\/emfoco\/wp-json\/wp\/v2\/posts\/124941\/revisions"}],"predecessor-version":[{"id":124994,"href":"https:\/\/www.em.com.br\/emfoco\/wp-json\/wp\/v2\/posts\/124941\/revisions\/124994"}],"wp:featuredmedia":[{"embeddable":true,"href":"https:\/\/www.em.com.br\/emfoco\/wp-json\/wp\/v2\/media\/124989"}],"wp:attachment":[{"href":"https:\/\/www.em.com.br\/emfoco\/wp-json\/wp\/v2\/media?parent=124941"}],"wp:term":[{"taxonomy":"category","embeddable":true,"href":"https:\/\/www.em.com.br\/emfoco\/wp-json\/wp\/v2\/categories?post=124941"},{"taxonomy":"post_tag","embeddable":true,"href":"https:\/\/www.em.com.br\/emfoco\/wp-json\/wp\/v2\/tags?post=124941"}],"curies":[{"name":"wp","href":"https:\/\/api.w.org\/{rel}","templated":true}]}}